{"id":56181,"date":"2022-02-11T08:38:43","date_gmt":"2022-02-11T11:38:43","guid":{"rendered":"https:\/\/dana.com.br\/canaldana\/?p=56181"},"modified":"2022-02-11T08:38:43","modified_gmt":"2022-02-11T11:38:43","slug":"cinco-dicas-para-nao-errar-na-hora-de-comprar-seu-veiculo-seminovo-ou-usado","status":"publish","type":"post","link":"https:\/\/dana.com.br\/canaldana\/2022\/02\/11\/cinco-dicas-para-nao-errar-na-hora-de-comprar-seu-veiculo-seminovo-ou-usado\/","title":{"rendered":"Cinco dicas para n\u00e3o errar na hora de comprar seu ve\u00edculo seminovo ou usado"},"content":{"rendered":"<p><em>MoveNews<\/em><\/p>\n<p>&nbsp;<\/p>\n<p>O mercado de carros seminovos e usados deu um boom em 2021. Com o mercado sofrendo com os quase 2 anos de pandemia da Covid-19, especialmente pela falta de insumos, como ferro e borracha, houve uma dr\u00e1stica redu\u00e7\u00e3o na produ\u00e7\u00e3o de carros zero, o que levou ao aumento pela procura de seminovos e usados.<\/p>\n<p>&nbsp;<\/p>\n<p>Segundo dados da Federa\u00e7\u00e3o Nacional da Distribui\u00e7\u00e3o de Ve\u00edculos Automotores (Fenabrave), em 2021 foram comercializados cerca de 11,2 milh\u00f5es de autom\u00f3veis e comerciais, em uma margem de 5,7 ve\u00edculos usados para cada ve\u00edculo leve zero-quil\u00f4metro.<\/p>\n<p>&nbsp;<\/p>\n<p>E claro, como todo com\u00e9rcio, quando h\u00e1 aumento na procura e redu\u00e7\u00e3o de oferta, o pre\u00e7o vai \u00e0s alturas. A tabela Fipe (Funda\u00e7\u00e3o Instituto de Pesquisas Econ\u00f4micas), usada como base para negociar ve\u00edculos, apresentou uma m\u00e9dia de 30% de aumento em 2021.<\/p>\n<p>&nbsp;<\/p>\n<p>Por esta raz\u00e3o, \u00e9 preciso ter todo o cuidado ao comprar um seminovo, para evitar futuras dores de cabe\u00e7a, j\u00e1 que uma boa quantia de dinheiro ser\u00e1 gasta na aquisi\u00e7\u00e3o de um novo ve\u00edculo.<\/p>\n<p>&nbsp;<\/p>\n<p>\u201cExistem alguns pontos que todo mundo deve observar antes de comprar um ve\u00edculo usado, pois qualquer vacilo ou desaten\u00e7\u00e3o pode amarrar o cliente com um produto que s\u00f3 vai dar problema\u201d, ressalta Rodrigo Dal Bello, CEO do Autoconf, plataforma inteligente de gest\u00e3o de ve\u00edculos voltada para revendedoras e que j\u00e1 avaliou mais de 87 mil ve\u00edculos.<\/p>\n<p>&nbsp;<\/p>\n<p>Como nem todos os brasileiros s\u00e3o experts em neg\u00f3cios de ve\u00edculos, Dal Bello elenca 5 dicas fundamentais na hora de buscar um seminovo:<\/p>\n<p>&nbsp;<\/p>\n<p>Verifique o autom\u00f3vel com cuidado &#8211; Achar um seminovo do jeitinho que voc\u00ea quer pode ser uma tarefa dif\u00edcil e levar tempo. Isso pode fazer com que o cuidado ao avaliar o autom\u00f3vel seja deixado de lado. Verifique a pintura, se existem marcas de poss\u00edveis batidas, a quilometragem (carros com quilometragem muito alta podem ser um problema), a parte mec\u00e2nica, a conserva\u00e7\u00e3o do interior do carro e se todas as funcionalidades, como igni\u00e7\u00e3o, parte el\u00e9trica e multim\u00eddia, est\u00e3o em perfeito estado.<\/p>\n<p>&nbsp;<\/p>\n<p>Leve a um mec\u00e2nico de confian\u00e7a &#8211; Pode ser que voc\u00ea n\u00e3o tenha todo o conhecimento necess\u00e1rio para avaliar o seminovo. Por isso \u00e9 sempre indicado que, se poss\u00edvel, leve junto um mec\u00e2nico de sua confian\u00e7a ou algu\u00e9m que tenha bastante conhecimento sobre carro para te auxiliar na avalia\u00e7\u00e3o do ve\u00edculo. Assim, voc\u00ea garante que qualquer problema que possa passar despercebido seja notado.<\/p>\n<p>&nbsp;<\/p>\n<p>Fa\u00e7a um teste drive &#8211; N\u00e3o tenha vergonha de pedir para testar o ve\u00edculo. \u00c9 fundamental que voc\u00ea se sinta \u00e0 vontade ao dirigir o carro, afinal de contas, voc\u00ea far\u00e1 um bom investimento naquele bem.<\/p>\n<p>&nbsp;<\/p>\n<p>Aproveite o teste drive para avaliar tamb\u00e9m as funcionalidades. \u00c9 a melhor maneira de ter uma impress\u00e3o mais ampla sobre o ve\u00edculo.<\/p>\n<p>&nbsp;<\/p>\n<p>Cheque a documenta\u00e7\u00e3o e proced\u00eancia do ve\u00edculo &#8211; Evite surpresas ao comprar um carro novo. Pe\u00e7a para ver os comprovantes de negativa\u00e7\u00e3o de multas passadas, pagamento de IPVA (Imposto sobre Propriedade de Ve\u00edculos Automotores), licenciamento e at\u00e9 mesmo o hist\u00f3rico de revis\u00f5es. Nunca compre autom\u00f3veis de proced\u00eancia duvidosa.<\/p>\n<p>&nbsp;<\/p>\n<p>Procure lojas de revendas de confian\u00e7a &#8211; Dal Bello ressalta que \u00e9 fundamental realizar neg\u00f3cios com lojas e comerciantes com bom hist\u00f3rico de mercado. Isso certamente vai garantir que todos os itens acima sejam previamente checados quando a loja adquirir o ve\u00edculo para a venda.<\/p>\n<p>&nbsp;<\/p>\n<p>Foi, inclusive, a necessidade de facilitar a conex\u00e3o entre cliente e vendedor que levou \u00e0 cria\u00e7\u00e3o do Autoconf. A plataforma tem funcionalidades que v\u00e3o desde o gerenciamento do produto, antes mesmo dele entrar em estoque, at\u00e9 a sua disponibilidade para a retirada do cliente.<\/p>\n<p>&nbsp;<\/p>\n<p>O sistema permite uma exaustiva avalia\u00e7\u00e3o do ve\u00edculo com base em Intelig\u00eancia Artificial, a partir de uma vis\u00e3o 360\u00ba que possibilita tanto o rastreamento como a valida\u00e7\u00e3o de cada um dos servi\u00e7os e inspe\u00e7\u00f5es que aquele autom\u00f3vel passou antes de ser vendido.<\/p>\n<p>&nbsp;<\/p>\n<p>\u201c\u00c9 uma seguran\u00e7a para o cliente e, tamb\u00e9m, para o vendedor, que vai sempre saber o tipo de produto que est\u00e1 oferecendo em sua revenda\u201d, diz o Dal Bello. (MoveNews)<\/p>\n","protected":false},"excerpt":{"rendered":"<p>MoveNews &nbsp; O mercado de carros seminovos e usados deu um boom em 2021. Com o mercado sofrendo com os quase 2 anos de pandemia da Covid-19, especialmente pela falta de insumos, como ferro e borracha, houve uma dr\u00e1stica redu\u00e7\u00e3o na produ\u00e7\u00e3o de carros zero, o que levou ao aumento pela procura de seminovos e\u2026 <a class=\"readmore\" href=\"https:\/\/dana.com.br\/canaldana\/2022\/02\/11\/cinco-dicas-para-nao-errar-na-hora-de-comprar-seu-veiculo-seminovo-ou-usado\/\">Leia mais \u00bb<\/a><\/p>\n","protected":false},"author":3,"featured_media":0,"comment_status":"closed","ping_status":"closed","sticky":false,"template":"","format":"standard","meta":{"_acf_changed":false,"footnotes":""},"categories":[79],"tags":[],"class_list":["post-56181","post","type-post","status-publish","format-standard","hentry","category-mercado"],"acf":[],"yoast_head":"<!-- This site is optimized with the Yoast SEO plugin v27.3 - https:\/\/yoast.com\/product\/yoast-seo-wordpress\/ -->\n<title>Cinco dicas para n\u00e3o errar na hora de comprar seu ve\u00edculo seminovo ou usado - Canal Dana<\/title>\n<meta name=\"robots\" content=\"index, follow, max-snippet:-1, max-image-preview:large, max-video-preview:-1\" \/>\n<link rel=\"canonical\" href=\"https:\/\/dana.com.br\/canaldana\/2022\/02\/11\/cinco-dicas-para-nao-errar-na-hora-de-comprar-seu-veiculo-seminovo-ou-usado\/\" \/>\n<meta property=\"og:locale\" content=\"pt_BR\" \/>\n<meta property=\"og:type\" content=\"article\" \/>\n<meta property=\"og:title\" content=\"Cinco dicas para n\u00e3o errar na hora de comprar seu ve\u00edculo seminovo ou usado - Canal Dana\" \/>\n<meta property=\"og:description\" content=\"MoveNews &nbsp; O mercado de carros seminovos e usados deu um boom em 2021. Com o mercado sofrendo com os quase 2 anos de pandemia da Covid-19, especialmente pela falta de insumos, como ferro e borracha, houve uma dr\u00e1stica redu\u00e7\u00e3o na produ\u00e7\u00e3o de carros zero, o que levou ao aumento pela procura de seminovos e\u2026 Leia mais \u00bb\" \/>\n<meta property=\"og:url\" content=\"https:\/\/dana.com.br\/canaldana\/2022\/02\/11\/cinco-dicas-para-nao-errar-na-hora-de-comprar-seu-veiculo-seminovo-ou-usado\/\" \/>\n<meta property=\"og:site_name\" content=\"Canal Dana\" \/>\n<meta property=\"article:published_time\" content=\"2022-02-11T11:38:43+00:00\" \/>\n<meta name=\"author\" content=\"Canal Dana\" \/>\n<meta name=\"twitter:card\" content=\"summary_large_image\" \/>\n<meta name=\"twitter:label1\" content=\"Escrito por\" \/>\n\t<meta name=\"twitter:data1\" content=\"Canal Dana\" \/>\n\t<meta name=\"twitter:label2\" content=\"Est. tempo de leitura\" \/>\n\t<meta name=\"twitter:data2\" content=\"4 minutos\" \/>\n<script type=\"application\/ld+json\" class=\"yoast-schema-graph\">{\"@context\":\"https:\\\/\\\/schema.org\",\"@graph\":[{\"@type\":\"Article\",\"@id\":\"https:\\\/\\\/dana.com.br\\\/canaldana\\\/2022\\\/02\\\/11\\\/cinco-dicas-para-nao-errar-na-hora-de-comprar-seu-veiculo-seminovo-ou-usado\\\/#article\",\"isPartOf\":{\"@id\":\"https:\\\/\\\/dana.com.br\\\/canaldana\\\/2022\\\/02\\\/11\\\/cinco-dicas-para-nao-errar-na-hora-de-comprar-seu-veiculo-seminovo-ou-usado\\\/\"},\"author\":{\"name\":\"Canal Dana\",\"@id\":\"https:\\\/\\\/dana.com.br\\\/canaldana\\\/#\\\/schema\\\/person\\\/3c21f22f56fcf3bc46b94bc60ea4fef6\"},\"headline\":\"Cinco dicas para n\u00e3o errar na hora de comprar seu ve\u00edculo seminovo ou usado\",\"datePublished\":\"2022-02-11T11:38:43+00:00\",\"mainEntityOfPage\":{\"@id\":\"https:\\\/\\\/dana.com.br\\\/canaldana\\\/2022\\\/02\\\/11\\\/cinco-dicas-para-nao-errar-na-hora-de-comprar-seu-veiculo-seminovo-ou-usado\\\/\"},\"wordCount\":752,\"articleSection\":[\"Mercado\"],\"inLanguage\":\"pt-BR\"},{\"@type\":\"WebPage\",\"@id\":\"https:\\\/\\\/dana.com.br\\\/canaldana\\\/2022\\\/02\\\/11\\\/cinco-dicas-para-nao-errar-na-hora-de-comprar-seu-veiculo-seminovo-ou-usado\\\/\",\"url\":\"https:\\\/\\\/dana.com.br\\\/canaldana\\\/2022\\\/02\\\/11\\\/cinco-dicas-para-nao-errar-na-hora-de-comprar-seu-veiculo-seminovo-ou-usado\\\/\",\"name\":\"Cinco dicas para n\u00e3o errar na hora de comprar seu ve\u00edculo seminovo ou usado - Canal Dana\",\"isPartOf\":{\"@id\":\"https:\\\/\\\/dana.com.br\\\/canaldana\\\/#website\"},\"datePublished\":\"2022-02-11T11:38:43+00:00\",\"author\":{\"@id\":\"https:\\\/\\\/dana.com.br\\\/canaldana\\\/#\\\/schema\\\/person\\\/3c21f22f56fcf3bc46b94bc60ea4fef6\"},\"breadcrumb\":{\"@id\":\"https:\\\/\\\/dana.com.br\\\/canaldana\\\/2022\\\/02\\\/11\\\/cinco-dicas-para-nao-errar-na-hora-de-comprar-seu-veiculo-seminovo-ou-usado\\\/#breadcrumb\"},\"inLanguage\":\"pt-BR\",\"potentialAction\":[{\"@type\":\"ReadAction\",\"target\":[\"https:\\\/\\\/dana.com.br\\\/canaldana\\\/2022\\\/02\\\/11\\\/cinco-dicas-para-nao-errar-na-hora-de-comprar-seu-veiculo-seminovo-ou-usado\\\/\"]}]},{\"@type\":\"BreadcrumbList\",\"@id\":\"https:\\\/\\\/dana.com.br\\\/canaldana\\\/2022\\\/02\\\/11\\\/cinco-dicas-para-nao-errar-na-hora-de-comprar-seu-veiculo-seminovo-ou-usado\\\/#breadcrumb\",\"itemListElement\":[{\"@type\":\"ListItem\",\"position\":1,\"name\":\"Home\",\"item\":\"https:\\\/\\\/dana.com.br\\\/canaldana\\\/\"},{\"@type\":\"ListItem\",\"position\":2,\"name\":\"Mercado\",\"item\":\"https:\\\/\\\/dana.com.br\\\/canaldana\\\/mercado\\\/\"},{\"@type\":\"ListItem\",\"position\":3,\"name\":\"Cinco dicas para n\u00e3o errar na hora de comprar seu ve\u00edculo seminovo ou usado\"}]},{\"@type\":\"WebSite\",\"@id\":\"https:\\\/\\\/dana.com.br\\\/canaldana\\\/#website\",\"url\":\"https:\\\/\\\/dana.com.br\\\/canaldana\\\/\",\"name\":\"Canal Dana\",\"description\":\"Informativo com as principais not\u00edcias da ind\u00fastria automotiva\",\"potentialAction\":[{\"@type\":\"SearchAction\",\"target\":{\"@type\":\"EntryPoint\",\"urlTemplate\":\"https:\\\/\\\/dana.com.br\\\/canaldana\\\/?s={search_term_string}\"},\"query-input\":{\"@type\":\"PropertyValueSpecification\",\"valueRequired\":true,\"valueName\":\"search_term_string\"}}],\"inLanguage\":\"pt-BR\"},{\"@type\":\"Person\",\"@id\":\"https:\\\/\\\/dana.com.br\\\/canaldana\\\/#\\\/schema\\\/person\\\/3c21f22f56fcf3bc46b94bc60ea4fef6\",\"name\":\"Canal Dana\",\"image\":{\"@type\":\"ImageObject\",\"inLanguage\":\"pt-BR\",\"@id\":\"https:\\\/\\\/secure.gravatar.com\\\/avatar\\\/420aaf9278582877d9018637c6817617705899d2858d7572ef0fe59a6b6454b4?s=96&d=mm&r=g\",\"url\":\"https:\\\/\\\/secure.gravatar.com\\\/avatar\\\/420aaf9278582877d9018637c6817617705899d2858d7572ef0fe59a6b6454b4?s=96&d=mm&r=g\",\"contentUrl\":\"https:\\\/\\\/secure.gravatar.com\\\/avatar\\\/420aaf9278582877d9018637c6817617705899d2858d7572ef0fe59a6b6454b4?s=96&d=mm&r=g\",\"caption\":\"Canal Dana\"},\"url\":\"https:\\\/\\\/dana.com.br\\\/canaldana\\\/author\\\/cdeditor\\\/\"}]}<\/script>\n<!-- \/ Yoast SEO plugin. -->","yoast_head_json":{"title":"Cinco dicas para n\u00e3o errar na hora de comprar seu ve\u00edculo seminovo ou usado - Canal Dana","robots":{"index":"index","follow":"follow","max-snippet":"max-snippet:-1","max-image-preview":"max-image-preview:large","max-video-preview":"max-video-preview:-1"},"canonical":"https:\/\/dana.com.br\/canaldana\/2022\/02\/11\/cinco-dicas-para-nao-errar-na-hora-de-comprar-seu-veiculo-seminovo-ou-usado\/","og_locale":"pt_BR","og_type":"article","og_title":"Cinco dicas para n\u00e3o errar na hora de comprar seu ve\u00edculo seminovo ou usado - Canal Dana","og_description":"MoveNews &nbsp; O mercado de carros seminovos e usados deu um boom em 2021. Com o mercado sofrendo com os quase 2 anos de pandemia da Covid-19, especialmente pela falta de insumos, como ferro e borracha, houve uma dr\u00e1stica redu\u00e7\u00e3o na produ\u00e7\u00e3o de carros zero, o que levou ao aumento pela procura de seminovos e\u2026 Leia mais \u00bb","og_url":"https:\/\/dana.com.br\/canaldana\/2022\/02\/11\/cinco-dicas-para-nao-errar-na-hora-de-comprar-seu-veiculo-seminovo-ou-usado\/","og_site_name":"Canal Dana","article_published_time":"2022-02-11T11:38:43+00:00","author":"Canal Dana","twitter_card":"summary_large_image","twitter_misc":{"Escrito por":"Canal Dana","Est. tempo de leitura":"4 minutos"},"schema":{"@context":"https:\/\/schema.org","@graph":[{"@type":"Article","@id":"https:\/\/dana.com.br\/canaldana\/2022\/02\/11\/cinco-dicas-para-nao-errar-na-hora-de-comprar-seu-veiculo-seminovo-ou-usado\/#article","isPartOf":{"@id":"https:\/\/dana.com.br\/canaldana\/2022\/02\/11\/cinco-dicas-para-nao-errar-na-hora-de-comprar-seu-veiculo-seminovo-ou-usado\/"},"author":{"name":"Canal Dana","@id":"https:\/\/dana.com.br\/canaldana\/#\/schema\/person\/3c21f22f56fcf3bc46b94bc60ea4fef6"},"headline":"Cinco dicas para n\u00e3o errar na hora de comprar seu ve\u00edculo seminovo ou usado","datePublished":"2022-02-11T11:38:43+00:00","mainEntityOfPage":{"@id":"https:\/\/dana.com.br\/canaldana\/2022\/02\/11\/cinco-dicas-para-nao-errar-na-hora-de-comprar-seu-veiculo-seminovo-ou-usado\/"},"wordCount":752,"articleSection":["Mercado"],"inLanguage":"pt-BR"},{"@type":"WebPage","@id":"https:\/\/dana.com.br\/canaldana\/2022\/02\/11\/cinco-dicas-para-nao-errar-na-hora-de-comprar-seu-veiculo-seminovo-ou-usado\/","url":"https:\/\/dana.com.br\/canaldana\/2022\/02\/11\/cinco-dicas-para-nao-errar-na-hora-de-comprar-seu-veiculo-seminovo-ou-usado\/","name":"Cinco dicas para n\u00e3o errar na hora de comprar seu ve\u00edculo seminovo ou usado - Canal Dana","isPartOf":{"@id":"https:\/\/dana.com.br\/canaldana\/#website"},"datePublished":"2022-02-11T11:38:43+00:00","author":{"@id":"https:\/\/dana.com.br\/canaldana\/#\/schema\/person\/3c21f22f56fcf3bc46b94bc60ea4fef6"},"breadcrumb":{"@id":"https:\/\/dana.com.br\/canaldana\/2022\/02\/11\/cinco-dicas-para-nao-errar-na-hora-de-comprar-seu-veiculo-seminovo-ou-usado\/#breadcrumb"},"inLanguage":"pt-BR","potentialAction":[{"@type":"ReadAction","target":["https:\/\/dana.com.br\/canaldana\/2022\/02\/11\/cinco-dicas-para-nao-errar-na-hora-de-comprar-seu-veiculo-seminovo-ou-usado\/"]}]},{"@type":"BreadcrumbList","@id":"https:\/\/dana.com.br\/canaldana\/2022\/02\/11\/cinco-dicas-para-nao-errar-na-hora-de-comprar-seu-veiculo-seminovo-ou-usado\/#breadcrumb","itemListElement":[{"@type":"ListItem","position":1,"name":"Home","item":"https:\/\/dana.com.br\/canaldana\/"},{"@type":"ListItem","position":2,"name":"Mercado","item":"https:\/\/dana.com.br\/canaldana\/mercado\/"},{"@type":"ListItem","position":3,"name":"Cinco dicas para n\u00e3o errar na hora de comprar seu ve\u00edculo seminovo ou usado"}]},{"@type":"WebSite","@id":"https:\/\/dana.com.br\/canaldana\/#website","url":"https:\/\/dana.com.br\/canaldana\/","name":"Canal Dana","description":"Informativo com as principais not\u00edcias da ind\u00fastria automotiva","potentialAction":[{"@type":"SearchAction","target":{"@type":"EntryPoint","urlTemplate":"https:\/\/dana.com.br\/canaldana\/?s={search_term_string}"},"query-input":{"@type":"PropertyValueSpecification","valueRequired":true,"valueName":"search_term_string"}}],"inLanguage":"pt-BR"},{"@type":"Person","@id":"https:\/\/dana.com.br\/canaldana\/#\/schema\/person\/3c21f22f56fcf3bc46b94bc60ea4fef6","name":"Canal Dana","image":{"@type":"ImageObject","inLanguage":"pt-BR","@id":"https:\/\/secure.gravatar.com\/avatar\/420aaf9278582877d9018637c6817617705899d2858d7572ef0fe59a6b6454b4?s=96&d=mm&r=g","url":"https:\/\/secure.gravatar.com\/avatar\/420aaf9278582877d9018637c6817617705899d2858d7572ef0fe59a6b6454b4?s=96&d=mm&r=g","contentUrl":"https:\/\/secure.gravatar.com\/avatar\/420aaf9278582877d9018637c6817617705899d2858d7572ef0fe59a6b6454b4?s=96&d=mm&r=g","caption":"Canal Dana"},"url":"https:\/\/dana.com.br\/canaldana\/author\/cdeditor\/"}]}},"_links":{"self":[{"href":"https:\/\/dana.com.br\/canaldana\/wp-json\/wp\/v2\/posts\/56181","targetHints":{"allow":["GET"]}}],"collection":[{"href":"https:\/\/dana.com.br\/canaldana\/wp-json\/wp\/v2\/posts"}],"about":[{"href":"https:\/\/dana.com.br\/canaldana\/wp-json\/wp\/v2\/types\/post"}],"author":[{"embeddable":true,"href":"https:\/\/dana.com.br\/canaldana\/wp-json\/wp\/v2\/users\/3"}],"replies":[{"embeddable":true,"href":"https:\/\/dana.com.br\/canaldana\/wp-json\/wp\/v2\/comments?post=56181"}],"version-history":[{"count":0,"href":"https:\/\/dana.com.br\/canaldana\/wp-json\/wp\/v2\/posts\/56181\/revisions"}],"wp:attachment":[{"href":"https:\/\/dana.com.br\/canaldana\/wp-json\/wp\/v2\/media?parent=56181"}],"wp:term":[{"taxonomy":"category","embeddable":true,"href":"https:\/\/dana.com.br\/canaldana\/wp-json\/wp\/v2\/categories?post=56181"},{"taxonomy":"post_tag","embeddable":true,"href":"https:\/\/dana.com.br\/canaldana\/wp-json\/wp\/v2\/tags?post=56181"}],"curies":[{"name":"wp","href":"https:\/\/api.w.org\/{rel}","templated":true}]}}