{"id":56177,"date":"2022-02-11T08:37:15","date_gmt":"2022-02-11T11:37:15","guid":{"rendered":"https:\/\/dana.com.br\/canaldana\/?p=56177"},"modified":"2022-02-11T08:37:15","modified_gmt":"2022-02-11T11:37:15","slug":"volvo-car-brasil-inicia-pre-venda-do-seu-mais-novo-veiculo-totalmente-eletrico","status":"publish","type":"post","link":"https:\/\/dana.com.br\/canaldana\/2022\/02\/11\/volvo-car-brasil-inicia-pre-venda-do-seu-mais-novo-veiculo-totalmente-eletrico\/","title":{"rendered":"Volvo Car Brasil inicia pr\u00e9-venda do seu mais novo ve\u00edculo totalmente el\u00e9trico"},"content":{"rendered":"<p><em>Coisas de Agora<\/em><\/p>\n<p>&nbsp;<\/p>\n<p>Marca sueca apresenta o Volvo C40 primeiro ve\u00edculo que foi concebido sem motor \u00e0 combust\u00e3o.<\/p>\n<p>&nbsp;<\/p>\n<p>Inova\u00e7\u00e3o e pioneirismo movem a Volvo Car Brasil. A marca, que \u00e9 l\u00edder em vendas de carros h\u00edbridos e el\u00e9tricos no Brasil apresenta seu mais novo modelo 100% el\u00e9trico, o Volvo C40. A pr\u00e9-venda est\u00e1 dispon\u00edvel no site oficial da marca e em todas as concession\u00e1rias do Pa\u00eds.<\/p>\n<p>&nbsp;<\/p>\n<p>\u201cA eletrifica\u00e7\u00e3o est\u00e1 no DNA da Volvo Car Brasil. Come\u00e7amos l\u00e1 em 2017 com o XC90 h\u00edbrido e fomos, cada vez mais, inserindo modelos que poluem menos no nosso mercado. Poder trazer hoje para nosso pa\u00eds nosso segundo modelo 100% el\u00e9trico \u00e9 um marco\u201d, afirma Jo\u00e3o Oliveira, diretor geral de Opera\u00e7\u00f5es e Inova\u00e7\u00e3o da Volvo Car Brasil.<\/p>\n<p>&nbsp;<\/p>\n<p>O C40 possui um novo e arrojado design, inspirado na arquitetura escandinava com influ\u00eancia da luz e da natureza. \u201cCada mil\u00edmetro desse carro tem uma hist\u00f3ria, as pessoas devem se sentir especial dentro desse carro. A filosofia de design da Volvo \u00e9 sobre criar designs relevantes e que cumprem um prop\u00f3sito\u201d, destaca Robin Page, Head de Design da Volvo Cars.<\/p>\n<p>&nbsp;<\/p>\n<p>O powertrain el\u00e9trico P8 conta com dois motores, um em cada eixo, gerando uma pot\u00eancia combinada de 408hp e 660 N.m de torque.<\/p>\n<p>&nbsp;<\/p>\n<p>Concebido para impressionar, o C40 traz o moderno e tecnol\u00f3gico teto panor\u00e2mico, que molda o carro todo, desde a primeira fileira de bancos, at\u00e9 os assentos traseiros. A nova tecnologia empregada na constru\u00e7\u00e3o do vidro dispensa o uso da cortina de fechamento, isso porque o vidro escurecido possui prote\u00e7\u00e3o UV e IR e \u00e9 capaz de reduzir 95% a entrada de luz e 80% da radia\u00e7\u00e3o de calor.<\/p>\n<p>&nbsp;<\/p>\n<p>Com o design pensado para a efici\u00eancia, os aerof\u00f3lios e spoilers traseiros trazem um formato inovador e, ao mesmo tempo, contribuem para a aerodin\u00e2mica, garantindo mais autonomia.<\/p>\n<p>&nbsp;<\/p>\n<p>Gra\u00e7as ao moderno e tecnol\u00f3gico conjunto de baterias, o C40 \u00e9 capaz de rodar cerca de 440 quil\u00f4metros com uma carga total. Seguindo o pilar de sustentabilidade da marca, o C40 j\u00e1 est\u00e1 100% livre de couro e estreia o Nordico, um novo material interior criado pela Volvo Cars.<\/p>\n<p>&nbsp;<\/p>\n<p>Os interessados em adquirir um dos 200 ve\u00edculos dispon\u00edveis poder\u00e3o acessar o site http:\/\/www.volvocars.com.br, preencher um r\u00e1pido cadastro e aguardar o contato da concession\u00e1ria mais pr\u00f3xima.<\/p>\n<p>&nbsp;<\/p>\n<p>O C40 vem com 3 anos de garantia e com 3 anos de revis\u00f5es peri\u00f3dicas custeadas pela Volvo. \u201cOu seja, o cliente tem a tranquilidade de ter uma garantia prolongada e tamb\u00e9m n\u00e3o ter despesas com as revis\u00f5es\u201d, explica Andr\u00e9 Bassetto, diretor de produto e p\u00f3s-vendas.<\/p>\n<p>&nbsp;<\/p>\n<p>O valor do C40 na pr\u00e9-venda \u00e9 de R$ 419.950,00.<\/p>\n<p>&nbsp;<\/p>\n<p><strong>L\u00edder em ve\u00edculos el\u00e9tricos<\/strong><\/p>\n<p>&nbsp;<\/p>\n<p>A Volvo Car Brasil, pioneira na eletrifica\u00e7\u00e3o no pa\u00eds, lidera o ranking de carros el\u00e9tricos com seu rec\u00e9m-lan\u00e7ado XC40 Recharge Pure Electric. O ve\u00edculo, que chegou em setembro de 2021 ao Brasil, teve mais de 100 unidades emplacadas somente em janeiro deste ano, o dobro do segundo lugar no ranking.<\/p>\n<p>&nbsp;<\/p>\n<p>\u201cTer o nosso primeiro lan\u00e7amento el\u00e9trico liderando a venda de ve\u00edculos el\u00e9tricos no Brasil \u00e9 nosso objetivo. N\u00e3o s\u00e3o apenas n\u00fameros, para a Volvo Car Brasil o sucesso do XC40 Recharge Pure Electric indica que estamos no caminho certo para um futuro de mobilidade mais sustent\u00e1vel\u201d, destaca Jo\u00e3o Oliveira, diretor geral de opera\u00e7\u00f5es e inova\u00e7\u00e3o da Volvo Car Brasil. (Coisas de Agora)<\/p>\n","protected":false},"excerpt":{"rendered":"<p>Coisas de Agora &nbsp; Marca sueca apresenta o Volvo C40 primeiro ve\u00edculo que foi concebido sem motor \u00e0 combust\u00e3o. &nbsp; Inova\u00e7\u00e3o e pioneirismo movem a Volvo Car Brasil. A marca, que \u00e9 l\u00edder em vendas de carros h\u00edbridos e el\u00e9tricos no Brasil apresenta seu mais novo modelo 100% el\u00e9trico, o Volvo C40. A pr\u00e9-venda est\u00e1\u2026 <a class=\"readmore\" href=\"https:\/\/dana.com.br\/canaldana\/2022\/02\/11\/volvo-car-brasil-inicia-pre-venda-do-seu-mais-novo-veiculo-totalmente-eletrico\/\">Leia mais \u00bb<\/a><\/p>\n","protected":false},"author":3,"featured_media":0,"comment_status":"closed","ping_status":"closed","sticky":false,"template":"","format":"standard","meta":{"_acf_changed":false,"footnotes":""},"categories":[110],"tags":[],"class_list":["post-56177","post","type-post","status-publish","format-standard","hentry","category-eletricos"],"acf":[],"yoast_head":"<!-- This site is optimized with the Yoast SEO plugin v27.3 - https:\/\/yoast.com\/product\/yoast-seo-wordpress\/ -->\n<title>Volvo Car Brasil inicia pr\u00e9-venda do seu mais novo ve\u00edculo totalmente el\u00e9trico - Canal Dana<\/title>\n<meta name=\"robots\" content=\"index, follow, max-snippet:-1, max-image-preview:large, max-video-preview:-1\" \/>\n<link rel=\"canonical\" href=\"https:\/\/dana.com.br\/canaldana\/2022\/02\/11\/volvo-car-brasil-inicia-pre-venda-do-seu-mais-novo-veiculo-totalmente-eletrico\/\" \/>\n<meta property=\"og:locale\" content=\"pt_BR\" \/>\n<meta property=\"og:type\" content=\"article\" \/>\n<meta property=\"og:title\" content=\"Volvo Car Brasil inicia pr\u00e9-venda do seu mais novo ve\u00edculo totalmente el\u00e9trico - Canal Dana\" \/>\n<meta property=\"og:description\" content=\"Coisas de Agora &nbsp; Marca sueca apresenta o Volvo C40 primeiro ve\u00edculo que foi concebido sem motor \u00e0 combust\u00e3o. &nbsp; Inova\u00e7\u00e3o e pioneirismo movem a Volvo Car Brasil. A marca, que \u00e9 l\u00edder em vendas de carros h\u00edbridos e el\u00e9tricos no Brasil apresenta seu mais novo modelo 100% el\u00e9trico, o Volvo C40. A pr\u00e9-venda est\u00e1\u2026 Leia mais \u00bb\" \/>\n<meta property=\"og:url\" content=\"https:\/\/dana.com.br\/canaldana\/2022\/02\/11\/volvo-car-brasil-inicia-pre-venda-do-seu-mais-novo-veiculo-totalmente-eletrico\/\" \/>\n<meta property=\"og:site_name\" content=\"Canal Dana\" \/>\n<meta property=\"article:published_time\" content=\"2022-02-11T11:37:15+00:00\" \/>\n<meta name=\"author\" content=\"Canal Dana\" \/>\n<meta name=\"twitter:card\" content=\"summary_large_image\" \/>\n<meta name=\"twitter:label1\" content=\"Escrito por\" \/>\n\t<meta name=\"twitter:data1\" content=\"Canal Dana\" \/>\n\t<meta name=\"twitter:label2\" content=\"Est. tempo de leitura\" \/>\n\t<meta name=\"twitter:data2\" content=\"3 minutos\" \/>\n<script type=\"application\/ld+json\" class=\"yoast-schema-graph\">{\"@context\":\"https:\\\/\\\/schema.org\",\"@graph\":[{\"@type\":\"Article\",\"@id\":\"https:\\\/\\\/dana.com.br\\\/canaldana\\\/2022\\\/02\\\/11\\\/volvo-car-brasil-inicia-pre-venda-do-seu-mais-novo-veiculo-totalmente-eletrico\\\/#article\",\"isPartOf\":{\"@id\":\"https:\\\/\\\/dana.com.br\\\/canaldana\\\/2022\\\/02\\\/11\\\/volvo-car-brasil-inicia-pre-venda-do-seu-mais-novo-veiculo-totalmente-eletrico\\\/\"},\"author\":{\"name\":\"Canal Dana\",\"@id\":\"https:\\\/\\\/dana.com.br\\\/canaldana\\\/#\\\/schema\\\/person\\\/3c21f22f56fcf3bc46b94bc60ea4fef6\"},\"headline\":\"Volvo Car Brasil inicia pr\u00e9-venda do seu mais novo ve\u00edculo totalmente el\u00e9trico\",\"datePublished\":\"2022-02-11T11:37:15+00:00\",\"mainEntityOfPage\":{\"@id\":\"https:\\\/\\\/dana.com.br\\\/canaldana\\\/2022\\\/02\\\/11\\\/volvo-car-brasil-inicia-pre-venda-do-seu-mais-novo-veiculo-totalmente-eletrico\\\/\"},\"wordCount\":629,\"articleSection\":[\"El\u00e9tricos\"],\"inLanguage\":\"pt-BR\"},{\"@type\":\"WebPage\",\"@id\":\"https:\\\/\\\/dana.com.br\\\/canaldana\\\/2022\\\/02\\\/11\\\/volvo-car-brasil-inicia-pre-venda-do-seu-mais-novo-veiculo-totalmente-eletrico\\\/\",\"url\":\"https:\\\/\\\/dana.com.br\\\/canaldana\\\/2022\\\/02\\\/11\\\/volvo-car-brasil-inicia-pre-venda-do-seu-mais-novo-veiculo-totalmente-eletrico\\\/\",\"name\":\"Volvo Car Brasil inicia pr\u00e9-venda do seu mais novo ve\u00edculo totalmente el\u00e9trico - Canal Dana\",\"isPartOf\":{\"@id\":\"https:\\\/\\\/dana.com.br\\\/canaldana\\\/#website\"},\"datePublished\":\"2022-02-11T11:37:15+00:00\",\"author\":{\"@id\":\"https:\\\/\\\/dana.com.br\\\/canaldana\\\/#\\\/schema\\\/person\\\/3c21f22f56fcf3bc46b94bc60ea4fef6\"},\"breadcrumb\":{\"@id\":\"https:\\\/\\\/dana.com.br\\\/canaldana\\\/2022\\\/02\\\/11\\\/volvo-car-brasil-inicia-pre-venda-do-seu-mais-novo-veiculo-totalmente-eletrico\\\/#breadcrumb\"},\"inLanguage\":\"pt-BR\",\"potentialAction\":[{\"@type\":\"ReadAction\",\"target\":[\"https:\\\/\\\/dana.com.br\\\/canaldana\\\/2022\\\/02\\\/11\\\/volvo-car-brasil-inicia-pre-venda-do-seu-mais-novo-veiculo-totalmente-eletrico\\\/\"]}]},{\"@type\":\"BreadcrumbList\",\"@id\":\"https:\\\/\\\/dana.com.br\\\/canaldana\\\/2022\\\/02\\\/11\\\/volvo-car-brasil-inicia-pre-venda-do-seu-mais-novo-veiculo-totalmente-eletrico\\\/#breadcrumb\",\"itemListElement\":[{\"@type\":\"ListItem\",\"position\":1,\"name\":\"Home\",\"item\":\"https:\\\/\\\/dana.com.br\\\/canaldana\\\/\"},{\"@type\":\"ListItem\",\"position\":2,\"name\":\"El\u00e9tricos\",\"item\":\"https:\\\/\\\/dana.com.br\\\/canaldana\\\/eletricos\\\/\"},{\"@type\":\"ListItem\",\"position\":3,\"name\":\"Volvo Car Brasil inicia pr\u00e9-venda do seu mais novo ve\u00edculo totalmente el\u00e9trico\"}]},{\"@type\":\"WebSite\",\"@id\":\"https:\\\/\\\/dana.com.br\\\/canaldana\\\/#website\",\"url\":\"https:\\\/\\\/dana.com.br\\\/canaldana\\\/\",\"name\":\"Canal Dana\",\"description\":\"Informativo com as principais not\u00edcias da ind\u00fastria automotiva\",\"potentialAction\":[{\"@type\":\"SearchAction\",\"target\":{\"@type\":\"EntryPoint\",\"urlTemplate\":\"https:\\\/\\\/dana.com.br\\\/canaldana\\\/?s={search_term_string}\"},\"query-input\":{\"@type\":\"PropertyValueSpecification\",\"valueRequired\":true,\"valueName\":\"search_term_string\"}}],\"inLanguage\":\"pt-BR\"},{\"@type\":\"Person\",\"@id\":\"https:\\\/\\\/dana.com.br\\\/canaldana\\\/#\\\/schema\\\/person\\\/3c21f22f56fcf3bc46b94bc60ea4fef6\",\"name\":\"Canal Dana\",\"image\":{\"@type\":\"ImageObject\",\"inLanguage\":\"pt-BR\",\"@id\":\"https:\\\/\\\/secure.gravatar.com\\\/avatar\\\/420aaf9278582877d9018637c6817617705899d2858d7572ef0fe59a6b6454b4?s=96&d=mm&r=g\",\"url\":\"https:\\\/\\\/secure.gravatar.com\\\/avatar\\\/420aaf9278582877d9018637c6817617705899d2858d7572ef0fe59a6b6454b4?s=96&d=mm&r=g\",\"contentUrl\":\"https:\\\/\\\/secure.gravatar.com\\\/avatar\\\/420aaf9278582877d9018637c6817617705899d2858d7572ef0fe59a6b6454b4?s=96&d=mm&r=g\",\"caption\":\"Canal Dana\"},\"url\":\"https:\\\/\\\/dana.com.br\\\/canaldana\\\/author\\\/cdeditor\\\/\"}]}<\/script>\n<!-- \/ Yoast SEO plugin. -->","yoast_head_json":{"title":"Volvo Car Brasil inicia pr\u00e9-venda do seu mais novo ve\u00edculo totalmente el\u00e9trico - Canal Dana","robots":{"index":"index","follow":"follow","max-snippet":"max-snippet:-1","max-image-preview":"max-image-preview:large","max-video-preview":"max-video-preview:-1"},"canonical":"https:\/\/dana.com.br\/canaldana\/2022\/02\/11\/volvo-car-brasil-inicia-pre-venda-do-seu-mais-novo-veiculo-totalmente-eletrico\/","og_locale":"pt_BR","og_type":"article","og_title":"Volvo Car Brasil inicia pr\u00e9-venda do seu mais novo ve\u00edculo totalmente el\u00e9trico - Canal Dana","og_description":"Coisas de Agora &nbsp; Marca sueca apresenta o Volvo C40 primeiro ve\u00edculo que foi concebido sem motor \u00e0 combust\u00e3o. &nbsp; Inova\u00e7\u00e3o e pioneirismo movem a Volvo Car Brasil. A marca, que \u00e9 l\u00edder em vendas de carros h\u00edbridos e el\u00e9tricos no Brasil apresenta seu mais novo modelo 100% el\u00e9trico, o Volvo C40. A pr\u00e9-venda est\u00e1\u2026 Leia mais \u00bb","og_url":"https:\/\/dana.com.br\/canaldana\/2022\/02\/11\/volvo-car-brasil-inicia-pre-venda-do-seu-mais-novo-veiculo-totalmente-eletrico\/","og_site_name":"Canal Dana","article_published_time":"2022-02-11T11:37:15+00:00","author":"Canal Dana","twitter_card":"summary_large_image","twitter_misc":{"Escrito por":"Canal Dana","Est. tempo de leitura":"3 minutos"},"schema":{"@context":"https:\/\/schema.org","@graph":[{"@type":"Article","@id":"https:\/\/dana.com.br\/canaldana\/2022\/02\/11\/volvo-car-brasil-inicia-pre-venda-do-seu-mais-novo-veiculo-totalmente-eletrico\/#article","isPartOf":{"@id":"https:\/\/dana.com.br\/canaldana\/2022\/02\/11\/volvo-car-brasil-inicia-pre-venda-do-seu-mais-novo-veiculo-totalmente-eletrico\/"},"author":{"name":"Canal Dana","@id":"https:\/\/dana.com.br\/canaldana\/#\/schema\/person\/3c21f22f56fcf3bc46b94bc60ea4fef6"},"headline":"Volvo Car Brasil inicia pr\u00e9-venda do seu mais novo ve\u00edculo totalmente el\u00e9trico","datePublished":"2022-02-11T11:37:15+00:00","mainEntityOfPage":{"@id":"https:\/\/dana.com.br\/canaldana\/2022\/02\/11\/volvo-car-brasil-inicia-pre-venda-do-seu-mais-novo-veiculo-totalmente-eletrico\/"},"wordCount":629,"articleSection":["El\u00e9tricos"],"inLanguage":"pt-BR"},{"@type":"WebPage","@id":"https:\/\/dana.com.br\/canaldana\/2022\/02\/11\/volvo-car-brasil-inicia-pre-venda-do-seu-mais-novo-veiculo-totalmente-eletrico\/","url":"https:\/\/dana.com.br\/canaldana\/2022\/02\/11\/volvo-car-brasil-inicia-pre-venda-do-seu-mais-novo-veiculo-totalmente-eletrico\/","name":"Volvo Car Brasil inicia pr\u00e9-venda do seu mais novo ve\u00edculo totalmente el\u00e9trico - Canal Dana","isPartOf":{"@id":"https:\/\/dana.com.br\/canaldana\/#website"},"datePublished":"2022-02-11T11:37:15+00:00","author":{"@id":"https:\/\/dana.com.br\/canaldana\/#\/schema\/person\/3c21f22f56fcf3bc46b94bc60ea4fef6"},"breadcrumb":{"@id":"https:\/\/dana.com.br\/canaldana\/2022\/02\/11\/volvo-car-brasil-inicia-pre-venda-do-seu-mais-novo-veiculo-totalmente-eletrico\/#breadcrumb"},"inLanguage":"pt-BR","potentialAction":[{"@type":"ReadAction","target":["https:\/\/dana.com.br\/canaldana\/2022\/02\/11\/volvo-car-brasil-inicia-pre-venda-do-seu-mais-novo-veiculo-totalmente-eletrico\/"]}]},{"@type":"BreadcrumbList","@id":"https:\/\/dana.com.br\/canaldana\/2022\/02\/11\/volvo-car-brasil-inicia-pre-venda-do-seu-mais-novo-veiculo-totalmente-eletrico\/#breadcrumb","itemListElement":[{"@type":"ListItem","position":1,"name":"Home","item":"https:\/\/dana.com.br\/canaldana\/"},{"@type":"ListItem","position":2,"name":"El\u00e9tricos","item":"https:\/\/dana.com.br\/canaldana\/eletricos\/"},{"@type":"ListItem","position":3,"name":"Volvo Car Brasil inicia pr\u00e9-venda do seu mais novo ve\u00edculo totalmente el\u00e9trico"}]},{"@type":"WebSite","@id":"https:\/\/dana.com.br\/canaldana\/#website","url":"https:\/\/dana.com.br\/canaldana\/","name":"Canal Dana","description":"Informativo com as principais not\u00edcias da ind\u00fastria automotiva","potentialAction":[{"@type":"SearchAction","target":{"@type":"EntryPoint","urlTemplate":"https:\/\/dana.com.br\/canaldana\/?s={search_term_string}"},"query-input":{"@type":"PropertyValueSpecification","valueRequired":true,"valueName":"search_term_string"}}],"inLanguage":"pt-BR"},{"@type":"Person","@id":"https:\/\/dana.com.br\/canaldana\/#\/schema\/person\/3c21f22f56fcf3bc46b94bc60ea4fef6","name":"Canal Dana","image":{"@type":"ImageObject","inLanguage":"pt-BR","@id":"https:\/\/secure.gravatar.com\/avatar\/420aaf9278582877d9018637c6817617705899d2858d7572ef0fe59a6b6454b4?s=96&d=mm&r=g","url":"https:\/\/secure.gravatar.com\/avatar\/420aaf9278582877d9018637c6817617705899d2858d7572ef0fe59a6b6454b4?s=96&d=mm&r=g","contentUrl":"https:\/\/secure.gravatar.com\/avatar\/420aaf9278582877d9018637c6817617705899d2858d7572ef0fe59a6b6454b4?s=96&d=mm&r=g","caption":"Canal Dana"},"url":"https:\/\/dana.com.br\/canaldana\/author\/cdeditor\/"}]}},"_links":{"self":[{"href":"https:\/\/dana.com.br\/canaldana\/wp-json\/wp\/v2\/posts\/56177","targetHints":{"allow":["GET"]}}],"collection":[{"href":"https:\/\/dana.com.br\/canaldana\/wp-json\/wp\/v2\/posts"}],"about":[{"href":"https:\/\/dana.com.br\/canaldana\/wp-json\/wp\/v2\/types\/post"}],"author":[{"embeddable":true,"href":"https:\/\/dana.com.br\/canaldana\/wp-json\/wp\/v2\/users\/3"}],"replies":[{"embeddable":true,"href":"https:\/\/dana.com.br\/canaldana\/wp-json\/wp\/v2\/comments?post=56177"}],"version-history":[{"count":0,"href":"https:\/\/dana.com.br\/canaldana\/wp-json\/wp\/v2\/posts\/56177\/revisions"}],"wp:attachment":[{"href":"https:\/\/dana.com.br\/canaldana\/wp-json\/wp\/v2\/media?parent=56177"}],"wp:term":[{"taxonomy":"category","embeddable":true,"href":"https:\/\/dana.com.br\/canaldana\/wp-json\/wp\/v2\/categories?post=56177"},{"taxonomy":"post_tag","embeddable":true,"href":"https:\/\/dana.com.br\/canaldana\/wp-json\/wp\/v2\/tags?post=56177"}],"curies":[{"name":"wp","href":"https:\/\/api.w.org\/{rel}","templated":true}]}}