{"id":55650,"date":"2022-01-20T08:29:29","date_gmt":"2022-01-20T11:29:29","guid":{"rendered":"https:\/\/dana.com.br\/canaldana\/?p=55650"},"modified":"2022-01-20T08:29:29","modified_gmt":"2022-01-20T11:29:29","slug":"cursos-de-capacitacao-do-transporte-abrirao-novas-turmas","status":"publish","type":"post","link":"https:\/\/dana.com.br\/canaldana\/2022\/01\/20\/cursos-de-capacitacao-do-transporte-abrirao-novas-turmas\/","title":{"rendered":"Cursos de capacita\u00e7\u00e3o do transporte abrir\u00e3o novas turmas"},"content":{"rendered":"<p><em>Frota &amp; Cia\/ITL<\/em><\/p>\n<p>&nbsp;<\/p>\n<p>O Programa Avan\u00e7ado de Capacita\u00e7\u00e3o do Transporte ter\u00e1 novas turmas de cursos j\u00e1 consolidados e novos projetos voltados \u00e0 qualifica\u00e7\u00e3o da alta gest\u00e3o do setor transportador, este ano. O projeto \u00e9 coordenado pelo Instituto de Transporte e Log\u00edstica (ITL) e promovido pelo SEST SENAT.<\/p>\n<p>&nbsp;<\/p>\n<p>Al\u00e9m das capacita\u00e7\u00f5es em gest\u00e3o de neg\u00f3cios, recursos humanos, finan\u00e7as e das certifica\u00e7\u00f5es internacionais para os segmentos a\u00e9reo e ferrovi\u00e1rio, haver\u00e1 cursos em log\u00edstica 4.0 e suplly chain, marketing e comunica\u00e7\u00e3o digital para o setor de transporte, governan\u00e7a e compliance. Ao todo, ser\u00e3o mais 425 gestores contemplados.<\/p>\n<p>&nbsp;<\/p>\n<p><strong>Cursos previstos para 2022<\/strong><\/p>\n<p>&nbsp;<\/p>\n<p>Especializa\u00e7\u00e3o em Gest\u00e3o de Neg\u00f3cios;<\/p>\n<p>Especializa\u00e7\u00e3o em Gest\u00e3o de Recursos Humanos;<\/p>\n<p>Especializa\u00e7\u00e3o em Gest\u00e3o de Finan\u00e7as;<\/p>\n<p>P\u00f3s-gradua\u00e7\u00e3o em Log\u00edstica 4.0 e Suplly Chain;<\/p>\n<p>P\u00f3s-gradua\u00e7\u00e3o em Marketing e Comunica\u00e7\u00e3o Digital para o Setor de Transporte;<\/p>\n<p>Certifica\u00e7\u00e3o Internacional Aviation Management;<\/p>\n<p>Certifica\u00e7\u00e3o Internacional em Gest\u00e3o de Sistemas Ferrovi\u00e1rios e Metroferrovi\u00e1rios;<\/p>\n<p>Governan\u00e7a e Compliance.<\/p>\n<p>&nbsp;<\/p>\n<p>Em breve, todos os detalhes ser\u00e3o disponibilizados no site do ITL: https:\/\/www.itl.org.br\/home<\/p>\n<p>(Frota &amp; Cia\/ITL)<\/p>\n","protected":false},"excerpt":{"rendered":"<p>Frota &amp; Cia\/ITL &nbsp; O Programa Avan\u00e7ado de Capacita\u00e7\u00e3o do Transporte ter\u00e1 novas turmas de cursos j\u00e1 consolidados e novos projetos voltados \u00e0 qualifica\u00e7\u00e3o da alta gest\u00e3o do setor transportador, este ano. O projeto \u00e9 coordenado pelo Instituto de Transporte e Log\u00edstica (ITL) e promovido pelo SEST SENAT. &nbsp; Al\u00e9m das capacita\u00e7\u00f5es em gest\u00e3o de\u2026 <a class=\"readmore\" href=\"https:\/\/dana.com.br\/canaldana\/2022\/01\/20\/cursos-de-capacitacao-do-transporte-abrirao-novas-turmas\/\">Leia mais \u00bb<\/a><\/p>\n","protected":false},"author":3,"featured_media":0,"comment_status":"closed","ping_status":"closed","sticky":false,"template":"","format":"standard","meta":{"_acf_changed":false,"footnotes":""},"categories":[68],"tags":[],"class_list":["post-55650","post","type-post","status-publish","format-standard","hentry","category-cursos"],"acf":[],"yoast_head":"<!-- This site is optimized with the Yoast SEO plugin v27.3 - https:\/\/yoast.com\/product\/yoast-seo-wordpress\/ -->\n<title>Cursos de capacita\u00e7\u00e3o do transporte abrir\u00e3o novas turmas - Canal Dana<\/title>\n<meta name=\"robots\" content=\"index, follow, max-snippet:-1, max-image-preview:large, max-video-preview:-1\" \/>\n<link rel=\"canonical\" href=\"https:\/\/dana.com.br\/canaldana\/2022\/01\/20\/cursos-de-capacitacao-do-transporte-abrirao-novas-turmas\/\" \/>\n<meta property=\"og:locale\" content=\"pt_BR\" \/>\n<meta property=\"og:type\" content=\"article\" \/>\n<meta property=\"og:title\" content=\"Cursos de capacita\u00e7\u00e3o do transporte abrir\u00e3o novas turmas - Canal Dana\" \/>\n<meta property=\"og:description\" content=\"Frota &amp; Cia\/ITL &nbsp; O Programa Avan\u00e7ado de Capacita\u00e7\u00e3o do Transporte ter\u00e1 novas turmas de cursos j\u00e1 consolidados e novos projetos voltados \u00e0 qualifica\u00e7\u00e3o da alta gest\u00e3o do setor transportador, este ano. O projeto \u00e9 coordenado pelo Instituto de Transporte e Log\u00edstica (ITL) e promovido pelo SEST SENAT. &nbsp; Al\u00e9m das capacita\u00e7\u00f5es em gest\u00e3o de\u2026 Leia mais \u00bb\" \/>\n<meta property=\"og:url\" content=\"https:\/\/dana.com.br\/canaldana\/2022\/01\/20\/cursos-de-capacitacao-do-transporte-abrirao-novas-turmas\/\" \/>\n<meta property=\"og:site_name\" content=\"Canal Dana\" \/>\n<meta property=\"article:published_time\" content=\"2022-01-20T11:29:29+00:00\" \/>\n<meta name=\"author\" content=\"Canal Dana\" \/>\n<meta name=\"twitter:card\" content=\"summary_large_image\" \/>\n<meta name=\"twitter:label1\" content=\"Escrito por\" \/>\n\t<meta name=\"twitter:data1\" content=\"Canal Dana\" \/>\n\t<meta name=\"twitter:label2\" content=\"Est. tempo de leitura\" \/>\n\t<meta name=\"twitter:data2\" content=\"1 minuto\" \/>\n<script type=\"application\/ld+json\" class=\"yoast-schema-graph\">{\"@context\":\"https:\\\/\\\/schema.org\",\"@graph\":[{\"@type\":\"Article\",\"@id\":\"https:\\\/\\\/dana.com.br\\\/canaldana\\\/2022\\\/01\\\/20\\\/cursos-de-capacitacao-do-transporte-abrirao-novas-turmas\\\/#article\",\"isPartOf\":{\"@id\":\"https:\\\/\\\/dana.com.br\\\/canaldana\\\/2022\\\/01\\\/20\\\/cursos-de-capacitacao-do-transporte-abrirao-novas-turmas\\\/\"},\"author\":{\"name\":\"Canal Dana\",\"@id\":\"https:\\\/\\\/dana.com.br\\\/canaldana\\\/#\\\/schema\\\/person\\\/3c21f22f56fcf3bc46b94bc60ea4fef6\"},\"headline\":\"Cursos de capacita\u00e7\u00e3o do transporte abrir\u00e3o novas turmas\",\"datePublished\":\"2022-01-20T11:29:29+00:00\",\"mainEntityOfPage\":{\"@id\":\"https:\\\/\\\/dana.com.br\\\/canaldana\\\/2022\\\/01\\\/20\\\/cursos-de-capacitacao-do-transporte-abrirao-novas-turmas\\\/\"},\"wordCount\":217,\"articleSection\":[\"Cursos\"],\"inLanguage\":\"pt-BR\"},{\"@type\":\"WebPage\",\"@id\":\"https:\\\/\\\/dana.com.br\\\/canaldana\\\/2022\\\/01\\\/20\\\/cursos-de-capacitacao-do-transporte-abrirao-novas-turmas\\\/\",\"url\":\"https:\\\/\\\/dana.com.br\\\/canaldana\\\/2022\\\/01\\\/20\\\/cursos-de-capacitacao-do-transporte-abrirao-novas-turmas\\\/\",\"name\":\"Cursos de capacita\u00e7\u00e3o do transporte abrir\u00e3o novas turmas - Canal Dana\",\"isPartOf\":{\"@id\":\"https:\\\/\\\/dana.com.br\\\/canaldana\\\/#website\"},\"datePublished\":\"2022-01-20T11:29:29+00:00\",\"author\":{\"@id\":\"https:\\\/\\\/dana.com.br\\\/canaldana\\\/#\\\/schema\\\/person\\\/3c21f22f56fcf3bc46b94bc60ea4fef6\"},\"breadcrumb\":{\"@id\":\"https:\\\/\\\/dana.com.br\\\/canaldana\\\/2022\\\/01\\\/20\\\/cursos-de-capacitacao-do-transporte-abrirao-novas-turmas\\\/#breadcrumb\"},\"inLanguage\":\"pt-BR\",\"potentialAction\":[{\"@type\":\"ReadAction\",\"target\":[\"https:\\\/\\\/dana.com.br\\\/canaldana\\\/2022\\\/01\\\/20\\\/cursos-de-capacitacao-do-transporte-abrirao-novas-turmas\\\/\"]}]},{\"@type\":\"BreadcrumbList\",\"@id\":\"https:\\\/\\\/dana.com.br\\\/canaldana\\\/2022\\\/01\\\/20\\\/cursos-de-capacitacao-do-transporte-abrirao-novas-turmas\\\/#breadcrumb\",\"itemListElement\":[{\"@type\":\"ListItem\",\"position\":1,\"name\":\"Home\",\"item\":\"https:\\\/\\\/dana.com.br\\\/canaldana\\\/\"},{\"@type\":\"ListItem\",\"position\":2,\"name\":\"Cursos\",\"item\":\"https:\\\/\\\/dana.com.br\\\/canaldana\\\/cursos\\\/\"},{\"@type\":\"ListItem\",\"position\":3,\"name\":\"Cursos de capacita\u00e7\u00e3o do transporte abrir\u00e3o novas turmas\"}]},{\"@type\":\"WebSite\",\"@id\":\"https:\\\/\\\/dana.com.br\\\/canaldana\\\/#website\",\"url\":\"https:\\\/\\\/dana.com.br\\\/canaldana\\\/\",\"name\":\"Canal Dana\",\"description\":\"Informativo com as principais not\u00edcias da ind\u00fastria automotiva\",\"potentialAction\":[{\"@type\":\"SearchAction\",\"target\":{\"@type\":\"EntryPoint\",\"urlTemplate\":\"https:\\\/\\\/dana.com.br\\\/canaldana\\\/?s={search_term_string}\"},\"query-input\":{\"@type\":\"PropertyValueSpecification\",\"valueRequired\":true,\"valueName\":\"search_term_string\"}}],\"inLanguage\":\"pt-BR\"},{\"@type\":\"Person\",\"@id\":\"https:\\\/\\\/dana.com.br\\\/canaldana\\\/#\\\/schema\\\/person\\\/3c21f22f56fcf3bc46b94bc60ea4fef6\",\"name\":\"Canal Dana\",\"image\":{\"@type\":\"ImageObject\",\"inLanguage\":\"pt-BR\",\"@id\":\"https:\\\/\\\/secure.gravatar.com\\\/avatar\\\/420aaf9278582877d9018637c6817617705899d2858d7572ef0fe59a6b6454b4?s=96&d=mm&r=g\",\"url\":\"https:\\\/\\\/secure.gravatar.com\\\/avatar\\\/420aaf9278582877d9018637c6817617705899d2858d7572ef0fe59a6b6454b4?s=96&d=mm&r=g\",\"contentUrl\":\"https:\\\/\\\/secure.gravatar.com\\\/avatar\\\/420aaf9278582877d9018637c6817617705899d2858d7572ef0fe59a6b6454b4?s=96&d=mm&r=g\",\"caption\":\"Canal Dana\"},\"url\":\"https:\\\/\\\/dana.com.br\\\/canaldana\\\/author\\\/cdeditor\\\/\"}]}<\/script>\n<!-- \/ Yoast SEO plugin. -->","yoast_head_json":{"title":"Cursos de capacita\u00e7\u00e3o do transporte abrir\u00e3o novas turmas - Canal Dana","robots":{"index":"index","follow":"follow","max-snippet":"max-snippet:-1","max-image-preview":"max-image-preview:large","max-video-preview":"max-video-preview:-1"},"canonical":"https:\/\/dana.com.br\/canaldana\/2022\/01\/20\/cursos-de-capacitacao-do-transporte-abrirao-novas-turmas\/","og_locale":"pt_BR","og_type":"article","og_title":"Cursos de capacita\u00e7\u00e3o do transporte abrir\u00e3o novas turmas - Canal Dana","og_description":"Frota &amp; Cia\/ITL &nbsp; O Programa Avan\u00e7ado de Capacita\u00e7\u00e3o do Transporte ter\u00e1 novas turmas de cursos j\u00e1 consolidados e novos projetos voltados \u00e0 qualifica\u00e7\u00e3o da alta gest\u00e3o do setor transportador, este ano. O projeto \u00e9 coordenado pelo Instituto de Transporte e Log\u00edstica (ITL) e promovido pelo SEST SENAT. &nbsp; Al\u00e9m das capacita\u00e7\u00f5es em gest\u00e3o de\u2026 Leia mais \u00bb","og_url":"https:\/\/dana.com.br\/canaldana\/2022\/01\/20\/cursos-de-capacitacao-do-transporte-abrirao-novas-turmas\/","og_site_name":"Canal Dana","article_published_time":"2022-01-20T11:29:29+00:00","author":"Canal Dana","twitter_card":"summary_large_image","twitter_misc":{"Escrito por":"Canal Dana","Est. tempo de leitura":"1 minuto"},"schema":{"@context":"https:\/\/schema.org","@graph":[{"@type":"Article","@id":"https:\/\/dana.com.br\/canaldana\/2022\/01\/20\/cursos-de-capacitacao-do-transporte-abrirao-novas-turmas\/#article","isPartOf":{"@id":"https:\/\/dana.com.br\/canaldana\/2022\/01\/20\/cursos-de-capacitacao-do-transporte-abrirao-novas-turmas\/"},"author":{"name":"Canal Dana","@id":"https:\/\/dana.com.br\/canaldana\/#\/schema\/person\/3c21f22f56fcf3bc46b94bc60ea4fef6"},"headline":"Cursos de capacita\u00e7\u00e3o do transporte abrir\u00e3o novas turmas","datePublished":"2022-01-20T11:29:29+00:00","mainEntityOfPage":{"@id":"https:\/\/dana.com.br\/canaldana\/2022\/01\/20\/cursos-de-capacitacao-do-transporte-abrirao-novas-turmas\/"},"wordCount":217,"articleSection":["Cursos"],"inLanguage":"pt-BR"},{"@type":"WebPage","@id":"https:\/\/dana.com.br\/canaldana\/2022\/01\/20\/cursos-de-capacitacao-do-transporte-abrirao-novas-turmas\/","url":"https:\/\/dana.com.br\/canaldana\/2022\/01\/20\/cursos-de-capacitacao-do-transporte-abrirao-novas-turmas\/","name":"Cursos de capacita\u00e7\u00e3o do transporte abrir\u00e3o novas turmas - Canal Dana","isPartOf":{"@id":"https:\/\/dana.com.br\/canaldana\/#website"},"datePublished":"2022-01-20T11:29:29+00:00","author":{"@id":"https:\/\/dana.com.br\/canaldana\/#\/schema\/person\/3c21f22f56fcf3bc46b94bc60ea4fef6"},"breadcrumb":{"@id":"https:\/\/dana.com.br\/canaldana\/2022\/01\/20\/cursos-de-capacitacao-do-transporte-abrirao-novas-turmas\/#breadcrumb"},"inLanguage":"pt-BR","potentialAction":[{"@type":"ReadAction","target":["https:\/\/dana.com.br\/canaldana\/2022\/01\/20\/cursos-de-capacitacao-do-transporte-abrirao-novas-turmas\/"]}]},{"@type":"BreadcrumbList","@id":"https:\/\/dana.com.br\/canaldana\/2022\/01\/20\/cursos-de-capacitacao-do-transporte-abrirao-novas-turmas\/#breadcrumb","itemListElement":[{"@type":"ListItem","position":1,"name":"Home","item":"https:\/\/dana.com.br\/canaldana\/"},{"@type":"ListItem","position":2,"name":"Cursos","item":"https:\/\/dana.com.br\/canaldana\/cursos\/"},{"@type":"ListItem","position":3,"name":"Cursos de capacita\u00e7\u00e3o do transporte abrir\u00e3o novas turmas"}]},{"@type":"WebSite","@id":"https:\/\/dana.com.br\/canaldana\/#website","url":"https:\/\/dana.com.br\/canaldana\/","name":"Canal Dana","description":"Informativo com as principais not\u00edcias da ind\u00fastria automotiva","potentialAction":[{"@type":"SearchAction","target":{"@type":"EntryPoint","urlTemplate":"https:\/\/dana.com.br\/canaldana\/?s={search_term_string}"},"query-input":{"@type":"PropertyValueSpecification","valueRequired":true,"valueName":"search_term_string"}}],"inLanguage":"pt-BR"},{"@type":"Person","@id":"https:\/\/dana.com.br\/canaldana\/#\/schema\/person\/3c21f22f56fcf3bc46b94bc60ea4fef6","name":"Canal Dana","image":{"@type":"ImageObject","inLanguage":"pt-BR","@id":"https:\/\/secure.gravatar.com\/avatar\/420aaf9278582877d9018637c6817617705899d2858d7572ef0fe59a6b6454b4?s=96&d=mm&r=g","url":"https:\/\/secure.gravatar.com\/avatar\/420aaf9278582877d9018637c6817617705899d2858d7572ef0fe59a6b6454b4?s=96&d=mm&r=g","contentUrl":"https:\/\/secure.gravatar.com\/avatar\/420aaf9278582877d9018637c6817617705899d2858d7572ef0fe59a6b6454b4?s=96&d=mm&r=g","caption":"Canal Dana"},"url":"https:\/\/dana.com.br\/canaldana\/author\/cdeditor\/"}]}},"_links":{"self":[{"href":"https:\/\/dana.com.br\/canaldana\/wp-json\/wp\/v2\/posts\/55650","targetHints":{"allow":["GET"]}}],"collection":[{"href":"https:\/\/dana.com.br\/canaldana\/wp-json\/wp\/v2\/posts"}],"about":[{"href":"https:\/\/dana.com.br\/canaldana\/wp-json\/wp\/v2\/types\/post"}],"author":[{"embeddable":true,"href":"https:\/\/dana.com.br\/canaldana\/wp-json\/wp\/v2\/users\/3"}],"replies":[{"embeddable":true,"href":"https:\/\/dana.com.br\/canaldana\/wp-json\/wp\/v2\/comments?post=55650"}],"version-history":[{"count":0,"href":"https:\/\/dana.com.br\/canaldana\/wp-json\/wp\/v2\/posts\/55650\/revisions"}],"wp:attachment":[{"href":"https:\/\/dana.com.br\/canaldana\/wp-json\/wp\/v2\/media?parent=55650"}],"wp:term":[{"taxonomy":"category","embeddable":true,"href":"https:\/\/dana.com.br\/canaldana\/wp-json\/wp\/v2\/categories?post=55650"},{"taxonomy":"post_tag","embeddable":true,"href":"https:\/\/dana.com.br\/canaldana\/wp-json\/wp\/v2\/tags?post=55650"}],"curies":[{"name":"wp","href":"https:\/\/api.w.org\/{rel}","templated":true}]}}