{"id":55635,"date":"2022-01-19T08:31:17","date_gmt":"2022-01-19T11:31:17","guid":{"rendered":"https:\/\/dana.com.br\/canaldana\/?p=55635"},"modified":"2022-01-19T08:31:17","modified_gmt":"2022-01-19T11:31:17","slug":"lockdowns-na-china-e-omicron-tornam-retomada-mundial-incerta","status":"publish","type":"post","link":"https:\/\/dana.com.br\/canaldana\/2022\/01\/19\/lockdowns-na-china-e-omicron-tornam-retomada-mundial-incerta\/","title":{"rendered":"Lockdowns na China e \u00d4micron tornam retomada mundial incerta"},"content":{"rendered":"<p><em>O Estado de S. Paulo <\/em><\/p>\n<p>&nbsp;<\/p>\n<p>Pol\u00edtica chinesa de \u201ccovid zero\u201d afeta produ\u00e7\u00e3o em todo o mundo. No Brasil, pequenas empresas sofrem mais com falta de mat\u00e9ria-prima.<\/p>\n<p>&nbsp;<\/p>\n<p>Fornecedora de insumos e componentes usados na ind\u00fastria mundo afora, a China anunciou no dia 11 uma quarentena em Anyang, cidade de 5 milh\u00f5es de habitantes na prov\u00edncia de Henan. Foi a terceira cidade chinesa a adotar medidas de restri\u00e7\u00e3o por causa da variante \u00d4micron do novo coronav\u00edrus, cuja primeira transmiss\u00e3o local na capital, Pequim, foi detectada no \u00faltimo s\u00e1bado. Ao todo, o confinamento atinge dezenas de milh\u00f5es de trabalhadores no pa\u00eds, em raz\u00e3o da pol\u00edtica do governo chin\u00eas de impedir a dissemina\u00e7\u00e3o da covid-19 a todo custo. Apenas na cidade de Xian, 13 milh\u00f5es de habitantes tiveram de ficar em casa durante tr\u00eas semanas. Em Hong Kong, as autoridades suspenderam por um m\u00eas todos os voos internacionais para cerca de 150 pa\u00edses.<\/p>\n<p>&nbsp;<\/p>\n<p>Alguns especialistas sugerem que a \u00d4micron, apesar de muito mais contagiosa, \u00e9 menos virulenta, provoca menos hospitaliza\u00e7\u00f5es e mortes, especialmente entre os vacinados, o que poderia mitigar eventuais impactos negativos da nova onda da pandemia sobre a economia. Economistas, por\u00e9m, ressaltam que ainda h\u00e1 muita incerteza especialmente por causa da China, pa\u00eds onde a pol\u00edtica de quarentenas r\u00edgidas leve a uma nova rodada de restri\u00e7\u00f5es nas cadeias globais de fornecimento da ind\u00fastria.<\/p>\n<p>&nbsp;<\/p>\n<p>\u201cMesmo que, globalmente, n\u00e3o estejamos vendo medidas de conten\u00e7\u00e3o, a China segue com a pol\u00edtica de \u2018covid zero\u2019, adotando lockdowns abrangentes\u201d, diz o economista s\u00eanior da LCA Consultores Braulio Borges, numa refer\u00eancia \u00e0 estrat\u00e9gia chinesa para controlar a pandemia.<\/p>\n<p>&nbsp;<\/p>\n<p>O temor se agrava justamente no momento em que a desorganiza\u00e7\u00e3o provocada pela pandemia nas cadeias produtivas globais dava um sinal de al\u00edvio. Nos \u00faltimos meses de 2021, pesquisas de percep\u00e7\u00e3o da ind\u00fastria e relatos das empresas mostravam uma melhora em rela\u00e7\u00e3o aos meses anteriores, mas a onda causada pela \u00d4micron indica que um dos principais choques econ\u00f4micos da covid-19 ainda est\u00e1 longe de passar.<\/p>\n<p>&nbsp;<\/p>\n<p>\u201cEmbora as restri\u00e7\u00f5es tenham cedido em dezembro, para o menor n\u00edvel desde mar\u00e7o (de 2021), ainda \u00e9 cedo demais para dizer que a normaliza\u00e7\u00e3o est\u00e1 \u00e0 vista, mesmo que o movimento seja na dire\u00e7\u00e3o correta\u201d, afirma Pollyanna de Lima, diretora econ\u00f4mica respons\u00e1vel por acompanhar a economia do Brasil na consultoria IHS Markit, que produz o \u00cdndice de Gerentes de Compras (PMI, na sigla em ingl\u00eas), um dos indicadores mais utilizados no mundo.<\/p>\n<p>&nbsp;<\/p>\n<p>Na edi\u00e7\u00e3o de dezembro passado do PMI global do setor industrial, calculado pela IHS Markit em parceria com o banco de investimentos Jpmorgan e divulgado na primeira semana do ano, o n\u00famero de empresas que relataram restri\u00e7\u00f5es com escassez de insumos foi 3,5 vezes maior do que na m\u00e9dia hist\u00f3rica de 2005 a 2020. \u00c9 menos do que os 4,7 vezes de outubro de 2021, mas, at\u00e9 2020, esse m\u00faltiplo nunca havia passado de duas vezes.<\/p>\n<p>&nbsp;<\/p>\n<p>No Brasil, al\u00e9m do PMI local, pesquisas da Funda\u00e7\u00e3o Get\u00falio Vargas (FGV) e da Confedera\u00e7\u00e3o Nacional da Ind\u00fastria (CNI) v\u00e3o no mesmo sentido. Na sondagem da CNI, 62,4% das empresas entrevistadas relataram \u201cfalta ou alto custo de mat\u00e9rias-primas\u201d no terceiro trimestre de 2021, abaixo dos 67,2% do primeiro trimestre do ano passado, mas ainda muito acima da m\u00e9dia de 20,8% observada trimestre a trimestre de 2015 a 2019. Em novembro, 66% dos fabricantes de eletroeletr\u00f4nicos ainda relatavam dificuldades com insumos, conforme sondagem da Abinee, associa\u00e7\u00e3o representante do setor.<\/p>\n<p>&nbsp;<\/p>\n<p>A ind\u00fastria automotiva, um dos s\u00edmbolos dos gargalos de produ\u00e7\u00e3o, v\u00ea a luz no fim do t\u00fanel, mas Luiz Carlos Moraes, presidente da Anfavea, entidade representante das montadoras, alertou no \u00faltimo dia 7 que a falta de insumos continuar\u00e1 em 2022, com risco de haver \u201cdias parados numa f\u00e1brica, semanas em uma outra\u201d, ainda que com \u201cmenos emo\u00e7\u00e3o do que em 2021\u201d. No ano passado, v\u00e1rias f\u00e1bricas pararam principalmente por falta de semicondutores.<\/p>\n<p>&nbsp;<\/p>\n<p><strong>Desarranjo <\/strong><\/p>\n<p>&nbsp;<\/p>\n<p>O travamento das cadeias da ind\u00fastria \u2013 ou cadeias globais de valor (CGV), no linguajar acad\u00eamico sobre o assunto \u2013 \u00e9 um dos efeitos at\u00edpicos e in\u00e9ditos da covid-19 sobre a economia. Montada sob uma integra\u00e7\u00e3o econ\u00f4mica sem precedentes, essa organiza\u00e7\u00e3o permite que um produto concebido num pa\u00eds seja fabricado em plantas no outro lado do mundo, com destaque para o Leste da \u00c1sia, em nome do menor custo.<\/p>\n<p>&nbsp;<\/p>\n<p>S\u00f3 que o sistema de transporte global de componentes e a excessiva concentra\u00e7\u00e3o da fabrica\u00e7\u00e3o de alguns deles \u2013 como o caso dos semicondutores em Taiwan \u2013 foram colocados em xeque pelas restri\u00e7\u00f5es ao contato social impostas pela covid-19.<\/p>\n<p>&nbsp;<\/p>\n<p>No in\u00edcio da pandemia, paradas nas f\u00e1bricas de todo o mundo derrubaram estoques e contribu\u00edram para a recess\u00e3o global. J\u00e1 no segundo semestre de 2020, uma forte retomada da demanda \u2013 impulsionada tanto por pol\u00edticas de transfer\u00eancia de renda para mitigar a crise quanto pelo direcionamento do consumo das fam\u00edlias para os bens \u2013 pressionou a capacidade produtiva de fabricantes de componentes e o funcionamento da log\u00edstica, ao mesmo tempo que fez as cota\u00e7\u00f5es das mat\u00e9rias-primas dispararem, entre elas o petr\u00f3leo e o g\u00e1s natural.<\/p>\n<p>&nbsp;<\/p>\n<p>Os gargalos no transporte mar\u00edtimo, elo essencial do fornecimento de insumos, parecem longe de acabar, o que se reflete no custo do frete. Segundo levantamento da CNI, o pre\u00e7o m\u00e9dio da importa\u00e7\u00e3o de um cont\u00eainer de 20 p\u00e9s na rota entre a \u00c1sia e o Brasil arrefeceu de US$ 11,5 mil em outubro de 2021 para US$ 9,7 mil em dezembro passado. Mesmo assim, o valor ainda \u00e9 quase cinco vezes maior do que o registrado em janeiro de 2020, antes da pandemia.<\/p>\n<p>&nbsp;<\/p>\n<p><strong>Entraves<\/strong><\/p>\n<p>&nbsp;<\/p>\n<p>Desde fins de 2020, o Centronave, entidade que re\u00fane os principais armadores \u2013 como s\u00e3o chamadas as empresas de log\u00edstica mar\u00edtima \u2013 que atuam no Brasil, vem descrevendo o cen\u00e1rio de \u201ctempestade perfeita\u201d. A retomada da demanda na segunda metade de 2020 estressou um sistema todo encadeado, cu<\/p>\n<p>&nbsp;<\/p>\n<p>Covid zero Pol\u00edtica chinesa de impor lockdowns severos mesmo com pequenos surtos traz incerteza, dizem economistas, os atrasos viram bolas de neve, provocando falta de cont\u00eaineres e navios.<\/p>\n<p>&nbsp;<\/p>\n<p>\u201cVimos no fim do ano passado sinais de que o pior tinha passado. N\u00e3o havia piora no acesso aos insumos, e os estoques estavam bem melhores do que nos piores momentos\u201d, diz o gerente de An\u00e1lise Econ\u00f4mica da CNI, Marcelo Azevedo,<\/p>\n<p>&nbsp;<\/p>\n<p>alertando para os riscos que ainda pairam. \u201cA \u00d4micron, por mais que n\u00e3o tenha a mesma repercuss\u00e3o (das ondas de cont\u00e1gio) do ano passado, dever\u00e1 levar a um n\u00famero grande de afastamentos (de trabalhadores). Deve dar mais uma balan\u00e7ada na produ\u00e7\u00e3o\u201d, afirma.<\/p>\n<p>&nbsp;<\/p>\n<p>Para al\u00e9m dos persistentes problemas globais, a ind\u00fastria brasileira ainda enfrenta problemas locais. A alta do d\u00f3lar, marcada por incertezas pol\u00edticas e econ\u00f4micas, agrava o quadro, pois encarece os insumos importados ou cotados na moeda americana. Por outro lado, a perspectiva de demanda fraca neste ano poder\u00e1 dar um al\u00edvio adicional \u2013 por um motivo negativo, j\u00e1 que a fraqueza se deve \u00e0 infla\u00e7\u00e3o elevada e \u00e0 expectativa de economia estagnada.<\/p>\n<p>&nbsp;<\/p>\n<p>\u201cEnquanto as quest\u00f5es em muitos pa\u00edses est\u00e3o centradas no lado da oferta, no Brasil, a demanda enfraquecida tamb\u00e9m est\u00e1 danificando o setor industrial\u201d, diz Pollyana de Lima, da IHS Markit, lembrando ainda da fraqueza da gera\u00e7\u00e3o de empregos no Pa\u00eds. (O Estado de S. Paulo\/Vinicius Neder)<\/p>\n","protected":false},"excerpt":{"rendered":"<p>O Estado de S. Paulo &nbsp; Pol\u00edtica chinesa de \u201ccovid zero\u201d afeta produ\u00e7\u00e3o em todo o mundo. No Brasil, pequenas empresas sofrem mais com falta de mat\u00e9ria-prima. &nbsp; Fornecedora de insumos e componentes usados na ind\u00fastria mundo afora, a China anunciou no dia 11 uma quarentena em Anyang, cidade de 5 milh\u00f5es de habitantes na\u2026 <a class=\"readmore\" href=\"https:\/\/dana.com.br\/canaldana\/2022\/01\/19\/lockdowns-na-china-e-omicron-tornam-retomada-mundial-incerta\/\">Leia mais \u00bb<\/a><\/p>\n","protected":false},"author":3,"featured_media":0,"comment_status":"closed","ping_status":"closed","sticky":false,"template":"","format":"standard","meta":{"_acf_changed":false,"footnotes":""},"categories":[79],"tags":[],"class_list":["post-55635","post","type-post","status-publish","format-standard","hentry","category-mercado"],"acf":[],"yoast_head":"<!-- This site is optimized with the Yoast SEO plugin v27.3 - https:\/\/yoast.com\/product\/yoast-seo-wordpress\/ -->\n<title>Lockdowns na China e \u00d4micron tornam retomada mundial incerta - Canal Dana<\/title>\n<meta name=\"robots\" content=\"index, follow, max-snippet:-1, max-image-preview:large, max-video-preview:-1\" \/>\n<link rel=\"canonical\" href=\"https:\/\/dana.com.br\/canaldana\/2022\/01\/19\/lockdowns-na-china-e-omicron-tornam-retomada-mundial-incerta\/\" \/>\n<meta property=\"og:locale\" content=\"pt_BR\" \/>\n<meta property=\"og:type\" content=\"article\" \/>\n<meta property=\"og:title\" content=\"Lockdowns na China e \u00d4micron tornam retomada mundial incerta - Canal Dana\" \/>\n<meta property=\"og:description\" content=\"O Estado de S. Paulo &nbsp; Pol\u00edtica chinesa de \u201ccovid zero\u201d afeta produ\u00e7\u00e3o em todo o mundo. No Brasil, pequenas empresas sofrem mais com falta de mat\u00e9ria-prima. &nbsp; Fornecedora de insumos e componentes usados na ind\u00fastria mundo afora, a China anunciou no dia 11 uma quarentena em Anyang, cidade de 5 milh\u00f5es de habitantes na\u2026 Leia mais \u00bb\" \/>\n<meta property=\"og:url\" content=\"https:\/\/dana.com.br\/canaldana\/2022\/01\/19\/lockdowns-na-china-e-omicron-tornam-retomada-mundial-incerta\/\" \/>\n<meta property=\"og:site_name\" content=\"Canal Dana\" \/>\n<meta property=\"article:published_time\" content=\"2022-01-19T11:31:17+00:00\" \/>\n<meta name=\"author\" content=\"Canal Dana\" \/>\n<meta name=\"twitter:card\" content=\"summary_large_image\" \/>\n<meta name=\"twitter:label1\" content=\"Escrito por\" \/>\n\t<meta name=\"twitter:data1\" content=\"Canal Dana\" \/>\n\t<meta name=\"twitter:label2\" content=\"Est. tempo de leitura\" \/>\n\t<meta name=\"twitter:data2\" content=\"6 minutos\" \/>\n<script type=\"application\/ld+json\" class=\"yoast-schema-graph\">{\"@context\":\"https:\\\/\\\/schema.org\",\"@graph\":[{\"@type\":\"Article\",\"@id\":\"https:\\\/\\\/dana.com.br\\\/canaldana\\\/2022\\\/01\\\/19\\\/lockdowns-na-china-e-omicron-tornam-retomada-mundial-incerta\\\/#article\",\"isPartOf\":{\"@id\":\"https:\\\/\\\/dana.com.br\\\/canaldana\\\/2022\\\/01\\\/19\\\/lockdowns-na-china-e-omicron-tornam-retomada-mundial-incerta\\\/\"},\"author\":{\"name\":\"Canal Dana\",\"@id\":\"https:\\\/\\\/dana.com.br\\\/canaldana\\\/#\\\/schema\\\/person\\\/3c21f22f56fcf3bc46b94bc60ea4fef6\"},\"headline\":\"Lockdowns na China e \u00d4micron tornam retomada mundial incerta\",\"datePublished\":\"2022-01-19T11:31:17+00:00\",\"mainEntityOfPage\":{\"@id\":\"https:\\\/\\\/dana.com.br\\\/canaldana\\\/2022\\\/01\\\/19\\\/lockdowns-na-china-e-omicron-tornam-retomada-mundial-incerta\\\/\"},\"wordCount\":1300,\"articleSection\":[\"Mercado\"],\"inLanguage\":\"pt-BR\"},{\"@type\":\"WebPage\",\"@id\":\"https:\\\/\\\/dana.com.br\\\/canaldana\\\/2022\\\/01\\\/19\\\/lockdowns-na-china-e-omicron-tornam-retomada-mundial-incerta\\\/\",\"url\":\"https:\\\/\\\/dana.com.br\\\/canaldana\\\/2022\\\/01\\\/19\\\/lockdowns-na-china-e-omicron-tornam-retomada-mundial-incerta\\\/\",\"name\":\"Lockdowns na China e \u00d4micron tornam retomada mundial incerta - Canal Dana\",\"isPartOf\":{\"@id\":\"https:\\\/\\\/dana.com.br\\\/canaldana\\\/#website\"},\"datePublished\":\"2022-01-19T11:31:17+00:00\",\"author\":{\"@id\":\"https:\\\/\\\/dana.com.br\\\/canaldana\\\/#\\\/schema\\\/person\\\/3c21f22f56fcf3bc46b94bc60ea4fef6\"},\"breadcrumb\":{\"@id\":\"https:\\\/\\\/dana.com.br\\\/canaldana\\\/2022\\\/01\\\/19\\\/lockdowns-na-china-e-omicron-tornam-retomada-mundial-incerta\\\/#breadcrumb\"},\"inLanguage\":\"pt-BR\",\"potentialAction\":[{\"@type\":\"ReadAction\",\"target\":[\"https:\\\/\\\/dana.com.br\\\/canaldana\\\/2022\\\/01\\\/19\\\/lockdowns-na-china-e-omicron-tornam-retomada-mundial-incerta\\\/\"]}]},{\"@type\":\"BreadcrumbList\",\"@id\":\"https:\\\/\\\/dana.com.br\\\/canaldana\\\/2022\\\/01\\\/19\\\/lockdowns-na-china-e-omicron-tornam-retomada-mundial-incerta\\\/#breadcrumb\",\"itemListElement\":[{\"@type\":\"ListItem\",\"position\":1,\"name\":\"Home\",\"item\":\"https:\\\/\\\/dana.com.br\\\/canaldana\\\/\"},{\"@type\":\"ListItem\",\"position\":2,\"name\":\"Mercado\",\"item\":\"https:\\\/\\\/dana.com.br\\\/canaldana\\\/mercado\\\/\"},{\"@type\":\"ListItem\",\"position\":3,\"name\":\"Lockdowns na China e \u00d4micron tornam retomada mundial incerta\"}]},{\"@type\":\"WebSite\",\"@id\":\"https:\\\/\\\/dana.com.br\\\/canaldana\\\/#website\",\"url\":\"https:\\\/\\\/dana.com.br\\\/canaldana\\\/\",\"name\":\"Canal Dana\",\"description\":\"Informativo com as principais not\u00edcias da ind\u00fastria automotiva\",\"potentialAction\":[{\"@type\":\"SearchAction\",\"target\":{\"@type\":\"EntryPoint\",\"urlTemplate\":\"https:\\\/\\\/dana.com.br\\\/canaldana\\\/?s={search_term_string}\"},\"query-input\":{\"@type\":\"PropertyValueSpecification\",\"valueRequired\":true,\"valueName\":\"search_term_string\"}}],\"inLanguage\":\"pt-BR\"},{\"@type\":\"Person\",\"@id\":\"https:\\\/\\\/dana.com.br\\\/canaldana\\\/#\\\/schema\\\/person\\\/3c21f22f56fcf3bc46b94bc60ea4fef6\",\"name\":\"Canal Dana\",\"image\":{\"@type\":\"ImageObject\",\"inLanguage\":\"pt-BR\",\"@id\":\"https:\\\/\\\/secure.gravatar.com\\\/avatar\\\/420aaf9278582877d9018637c6817617705899d2858d7572ef0fe59a6b6454b4?s=96&d=mm&r=g\",\"url\":\"https:\\\/\\\/secure.gravatar.com\\\/avatar\\\/420aaf9278582877d9018637c6817617705899d2858d7572ef0fe59a6b6454b4?s=96&d=mm&r=g\",\"contentUrl\":\"https:\\\/\\\/secure.gravatar.com\\\/avatar\\\/420aaf9278582877d9018637c6817617705899d2858d7572ef0fe59a6b6454b4?s=96&d=mm&r=g\",\"caption\":\"Canal Dana\"},\"url\":\"https:\\\/\\\/dana.com.br\\\/canaldana\\\/author\\\/cdeditor\\\/\"}]}<\/script>\n<!-- \/ Yoast SEO plugin. -->","yoast_head_json":{"title":"Lockdowns na China e \u00d4micron tornam retomada mundial incerta - Canal Dana","robots":{"index":"index","follow":"follow","max-snippet":"max-snippet:-1","max-image-preview":"max-image-preview:large","max-video-preview":"max-video-preview:-1"},"canonical":"https:\/\/dana.com.br\/canaldana\/2022\/01\/19\/lockdowns-na-china-e-omicron-tornam-retomada-mundial-incerta\/","og_locale":"pt_BR","og_type":"article","og_title":"Lockdowns na China e \u00d4micron tornam retomada mundial incerta - Canal Dana","og_description":"O Estado de S. Paulo &nbsp; Pol\u00edtica chinesa de \u201ccovid zero\u201d afeta produ\u00e7\u00e3o em todo o mundo. No Brasil, pequenas empresas sofrem mais com falta de mat\u00e9ria-prima. &nbsp; Fornecedora de insumos e componentes usados na ind\u00fastria mundo afora, a China anunciou no dia 11 uma quarentena em Anyang, cidade de 5 milh\u00f5es de habitantes na\u2026 Leia mais \u00bb","og_url":"https:\/\/dana.com.br\/canaldana\/2022\/01\/19\/lockdowns-na-china-e-omicron-tornam-retomada-mundial-incerta\/","og_site_name":"Canal Dana","article_published_time":"2022-01-19T11:31:17+00:00","author":"Canal Dana","twitter_card":"summary_large_image","twitter_misc":{"Escrito por":"Canal Dana","Est. tempo de leitura":"6 minutos"},"schema":{"@context":"https:\/\/schema.org","@graph":[{"@type":"Article","@id":"https:\/\/dana.com.br\/canaldana\/2022\/01\/19\/lockdowns-na-china-e-omicron-tornam-retomada-mundial-incerta\/#article","isPartOf":{"@id":"https:\/\/dana.com.br\/canaldana\/2022\/01\/19\/lockdowns-na-china-e-omicron-tornam-retomada-mundial-incerta\/"},"author":{"name":"Canal Dana","@id":"https:\/\/dana.com.br\/canaldana\/#\/schema\/person\/3c21f22f56fcf3bc46b94bc60ea4fef6"},"headline":"Lockdowns na China e \u00d4micron tornam retomada mundial incerta","datePublished":"2022-01-19T11:31:17+00:00","mainEntityOfPage":{"@id":"https:\/\/dana.com.br\/canaldana\/2022\/01\/19\/lockdowns-na-china-e-omicron-tornam-retomada-mundial-incerta\/"},"wordCount":1300,"articleSection":["Mercado"],"inLanguage":"pt-BR"},{"@type":"WebPage","@id":"https:\/\/dana.com.br\/canaldana\/2022\/01\/19\/lockdowns-na-china-e-omicron-tornam-retomada-mundial-incerta\/","url":"https:\/\/dana.com.br\/canaldana\/2022\/01\/19\/lockdowns-na-china-e-omicron-tornam-retomada-mundial-incerta\/","name":"Lockdowns na China e \u00d4micron tornam retomada mundial incerta - Canal Dana","isPartOf":{"@id":"https:\/\/dana.com.br\/canaldana\/#website"},"datePublished":"2022-01-19T11:31:17+00:00","author":{"@id":"https:\/\/dana.com.br\/canaldana\/#\/schema\/person\/3c21f22f56fcf3bc46b94bc60ea4fef6"},"breadcrumb":{"@id":"https:\/\/dana.com.br\/canaldana\/2022\/01\/19\/lockdowns-na-china-e-omicron-tornam-retomada-mundial-incerta\/#breadcrumb"},"inLanguage":"pt-BR","potentialAction":[{"@type":"ReadAction","target":["https:\/\/dana.com.br\/canaldana\/2022\/01\/19\/lockdowns-na-china-e-omicron-tornam-retomada-mundial-incerta\/"]}]},{"@type":"BreadcrumbList","@id":"https:\/\/dana.com.br\/canaldana\/2022\/01\/19\/lockdowns-na-china-e-omicron-tornam-retomada-mundial-incerta\/#breadcrumb","itemListElement":[{"@type":"ListItem","position":1,"name":"Home","item":"https:\/\/dana.com.br\/canaldana\/"},{"@type":"ListItem","position":2,"name":"Mercado","item":"https:\/\/dana.com.br\/canaldana\/mercado\/"},{"@type":"ListItem","position":3,"name":"Lockdowns na China e \u00d4micron tornam retomada mundial incerta"}]},{"@type":"WebSite","@id":"https:\/\/dana.com.br\/canaldana\/#website","url":"https:\/\/dana.com.br\/canaldana\/","name":"Canal Dana","description":"Informativo com as principais not\u00edcias da ind\u00fastria automotiva","potentialAction":[{"@type":"SearchAction","target":{"@type":"EntryPoint","urlTemplate":"https:\/\/dana.com.br\/canaldana\/?s={search_term_string}"},"query-input":{"@type":"PropertyValueSpecification","valueRequired":true,"valueName":"search_term_string"}}],"inLanguage":"pt-BR"},{"@type":"Person","@id":"https:\/\/dana.com.br\/canaldana\/#\/schema\/person\/3c21f22f56fcf3bc46b94bc60ea4fef6","name":"Canal Dana","image":{"@type":"ImageObject","inLanguage":"pt-BR","@id":"https:\/\/secure.gravatar.com\/avatar\/420aaf9278582877d9018637c6817617705899d2858d7572ef0fe59a6b6454b4?s=96&d=mm&r=g","url":"https:\/\/secure.gravatar.com\/avatar\/420aaf9278582877d9018637c6817617705899d2858d7572ef0fe59a6b6454b4?s=96&d=mm&r=g","contentUrl":"https:\/\/secure.gravatar.com\/avatar\/420aaf9278582877d9018637c6817617705899d2858d7572ef0fe59a6b6454b4?s=96&d=mm&r=g","caption":"Canal Dana"},"url":"https:\/\/dana.com.br\/canaldana\/author\/cdeditor\/"}]}},"_links":{"self":[{"href":"https:\/\/dana.com.br\/canaldana\/wp-json\/wp\/v2\/posts\/55635","targetHints":{"allow":["GET"]}}],"collection":[{"href":"https:\/\/dana.com.br\/canaldana\/wp-json\/wp\/v2\/posts"}],"about":[{"href":"https:\/\/dana.com.br\/canaldana\/wp-json\/wp\/v2\/types\/post"}],"author":[{"embeddable":true,"href":"https:\/\/dana.com.br\/canaldana\/wp-json\/wp\/v2\/users\/3"}],"replies":[{"embeddable":true,"href":"https:\/\/dana.com.br\/canaldana\/wp-json\/wp\/v2\/comments?post=55635"}],"version-history":[{"count":0,"href":"https:\/\/dana.com.br\/canaldana\/wp-json\/wp\/v2\/posts\/55635\/revisions"}],"wp:attachment":[{"href":"https:\/\/dana.com.br\/canaldana\/wp-json\/wp\/v2\/media?parent=55635"}],"wp:term":[{"taxonomy":"category","embeddable":true,"href":"https:\/\/dana.com.br\/canaldana\/wp-json\/wp\/v2\/categories?post=55635"},{"taxonomy":"post_tag","embeddable":true,"href":"https:\/\/dana.com.br\/canaldana\/wp-json\/wp\/v2\/tags?post=55635"}],"curies":[{"name":"wp","href":"https:\/\/api.w.org\/{rel}","templated":true}]}}