{"id":55629,"date":"2022-01-19T08:29:38","date_gmt":"2022-01-19T11:29:38","guid":{"rendered":"https:\/\/dana.com.br\/canaldana\/?p=55629"},"modified":"2022-01-19T08:29:38","modified_gmt":"2022-01-19T11:29:38","slug":"governo-do-rio-e-montadoras-discutem-o-crescimento-do-ramo-automotivo","status":"publish","type":"post","link":"https:\/\/dana.com.br\/canaldana\/2022\/01\/19\/governo-do-rio-e-montadoras-discutem-o-crescimento-do-ramo-automotivo\/","title":{"rendered":"Governo do Rio e montadoras discutem o crescimento do ramo automotivo"},"content":{"rendered":"<p><em>Di\u00e1rio do Vale<\/em><\/p>\n<p>&nbsp;<\/p>\n<p>O governador Claudio Castro recebeu nesta ter\u00e7a-feira, dia 18, representantes das principais montadoras de ve\u00edculos instaladas no Rio de Janeiro. O grupo apresentou estudo com os impactos econ\u00f4micos e o potencial de crescimento do setor automotivo no estado. As montadoras fluminenses ficam nos munic\u00edpios de Resende, Porto Real e Itatiaia.<\/p>\n<p>&nbsp;<\/p>\n<p>A pedido de Cl\u00e1udio Castro, ser\u00e1 institu\u00eddo grupo de trabalho formado pelas secretarias de Desenvolvimento Econ\u00f4mico, Energia e Rela\u00e7\u00f5es Internacionais; Casa Civil; Fazenda; e Meio Ambiente e Sustentabilidade. A equipe avaliar\u00e1 demandas consolidadas pelo cluster automotivo e enviadas ainda na primeira quinzena de fevereiro.<\/p>\n<p>&nbsp;<\/p>\n<p>&#8220;Queremos resolver, de forma objetiva e num curto prazo, quest\u00f5es tribut\u00e1rias e de infraestrutura do setor. O Rio de Janeiro n\u00e3o pode mais perder investidores. Vamos transformar o estado no mais importante polo automotivo do pa\u00eds. Temos capacidade de resolu\u00e7\u00e3o para isso&#8221;, afirmou o governador Cl\u00e1udio Castro.<\/p>\n<p>&nbsp;<\/p>\n<p>O secret\u00e1rio de Desenvolvimento Econ\u00f4mico, Vinicius Farah, destacou a import\u00e2ncia da ind\u00fastria automotiva, n\u00e3o s\u00f3 para a regi\u00e3o Sul Fluminense, mas para toda a economia do estado.<\/p>\n<p>&nbsp;<\/p>\n<p>&#8220;S\u00e3o mais de 3 mil estabelecimentos ligados ao setor, desde montadoras a fornecedores de pe\u00e7as e oficinas mec\u00e2nicas, respons\u00e1veis por mais de 30 mil empregos diretos e qualificados, o que representa, consequentemente, a possibilidade de sal\u00e1rios mais elevados&#8221;, enumerou Vinicius Farah.<\/p>\n<p>&nbsp;<\/p>\n<p>Estiveram presentes na reuni\u00e3o: Itamar de Souza, presidente da Stellantis; Adilson Dezoto, vice-presidente da Volkswagen Caminh\u00f5es e \u00d4nibus (VWCO); Marco Saltini, rela\u00e7\u00f5es institucionais da VWCO; Raquel Silva, rela\u00e7\u00f5es institucionais da Stellantis; Fernando Florido, rela\u00e7\u00f5es institucionais da Nissan; Roberto Mario Martini; rela\u00e7\u00f5es governamentais da Jaguar Land Rover; e Jonathas Goulart, da Firjan.<\/p>\n<p>&nbsp;<\/p>\n<p>&#8220;Est\u00e1 claro o empenho do governador Cl\u00e1udio Castro de modernizar o estado&#8221;, afirmou o Marco Saltini, rela\u00e7\u00f5es institucionais da VWCO. (Di\u00e1rio do Vale)<\/p>\n","protected":false},"excerpt":{"rendered":"<p>Di\u00e1rio do Vale &nbsp; O governador Claudio Castro recebeu nesta ter\u00e7a-feira, dia 18, representantes das principais montadoras de ve\u00edculos instaladas no Rio de Janeiro. O grupo apresentou estudo com os impactos econ\u00f4micos e o potencial de crescimento do setor automotivo no estado. As montadoras fluminenses ficam nos munic\u00edpios de Resende, Porto Real e Itatiaia. &nbsp;\u2026 <a class=\"readmore\" href=\"https:\/\/dana.com.br\/canaldana\/2022\/01\/19\/governo-do-rio-e-montadoras-discutem-o-crescimento-do-ramo-automotivo\/\">Leia mais \u00bb<\/a><\/p>\n","protected":false},"author":3,"featured_media":0,"comment_status":"closed","ping_status":"closed","sticky":false,"template":"","format":"standard","meta":{"_acf_changed":false,"footnotes":""},"categories":[79],"tags":[],"class_list":["post-55629","post","type-post","status-publish","format-standard","hentry","category-mercado"],"acf":[],"yoast_head":"<!-- This site is optimized with the Yoast SEO plugin v27.3 - https:\/\/yoast.com\/product\/yoast-seo-wordpress\/ -->\n<title>Governo do Rio e montadoras discutem o crescimento do ramo automotivo - Canal Dana<\/title>\n<meta name=\"robots\" content=\"index, follow, max-snippet:-1, max-image-preview:large, max-video-preview:-1\" \/>\n<link rel=\"canonical\" href=\"https:\/\/dana.com.br\/canaldana\/2022\/01\/19\/governo-do-rio-e-montadoras-discutem-o-crescimento-do-ramo-automotivo\/\" \/>\n<meta property=\"og:locale\" content=\"pt_BR\" \/>\n<meta property=\"og:type\" content=\"article\" \/>\n<meta property=\"og:title\" content=\"Governo do Rio e montadoras discutem o crescimento do ramo automotivo - Canal Dana\" \/>\n<meta property=\"og:description\" content=\"Di\u00e1rio do Vale &nbsp; O governador Claudio Castro recebeu nesta ter\u00e7a-feira, dia 18, representantes das principais montadoras de ve\u00edculos instaladas no Rio de Janeiro. O grupo apresentou estudo com os impactos econ\u00f4micos e o potencial de crescimento do setor automotivo no estado. As montadoras fluminenses ficam nos munic\u00edpios de Resende, Porto Real e Itatiaia. &nbsp;\u2026 Leia mais \u00bb\" \/>\n<meta property=\"og:url\" content=\"https:\/\/dana.com.br\/canaldana\/2022\/01\/19\/governo-do-rio-e-montadoras-discutem-o-crescimento-do-ramo-automotivo\/\" \/>\n<meta property=\"og:site_name\" content=\"Canal Dana\" \/>\n<meta property=\"article:published_time\" content=\"2022-01-19T11:29:38+00:00\" \/>\n<meta name=\"author\" content=\"Canal Dana\" \/>\n<meta name=\"twitter:card\" content=\"summary_large_image\" \/>\n<meta name=\"twitter:label1\" content=\"Escrito por\" \/>\n\t<meta name=\"twitter:data1\" content=\"Canal Dana\" \/>\n\t<meta name=\"twitter:label2\" content=\"Est. tempo de leitura\" \/>\n\t<meta name=\"twitter:data2\" content=\"2 minutos\" \/>\n<script type=\"application\/ld+json\" class=\"yoast-schema-graph\">{\"@context\":\"https:\\\/\\\/schema.org\",\"@graph\":[{\"@type\":\"Article\",\"@id\":\"https:\\\/\\\/dana.com.br\\\/canaldana\\\/2022\\\/01\\\/19\\\/governo-do-rio-e-montadoras-discutem-o-crescimento-do-ramo-automotivo\\\/#article\",\"isPartOf\":{\"@id\":\"https:\\\/\\\/dana.com.br\\\/canaldana\\\/2022\\\/01\\\/19\\\/governo-do-rio-e-montadoras-discutem-o-crescimento-do-ramo-automotivo\\\/\"},\"author\":{\"name\":\"Canal Dana\",\"@id\":\"https:\\\/\\\/dana.com.br\\\/canaldana\\\/#\\\/schema\\\/person\\\/3c21f22f56fcf3bc46b94bc60ea4fef6\"},\"headline\":\"Governo do Rio e montadoras discutem o crescimento do ramo automotivo\",\"datePublished\":\"2022-01-19T11:29:38+00:00\",\"mainEntityOfPage\":{\"@id\":\"https:\\\/\\\/dana.com.br\\\/canaldana\\\/2022\\\/01\\\/19\\\/governo-do-rio-e-montadoras-discutem-o-crescimento-do-ramo-automotivo\\\/\"},\"wordCount\":336,\"articleSection\":[\"Mercado\"],\"inLanguage\":\"pt-BR\"},{\"@type\":\"WebPage\",\"@id\":\"https:\\\/\\\/dana.com.br\\\/canaldana\\\/2022\\\/01\\\/19\\\/governo-do-rio-e-montadoras-discutem-o-crescimento-do-ramo-automotivo\\\/\",\"url\":\"https:\\\/\\\/dana.com.br\\\/canaldana\\\/2022\\\/01\\\/19\\\/governo-do-rio-e-montadoras-discutem-o-crescimento-do-ramo-automotivo\\\/\",\"name\":\"Governo do Rio e montadoras discutem o crescimento do ramo automotivo - Canal Dana\",\"isPartOf\":{\"@id\":\"https:\\\/\\\/dana.com.br\\\/canaldana\\\/#website\"},\"datePublished\":\"2022-01-19T11:29:38+00:00\",\"author\":{\"@id\":\"https:\\\/\\\/dana.com.br\\\/canaldana\\\/#\\\/schema\\\/person\\\/3c21f22f56fcf3bc46b94bc60ea4fef6\"},\"breadcrumb\":{\"@id\":\"https:\\\/\\\/dana.com.br\\\/canaldana\\\/2022\\\/01\\\/19\\\/governo-do-rio-e-montadoras-discutem-o-crescimento-do-ramo-automotivo\\\/#breadcrumb\"},\"inLanguage\":\"pt-BR\",\"potentialAction\":[{\"@type\":\"ReadAction\",\"target\":[\"https:\\\/\\\/dana.com.br\\\/canaldana\\\/2022\\\/01\\\/19\\\/governo-do-rio-e-montadoras-discutem-o-crescimento-do-ramo-automotivo\\\/\"]}]},{\"@type\":\"BreadcrumbList\",\"@id\":\"https:\\\/\\\/dana.com.br\\\/canaldana\\\/2022\\\/01\\\/19\\\/governo-do-rio-e-montadoras-discutem-o-crescimento-do-ramo-automotivo\\\/#breadcrumb\",\"itemListElement\":[{\"@type\":\"ListItem\",\"position\":1,\"name\":\"Home\",\"item\":\"https:\\\/\\\/dana.com.br\\\/canaldana\\\/\"},{\"@type\":\"ListItem\",\"position\":2,\"name\":\"Mercado\",\"item\":\"https:\\\/\\\/dana.com.br\\\/canaldana\\\/mercado\\\/\"},{\"@type\":\"ListItem\",\"position\":3,\"name\":\"Governo do Rio e montadoras discutem o crescimento do ramo automotivo\"}]},{\"@type\":\"WebSite\",\"@id\":\"https:\\\/\\\/dana.com.br\\\/canaldana\\\/#website\",\"url\":\"https:\\\/\\\/dana.com.br\\\/canaldana\\\/\",\"name\":\"Canal Dana\",\"description\":\"Informativo com as principais not\u00edcias da ind\u00fastria automotiva\",\"potentialAction\":[{\"@type\":\"SearchAction\",\"target\":{\"@type\":\"EntryPoint\",\"urlTemplate\":\"https:\\\/\\\/dana.com.br\\\/canaldana\\\/?s={search_term_string}\"},\"query-input\":{\"@type\":\"PropertyValueSpecification\",\"valueRequired\":true,\"valueName\":\"search_term_string\"}}],\"inLanguage\":\"pt-BR\"},{\"@type\":\"Person\",\"@id\":\"https:\\\/\\\/dana.com.br\\\/canaldana\\\/#\\\/schema\\\/person\\\/3c21f22f56fcf3bc46b94bc60ea4fef6\",\"name\":\"Canal Dana\",\"image\":{\"@type\":\"ImageObject\",\"inLanguage\":\"pt-BR\",\"@id\":\"https:\\\/\\\/secure.gravatar.com\\\/avatar\\\/420aaf9278582877d9018637c6817617705899d2858d7572ef0fe59a6b6454b4?s=96&d=mm&r=g\",\"url\":\"https:\\\/\\\/secure.gravatar.com\\\/avatar\\\/420aaf9278582877d9018637c6817617705899d2858d7572ef0fe59a6b6454b4?s=96&d=mm&r=g\",\"contentUrl\":\"https:\\\/\\\/secure.gravatar.com\\\/avatar\\\/420aaf9278582877d9018637c6817617705899d2858d7572ef0fe59a6b6454b4?s=96&d=mm&r=g\",\"caption\":\"Canal Dana\"},\"url\":\"https:\\\/\\\/dana.com.br\\\/canaldana\\\/author\\\/cdeditor\\\/\"}]}<\/script>\n<!-- \/ Yoast SEO plugin. -->","yoast_head_json":{"title":"Governo do Rio e montadoras discutem o crescimento do ramo automotivo - Canal Dana","robots":{"index":"index","follow":"follow","max-snippet":"max-snippet:-1","max-image-preview":"max-image-preview:large","max-video-preview":"max-video-preview:-1"},"canonical":"https:\/\/dana.com.br\/canaldana\/2022\/01\/19\/governo-do-rio-e-montadoras-discutem-o-crescimento-do-ramo-automotivo\/","og_locale":"pt_BR","og_type":"article","og_title":"Governo do Rio e montadoras discutem o crescimento do ramo automotivo - Canal Dana","og_description":"Di\u00e1rio do Vale &nbsp; O governador Claudio Castro recebeu nesta ter\u00e7a-feira, dia 18, representantes das principais montadoras de ve\u00edculos instaladas no Rio de Janeiro. O grupo apresentou estudo com os impactos econ\u00f4micos e o potencial de crescimento do setor automotivo no estado. As montadoras fluminenses ficam nos munic\u00edpios de Resende, Porto Real e Itatiaia. &nbsp;\u2026 Leia mais \u00bb","og_url":"https:\/\/dana.com.br\/canaldana\/2022\/01\/19\/governo-do-rio-e-montadoras-discutem-o-crescimento-do-ramo-automotivo\/","og_site_name":"Canal Dana","article_published_time":"2022-01-19T11:29:38+00:00","author":"Canal Dana","twitter_card":"summary_large_image","twitter_misc":{"Escrito por":"Canal Dana","Est. tempo de leitura":"2 minutos"},"schema":{"@context":"https:\/\/schema.org","@graph":[{"@type":"Article","@id":"https:\/\/dana.com.br\/canaldana\/2022\/01\/19\/governo-do-rio-e-montadoras-discutem-o-crescimento-do-ramo-automotivo\/#article","isPartOf":{"@id":"https:\/\/dana.com.br\/canaldana\/2022\/01\/19\/governo-do-rio-e-montadoras-discutem-o-crescimento-do-ramo-automotivo\/"},"author":{"name":"Canal Dana","@id":"https:\/\/dana.com.br\/canaldana\/#\/schema\/person\/3c21f22f56fcf3bc46b94bc60ea4fef6"},"headline":"Governo do Rio e montadoras discutem o crescimento do ramo automotivo","datePublished":"2022-01-19T11:29:38+00:00","mainEntityOfPage":{"@id":"https:\/\/dana.com.br\/canaldana\/2022\/01\/19\/governo-do-rio-e-montadoras-discutem-o-crescimento-do-ramo-automotivo\/"},"wordCount":336,"articleSection":["Mercado"],"inLanguage":"pt-BR"},{"@type":"WebPage","@id":"https:\/\/dana.com.br\/canaldana\/2022\/01\/19\/governo-do-rio-e-montadoras-discutem-o-crescimento-do-ramo-automotivo\/","url":"https:\/\/dana.com.br\/canaldana\/2022\/01\/19\/governo-do-rio-e-montadoras-discutem-o-crescimento-do-ramo-automotivo\/","name":"Governo do Rio e montadoras discutem o crescimento do ramo automotivo - Canal Dana","isPartOf":{"@id":"https:\/\/dana.com.br\/canaldana\/#website"},"datePublished":"2022-01-19T11:29:38+00:00","author":{"@id":"https:\/\/dana.com.br\/canaldana\/#\/schema\/person\/3c21f22f56fcf3bc46b94bc60ea4fef6"},"breadcrumb":{"@id":"https:\/\/dana.com.br\/canaldana\/2022\/01\/19\/governo-do-rio-e-montadoras-discutem-o-crescimento-do-ramo-automotivo\/#breadcrumb"},"inLanguage":"pt-BR","potentialAction":[{"@type":"ReadAction","target":["https:\/\/dana.com.br\/canaldana\/2022\/01\/19\/governo-do-rio-e-montadoras-discutem-o-crescimento-do-ramo-automotivo\/"]}]},{"@type":"BreadcrumbList","@id":"https:\/\/dana.com.br\/canaldana\/2022\/01\/19\/governo-do-rio-e-montadoras-discutem-o-crescimento-do-ramo-automotivo\/#breadcrumb","itemListElement":[{"@type":"ListItem","position":1,"name":"Home","item":"https:\/\/dana.com.br\/canaldana\/"},{"@type":"ListItem","position":2,"name":"Mercado","item":"https:\/\/dana.com.br\/canaldana\/mercado\/"},{"@type":"ListItem","position":3,"name":"Governo do Rio e montadoras discutem o crescimento do ramo automotivo"}]},{"@type":"WebSite","@id":"https:\/\/dana.com.br\/canaldana\/#website","url":"https:\/\/dana.com.br\/canaldana\/","name":"Canal Dana","description":"Informativo com as principais not\u00edcias da ind\u00fastria automotiva","potentialAction":[{"@type":"SearchAction","target":{"@type":"EntryPoint","urlTemplate":"https:\/\/dana.com.br\/canaldana\/?s={search_term_string}"},"query-input":{"@type":"PropertyValueSpecification","valueRequired":true,"valueName":"search_term_string"}}],"inLanguage":"pt-BR"},{"@type":"Person","@id":"https:\/\/dana.com.br\/canaldana\/#\/schema\/person\/3c21f22f56fcf3bc46b94bc60ea4fef6","name":"Canal Dana","image":{"@type":"ImageObject","inLanguage":"pt-BR","@id":"https:\/\/secure.gravatar.com\/avatar\/420aaf9278582877d9018637c6817617705899d2858d7572ef0fe59a6b6454b4?s=96&d=mm&r=g","url":"https:\/\/secure.gravatar.com\/avatar\/420aaf9278582877d9018637c6817617705899d2858d7572ef0fe59a6b6454b4?s=96&d=mm&r=g","contentUrl":"https:\/\/secure.gravatar.com\/avatar\/420aaf9278582877d9018637c6817617705899d2858d7572ef0fe59a6b6454b4?s=96&d=mm&r=g","caption":"Canal Dana"},"url":"https:\/\/dana.com.br\/canaldana\/author\/cdeditor\/"}]}},"_links":{"self":[{"href":"https:\/\/dana.com.br\/canaldana\/wp-json\/wp\/v2\/posts\/55629","targetHints":{"allow":["GET"]}}],"collection":[{"href":"https:\/\/dana.com.br\/canaldana\/wp-json\/wp\/v2\/posts"}],"about":[{"href":"https:\/\/dana.com.br\/canaldana\/wp-json\/wp\/v2\/types\/post"}],"author":[{"embeddable":true,"href":"https:\/\/dana.com.br\/canaldana\/wp-json\/wp\/v2\/users\/3"}],"replies":[{"embeddable":true,"href":"https:\/\/dana.com.br\/canaldana\/wp-json\/wp\/v2\/comments?post=55629"}],"version-history":[{"count":0,"href":"https:\/\/dana.com.br\/canaldana\/wp-json\/wp\/v2\/posts\/55629\/revisions"}],"wp:attachment":[{"href":"https:\/\/dana.com.br\/canaldana\/wp-json\/wp\/v2\/media?parent=55629"}],"wp:term":[{"taxonomy":"category","embeddable":true,"href":"https:\/\/dana.com.br\/canaldana\/wp-json\/wp\/v2\/categories?post=55629"},{"taxonomy":"post_tag","embeddable":true,"href":"https:\/\/dana.com.br\/canaldana\/wp-json\/wp\/v2\/tags?post=55629"}],"curies":[{"name":"wp","href":"https:\/\/api.w.org\/{rel}","templated":true}]}}