{"id":55627,"date":"2022-01-19T08:29:04","date_gmt":"2022-01-19T11:29:04","guid":{"rendered":"https:\/\/dana.com.br\/canaldana\/?p=55627"},"modified":"2022-01-19T08:29:04","modified_gmt":"2022-01-19T11:29:04","slug":"setor-automotivo-ganha-plataforma-digital-de-dados-qualificados","status":"publish","type":"post","link":"https:\/\/dana.com.br\/canaldana\/2022\/01\/19\/setor-automotivo-ganha-plataforma-digital-de-dados-qualificados\/","title":{"rendered":"Setor automotivo ganha plataforma digital de dados qualificados"},"content":{"rendered":"<p><em>Blog do Ricardo Ribas<\/em><\/p>\n<p>&nbsp;<\/p>\n<p>J\u00e1 est\u00e1 no ar o Observat\u00f3rio Nacional das Ind\u00fastrias para a Mobilidade e Log\u00edstica, plataforma digital inovadora contendo dados e informa\u00e7\u00f5es qualificadas sobre a ind\u00fastria automobil\u00edstica brasileira elaborada com o objetivo de acompanhar, monitorar e avaliar programas e a\u00e7\u00f5es relacionados \u00e0 mobilidade e log\u00edstica, a exemplo do Programa Rota 2030.<\/p>\n<p>&nbsp;<\/p>\n<p>O Observat\u00f3rio, criado pela Lei n\u00ba 13.755, de 10 de dezembro de 2018 e regulamentado pelo Decreto n\u00ba 9.557\/2018, foi desenvolvido pelo Minist\u00e9rio da Economia, em parceria com o Minist\u00e9rio da Ci\u00eancia, Tecnologia e Inova\u00e7\u00f5es (MCTI) e implementado pela Softex, que ao longo dos \u00faltimos 12 meses desenvolveu a plataforma empregando big data. Um rob\u00f4 coleta automaticamente dados das fontes \u2013 estruturados, semiestruturados ou n\u00e3o-estruturados \u2013 e o sistema aplica intelig\u00eancia anal\u00edtica gerando diversos pain\u00e9is com indicadores e gr\u00e1ficos. Seu p\u00fablico-alvo s\u00e3o a administra\u00e7\u00e3o p\u00fablica federal, estadual e municipal, o setor empresarial da mobilidade e log\u00edstica, trabalhadores do setor (diretos, indiretos e fornecedores), organiza\u00e7\u00f5es associativas e sindicais (patronais e de trabalhadores do setor), os centros de PDI, a comunidade cient\u00edfica e os cidad\u00e3os.<\/p>\n<p>&nbsp;<\/p>\n<p>Entre as informa\u00e7\u00f5es disponibilizadas est\u00e3o produ\u00e7\u00e3o industrial, importa\u00e7\u00e3o e exporta\u00e7\u00e3o de ve\u00edculos e autope\u00e7as, empregos no setor, patentes e efici\u00eancia energ\u00e9tica, al\u00e9m de 40 indicadores de performance e 63 gr\u00e1ficos representativos dos dados. Esses gr\u00e1ficos, ali\u00e1s, podem ser baixados e utilizados pelos usu\u00e1rios. Tamb\u00e9m \u00e9 poss\u00edvel criar s\u00e9ries hist\u00f3ricas de per\u00edodos determinados. Todo o ambiente computacional aplicado \u00e9 aberto e est\u00e1 hospedado em um appliance desenhado e configurado especificamente para trabalhar com grandes volumes de dados e transform\u00e1-los em pain\u00e9is de informa\u00e7\u00f5es.<\/p>\n<p>&nbsp;<\/p>\n<p>O Observat\u00f3rio Nacional das Empresas para a Mobilidade e Log\u00edstica cont\u00e9m ainda uma \u00e1rea reservada ao Minist\u00e9rio da Economia para o acompanhamento dos requisitos das empresas habilitadas ou com termos de compromisso firmados no \u00e2mbito do Programa Rota 2030, trazendo relat\u00f3rios semestrais e anuais.<\/p>\n<p>&nbsp;<\/p>\n<p>Os dados coletados pelo Observat\u00f3rio nesta vers\u00e3o prov\u00eam de seis fontes: Associa\u00e7\u00e3o Nacional dos Fabricantes de Ve\u00edculos Automotores (ANFAVEA), Pesquisa Industrial Anual \u2013 Empresa (PIA-Empresa) do IBGE, Instituto Nacional da Propriedade Industrial (INPI), Instituto Nacional de Metrologia, Qualidade e Tecnologia (INMETRO), Novo CAGED e dados internos do Minist\u00e9rio da Economia relacionados ao Programa Rota 2030.<\/p>\n<p>&nbsp;<\/p>\n<p>\u201cDe nada vale o Governo dispor de dados relevantes e n\u00e3o os transformar em uma informa\u00e7\u00e3o estrat\u00e9gica para o pa\u00eds. Da\u00ed a import\u00e2ncia do Observat\u00f3rio, que tem o prop\u00f3sito monitorar e acompanhar resultados de pol\u00edticas p\u00fablicas para o setor automobil\u00edstico brasileiro, permitindo avaliar os impactos do Programa Rota 2030 e seus resultados para a ind\u00fastria e a sociedade. A ideia \u00e9 que essa plataforma seja uma refer\u00eancia para o acompanhamento de pol\u00edticas p\u00fablicas\u201d, explica Vin\u00edcius Allan de Oliveira, respons\u00e1vel pela \u00e1rea de TI e de projetos estrat\u00e9gicos da Softex.<\/p>\n<p>&nbsp;<\/p>\n<p>Com esse projeto, a Softex ganha muita experi\u00eancia na gera\u00e7\u00e3o de informa\u00e7\u00f5es estrat\u00e9gicas para o Governo Federal e se posiciona como uma entidade capaz de realizar projetos semelhantes em outros Minist\u00e9rios e secretarias.<\/p>\n<p>&nbsp;<\/p>\n<p>Para acessar o conte\u00fado do Observat\u00f3rio Nacional das Ind\u00fastrias para a Mobilidade e Log\u00edstica, <a href=\"https:\/\/observatoriodados.org.br\/mobilidade-logistica\" target=\"_blank\" rel=\"noopener\">clique aqui<\/a>.  (Blog do Ricardo Ribas)<\/p>\n","protected":false},"excerpt":{"rendered":"<p>Blog do Ricardo Ribas &nbsp; J\u00e1 est\u00e1 no ar o Observat\u00f3rio Nacional das Ind\u00fastrias para a Mobilidade e Log\u00edstica, plataforma digital inovadora contendo dados e informa\u00e7\u00f5es qualificadas sobre a ind\u00fastria automobil\u00edstica brasileira elaborada com o objetivo de acompanhar, monitorar e avaliar programas e a\u00e7\u00f5es relacionados \u00e0 mobilidade e log\u00edstica, a exemplo do Programa Rota 2030.\u2026 <a class=\"readmore\" href=\"https:\/\/dana.com.br\/canaldana\/2022\/01\/19\/setor-automotivo-ganha-plataforma-digital-de-dados-qualificados\/\">Leia mais \u00bb<\/a><\/p>\n","protected":false},"author":3,"featured_media":0,"comment_status":"closed","ping_status":"closed","sticky":false,"template":"","format":"standard","meta":{"_acf_changed":false,"footnotes":""},"categories":[79],"tags":[],"class_list":["post-55627","post","type-post","status-publish","format-standard","hentry","category-mercado"],"acf":[],"yoast_head":"<!-- This site is optimized with the Yoast SEO plugin v27.3 - https:\/\/yoast.com\/product\/yoast-seo-wordpress\/ -->\n<title>Setor automotivo ganha plataforma digital de dados qualificados - Canal Dana<\/title>\n<meta name=\"robots\" content=\"index, follow, max-snippet:-1, max-image-preview:large, max-video-preview:-1\" \/>\n<link rel=\"canonical\" href=\"https:\/\/dana.com.br\/canaldana\/2022\/01\/19\/setor-automotivo-ganha-plataforma-digital-de-dados-qualificados\/\" \/>\n<meta property=\"og:locale\" content=\"pt_BR\" \/>\n<meta property=\"og:type\" content=\"article\" \/>\n<meta property=\"og:title\" content=\"Setor automotivo ganha plataforma digital de dados qualificados - Canal Dana\" \/>\n<meta property=\"og:description\" content=\"Blog do Ricardo Ribas &nbsp; J\u00e1 est\u00e1 no ar o Observat\u00f3rio Nacional das Ind\u00fastrias para a Mobilidade e Log\u00edstica, plataforma digital inovadora contendo dados e informa\u00e7\u00f5es qualificadas sobre a ind\u00fastria automobil\u00edstica brasileira elaborada com o objetivo de acompanhar, monitorar e avaliar programas e a\u00e7\u00f5es relacionados \u00e0 mobilidade e log\u00edstica, a exemplo do Programa Rota 2030.\u2026 Leia mais \u00bb\" \/>\n<meta property=\"og:url\" content=\"https:\/\/dana.com.br\/canaldana\/2022\/01\/19\/setor-automotivo-ganha-plataforma-digital-de-dados-qualificados\/\" \/>\n<meta property=\"og:site_name\" content=\"Canal Dana\" \/>\n<meta property=\"article:published_time\" content=\"2022-01-19T11:29:04+00:00\" \/>\n<meta name=\"author\" content=\"Canal Dana\" \/>\n<meta name=\"twitter:card\" content=\"summary_large_image\" \/>\n<meta name=\"twitter:label1\" content=\"Escrito por\" \/>\n\t<meta name=\"twitter:data1\" content=\"Canal Dana\" \/>\n\t<meta name=\"twitter:label2\" content=\"Est. tempo de leitura\" \/>\n\t<meta name=\"twitter:data2\" content=\"3 minutos\" \/>\n<script type=\"application\/ld+json\" class=\"yoast-schema-graph\">{\"@context\":\"https:\\\/\\\/schema.org\",\"@graph\":[{\"@type\":\"Article\",\"@id\":\"https:\\\/\\\/dana.com.br\\\/canaldana\\\/2022\\\/01\\\/19\\\/setor-automotivo-ganha-plataforma-digital-de-dados-qualificados\\\/#article\",\"isPartOf\":{\"@id\":\"https:\\\/\\\/dana.com.br\\\/canaldana\\\/2022\\\/01\\\/19\\\/setor-automotivo-ganha-plataforma-digital-de-dados-qualificados\\\/\"},\"author\":{\"name\":\"Canal Dana\",\"@id\":\"https:\\\/\\\/dana.com.br\\\/canaldana\\\/#\\\/schema\\\/person\\\/3c21f22f56fcf3bc46b94bc60ea4fef6\"},\"headline\":\"Setor automotivo ganha plataforma digital de dados qualificados\",\"datePublished\":\"2022-01-19T11:29:04+00:00\",\"mainEntityOfPage\":{\"@id\":\"https:\\\/\\\/dana.com.br\\\/canaldana\\\/2022\\\/01\\\/19\\\/setor-automotivo-ganha-plataforma-digital-de-dados-qualificados\\\/\"},\"wordCount\":583,\"articleSection\":[\"Mercado\"],\"inLanguage\":\"pt-BR\"},{\"@type\":\"WebPage\",\"@id\":\"https:\\\/\\\/dana.com.br\\\/canaldana\\\/2022\\\/01\\\/19\\\/setor-automotivo-ganha-plataforma-digital-de-dados-qualificados\\\/\",\"url\":\"https:\\\/\\\/dana.com.br\\\/canaldana\\\/2022\\\/01\\\/19\\\/setor-automotivo-ganha-plataforma-digital-de-dados-qualificados\\\/\",\"name\":\"Setor automotivo ganha plataforma digital de dados qualificados - Canal Dana\",\"isPartOf\":{\"@id\":\"https:\\\/\\\/dana.com.br\\\/canaldana\\\/#website\"},\"datePublished\":\"2022-01-19T11:29:04+00:00\",\"author\":{\"@id\":\"https:\\\/\\\/dana.com.br\\\/canaldana\\\/#\\\/schema\\\/person\\\/3c21f22f56fcf3bc46b94bc60ea4fef6\"},\"breadcrumb\":{\"@id\":\"https:\\\/\\\/dana.com.br\\\/canaldana\\\/2022\\\/01\\\/19\\\/setor-automotivo-ganha-plataforma-digital-de-dados-qualificados\\\/#breadcrumb\"},\"inLanguage\":\"pt-BR\",\"potentialAction\":[{\"@type\":\"ReadAction\",\"target\":[\"https:\\\/\\\/dana.com.br\\\/canaldana\\\/2022\\\/01\\\/19\\\/setor-automotivo-ganha-plataforma-digital-de-dados-qualificados\\\/\"]}]},{\"@type\":\"BreadcrumbList\",\"@id\":\"https:\\\/\\\/dana.com.br\\\/canaldana\\\/2022\\\/01\\\/19\\\/setor-automotivo-ganha-plataforma-digital-de-dados-qualificados\\\/#breadcrumb\",\"itemListElement\":[{\"@type\":\"ListItem\",\"position\":1,\"name\":\"Home\",\"item\":\"https:\\\/\\\/dana.com.br\\\/canaldana\\\/\"},{\"@type\":\"ListItem\",\"position\":2,\"name\":\"Mercado\",\"item\":\"https:\\\/\\\/dana.com.br\\\/canaldana\\\/mercado\\\/\"},{\"@type\":\"ListItem\",\"position\":3,\"name\":\"Setor automotivo ganha plataforma digital de dados qualificados\"}]},{\"@type\":\"WebSite\",\"@id\":\"https:\\\/\\\/dana.com.br\\\/canaldana\\\/#website\",\"url\":\"https:\\\/\\\/dana.com.br\\\/canaldana\\\/\",\"name\":\"Canal Dana\",\"description\":\"Informativo com as principais not\u00edcias da ind\u00fastria automotiva\",\"potentialAction\":[{\"@type\":\"SearchAction\",\"target\":{\"@type\":\"EntryPoint\",\"urlTemplate\":\"https:\\\/\\\/dana.com.br\\\/canaldana\\\/?s={search_term_string}\"},\"query-input\":{\"@type\":\"PropertyValueSpecification\",\"valueRequired\":true,\"valueName\":\"search_term_string\"}}],\"inLanguage\":\"pt-BR\"},{\"@type\":\"Person\",\"@id\":\"https:\\\/\\\/dana.com.br\\\/canaldana\\\/#\\\/schema\\\/person\\\/3c21f22f56fcf3bc46b94bc60ea4fef6\",\"name\":\"Canal Dana\",\"image\":{\"@type\":\"ImageObject\",\"inLanguage\":\"pt-BR\",\"@id\":\"https:\\\/\\\/secure.gravatar.com\\\/avatar\\\/420aaf9278582877d9018637c6817617705899d2858d7572ef0fe59a6b6454b4?s=96&d=mm&r=g\",\"url\":\"https:\\\/\\\/secure.gravatar.com\\\/avatar\\\/420aaf9278582877d9018637c6817617705899d2858d7572ef0fe59a6b6454b4?s=96&d=mm&r=g\",\"contentUrl\":\"https:\\\/\\\/secure.gravatar.com\\\/avatar\\\/420aaf9278582877d9018637c6817617705899d2858d7572ef0fe59a6b6454b4?s=96&d=mm&r=g\",\"caption\":\"Canal Dana\"},\"url\":\"https:\\\/\\\/dana.com.br\\\/canaldana\\\/author\\\/cdeditor\\\/\"}]}<\/script>\n<!-- \/ Yoast SEO plugin. -->","yoast_head_json":{"title":"Setor automotivo ganha plataforma digital de dados qualificados - Canal Dana","robots":{"index":"index","follow":"follow","max-snippet":"max-snippet:-1","max-image-preview":"max-image-preview:large","max-video-preview":"max-video-preview:-1"},"canonical":"https:\/\/dana.com.br\/canaldana\/2022\/01\/19\/setor-automotivo-ganha-plataforma-digital-de-dados-qualificados\/","og_locale":"pt_BR","og_type":"article","og_title":"Setor automotivo ganha plataforma digital de dados qualificados - Canal Dana","og_description":"Blog do Ricardo Ribas &nbsp; J\u00e1 est\u00e1 no ar o Observat\u00f3rio Nacional das Ind\u00fastrias para a Mobilidade e Log\u00edstica, plataforma digital inovadora contendo dados e informa\u00e7\u00f5es qualificadas sobre a ind\u00fastria automobil\u00edstica brasileira elaborada com o objetivo de acompanhar, monitorar e avaliar programas e a\u00e7\u00f5es relacionados \u00e0 mobilidade e log\u00edstica, a exemplo do Programa Rota 2030.\u2026 Leia mais \u00bb","og_url":"https:\/\/dana.com.br\/canaldana\/2022\/01\/19\/setor-automotivo-ganha-plataforma-digital-de-dados-qualificados\/","og_site_name":"Canal Dana","article_published_time":"2022-01-19T11:29:04+00:00","author":"Canal Dana","twitter_card":"summary_large_image","twitter_misc":{"Escrito por":"Canal Dana","Est. tempo de leitura":"3 minutos"},"schema":{"@context":"https:\/\/schema.org","@graph":[{"@type":"Article","@id":"https:\/\/dana.com.br\/canaldana\/2022\/01\/19\/setor-automotivo-ganha-plataforma-digital-de-dados-qualificados\/#article","isPartOf":{"@id":"https:\/\/dana.com.br\/canaldana\/2022\/01\/19\/setor-automotivo-ganha-plataforma-digital-de-dados-qualificados\/"},"author":{"name":"Canal Dana","@id":"https:\/\/dana.com.br\/canaldana\/#\/schema\/person\/3c21f22f56fcf3bc46b94bc60ea4fef6"},"headline":"Setor automotivo ganha plataforma digital de dados qualificados","datePublished":"2022-01-19T11:29:04+00:00","mainEntityOfPage":{"@id":"https:\/\/dana.com.br\/canaldana\/2022\/01\/19\/setor-automotivo-ganha-plataforma-digital-de-dados-qualificados\/"},"wordCount":583,"articleSection":["Mercado"],"inLanguage":"pt-BR"},{"@type":"WebPage","@id":"https:\/\/dana.com.br\/canaldana\/2022\/01\/19\/setor-automotivo-ganha-plataforma-digital-de-dados-qualificados\/","url":"https:\/\/dana.com.br\/canaldana\/2022\/01\/19\/setor-automotivo-ganha-plataforma-digital-de-dados-qualificados\/","name":"Setor automotivo ganha plataforma digital de dados qualificados - Canal Dana","isPartOf":{"@id":"https:\/\/dana.com.br\/canaldana\/#website"},"datePublished":"2022-01-19T11:29:04+00:00","author":{"@id":"https:\/\/dana.com.br\/canaldana\/#\/schema\/person\/3c21f22f56fcf3bc46b94bc60ea4fef6"},"breadcrumb":{"@id":"https:\/\/dana.com.br\/canaldana\/2022\/01\/19\/setor-automotivo-ganha-plataforma-digital-de-dados-qualificados\/#breadcrumb"},"inLanguage":"pt-BR","potentialAction":[{"@type":"ReadAction","target":["https:\/\/dana.com.br\/canaldana\/2022\/01\/19\/setor-automotivo-ganha-plataforma-digital-de-dados-qualificados\/"]}]},{"@type":"BreadcrumbList","@id":"https:\/\/dana.com.br\/canaldana\/2022\/01\/19\/setor-automotivo-ganha-plataforma-digital-de-dados-qualificados\/#breadcrumb","itemListElement":[{"@type":"ListItem","position":1,"name":"Home","item":"https:\/\/dana.com.br\/canaldana\/"},{"@type":"ListItem","position":2,"name":"Mercado","item":"https:\/\/dana.com.br\/canaldana\/mercado\/"},{"@type":"ListItem","position":3,"name":"Setor automotivo ganha plataforma digital de dados qualificados"}]},{"@type":"WebSite","@id":"https:\/\/dana.com.br\/canaldana\/#website","url":"https:\/\/dana.com.br\/canaldana\/","name":"Canal Dana","description":"Informativo com as principais not\u00edcias da ind\u00fastria automotiva","potentialAction":[{"@type":"SearchAction","target":{"@type":"EntryPoint","urlTemplate":"https:\/\/dana.com.br\/canaldana\/?s={search_term_string}"},"query-input":{"@type":"PropertyValueSpecification","valueRequired":true,"valueName":"search_term_string"}}],"inLanguage":"pt-BR"},{"@type":"Person","@id":"https:\/\/dana.com.br\/canaldana\/#\/schema\/person\/3c21f22f56fcf3bc46b94bc60ea4fef6","name":"Canal Dana","image":{"@type":"ImageObject","inLanguage":"pt-BR","@id":"https:\/\/secure.gravatar.com\/avatar\/420aaf9278582877d9018637c6817617705899d2858d7572ef0fe59a6b6454b4?s=96&d=mm&r=g","url":"https:\/\/secure.gravatar.com\/avatar\/420aaf9278582877d9018637c6817617705899d2858d7572ef0fe59a6b6454b4?s=96&d=mm&r=g","contentUrl":"https:\/\/secure.gravatar.com\/avatar\/420aaf9278582877d9018637c6817617705899d2858d7572ef0fe59a6b6454b4?s=96&d=mm&r=g","caption":"Canal Dana"},"url":"https:\/\/dana.com.br\/canaldana\/author\/cdeditor\/"}]}},"_links":{"self":[{"href":"https:\/\/dana.com.br\/canaldana\/wp-json\/wp\/v2\/posts\/55627","targetHints":{"allow":["GET"]}}],"collection":[{"href":"https:\/\/dana.com.br\/canaldana\/wp-json\/wp\/v2\/posts"}],"about":[{"href":"https:\/\/dana.com.br\/canaldana\/wp-json\/wp\/v2\/types\/post"}],"author":[{"embeddable":true,"href":"https:\/\/dana.com.br\/canaldana\/wp-json\/wp\/v2\/users\/3"}],"replies":[{"embeddable":true,"href":"https:\/\/dana.com.br\/canaldana\/wp-json\/wp\/v2\/comments?post=55627"}],"version-history":[{"count":0,"href":"https:\/\/dana.com.br\/canaldana\/wp-json\/wp\/v2\/posts\/55627\/revisions"}],"wp:attachment":[{"href":"https:\/\/dana.com.br\/canaldana\/wp-json\/wp\/v2\/media?parent=55627"}],"wp:term":[{"taxonomy":"category","embeddable":true,"href":"https:\/\/dana.com.br\/canaldana\/wp-json\/wp\/v2\/categories?post=55627"},{"taxonomy":"post_tag","embeddable":true,"href":"https:\/\/dana.com.br\/canaldana\/wp-json\/wp\/v2\/tags?post=55627"}],"curies":[{"name":"wp","href":"https:\/\/api.w.org\/{rel}","templated":true}]}}