{"id":55625,"date":"2022-01-19T08:27:59","date_gmt":"2022-01-19T11:27:59","guid":{"rendered":"https:\/\/dana.com.br\/canaldana\/?p=55625"},"modified":"2022-01-19T08:27:59","modified_gmt":"2022-01-19T11:27:59","slug":"daf-estima-crescer-20-em-2022","status":"publish","type":"post","link":"https:\/\/dana.com.br\/canaldana\/2022\/01\/19\/daf-estima-crescer-20-em-2022\/","title":{"rendered":"DAF estima crescer 20% em 2022"},"content":{"rendered":"<p><em>AutoInd\u00fastria <\/em><\/p>\n<p>&nbsp;<\/p>\n<p>Ao apresentar novos produtos para o segmento de caminh\u00f5es semipesados na ter\u00e7a-feira, 18, Lance Walters, presidente da DAF no Brasil, fez estimativa otimista para o desempenho de curto prazo da empresa no Pa\u00eds.<\/p>\n<p>&nbsp;<\/p>\n<p>O executivo enxerga um crescimento de 20% nas vendas de ve\u00edculos da marca em 2022. Caso a proje\u00e7\u00e3o se concretize, a fabricante esperar entregar ao menos 1,1 mil caminh\u00f5es em rela\u00e7\u00e3o ao ano passado. \u201cAs nossas expectativas s\u00e3o altas para este ano, que deve se mostrar como de oportunidades para empresa\u201d, resumiu.<\/p>\n<p>&nbsp;<\/p>\n<p>A proje\u00e7\u00e3o robusta chega a ser o dobro do crescimento m\u00e9dio do mercado de caminh\u00f5es estimado pela Anfavea, em torno de 10%, para volume de 140 mil unidades. A DAF, no entanto, segue trajet\u00f3ria de cont\u00ednua evolu\u00e7\u00e3o desde que iniciou atividades produtivas no Pa\u00eds.<\/p>\n<p>&nbsp;<\/p>\n<p>No ano passado anotou mais um recorde ao encerrar o per\u00edodo com alta nas vendas de 46,2%. Foram 5,6 mil modelos da marca emplacados contra 3,8 mil licenciamentos do ano anterior. Com o resultado, a DAF chegou a fim do ano passado com participa\u00e7\u00f5es de 8,5% nas vendas totais de caminh\u00f5es pesados, de 66,1 mil unidades, e de 0,05% nas de semipesados, categoria na qual estreou em 2021.<\/p>\n<p>&nbsp;<\/p>\n<p>\u00c9 justamente com o lan\u00e7amento das novas vers\u00f5es de semipesados da linha CF que a DAF encontra espa\u00e7o para poder alcan\u00e7ar suas metas. \u201cA categoria representa 25% do mercado de caminh\u00e3o. Vamos entrar de forma gradativa com um produto premium, que ir\u00e1 nos ajudar a crescer\u201d, avaliou o diretor comercial Luis Gambim.<\/p>\n<p>&nbsp;<\/p>\n<p>O representante da DAF prefere n\u00e3o revelar as expectativas de vendas para os novos caminh\u00f5es CF. De antem\u00e3o, por\u00e9m, ser\u00e1 um trabalho desafiador, afinal, n\u00e3o \u00e9 tarefa f\u00e1cil abrir espa\u00e7o em segmento praticamente dominado pela Volkswagen Caminh\u00f5es e \u00d4nibus e Mercedes-Benz.<\/p>\n<p>&nbsp;<\/p>\n<p>No ano passado, a fabricante de Resende (RJ) respondeu por 52% das vendas em um mercado de 32 mil unidades vendidas, enquanto a Mercedes-Benz ficou com 27%. Volvo e Iveco fecharam o per\u00edodo com 12% e 8%, respectivamente.<\/p>\n<p>&nbsp;<\/p>\n<p>Outra estrat\u00e9gia para colocar for\u00e7a no crescimento da marca ser\u00e1 olhar para os mercados externos. A DAF planeja fazer da f\u00e1brica de Ponta Grossa (PR) base de exporta\u00e7\u00e3o para mercados da Am\u00e9rica do Sul. Uma primeira unidade produzida no Paran\u00e1, um CF Off-Road, seguiu para o Chile em dezembro de 2021.<\/p>\n<p>&nbsp;<\/p>\n<p>Segundo o Walters, o plano \u00e9 aproveitar a presen\u00e7a da Paccar, grupo do qual a DAF faz parte, em pa\u00edses como Col\u00f4mbia, Chile, Equador e Peru, para onde a empresa j\u00e1 destina caminh\u00f5es DAF e Kenworth importados da Europa e do M\u00e9xico. (AutoInd\u00fastria\/D\u00e9cio Costa)<\/p>\n","protected":false},"excerpt":{"rendered":"<p>AutoInd\u00fastria &nbsp; Ao apresentar novos produtos para o segmento de caminh\u00f5es semipesados na ter\u00e7a-feira, 18, Lance Walters, presidente da DAF no Brasil, fez estimativa otimista para o desempenho de curto prazo da empresa no Pa\u00eds. &nbsp; O executivo enxerga um crescimento de 20% nas vendas de ve\u00edculos da marca em 2022. Caso a proje\u00e7\u00e3o se\u2026 <a class=\"readmore\" href=\"https:\/\/dana.com.br\/canaldana\/2022\/01\/19\/daf-estima-crescer-20-em-2022\/\">Leia mais \u00bb<\/a><\/p>\n","protected":false},"author":3,"featured_media":0,"comment_status":"closed","ping_status":"closed","sticky":false,"template":"","format":"standard","meta":{"_acf_changed":false,"footnotes":""},"categories":[79],"tags":[],"class_list":["post-55625","post","type-post","status-publish","format-standard","hentry","category-mercado"],"acf":[],"yoast_head":"<!-- This site is optimized with the Yoast SEO plugin v27.3 - https:\/\/yoast.com\/product\/yoast-seo-wordpress\/ -->\n<title>DAF estima crescer 20% em 2022 - Canal Dana<\/title>\n<meta name=\"robots\" content=\"index, follow, max-snippet:-1, max-image-preview:large, max-video-preview:-1\" \/>\n<link rel=\"canonical\" href=\"https:\/\/dana.com.br\/canaldana\/2022\/01\/19\/daf-estima-crescer-20-em-2022\/\" \/>\n<meta property=\"og:locale\" content=\"pt_BR\" \/>\n<meta property=\"og:type\" content=\"article\" \/>\n<meta property=\"og:title\" content=\"DAF estima crescer 20% em 2022 - Canal Dana\" \/>\n<meta property=\"og:description\" content=\"AutoInd\u00fastria &nbsp; Ao apresentar novos produtos para o segmento de caminh\u00f5es semipesados na ter\u00e7a-feira, 18, Lance Walters, presidente da DAF no Brasil, fez estimativa otimista para o desempenho de curto prazo da empresa no Pa\u00eds. &nbsp; O executivo enxerga um crescimento de 20% nas vendas de ve\u00edculos da marca em 2022. Caso a proje\u00e7\u00e3o se\u2026 Leia mais \u00bb\" \/>\n<meta property=\"og:url\" content=\"https:\/\/dana.com.br\/canaldana\/2022\/01\/19\/daf-estima-crescer-20-em-2022\/\" \/>\n<meta property=\"og:site_name\" content=\"Canal Dana\" \/>\n<meta property=\"article:published_time\" content=\"2022-01-19T11:27:59+00:00\" \/>\n<meta name=\"author\" content=\"Canal Dana\" \/>\n<meta name=\"twitter:card\" content=\"summary_large_image\" \/>\n<meta name=\"twitter:label1\" content=\"Escrito por\" \/>\n\t<meta name=\"twitter:data1\" content=\"Canal Dana\" \/>\n\t<meta name=\"twitter:label2\" content=\"Est. tempo de leitura\" \/>\n\t<meta name=\"twitter:data2\" content=\"2 minutos\" \/>\n<script type=\"application\/ld+json\" class=\"yoast-schema-graph\">{\"@context\":\"https:\\\/\\\/schema.org\",\"@graph\":[{\"@type\":\"Article\",\"@id\":\"https:\\\/\\\/dana.com.br\\\/canaldana\\\/2022\\\/01\\\/19\\\/daf-estima-crescer-20-em-2022\\\/#article\",\"isPartOf\":{\"@id\":\"https:\\\/\\\/dana.com.br\\\/canaldana\\\/2022\\\/01\\\/19\\\/daf-estima-crescer-20-em-2022\\\/\"},\"author\":{\"name\":\"Canal Dana\",\"@id\":\"https:\\\/\\\/dana.com.br\\\/canaldana\\\/#\\\/schema\\\/person\\\/3c21f22f56fcf3bc46b94bc60ea4fef6\"},\"headline\":\"DAF estima crescer 20% em 2022\",\"datePublished\":\"2022-01-19T11:27:59+00:00\",\"mainEntityOfPage\":{\"@id\":\"https:\\\/\\\/dana.com.br\\\/canaldana\\\/2022\\\/01\\\/19\\\/daf-estima-crescer-20-em-2022\\\/\"},\"wordCount\":460,\"articleSection\":[\"Mercado\"],\"inLanguage\":\"pt-BR\"},{\"@type\":\"WebPage\",\"@id\":\"https:\\\/\\\/dana.com.br\\\/canaldana\\\/2022\\\/01\\\/19\\\/daf-estima-crescer-20-em-2022\\\/\",\"url\":\"https:\\\/\\\/dana.com.br\\\/canaldana\\\/2022\\\/01\\\/19\\\/daf-estima-crescer-20-em-2022\\\/\",\"name\":\"DAF estima crescer 20% em 2022 - Canal Dana\",\"isPartOf\":{\"@id\":\"https:\\\/\\\/dana.com.br\\\/canaldana\\\/#website\"},\"datePublished\":\"2022-01-19T11:27:59+00:00\",\"author\":{\"@id\":\"https:\\\/\\\/dana.com.br\\\/canaldana\\\/#\\\/schema\\\/person\\\/3c21f22f56fcf3bc46b94bc60ea4fef6\"},\"breadcrumb\":{\"@id\":\"https:\\\/\\\/dana.com.br\\\/canaldana\\\/2022\\\/01\\\/19\\\/daf-estima-crescer-20-em-2022\\\/#breadcrumb\"},\"inLanguage\":\"pt-BR\",\"potentialAction\":[{\"@type\":\"ReadAction\",\"target\":[\"https:\\\/\\\/dana.com.br\\\/canaldana\\\/2022\\\/01\\\/19\\\/daf-estima-crescer-20-em-2022\\\/\"]}]},{\"@type\":\"BreadcrumbList\",\"@id\":\"https:\\\/\\\/dana.com.br\\\/canaldana\\\/2022\\\/01\\\/19\\\/daf-estima-crescer-20-em-2022\\\/#breadcrumb\",\"itemListElement\":[{\"@type\":\"ListItem\",\"position\":1,\"name\":\"Home\",\"item\":\"https:\\\/\\\/dana.com.br\\\/canaldana\\\/\"},{\"@type\":\"ListItem\",\"position\":2,\"name\":\"Mercado\",\"item\":\"https:\\\/\\\/dana.com.br\\\/canaldana\\\/mercado\\\/\"},{\"@type\":\"ListItem\",\"position\":3,\"name\":\"DAF estima crescer 20% em 2022\"}]},{\"@type\":\"WebSite\",\"@id\":\"https:\\\/\\\/dana.com.br\\\/canaldana\\\/#website\",\"url\":\"https:\\\/\\\/dana.com.br\\\/canaldana\\\/\",\"name\":\"Canal Dana\",\"description\":\"Informativo com as principais not\u00edcias da ind\u00fastria automotiva\",\"potentialAction\":[{\"@type\":\"SearchAction\",\"target\":{\"@type\":\"EntryPoint\",\"urlTemplate\":\"https:\\\/\\\/dana.com.br\\\/canaldana\\\/?s={search_term_string}\"},\"query-input\":{\"@type\":\"PropertyValueSpecification\",\"valueRequired\":true,\"valueName\":\"search_term_string\"}}],\"inLanguage\":\"pt-BR\"},{\"@type\":\"Person\",\"@id\":\"https:\\\/\\\/dana.com.br\\\/canaldana\\\/#\\\/schema\\\/person\\\/3c21f22f56fcf3bc46b94bc60ea4fef6\",\"name\":\"Canal Dana\",\"image\":{\"@type\":\"ImageObject\",\"inLanguage\":\"pt-BR\",\"@id\":\"https:\\\/\\\/secure.gravatar.com\\\/avatar\\\/420aaf9278582877d9018637c6817617705899d2858d7572ef0fe59a6b6454b4?s=96&d=mm&r=g\",\"url\":\"https:\\\/\\\/secure.gravatar.com\\\/avatar\\\/420aaf9278582877d9018637c6817617705899d2858d7572ef0fe59a6b6454b4?s=96&d=mm&r=g\",\"contentUrl\":\"https:\\\/\\\/secure.gravatar.com\\\/avatar\\\/420aaf9278582877d9018637c6817617705899d2858d7572ef0fe59a6b6454b4?s=96&d=mm&r=g\",\"caption\":\"Canal Dana\"},\"url\":\"https:\\\/\\\/dana.com.br\\\/canaldana\\\/author\\\/cdeditor\\\/\"}]}<\/script>\n<!-- \/ Yoast SEO plugin. -->","yoast_head_json":{"title":"DAF estima crescer 20% em 2022 - Canal Dana","robots":{"index":"index","follow":"follow","max-snippet":"max-snippet:-1","max-image-preview":"max-image-preview:large","max-video-preview":"max-video-preview:-1"},"canonical":"https:\/\/dana.com.br\/canaldana\/2022\/01\/19\/daf-estima-crescer-20-em-2022\/","og_locale":"pt_BR","og_type":"article","og_title":"DAF estima crescer 20% em 2022 - Canal Dana","og_description":"AutoInd\u00fastria &nbsp; Ao apresentar novos produtos para o segmento de caminh\u00f5es semipesados na ter\u00e7a-feira, 18, Lance Walters, presidente da DAF no Brasil, fez estimativa otimista para o desempenho de curto prazo da empresa no Pa\u00eds. &nbsp; O executivo enxerga um crescimento de 20% nas vendas de ve\u00edculos da marca em 2022. Caso a proje\u00e7\u00e3o se\u2026 Leia mais \u00bb","og_url":"https:\/\/dana.com.br\/canaldana\/2022\/01\/19\/daf-estima-crescer-20-em-2022\/","og_site_name":"Canal Dana","article_published_time":"2022-01-19T11:27:59+00:00","author":"Canal Dana","twitter_card":"summary_large_image","twitter_misc":{"Escrito por":"Canal Dana","Est. tempo de leitura":"2 minutos"},"schema":{"@context":"https:\/\/schema.org","@graph":[{"@type":"Article","@id":"https:\/\/dana.com.br\/canaldana\/2022\/01\/19\/daf-estima-crescer-20-em-2022\/#article","isPartOf":{"@id":"https:\/\/dana.com.br\/canaldana\/2022\/01\/19\/daf-estima-crescer-20-em-2022\/"},"author":{"name":"Canal Dana","@id":"https:\/\/dana.com.br\/canaldana\/#\/schema\/person\/3c21f22f56fcf3bc46b94bc60ea4fef6"},"headline":"DAF estima crescer 20% em 2022","datePublished":"2022-01-19T11:27:59+00:00","mainEntityOfPage":{"@id":"https:\/\/dana.com.br\/canaldana\/2022\/01\/19\/daf-estima-crescer-20-em-2022\/"},"wordCount":460,"articleSection":["Mercado"],"inLanguage":"pt-BR"},{"@type":"WebPage","@id":"https:\/\/dana.com.br\/canaldana\/2022\/01\/19\/daf-estima-crescer-20-em-2022\/","url":"https:\/\/dana.com.br\/canaldana\/2022\/01\/19\/daf-estima-crescer-20-em-2022\/","name":"DAF estima crescer 20% em 2022 - Canal Dana","isPartOf":{"@id":"https:\/\/dana.com.br\/canaldana\/#website"},"datePublished":"2022-01-19T11:27:59+00:00","author":{"@id":"https:\/\/dana.com.br\/canaldana\/#\/schema\/person\/3c21f22f56fcf3bc46b94bc60ea4fef6"},"breadcrumb":{"@id":"https:\/\/dana.com.br\/canaldana\/2022\/01\/19\/daf-estima-crescer-20-em-2022\/#breadcrumb"},"inLanguage":"pt-BR","potentialAction":[{"@type":"ReadAction","target":["https:\/\/dana.com.br\/canaldana\/2022\/01\/19\/daf-estima-crescer-20-em-2022\/"]}]},{"@type":"BreadcrumbList","@id":"https:\/\/dana.com.br\/canaldana\/2022\/01\/19\/daf-estima-crescer-20-em-2022\/#breadcrumb","itemListElement":[{"@type":"ListItem","position":1,"name":"Home","item":"https:\/\/dana.com.br\/canaldana\/"},{"@type":"ListItem","position":2,"name":"Mercado","item":"https:\/\/dana.com.br\/canaldana\/mercado\/"},{"@type":"ListItem","position":3,"name":"DAF estima crescer 20% em 2022"}]},{"@type":"WebSite","@id":"https:\/\/dana.com.br\/canaldana\/#website","url":"https:\/\/dana.com.br\/canaldana\/","name":"Canal Dana","description":"Informativo com as principais not\u00edcias da ind\u00fastria automotiva","potentialAction":[{"@type":"SearchAction","target":{"@type":"EntryPoint","urlTemplate":"https:\/\/dana.com.br\/canaldana\/?s={search_term_string}"},"query-input":{"@type":"PropertyValueSpecification","valueRequired":true,"valueName":"search_term_string"}}],"inLanguage":"pt-BR"},{"@type":"Person","@id":"https:\/\/dana.com.br\/canaldana\/#\/schema\/person\/3c21f22f56fcf3bc46b94bc60ea4fef6","name":"Canal Dana","image":{"@type":"ImageObject","inLanguage":"pt-BR","@id":"https:\/\/secure.gravatar.com\/avatar\/420aaf9278582877d9018637c6817617705899d2858d7572ef0fe59a6b6454b4?s=96&d=mm&r=g","url":"https:\/\/secure.gravatar.com\/avatar\/420aaf9278582877d9018637c6817617705899d2858d7572ef0fe59a6b6454b4?s=96&d=mm&r=g","contentUrl":"https:\/\/secure.gravatar.com\/avatar\/420aaf9278582877d9018637c6817617705899d2858d7572ef0fe59a6b6454b4?s=96&d=mm&r=g","caption":"Canal Dana"},"url":"https:\/\/dana.com.br\/canaldana\/author\/cdeditor\/"}]}},"_links":{"self":[{"href":"https:\/\/dana.com.br\/canaldana\/wp-json\/wp\/v2\/posts\/55625","targetHints":{"allow":["GET"]}}],"collection":[{"href":"https:\/\/dana.com.br\/canaldana\/wp-json\/wp\/v2\/posts"}],"about":[{"href":"https:\/\/dana.com.br\/canaldana\/wp-json\/wp\/v2\/types\/post"}],"author":[{"embeddable":true,"href":"https:\/\/dana.com.br\/canaldana\/wp-json\/wp\/v2\/users\/3"}],"replies":[{"embeddable":true,"href":"https:\/\/dana.com.br\/canaldana\/wp-json\/wp\/v2\/comments?post=55625"}],"version-history":[{"count":0,"href":"https:\/\/dana.com.br\/canaldana\/wp-json\/wp\/v2\/posts\/55625\/revisions"}],"wp:attachment":[{"href":"https:\/\/dana.com.br\/canaldana\/wp-json\/wp\/v2\/media?parent=55625"}],"wp:term":[{"taxonomy":"category","embeddable":true,"href":"https:\/\/dana.com.br\/canaldana\/wp-json\/wp\/v2\/categories?post=55625"},{"taxonomy":"post_tag","embeddable":true,"href":"https:\/\/dana.com.br\/canaldana\/wp-json\/wp\/v2\/tags?post=55625"}],"curies":[{"name":"wp","href":"https:\/\/api.w.org\/{rel}","templated":true}]}}