{"id":55619,"date":"2022-01-19T08:25:43","date_gmt":"2022-01-19T11:25:43","guid":{"rendered":"https:\/\/dana.com.br\/canaldana\/?p=55619"},"modified":"2022-01-19T08:25:43","modified_gmt":"2022-01-19T11:25:43","slug":"mercedes-benz-celebra-a-transformacao-da-vida-de-30-mulheres-que-sonham-ser-caminhoneiras","status":"publish","type":"post","link":"https:\/\/dana.com.br\/canaldana\/2022\/01\/19\/mercedes-benz-celebra-a-transformacao-da-vida-de-30-mulheres-que-sonham-ser-caminhoneiras\/","title":{"rendered":"Mercedes-Benz celebra a transforma\u00e7\u00e3o da vida de 30 mulheres que sonham ser caminhoneiras"},"content":{"rendered":"<p><em>MoveNews<\/em><\/p>\n<p>&nbsp;<\/p>\n<p>A f\u00e1brica da Mercedes-Benz do Brasil em S\u00e3o Bernardo do Campo, no Grande ABC, recebeu, em dezembro, uma visita muito especial. Fechando com chave de ouro a promo\u00e7\u00e3o \u201cNa Dire\u00e7\u00e3o dos Seus Sonhos\u201d \u2013 que custeou cursos de forma\u00e7\u00e3o de condutores para habilita\u00e7\u00e3o profissional da categoria \u201cC\u201d para 30 mulheres \u2013 as vencedoras estiveram na Empresa para participar de v\u00e1rias atividades, como a visita \u00e0 linha de produ\u00e7\u00e3o, al\u00e9m de se conhecerem pessoalmente.<\/p>\n<p>&nbsp;<\/p>\n<p>Ao receberem sua CNH de motorista profissional, podendo assim dirigir caminh\u00f5es e trabalhar no transporte de cargas, essas mulheres deram in\u00edcio a uma nova caminhada em suas vidas. Com essa iniciativa, a Mercedes-Benz celebrou essa transforma\u00e7\u00e3o, promovendo um encontro marcado por muita emo\u00e7\u00e3o e hist\u00f3rias de vida de supera\u00e7\u00e3o e conquistas.<\/p>\n<p>&nbsp;<\/p>\n<p>Marina Harth, uma das ganhadoras da promo\u00e7\u00e3o, por exemplo, filha e esposa de caminhoneiros e m\u00e3e do Augusto, praticamente foi criada numa boleia. Ela diz que ama e n\u00e3o quer outra vida a n\u00e3o ser estar na estrada. Viaja sempre com o marido e divide com ele a dire\u00e7\u00e3o do ve\u00edculo.<\/p>\n<p>&nbsp;<\/p>\n<p>J\u00e1 Patr\u00edcia Souza sempre teve o sonho de se tornar caminhoneira. Ela adiou esse plano por um tempo, mas agora como vencedora da promo\u00e7\u00e3o da Mercedes-Benz e vai poder realiz\u00e1-lo. Ela diz que o auge dessa participa\u00e7\u00e3o foi visitar a f\u00e1brica e poder dirigir o Novo Actros.<\/p>\n<p>&nbsp;<\/p>\n<p>Filha de uma costureira e de um caminhoneiro, Simone Soga tamb\u00e9m \u00e9 casada com caminhoneiro e m\u00e3e de dois meninos. Ela conta que, desde pequena, viajava com o pai em pelas estradas do pa\u00eds. Saiu de sua cidade natal para estudar, mas diz que a estrada \u00e9 o seu sonho. At\u00e9 aprendeu a fazer pequenos reparos no ve\u00edculo e sempre que necess\u00e1rio ajuda o marido e o pai. Agora, com sua CNH da categoria \u201cC\u201d, quer trabalhar com o que realmente ama.<\/p>\n<p>&nbsp;<\/p>\n<p>\u201cAssim como a Marina, a Patr\u00edcia e a Simone, todas as vencedoras dessa promo\u00e7\u00e3o demonstraram for\u00e7a e determina\u00e7\u00e3o em seus objetivos e desafios, fazendo o curso de forma\u00e7\u00e3o e obtendo a habilita\u00e7\u00e3o necess\u00e1ria para viverem como desejam, ocupando seu pr\u00f3prio espa\u00e7o, mostrando sua capacidade de desempenhar uma fun\u00e7\u00e3o t\u00e3o bem quanto qualquer outro profissional. Assim, sonhos se tornaram realidade\u201d, afirma Ebru Semizer, gerente s\u00eanior de Marketing Comunica\u00e7\u00e3o &amp; Intelig\u00eancia de Mercado Caminh\u00f5es da Mercedes-Benz do Brasil.<\/p>\n<p>&nbsp;<\/p>\n<p><strong>Momento de celebrar o come\u00e7o de uma nova vida<\/strong><\/p>\n<p>&nbsp;<\/p>\n<p>As agora motoristas profissionais foram recepcionadas na f\u00e1brica da Mercedes-Benz por Ebru Semizer e, tamb\u00e9m, por Jefferson Ferrarez, diretor de Vendas e Marketing Caminh\u00f5es, e por Jo\u00e3o Moita, o \u201cEmbaixador da Voz das Estradas\u201d, movimento criado pela Mercedes-Benz para ouvir as opini\u00f5es e sugest\u00f5es de motoristas e transportadores de todo o Pa\u00eds.<\/p>\n<p>&nbsp;<\/p>\n<p>A promo\u00e7\u00e3o \u201cNa Dire\u00e7\u00e3o dos Seus Sonhos\u201d \u00e9 parte importante das a\u00e7\u00f5es do Movimento \u201cA Voz Delas\u201d, na medida em que, al\u00e9m de viabilizar o caminho para a realiza\u00e7\u00e3o dos sonhos dessas 30 mulheres, ainda amplifica essas vozes pelas estradas brasileiras.<\/p>\n<p>&nbsp;<\/p>\n<p>A a\u00e7\u00e3o foi lan\u00e7ada em 8 de mar\u00e7o de 2021, em homenagem ao Dia Internacional da Mulher. A Empresa custeou os cursos de forma\u00e7\u00e3o de condutores para que elas obtivessem a habilita\u00e7\u00e3o profissional. Isso incluiu as despesas do Centro de Forma\u00e7\u00e3o de Condutores, o n\u00famero de aulas pr\u00e1ticas exigidas por lei e o exame pr\u00e1tico do Detran, al\u00e9m de exame m\u00e9dico e psicot\u00e9cnico e de exame toxicol\u00f3gico, necess\u00e1rio para obten\u00e7\u00e3o da CNH categoria \u201cC\u201d.<\/p>\n<p>&nbsp;<\/p>\n<p>A visita \u00e0 f\u00e1brica da Mercedes-Benz foi ent\u00e3o o momento de cada vencedora celebrar o come\u00e7o de uma nova vida em que novas possibilidades e oportunidades passam a fazer parte de suas rotinas.<\/p>\n<p>&nbsp;<\/p>\n<p>A programa\u00e7\u00e3o do dia incluiu visita \u00e0 linha de produ\u00e7\u00e3o, test-drive de caminh\u00f5es num circuito interno, palestras de empoderamento com Vanessa Mariano, Paulla Demeneghi e Nick, motoristas e influencers do segmento, al\u00e9m de um show de stand-up comedy com Criss Paiva. Todos os participantes do encontro foram testados previamente quanto \u00e0 COVID-19 e respeitaram as recomenda\u00e7\u00f5es de prote\u00e7\u00e3o, como o uso de m\u00e1scaras e de \u00e1lcool em gel.<\/p>\n<p>&nbsp;<\/p>\n<p>\u201cS\u00e3o momentos como esse que fazem com que o Movimento A Voz Delas siga firme em seu prop\u00f3sito, que \u00e9 ouvir as mulheres a fim de conhecer o dia a dia e os desafios de quem faz da boleia uma extens\u00e3o de sua casa, sejam aquelas que j\u00e1 s\u00e3o profissionais do volante ou as que t\u00eam o sonho de ser caminhoneira\u201d, ressalta Ebru Semizer. \u201cO objetivo \u00e9 conscientizar a sociedade sobre a import\u00e2ncia das mulheres no transporte, sejam as motoristas e tamb\u00e9m os cristais, que acompanham seus companheiros pelas estradas do Brasil\u201d.<\/p>\n<p>&nbsp;<\/p>\n<p>Essa iniciativa da Mercedes-Benz conta com a colabora\u00e7\u00e3o do Sest\/Senat, Fabet e Setcesp. \u201cJunto com nossos parceiros, estamos capacitando essas profissionais para fazerem a diferen\u00e7a no mercado de trabalho. Queremos que elas acreditem e confiem na realiza\u00e7\u00e3o dos seus sonhos\u201d, conclui Ebru. (MoveNews)<\/p>\n","protected":false},"excerpt":{"rendered":"<p>MoveNews &nbsp; A f\u00e1brica da Mercedes-Benz do Brasil em S\u00e3o Bernardo do Campo, no Grande ABC, recebeu, em dezembro, uma visita muito especial. Fechando com chave de ouro a promo\u00e7\u00e3o \u201cNa Dire\u00e7\u00e3o dos Seus Sonhos\u201d \u2013 que custeou cursos de forma\u00e7\u00e3o de condutores para habilita\u00e7\u00e3o profissional da categoria \u201cC\u201d para 30 mulheres \u2013 as vencedoras\u2026 <a class=\"readmore\" href=\"https:\/\/dana.com.br\/canaldana\/2022\/01\/19\/mercedes-benz-celebra-a-transformacao-da-vida-de-30-mulheres-que-sonham-ser-caminhoneiras\/\">Leia mais \u00bb<\/a><\/p>\n","protected":false},"author":3,"featured_media":0,"comment_status":"closed","ping_status":"closed","sticky":false,"template":"","format":"standard","meta":{"_acf_changed":false,"footnotes":""},"categories":[79],"tags":[],"class_list":["post-55619","post","type-post","status-publish","format-standard","hentry","category-mercado"],"acf":[],"yoast_head":"<!-- This site is optimized with the Yoast SEO plugin v27.3 - https:\/\/yoast.com\/product\/yoast-seo-wordpress\/ -->\n<title>Mercedes-Benz celebra a transforma\u00e7\u00e3o da vida de 30 mulheres que sonham ser caminhoneiras - Canal Dana<\/title>\n<meta name=\"robots\" content=\"index, follow, max-snippet:-1, max-image-preview:large, max-video-preview:-1\" \/>\n<link rel=\"canonical\" href=\"https:\/\/dana.com.br\/canaldana\/2022\/01\/19\/mercedes-benz-celebra-a-transformacao-da-vida-de-30-mulheres-que-sonham-ser-caminhoneiras\/\" \/>\n<meta property=\"og:locale\" content=\"pt_BR\" \/>\n<meta property=\"og:type\" content=\"article\" \/>\n<meta property=\"og:title\" content=\"Mercedes-Benz celebra a transforma\u00e7\u00e3o da vida de 30 mulheres que sonham ser caminhoneiras - Canal Dana\" \/>\n<meta property=\"og:description\" content=\"MoveNews &nbsp; A f\u00e1brica da Mercedes-Benz do Brasil em S\u00e3o Bernardo do Campo, no Grande ABC, recebeu, em dezembro, uma visita muito especial. Fechando com chave de ouro a promo\u00e7\u00e3o \u201cNa Dire\u00e7\u00e3o dos Seus Sonhos\u201d \u2013 que custeou cursos de forma\u00e7\u00e3o de condutores para habilita\u00e7\u00e3o profissional da categoria \u201cC\u201d para 30 mulheres \u2013 as vencedoras\u2026 Leia mais \u00bb\" \/>\n<meta property=\"og:url\" content=\"https:\/\/dana.com.br\/canaldana\/2022\/01\/19\/mercedes-benz-celebra-a-transformacao-da-vida-de-30-mulheres-que-sonham-ser-caminhoneiras\/\" \/>\n<meta property=\"og:site_name\" content=\"Canal Dana\" \/>\n<meta property=\"article:published_time\" content=\"2022-01-19T11:25:43+00:00\" \/>\n<meta name=\"author\" content=\"Canal Dana\" \/>\n<meta name=\"twitter:card\" content=\"summary_large_image\" \/>\n<meta name=\"twitter:label1\" content=\"Escrito por\" \/>\n\t<meta name=\"twitter:data1\" content=\"Canal Dana\" \/>\n\t<meta name=\"twitter:label2\" content=\"Est. tempo de leitura\" \/>\n\t<meta name=\"twitter:data2\" content=\"4 minutos\" \/>\n<script type=\"application\/ld+json\" class=\"yoast-schema-graph\">{\"@context\":\"https:\\\/\\\/schema.org\",\"@graph\":[{\"@type\":\"Article\",\"@id\":\"https:\\\/\\\/dana.com.br\\\/canaldana\\\/2022\\\/01\\\/19\\\/mercedes-benz-celebra-a-transformacao-da-vida-de-30-mulheres-que-sonham-ser-caminhoneiras\\\/#article\",\"isPartOf\":{\"@id\":\"https:\\\/\\\/dana.com.br\\\/canaldana\\\/2022\\\/01\\\/19\\\/mercedes-benz-celebra-a-transformacao-da-vida-de-30-mulheres-que-sonham-ser-caminhoneiras\\\/\"},\"author\":{\"name\":\"Canal Dana\",\"@id\":\"https:\\\/\\\/dana.com.br\\\/canaldana\\\/#\\\/schema\\\/person\\\/3c21f22f56fcf3bc46b94bc60ea4fef6\"},\"headline\":\"Mercedes-Benz celebra a transforma\u00e7\u00e3o da vida de 30 mulheres que sonham ser caminhoneiras\",\"datePublished\":\"2022-01-19T11:25:43+00:00\",\"mainEntityOfPage\":{\"@id\":\"https:\\\/\\\/dana.com.br\\\/canaldana\\\/2022\\\/01\\\/19\\\/mercedes-benz-celebra-a-transformacao-da-vida-de-30-mulheres-que-sonham-ser-caminhoneiras\\\/\"},\"wordCount\":900,\"articleSection\":[\"Mercado\"],\"inLanguage\":\"pt-BR\"},{\"@type\":\"WebPage\",\"@id\":\"https:\\\/\\\/dana.com.br\\\/canaldana\\\/2022\\\/01\\\/19\\\/mercedes-benz-celebra-a-transformacao-da-vida-de-30-mulheres-que-sonham-ser-caminhoneiras\\\/\",\"url\":\"https:\\\/\\\/dana.com.br\\\/canaldana\\\/2022\\\/01\\\/19\\\/mercedes-benz-celebra-a-transformacao-da-vida-de-30-mulheres-que-sonham-ser-caminhoneiras\\\/\",\"name\":\"Mercedes-Benz celebra a transforma\u00e7\u00e3o da vida de 30 mulheres que sonham ser caminhoneiras - Canal Dana\",\"isPartOf\":{\"@id\":\"https:\\\/\\\/dana.com.br\\\/canaldana\\\/#website\"},\"datePublished\":\"2022-01-19T11:25:43+00:00\",\"author\":{\"@id\":\"https:\\\/\\\/dana.com.br\\\/canaldana\\\/#\\\/schema\\\/person\\\/3c21f22f56fcf3bc46b94bc60ea4fef6\"},\"breadcrumb\":{\"@id\":\"https:\\\/\\\/dana.com.br\\\/canaldana\\\/2022\\\/01\\\/19\\\/mercedes-benz-celebra-a-transformacao-da-vida-de-30-mulheres-que-sonham-ser-caminhoneiras\\\/#breadcrumb\"},\"inLanguage\":\"pt-BR\",\"potentialAction\":[{\"@type\":\"ReadAction\",\"target\":[\"https:\\\/\\\/dana.com.br\\\/canaldana\\\/2022\\\/01\\\/19\\\/mercedes-benz-celebra-a-transformacao-da-vida-de-30-mulheres-que-sonham-ser-caminhoneiras\\\/\"]}]},{\"@type\":\"BreadcrumbList\",\"@id\":\"https:\\\/\\\/dana.com.br\\\/canaldana\\\/2022\\\/01\\\/19\\\/mercedes-benz-celebra-a-transformacao-da-vida-de-30-mulheres-que-sonham-ser-caminhoneiras\\\/#breadcrumb\",\"itemListElement\":[{\"@type\":\"ListItem\",\"position\":1,\"name\":\"Home\",\"item\":\"https:\\\/\\\/dana.com.br\\\/canaldana\\\/\"},{\"@type\":\"ListItem\",\"position\":2,\"name\":\"Mercado\",\"item\":\"https:\\\/\\\/dana.com.br\\\/canaldana\\\/mercado\\\/\"},{\"@type\":\"ListItem\",\"position\":3,\"name\":\"Mercedes-Benz celebra a transforma\u00e7\u00e3o da vida de 30 mulheres que sonham ser caminhoneiras\"}]},{\"@type\":\"WebSite\",\"@id\":\"https:\\\/\\\/dana.com.br\\\/canaldana\\\/#website\",\"url\":\"https:\\\/\\\/dana.com.br\\\/canaldana\\\/\",\"name\":\"Canal Dana\",\"description\":\"Informativo com as principais not\u00edcias da ind\u00fastria automotiva\",\"potentialAction\":[{\"@type\":\"SearchAction\",\"target\":{\"@type\":\"EntryPoint\",\"urlTemplate\":\"https:\\\/\\\/dana.com.br\\\/canaldana\\\/?s={search_term_string}\"},\"query-input\":{\"@type\":\"PropertyValueSpecification\",\"valueRequired\":true,\"valueName\":\"search_term_string\"}}],\"inLanguage\":\"pt-BR\"},{\"@type\":\"Person\",\"@id\":\"https:\\\/\\\/dana.com.br\\\/canaldana\\\/#\\\/schema\\\/person\\\/3c21f22f56fcf3bc46b94bc60ea4fef6\",\"name\":\"Canal Dana\",\"image\":{\"@type\":\"ImageObject\",\"inLanguage\":\"pt-BR\",\"@id\":\"https:\\\/\\\/secure.gravatar.com\\\/avatar\\\/420aaf9278582877d9018637c6817617705899d2858d7572ef0fe59a6b6454b4?s=96&d=mm&r=g\",\"url\":\"https:\\\/\\\/secure.gravatar.com\\\/avatar\\\/420aaf9278582877d9018637c6817617705899d2858d7572ef0fe59a6b6454b4?s=96&d=mm&r=g\",\"contentUrl\":\"https:\\\/\\\/secure.gravatar.com\\\/avatar\\\/420aaf9278582877d9018637c6817617705899d2858d7572ef0fe59a6b6454b4?s=96&d=mm&r=g\",\"caption\":\"Canal Dana\"},\"url\":\"https:\\\/\\\/dana.com.br\\\/canaldana\\\/author\\\/cdeditor\\\/\"}]}<\/script>\n<!-- \/ Yoast SEO plugin. -->","yoast_head_json":{"title":"Mercedes-Benz celebra a transforma\u00e7\u00e3o da vida de 30 mulheres que sonham ser caminhoneiras - Canal Dana","robots":{"index":"index","follow":"follow","max-snippet":"max-snippet:-1","max-image-preview":"max-image-preview:large","max-video-preview":"max-video-preview:-1"},"canonical":"https:\/\/dana.com.br\/canaldana\/2022\/01\/19\/mercedes-benz-celebra-a-transformacao-da-vida-de-30-mulheres-que-sonham-ser-caminhoneiras\/","og_locale":"pt_BR","og_type":"article","og_title":"Mercedes-Benz celebra a transforma\u00e7\u00e3o da vida de 30 mulheres que sonham ser caminhoneiras - Canal Dana","og_description":"MoveNews &nbsp; A f\u00e1brica da Mercedes-Benz do Brasil em S\u00e3o Bernardo do Campo, no Grande ABC, recebeu, em dezembro, uma visita muito especial. Fechando com chave de ouro a promo\u00e7\u00e3o \u201cNa Dire\u00e7\u00e3o dos Seus Sonhos\u201d \u2013 que custeou cursos de forma\u00e7\u00e3o de condutores para habilita\u00e7\u00e3o profissional da categoria \u201cC\u201d para 30 mulheres \u2013 as vencedoras\u2026 Leia mais \u00bb","og_url":"https:\/\/dana.com.br\/canaldana\/2022\/01\/19\/mercedes-benz-celebra-a-transformacao-da-vida-de-30-mulheres-que-sonham-ser-caminhoneiras\/","og_site_name":"Canal Dana","article_published_time":"2022-01-19T11:25:43+00:00","author":"Canal Dana","twitter_card":"summary_large_image","twitter_misc":{"Escrito por":"Canal Dana","Est. tempo de leitura":"4 minutos"},"schema":{"@context":"https:\/\/schema.org","@graph":[{"@type":"Article","@id":"https:\/\/dana.com.br\/canaldana\/2022\/01\/19\/mercedes-benz-celebra-a-transformacao-da-vida-de-30-mulheres-que-sonham-ser-caminhoneiras\/#article","isPartOf":{"@id":"https:\/\/dana.com.br\/canaldana\/2022\/01\/19\/mercedes-benz-celebra-a-transformacao-da-vida-de-30-mulheres-que-sonham-ser-caminhoneiras\/"},"author":{"name":"Canal Dana","@id":"https:\/\/dana.com.br\/canaldana\/#\/schema\/person\/3c21f22f56fcf3bc46b94bc60ea4fef6"},"headline":"Mercedes-Benz celebra a transforma\u00e7\u00e3o da vida de 30 mulheres que sonham ser caminhoneiras","datePublished":"2022-01-19T11:25:43+00:00","mainEntityOfPage":{"@id":"https:\/\/dana.com.br\/canaldana\/2022\/01\/19\/mercedes-benz-celebra-a-transformacao-da-vida-de-30-mulheres-que-sonham-ser-caminhoneiras\/"},"wordCount":900,"articleSection":["Mercado"],"inLanguage":"pt-BR"},{"@type":"WebPage","@id":"https:\/\/dana.com.br\/canaldana\/2022\/01\/19\/mercedes-benz-celebra-a-transformacao-da-vida-de-30-mulheres-que-sonham-ser-caminhoneiras\/","url":"https:\/\/dana.com.br\/canaldana\/2022\/01\/19\/mercedes-benz-celebra-a-transformacao-da-vida-de-30-mulheres-que-sonham-ser-caminhoneiras\/","name":"Mercedes-Benz celebra a transforma\u00e7\u00e3o da vida de 30 mulheres que sonham ser caminhoneiras - Canal Dana","isPartOf":{"@id":"https:\/\/dana.com.br\/canaldana\/#website"},"datePublished":"2022-01-19T11:25:43+00:00","author":{"@id":"https:\/\/dana.com.br\/canaldana\/#\/schema\/person\/3c21f22f56fcf3bc46b94bc60ea4fef6"},"breadcrumb":{"@id":"https:\/\/dana.com.br\/canaldana\/2022\/01\/19\/mercedes-benz-celebra-a-transformacao-da-vida-de-30-mulheres-que-sonham-ser-caminhoneiras\/#breadcrumb"},"inLanguage":"pt-BR","potentialAction":[{"@type":"ReadAction","target":["https:\/\/dana.com.br\/canaldana\/2022\/01\/19\/mercedes-benz-celebra-a-transformacao-da-vida-de-30-mulheres-que-sonham-ser-caminhoneiras\/"]}]},{"@type":"BreadcrumbList","@id":"https:\/\/dana.com.br\/canaldana\/2022\/01\/19\/mercedes-benz-celebra-a-transformacao-da-vida-de-30-mulheres-que-sonham-ser-caminhoneiras\/#breadcrumb","itemListElement":[{"@type":"ListItem","position":1,"name":"Home","item":"https:\/\/dana.com.br\/canaldana\/"},{"@type":"ListItem","position":2,"name":"Mercado","item":"https:\/\/dana.com.br\/canaldana\/mercado\/"},{"@type":"ListItem","position":3,"name":"Mercedes-Benz celebra a transforma\u00e7\u00e3o da vida de 30 mulheres que sonham ser caminhoneiras"}]},{"@type":"WebSite","@id":"https:\/\/dana.com.br\/canaldana\/#website","url":"https:\/\/dana.com.br\/canaldana\/","name":"Canal Dana","description":"Informativo com as principais not\u00edcias da ind\u00fastria automotiva","potentialAction":[{"@type":"SearchAction","target":{"@type":"EntryPoint","urlTemplate":"https:\/\/dana.com.br\/canaldana\/?s={search_term_string}"},"query-input":{"@type":"PropertyValueSpecification","valueRequired":true,"valueName":"search_term_string"}}],"inLanguage":"pt-BR"},{"@type":"Person","@id":"https:\/\/dana.com.br\/canaldana\/#\/schema\/person\/3c21f22f56fcf3bc46b94bc60ea4fef6","name":"Canal Dana","image":{"@type":"ImageObject","inLanguage":"pt-BR","@id":"https:\/\/secure.gravatar.com\/avatar\/420aaf9278582877d9018637c6817617705899d2858d7572ef0fe59a6b6454b4?s=96&d=mm&r=g","url":"https:\/\/secure.gravatar.com\/avatar\/420aaf9278582877d9018637c6817617705899d2858d7572ef0fe59a6b6454b4?s=96&d=mm&r=g","contentUrl":"https:\/\/secure.gravatar.com\/avatar\/420aaf9278582877d9018637c6817617705899d2858d7572ef0fe59a6b6454b4?s=96&d=mm&r=g","caption":"Canal Dana"},"url":"https:\/\/dana.com.br\/canaldana\/author\/cdeditor\/"}]}},"_links":{"self":[{"href":"https:\/\/dana.com.br\/canaldana\/wp-json\/wp\/v2\/posts\/55619","targetHints":{"allow":["GET"]}}],"collection":[{"href":"https:\/\/dana.com.br\/canaldana\/wp-json\/wp\/v2\/posts"}],"about":[{"href":"https:\/\/dana.com.br\/canaldana\/wp-json\/wp\/v2\/types\/post"}],"author":[{"embeddable":true,"href":"https:\/\/dana.com.br\/canaldana\/wp-json\/wp\/v2\/users\/3"}],"replies":[{"embeddable":true,"href":"https:\/\/dana.com.br\/canaldana\/wp-json\/wp\/v2\/comments?post=55619"}],"version-history":[{"count":0,"href":"https:\/\/dana.com.br\/canaldana\/wp-json\/wp\/v2\/posts\/55619\/revisions"}],"wp:attachment":[{"href":"https:\/\/dana.com.br\/canaldana\/wp-json\/wp\/v2\/media?parent=55619"}],"wp:term":[{"taxonomy":"category","embeddable":true,"href":"https:\/\/dana.com.br\/canaldana\/wp-json\/wp\/v2\/categories?post=55619"},{"taxonomy":"post_tag","embeddable":true,"href":"https:\/\/dana.com.br\/canaldana\/wp-json\/wp\/v2\/tags?post=55619"}],"curies":[{"name":"wp","href":"https:\/\/api.w.org\/{rel}","templated":true}]}}