{"id":55549,"date":"2022-01-17T08:43:50","date_gmt":"2022-01-17T11:43:50","guid":{"rendered":"https:\/\/dana.com.br\/canaldana\/?p=55549"},"modified":"2022-01-17T08:43:50","modified_gmt":"2022-01-17T11:43:50","slug":"vendas-de-veiculos-financiados-subiram-68-em-2021-segundo-dados-da-b3","status":"publish","type":"post","link":"https:\/\/dana.com.br\/canaldana\/2022\/01\/17\/vendas-de-veiculos-financiados-subiram-68-em-2021-segundo-dados-da-b3\/","title":{"rendered":"Vendas de ve\u00edculos financiados subiram 6,8% em 2021, segundo dados da B3"},"content":{"rendered":"<p><em>CNN Brasil Business <\/em><\/p>\n<p>&nbsp;<\/p>\n<p>As vendas de ve\u00edculos financiados em 2021 subiram 6,8% em rela\u00e7\u00e3o a 2020, informou a B3 nesta sexta-feira (14). Ao todo, foram financiadas as compras de 5,9 milh\u00f5es de unidades novas ou usadas, e a alta equivale a 375 mil ve\u00edculos a mais ante o ano anterior.<\/p>\n<p>&nbsp;<\/p>\n<p>Segundo os dados da empresa, os ve\u00edculos pesados e as motos tiveram o maior crescimento no ano, de 18% e 17,6%, respectivamente. O segmento de ve\u00edculos leves teve alta de 4% nas vendas com financiamento.<\/p>\n<p>&nbsp;<\/p>\n<p>Considerado o total de vendas financiadas, os ve\u00edculos usados foram o grande alvo das transa\u00e7\u00f5es, correspondendo a 70% do total. As vendas aumentaram 10,7% em rela\u00e7\u00e3o a 2020. Segundo a B3, os autom\u00f3veis leves e com maior tempo de uso tiveram a maior procura.<\/p>\n<p>&nbsp;<\/p>\n<p>Nas faixas de tempo de uso de ve\u00edculos leves usados, as vendas financiadas dos entre 9 e 12 anos subiram 31,5%, e as vendas dos de mais de 12 anos registraram um avan\u00e7o de 71,4%.<\/p>\n<p>&nbsp;<\/p>\n<p>J\u00e1 os ve\u00edculos novos tiveram uma queda de 1,4% nas vendas a cr\u00e9dito. As vendas de autom\u00f3veis leves recuaram 15% no acumulado do ano.<\/p>\n<p>&nbsp;<\/p>\n<p>Os dados do m\u00eas de dezembro de 2021, tamb\u00e9m divulgados nesta sexta-feira, apontaram uma queda de 16,8% nas vendas financiadas de ve\u00edculos, com as de autom\u00f3veis leves recuando 22%.<\/p>\n<p>&nbsp;<\/p>\n<p>O segmento de motos teve alta de 8% no \u00faltimo m\u00eas de 2021, e o de ve\u00edculos leves, de 3%, na compara\u00e7\u00e3o com o mesmo m\u00eas do ano anterior.<\/p>\n<p>&nbsp;<\/p>\n<p>Ao todo, foram 501 mil unidades vendidas com financiamento, sendo 343 mil de ve\u00edculos usados, queda de 14,7% em rela\u00e7\u00e3o a dezembro de 2020, e 159 mil de novos, queda de 20,9% ante o mesmo per\u00edodo.<\/p>\n<p>&nbsp;<\/p>\n<p>Tatiana Masumoto Costa, superintendente de planejamento da B3, afirma que o ambiente de financiamento de ve\u00edculo melhorou em 2021, ap\u00f3s uma queda brusca em 2020 devido \u00e0 pandemia.<\/p>\n<p>&nbsp;<\/p>\n<p>\u201cO impacto na venda de ve\u00edculos novos ao longo do ano, principalmente devido \u00e0 escassez global de semicondutores, freou um crescimento mais forte em 2021\u201d, diz. (CNN Brasil Business\/Jo\u00e3o Pedro)<\/p>\n","protected":false},"excerpt":{"rendered":"<p>CNN Brasil Business &nbsp; As vendas de ve\u00edculos financiados em 2021 subiram 6,8% em rela\u00e7\u00e3o a 2020, informou a B3 nesta sexta-feira (14). Ao todo, foram financiadas as compras de 5,9 milh\u00f5es de unidades novas ou usadas, e a alta equivale a 375 mil ve\u00edculos a mais ante o ano anterior. &nbsp; Segundo os dados\u2026 <a class=\"readmore\" href=\"https:\/\/dana.com.br\/canaldana\/2022\/01\/17\/vendas-de-veiculos-financiados-subiram-68-em-2021-segundo-dados-da-b3\/\">Leia mais \u00bb<\/a><\/p>\n","protected":false},"author":3,"featured_media":0,"comment_status":"closed","ping_status":"closed","sticky":false,"template":"","format":"standard","meta":{"_acf_changed":false,"footnotes":""},"categories":[61],"tags":[],"class_list":["post-55549","post","type-post","status-publish","format-standard","hentry","category-destaques"],"acf":[],"yoast_head":"<!-- This site is optimized with the Yoast SEO plugin v27.3 - https:\/\/yoast.com\/product\/yoast-seo-wordpress\/ -->\n<title>Vendas de ve\u00edculos financiados subiram 6,8% em 2021, segundo dados da B3 - Canal Dana<\/title>\n<meta name=\"robots\" content=\"index, follow, max-snippet:-1, max-image-preview:large, max-video-preview:-1\" \/>\n<link rel=\"canonical\" href=\"https:\/\/dana.com.br\/canaldana\/2022\/01\/17\/vendas-de-veiculos-financiados-subiram-68-em-2021-segundo-dados-da-b3\/\" \/>\n<meta property=\"og:locale\" content=\"pt_BR\" \/>\n<meta property=\"og:type\" content=\"article\" \/>\n<meta property=\"og:title\" content=\"Vendas de ve\u00edculos financiados subiram 6,8% em 2021, segundo dados da B3 - Canal Dana\" \/>\n<meta property=\"og:description\" content=\"CNN Brasil Business &nbsp; As vendas de ve\u00edculos financiados em 2021 subiram 6,8% em rela\u00e7\u00e3o a 2020, informou a B3 nesta sexta-feira (14). Ao todo, foram financiadas as compras de 5,9 milh\u00f5es de unidades novas ou usadas, e a alta equivale a 375 mil ve\u00edculos a mais ante o ano anterior. &nbsp; Segundo os dados\u2026 Leia mais \u00bb\" \/>\n<meta property=\"og:url\" content=\"https:\/\/dana.com.br\/canaldana\/2022\/01\/17\/vendas-de-veiculos-financiados-subiram-68-em-2021-segundo-dados-da-b3\/\" \/>\n<meta property=\"og:site_name\" content=\"Canal Dana\" \/>\n<meta property=\"article:published_time\" content=\"2022-01-17T11:43:50+00:00\" \/>\n<meta name=\"author\" content=\"Canal Dana\" \/>\n<meta name=\"twitter:card\" content=\"summary_large_image\" \/>\n<meta name=\"twitter:label1\" content=\"Escrito por\" \/>\n\t<meta name=\"twitter:data1\" content=\"Canal Dana\" \/>\n\t<meta name=\"twitter:label2\" content=\"Est. tempo de leitura\" \/>\n\t<meta name=\"twitter:data2\" content=\"2 minutos\" \/>\n<script type=\"application\/ld+json\" class=\"yoast-schema-graph\">{\"@context\":\"https:\\\/\\\/schema.org\",\"@graph\":[{\"@type\":\"Article\",\"@id\":\"https:\\\/\\\/dana.com.br\\\/canaldana\\\/2022\\\/01\\\/17\\\/vendas-de-veiculos-financiados-subiram-68-em-2021-segundo-dados-da-b3\\\/#article\",\"isPartOf\":{\"@id\":\"https:\\\/\\\/dana.com.br\\\/canaldana\\\/2022\\\/01\\\/17\\\/vendas-de-veiculos-financiados-subiram-68-em-2021-segundo-dados-da-b3\\\/\"},\"author\":{\"name\":\"Canal Dana\",\"@id\":\"https:\\\/\\\/dana.com.br\\\/canaldana\\\/#\\\/schema\\\/person\\\/3c21f22f56fcf3bc46b94bc60ea4fef6\"},\"headline\":\"Vendas de ve\u00edculos financiados subiram 6,8% em 2021, segundo dados da B3\",\"datePublished\":\"2022-01-17T11:43:50+00:00\",\"mainEntityOfPage\":{\"@id\":\"https:\\\/\\\/dana.com.br\\\/canaldana\\\/2022\\\/01\\\/17\\\/vendas-de-veiculos-financiados-subiram-68-em-2021-segundo-dados-da-b3\\\/\"},\"wordCount\":356,\"articleSection\":[\"Destaques\"],\"inLanguage\":\"pt-BR\"},{\"@type\":\"WebPage\",\"@id\":\"https:\\\/\\\/dana.com.br\\\/canaldana\\\/2022\\\/01\\\/17\\\/vendas-de-veiculos-financiados-subiram-68-em-2021-segundo-dados-da-b3\\\/\",\"url\":\"https:\\\/\\\/dana.com.br\\\/canaldana\\\/2022\\\/01\\\/17\\\/vendas-de-veiculos-financiados-subiram-68-em-2021-segundo-dados-da-b3\\\/\",\"name\":\"Vendas de ve\u00edculos financiados subiram 6,8% em 2021, segundo dados da B3 - Canal Dana\",\"isPartOf\":{\"@id\":\"https:\\\/\\\/dana.com.br\\\/canaldana\\\/#website\"},\"datePublished\":\"2022-01-17T11:43:50+00:00\",\"author\":{\"@id\":\"https:\\\/\\\/dana.com.br\\\/canaldana\\\/#\\\/schema\\\/person\\\/3c21f22f56fcf3bc46b94bc60ea4fef6\"},\"breadcrumb\":{\"@id\":\"https:\\\/\\\/dana.com.br\\\/canaldana\\\/2022\\\/01\\\/17\\\/vendas-de-veiculos-financiados-subiram-68-em-2021-segundo-dados-da-b3\\\/#breadcrumb\"},\"inLanguage\":\"pt-BR\",\"potentialAction\":[{\"@type\":\"ReadAction\",\"target\":[\"https:\\\/\\\/dana.com.br\\\/canaldana\\\/2022\\\/01\\\/17\\\/vendas-de-veiculos-financiados-subiram-68-em-2021-segundo-dados-da-b3\\\/\"]}]},{\"@type\":\"BreadcrumbList\",\"@id\":\"https:\\\/\\\/dana.com.br\\\/canaldana\\\/2022\\\/01\\\/17\\\/vendas-de-veiculos-financiados-subiram-68-em-2021-segundo-dados-da-b3\\\/#breadcrumb\",\"itemListElement\":[{\"@type\":\"ListItem\",\"position\":1,\"name\":\"Home\",\"item\":\"https:\\\/\\\/dana.com.br\\\/canaldana\\\/\"},{\"@type\":\"ListItem\",\"position\":2,\"name\":\"Destaques\",\"item\":\"https:\\\/\\\/dana.com.br\\\/canaldana\\\/destaques\\\/\"},{\"@type\":\"ListItem\",\"position\":3,\"name\":\"Vendas de ve\u00edculos financiados subiram 6,8% em 2021, segundo dados da B3\"}]},{\"@type\":\"WebSite\",\"@id\":\"https:\\\/\\\/dana.com.br\\\/canaldana\\\/#website\",\"url\":\"https:\\\/\\\/dana.com.br\\\/canaldana\\\/\",\"name\":\"Canal Dana\",\"description\":\"Informativo com as principais not\u00edcias da ind\u00fastria automotiva\",\"potentialAction\":[{\"@type\":\"SearchAction\",\"target\":{\"@type\":\"EntryPoint\",\"urlTemplate\":\"https:\\\/\\\/dana.com.br\\\/canaldana\\\/?s={search_term_string}\"},\"query-input\":{\"@type\":\"PropertyValueSpecification\",\"valueRequired\":true,\"valueName\":\"search_term_string\"}}],\"inLanguage\":\"pt-BR\"},{\"@type\":\"Person\",\"@id\":\"https:\\\/\\\/dana.com.br\\\/canaldana\\\/#\\\/schema\\\/person\\\/3c21f22f56fcf3bc46b94bc60ea4fef6\",\"name\":\"Canal Dana\",\"image\":{\"@type\":\"ImageObject\",\"inLanguage\":\"pt-BR\",\"@id\":\"https:\\\/\\\/secure.gravatar.com\\\/avatar\\\/420aaf9278582877d9018637c6817617705899d2858d7572ef0fe59a6b6454b4?s=96&d=mm&r=g\",\"url\":\"https:\\\/\\\/secure.gravatar.com\\\/avatar\\\/420aaf9278582877d9018637c6817617705899d2858d7572ef0fe59a6b6454b4?s=96&d=mm&r=g\",\"contentUrl\":\"https:\\\/\\\/secure.gravatar.com\\\/avatar\\\/420aaf9278582877d9018637c6817617705899d2858d7572ef0fe59a6b6454b4?s=96&d=mm&r=g\",\"caption\":\"Canal Dana\"},\"url\":\"https:\\\/\\\/dana.com.br\\\/canaldana\\\/author\\\/cdeditor\\\/\"}]}<\/script>\n<!-- \/ Yoast SEO plugin. -->","yoast_head_json":{"title":"Vendas de ve\u00edculos financiados subiram 6,8% em 2021, segundo dados da B3 - Canal Dana","robots":{"index":"index","follow":"follow","max-snippet":"max-snippet:-1","max-image-preview":"max-image-preview:large","max-video-preview":"max-video-preview:-1"},"canonical":"https:\/\/dana.com.br\/canaldana\/2022\/01\/17\/vendas-de-veiculos-financiados-subiram-68-em-2021-segundo-dados-da-b3\/","og_locale":"pt_BR","og_type":"article","og_title":"Vendas de ve\u00edculos financiados subiram 6,8% em 2021, segundo dados da B3 - Canal Dana","og_description":"CNN Brasil Business &nbsp; As vendas de ve\u00edculos financiados em 2021 subiram 6,8% em rela\u00e7\u00e3o a 2020, informou a B3 nesta sexta-feira (14). Ao todo, foram financiadas as compras de 5,9 milh\u00f5es de unidades novas ou usadas, e a alta equivale a 375 mil ve\u00edculos a mais ante o ano anterior. &nbsp; Segundo os dados\u2026 Leia mais \u00bb","og_url":"https:\/\/dana.com.br\/canaldana\/2022\/01\/17\/vendas-de-veiculos-financiados-subiram-68-em-2021-segundo-dados-da-b3\/","og_site_name":"Canal Dana","article_published_time":"2022-01-17T11:43:50+00:00","author":"Canal Dana","twitter_card":"summary_large_image","twitter_misc":{"Escrito por":"Canal Dana","Est. tempo de leitura":"2 minutos"},"schema":{"@context":"https:\/\/schema.org","@graph":[{"@type":"Article","@id":"https:\/\/dana.com.br\/canaldana\/2022\/01\/17\/vendas-de-veiculos-financiados-subiram-68-em-2021-segundo-dados-da-b3\/#article","isPartOf":{"@id":"https:\/\/dana.com.br\/canaldana\/2022\/01\/17\/vendas-de-veiculos-financiados-subiram-68-em-2021-segundo-dados-da-b3\/"},"author":{"name":"Canal Dana","@id":"https:\/\/dana.com.br\/canaldana\/#\/schema\/person\/3c21f22f56fcf3bc46b94bc60ea4fef6"},"headline":"Vendas de ve\u00edculos financiados subiram 6,8% em 2021, segundo dados da B3","datePublished":"2022-01-17T11:43:50+00:00","mainEntityOfPage":{"@id":"https:\/\/dana.com.br\/canaldana\/2022\/01\/17\/vendas-de-veiculos-financiados-subiram-68-em-2021-segundo-dados-da-b3\/"},"wordCount":356,"articleSection":["Destaques"],"inLanguage":"pt-BR"},{"@type":"WebPage","@id":"https:\/\/dana.com.br\/canaldana\/2022\/01\/17\/vendas-de-veiculos-financiados-subiram-68-em-2021-segundo-dados-da-b3\/","url":"https:\/\/dana.com.br\/canaldana\/2022\/01\/17\/vendas-de-veiculos-financiados-subiram-68-em-2021-segundo-dados-da-b3\/","name":"Vendas de ve\u00edculos financiados subiram 6,8% em 2021, segundo dados da B3 - Canal Dana","isPartOf":{"@id":"https:\/\/dana.com.br\/canaldana\/#website"},"datePublished":"2022-01-17T11:43:50+00:00","author":{"@id":"https:\/\/dana.com.br\/canaldana\/#\/schema\/person\/3c21f22f56fcf3bc46b94bc60ea4fef6"},"breadcrumb":{"@id":"https:\/\/dana.com.br\/canaldana\/2022\/01\/17\/vendas-de-veiculos-financiados-subiram-68-em-2021-segundo-dados-da-b3\/#breadcrumb"},"inLanguage":"pt-BR","potentialAction":[{"@type":"ReadAction","target":["https:\/\/dana.com.br\/canaldana\/2022\/01\/17\/vendas-de-veiculos-financiados-subiram-68-em-2021-segundo-dados-da-b3\/"]}]},{"@type":"BreadcrumbList","@id":"https:\/\/dana.com.br\/canaldana\/2022\/01\/17\/vendas-de-veiculos-financiados-subiram-68-em-2021-segundo-dados-da-b3\/#breadcrumb","itemListElement":[{"@type":"ListItem","position":1,"name":"Home","item":"https:\/\/dana.com.br\/canaldana\/"},{"@type":"ListItem","position":2,"name":"Destaques","item":"https:\/\/dana.com.br\/canaldana\/destaques\/"},{"@type":"ListItem","position":3,"name":"Vendas de ve\u00edculos financiados subiram 6,8% em 2021, segundo dados da B3"}]},{"@type":"WebSite","@id":"https:\/\/dana.com.br\/canaldana\/#website","url":"https:\/\/dana.com.br\/canaldana\/","name":"Canal Dana","description":"Informativo com as principais not\u00edcias da ind\u00fastria automotiva","potentialAction":[{"@type":"SearchAction","target":{"@type":"EntryPoint","urlTemplate":"https:\/\/dana.com.br\/canaldana\/?s={search_term_string}"},"query-input":{"@type":"PropertyValueSpecification","valueRequired":true,"valueName":"search_term_string"}}],"inLanguage":"pt-BR"},{"@type":"Person","@id":"https:\/\/dana.com.br\/canaldana\/#\/schema\/person\/3c21f22f56fcf3bc46b94bc60ea4fef6","name":"Canal Dana","image":{"@type":"ImageObject","inLanguage":"pt-BR","@id":"https:\/\/secure.gravatar.com\/avatar\/420aaf9278582877d9018637c6817617705899d2858d7572ef0fe59a6b6454b4?s=96&d=mm&r=g","url":"https:\/\/secure.gravatar.com\/avatar\/420aaf9278582877d9018637c6817617705899d2858d7572ef0fe59a6b6454b4?s=96&d=mm&r=g","contentUrl":"https:\/\/secure.gravatar.com\/avatar\/420aaf9278582877d9018637c6817617705899d2858d7572ef0fe59a6b6454b4?s=96&d=mm&r=g","caption":"Canal Dana"},"url":"https:\/\/dana.com.br\/canaldana\/author\/cdeditor\/"}]}},"_links":{"self":[{"href":"https:\/\/dana.com.br\/canaldana\/wp-json\/wp\/v2\/posts\/55549","targetHints":{"allow":["GET"]}}],"collection":[{"href":"https:\/\/dana.com.br\/canaldana\/wp-json\/wp\/v2\/posts"}],"about":[{"href":"https:\/\/dana.com.br\/canaldana\/wp-json\/wp\/v2\/types\/post"}],"author":[{"embeddable":true,"href":"https:\/\/dana.com.br\/canaldana\/wp-json\/wp\/v2\/users\/3"}],"replies":[{"embeddable":true,"href":"https:\/\/dana.com.br\/canaldana\/wp-json\/wp\/v2\/comments?post=55549"}],"version-history":[{"count":0,"href":"https:\/\/dana.com.br\/canaldana\/wp-json\/wp\/v2\/posts\/55549\/revisions"}],"wp:attachment":[{"href":"https:\/\/dana.com.br\/canaldana\/wp-json\/wp\/v2\/media?parent=55549"}],"wp:term":[{"taxonomy":"category","embeddable":true,"href":"https:\/\/dana.com.br\/canaldana\/wp-json\/wp\/v2\/categories?post=55549"},{"taxonomy":"post_tag","embeddable":true,"href":"https:\/\/dana.com.br\/canaldana\/wp-json\/wp\/v2\/tags?post=55549"}],"curies":[{"name":"wp","href":"https:\/\/api.w.org\/{rel}","templated":true}]}}