{"id":55547,"date":"2022-01-17T08:43:08","date_gmt":"2022-01-17T11:43:08","guid":{"rendered":"https:\/\/dana.com.br\/canaldana\/?p=55547"},"modified":"2022-01-17T08:43:08","modified_gmt":"2022-01-17T11:43:08","slug":"demanda-por-financiamento-de-pesados-cresce-18-em-2021","status":"publish","type":"post","link":"https:\/\/dana.com.br\/canaldana\/2022\/01\/17\/demanda-por-financiamento-de-pesados-cresce-18-em-2021\/","title":{"rendered":"Demanda por financiamento de pesados cresce 18% em 2021"},"content":{"rendered":"<p><em>AutoInd\u00fastria<\/em><\/p>\n<p>&nbsp;<\/p>\n<p>A demanda por financiamento no setor automotivo teve alta de 6,8% em 2021, abrangendo 5,9 milh\u00f5es de unidades considerando ve\u00edculos leves, pesados e motocicletas, tanto novos quanto usados. Os dados foram divulgados nesta sexta-feira, 14, pela B3, informando que os modelos 0 km respondem por 20% de todos os neg\u00f3cios efetivados no ano.<\/p>\n<p>&nbsp;<\/p>\n<p>Os destaques no balan\u00e7o de 2021 foram os segmentos de pesados, principalmente caminh\u00f5es, e motocicletas, nos quais o volume de financiamento teve expans\u00f5es de, respectivamente, 18% e 17,8%. J\u00e1 a aprova\u00e7\u00e3o de cr\u00e9dito para compra de autom\u00f3veis cresceu apenas 4%.<\/p>\n<p>&nbsp;<\/p>\n<p>\u201cEm 2020, os financiamentos de ve\u00edculos sofreram uma queda brusca, devido \u00e0 pandemia de Covid-19 e, em 2021, vimos uma melhora neste cen\u00e1rio, principalmente no primeiro semestre\u201d, lembra Tatiana Masumoto Costa, superintendente de planejamento da B3. \u201cO impacto na venda de ve\u00edculos novos ao longo do ano, principalmente devido \u00e0 escassez global de semicondutores, freou um crescimento mais forte em 2021\u201d.<\/p>\n<p>&nbsp;<\/p>\n<p>No caso dos ve\u00edculos usados, a alta no comparativo interanual foi de 10,7%. Quanto maior o tempo de uso do modelo, maios o \u00edndice de crescimento. A faixa com 9 a 12 anos teve aumento de 31,5%, enquanto os com mais de 12 anos registraram o expressivo aumento de 71,4%. J\u00e1 os ve\u00edculos novos sofreram queda de 1,4% no total de vendas a cr\u00e9dito. Entre eles, a categoria de dos leves teve recuo de 15% no acumulado do ano.<\/p>\n<p>&nbsp;<\/p>\n<p>Com rela\u00e7\u00e3o a dezembro, houve queda de 16,8% no montante dos ve\u00edculos financiados, com destaque para os autom\u00f3veis que tiveram queda de 22% nas vendas a cr\u00e9dito. J\u00e1 o segmento de motos registrou alta de 8% e o de ve\u00edculos pesados de 3% no m\u00eas passado em rela\u00e7\u00e3o a novembro, confirmando comportamento predominante ao longo de todo o ano de 2021. (AutoInd\u00fastria)<\/p>\n","protected":false},"excerpt":{"rendered":"<p>AutoInd\u00fastria &nbsp; A demanda por financiamento no setor automotivo teve alta de 6,8% em 2021, abrangendo 5,9 milh\u00f5es de unidades considerando ve\u00edculos leves, pesados e motocicletas, tanto novos quanto usados. Os dados foram divulgados nesta sexta-feira, 14, pela B3, informando que os modelos 0 km respondem por 20% de todos os neg\u00f3cios efetivados no ano.\u2026 <a class=\"readmore\" href=\"https:\/\/dana.com.br\/canaldana\/2022\/01\/17\/demanda-por-financiamento-de-pesados-cresce-18-em-2021\/\">Leia mais \u00bb<\/a><\/p>\n","protected":false},"author":3,"featured_media":0,"comment_status":"closed","ping_status":"closed","sticky":false,"template":"","format":"standard","meta":{"_acf_changed":false,"footnotes":""},"categories":[79],"tags":[],"class_list":["post-55547","post","type-post","status-publish","format-standard","hentry","category-mercado"],"acf":[],"yoast_head":"<!-- This site is optimized with the Yoast SEO plugin v27.3 - https:\/\/yoast.com\/product\/yoast-seo-wordpress\/ -->\n<title>Demanda por financiamento de pesados cresce 18% em 2021 - Canal Dana<\/title>\n<meta name=\"robots\" content=\"index, follow, max-snippet:-1, max-image-preview:large, max-video-preview:-1\" \/>\n<link rel=\"canonical\" href=\"https:\/\/dana.com.br\/canaldana\/2022\/01\/17\/demanda-por-financiamento-de-pesados-cresce-18-em-2021\/\" \/>\n<meta property=\"og:locale\" content=\"pt_BR\" \/>\n<meta property=\"og:type\" content=\"article\" \/>\n<meta property=\"og:title\" content=\"Demanda por financiamento de pesados cresce 18% em 2021 - Canal Dana\" \/>\n<meta property=\"og:description\" content=\"AutoInd\u00fastria &nbsp; A demanda por financiamento no setor automotivo teve alta de 6,8% em 2021, abrangendo 5,9 milh\u00f5es de unidades considerando ve\u00edculos leves, pesados e motocicletas, tanto novos quanto usados. Os dados foram divulgados nesta sexta-feira, 14, pela B3, informando que os modelos 0 km respondem por 20% de todos os neg\u00f3cios efetivados no ano.\u2026 Leia mais \u00bb\" \/>\n<meta property=\"og:url\" content=\"https:\/\/dana.com.br\/canaldana\/2022\/01\/17\/demanda-por-financiamento-de-pesados-cresce-18-em-2021\/\" \/>\n<meta property=\"og:site_name\" content=\"Canal Dana\" \/>\n<meta property=\"article:published_time\" content=\"2022-01-17T11:43:08+00:00\" \/>\n<meta name=\"author\" content=\"Canal Dana\" \/>\n<meta name=\"twitter:card\" content=\"summary_large_image\" \/>\n<meta name=\"twitter:label1\" content=\"Escrito por\" \/>\n\t<meta name=\"twitter:data1\" content=\"Canal Dana\" \/>\n\t<meta name=\"twitter:label2\" content=\"Est. tempo de leitura\" \/>\n\t<meta name=\"twitter:data2\" content=\"1 minuto\" \/>\n<script type=\"application\/ld+json\" class=\"yoast-schema-graph\">{\"@context\":\"https:\\\/\\\/schema.org\",\"@graph\":[{\"@type\":\"Article\",\"@id\":\"https:\\\/\\\/dana.com.br\\\/canaldana\\\/2022\\\/01\\\/17\\\/demanda-por-financiamento-de-pesados-cresce-18-em-2021\\\/#article\",\"isPartOf\":{\"@id\":\"https:\\\/\\\/dana.com.br\\\/canaldana\\\/2022\\\/01\\\/17\\\/demanda-por-financiamento-de-pesados-cresce-18-em-2021\\\/\"},\"author\":{\"name\":\"Canal Dana\",\"@id\":\"https:\\\/\\\/dana.com.br\\\/canaldana\\\/#\\\/schema\\\/person\\\/3c21f22f56fcf3bc46b94bc60ea4fef6\"},\"headline\":\"Demanda por financiamento de pesados cresce 18% em 2021\",\"datePublished\":\"2022-01-17T11:43:08+00:00\",\"mainEntityOfPage\":{\"@id\":\"https:\\\/\\\/dana.com.br\\\/canaldana\\\/2022\\\/01\\\/17\\\/demanda-por-financiamento-de-pesados-cresce-18-em-2021\\\/\"},\"wordCount\":304,\"articleSection\":[\"Mercado\"],\"inLanguage\":\"pt-BR\"},{\"@type\":\"WebPage\",\"@id\":\"https:\\\/\\\/dana.com.br\\\/canaldana\\\/2022\\\/01\\\/17\\\/demanda-por-financiamento-de-pesados-cresce-18-em-2021\\\/\",\"url\":\"https:\\\/\\\/dana.com.br\\\/canaldana\\\/2022\\\/01\\\/17\\\/demanda-por-financiamento-de-pesados-cresce-18-em-2021\\\/\",\"name\":\"Demanda por financiamento de pesados cresce 18% em 2021 - Canal Dana\",\"isPartOf\":{\"@id\":\"https:\\\/\\\/dana.com.br\\\/canaldana\\\/#website\"},\"datePublished\":\"2022-01-17T11:43:08+00:00\",\"author\":{\"@id\":\"https:\\\/\\\/dana.com.br\\\/canaldana\\\/#\\\/schema\\\/person\\\/3c21f22f56fcf3bc46b94bc60ea4fef6\"},\"breadcrumb\":{\"@id\":\"https:\\\/\\\/dana.com.br\\\/canaldana\\\/2022\\\/01\\\/17\\\/demanda-por-financiamento-de-pesados-cresce-18-em-2021\\\/#breadcrumb\"},\"inLanguage\":\"pt-BR\",\"potentialAction\":[{\"@type\":\"ReadAction\",\"target\":[\"https:\\\/\\\/dana.com.br\\\/canaldana\\\/2022\\\/01\\\/17\\\/demanda-por-financiamento-de-pesados-cresce-18-em-2021\\\/\"]}]},{\"@type\":\"BreadcrumbList\",\"@id\":\"https:\\\/\\\/dana.com.br\\\/canaldana\\\/2022\\\/01\\\/17\\\/demanda-por-financiamento-de-pesados-cresce-18-em-2021\\\/#breadcrumb\",\"itemListElement\":[{\"@type\":\"ListItem\",\"position\":1,\"name\":\"Home\",\"item\":\"https:\\\/\\\/dana.com.br\\\/canaldana\\\/\"},{\"@type\":\"ListItem\",\"position\":2,\"name\":\"Mercado\",\"item\":\"https:\\\/\\\/dana.com.br\\\/canaldana\\\/mercado\\\/\"},{\"@type\":\"ListItem\",\"position\":3,\"name\":\"Demanda por financiamento de pesados cresce 18% em 2021\"}]},{\"@type\":\"WebSite\",\"@id\":\"https:\\\/\\\/dana.com.br\\\/canaldana\\\/#website\",\"url\":\"https:\\\/\\\/dana.com.br\\\/canaldana\\\/\",\"name\":\"Canal Dana\",\"description\":\"Informativo com as principais not\u00edcias da ind\u00fastria automotiva\",\"potentialAction\":[{\"@type\":\"SearchAction\",\"target\":{\"@type\":\"EntryPoint\",\"urlTemplate\":\"https:\\\/\\\/dana.com.br\\\/canaldana\\\/?s={search_term_string}\"},\"query-input\":{\"@type\":\"PropertyValueSpecification\",\"valueRequired\":true,\"valueName\":\"search_term_string\"}}],\"inLanguage\":\"pt-BR\"},{\"@type\":\"Person\",\"@id\":\"https:\\\/\\\/dana.com.br\\\/canaldana\\\/#\\\/schema\\\/person\\\/3c21f22f56fcf3bc46b94bc60ea4fef6\",\"name\":\"Canal Dana\",\"image\":{\"@type\":\"ImageObject\",\"inLanguage\":\"pt-BR\",\"@id\":\"https:\\\/\\\/secure.gravatar.com\\\/avatar\\\/420aaf9278582877d9018637c6817617705899d2858d7572ef0fe59a6b6454b4?s=96&d=mm&r=g\",\"url\":\"https:\\\/\\\/secure.gravatar.com\\\/avatar\\\/420aaf9278582877d9018637c6817617705899d2858d7572ef0fe59a6b6454b4?s=96&d=mm&r=g\",\"contentUrl\":\"https:\\\/\\\/secure.gravatar.com\\\/avatar\\\/420aaf9278582877d9018637c6817617705899d2858d7572ef0fe59a6b6454b4?s=96&d=mm&r=g\",\"caption\":\"Canal Dana\"},\"url\":\"https:\\\/\\\/dana.com.br\\\/canaldana\\\/author\\\/cdeditor\\\/\"}]}<\/script>\n<!-- \/ Yoast SEO plugin. -->","yoast_head_json":{"title":"Demanda por financiamento de pesados cresce 18% em 2021 - Canal Dana","robots":{"index":"index","follow":"follow","max-snippet":"max-snippet:-1","max-image-preview":"max-image-preview:large","max-video-preview":"max-video-preview:-1"},"canonical":"https:\/\/dana.com.br\/canaldana\/2022\/01\/17\/demanda-por-financiamento-de-pesados-cresce-18-em-2021\/","og_locale":"pt_BR","og_type":"article","og_title":"Demanda por financiamento de pesados cresce 18% em 2021 - Canal Dana","og_description":"AutoInd\u00fastria &nbsp; A demanda por financiamento no setor automotivo teve alta de 6,8% em 2021, abrangendo 5,9 milh\u00f5es de unidades considerando ve\u00edculos leves, pesados e motocicletas, tanto novos quanto usados. Os dados foram divulgados nesta sexta-feira, 14, pela B3, informando que os modelos 0 km respondem por 20% de todos os neg\u00f3cios efetivados no ano.\u2026 Leia mais \u00bb","og_url":"https:\/\/dana.com.br\/canaldana\/2022\/01\/17\/demanda-por-financiamento-de-pesados-cresce-18-em-2021\/","og_site_name":"Canal Dana","article_published_time":"2022-01-17T11:43:08+00:00","author":"Canal Dana","twitter_card":"summary_large_image","twitter_misc":{"Escrito por":"Canal Dana","Est. tempo de leitura":"1 minuto"},"schema":{"@context":"https:\/\/schema.org","@graph":[{"@type":"Article","@id":"https:\/\/dana.com.br\/canaldana\/2022\/01\/17\/demanda-por-financiamento-de-pesados-cresce-18-em-2021\/#article","isPartOf":{"@id":"https:\/\/dana.com.br\/canaldana\/2022\/01\/17\/demanda-por-financiamento-de-pesados-cresce-18-em-2021\/"},"author":{"name":"Canal Dana","@id":"https:\/\/dana.com.br\/canaldana\/#\/schema\/person\/3c21f22f56fcf3bc46b94bc60ea4fef6"},"headline":"Demanda por financiamento de pesados cresce 18% em 2021","datePublished":"2022-01-17T11:43:08+00:00","mainEntityOfPage":{"@id":"https:\/\/dana.com.br\/canaldana\/2022\/01\/17\/demanda-por-financiamento-de-pesados-cresce-18-em-2021\/"},"wordCount":304,"articleSection":["Mercado"],"inLanguage":"pt-BR"},{"@type":"WebPage","@id":"https:\/\/dana.com.br\/canaldana\/2022\/01\/17\/demanda-por-financiamento-de-pesados-cresce-18-em-2021\/","url":"https:\/\/dana.com.br\/canaldana\/2022\/01\/17\/demanda-por-financiamento-de-pesados-cresce-18-em-2021\/","name":"Demanda por financiamento de pesados cresce 18% em 2021 - Canal Dana","isPartOf":{"@id":"https:\/\/dana.com.br\/canaldana\/#website"},"datePublished":"2022-01-17T11:43:08+00:00","author":{"@id":"https:\/\/dana.com.br\/canaldana\/#\/schema\/person\/3c21f22f56fcf3bc46b94bc60ea4fef6"},"breadcrumb":{"@id":"https:\/\/dana.com.br\/canaldana\/2022\/01\/17\/demanda-por-financiamento-de-pesados-cresce-18-em-2021\/#breadcrumb"},"inLanguage":"pt-BR","potentialAction":[{"@type":"ReadAction","target":["https:\/\/dana.com.br\/canaldana\/2022\/01\/17\/demanda-por-financiamento-de-pesados-cresce-18-em-2021\/"]}]},{"@type":"BreadcrumbList","@id":"https:\/\/dana.com.br\/canaldana\/2022\/01\/17\/demanda-por-financiamento-de-pesados-cresce-18-em-2021\/#breadcrumb","itemListElement":[{"@type":"ListItem","position":1,"name":"Home","item":"https:\/\/dana.com.br\/canaldana\/"},{"@type":"ListItem","position":2,"name":"Mercado","item":"https:\/\/dana.com.br\/canaldana\/mercado\/"},{"@type":"ListItem","position":3,"name":"Demanda por financiamento de pesados cresce 18% em 2021"}]},{"@type":"WebSite","@id":"https:\/\/dana.com.br\/canaldana\/#website","url":"https:\/\/dana.com.br\/canaldana\/","name":"Canal Dana","description":"Informativo com as principais not\u00edcias da ind\u00fastria automotiva","potentialAction":[{"@type":"SearchAction","target":{"@type":"EntryPoint","urlTemplate":"https:\/\/dana.com.br\/canaldana\/?s={search_term_string}"},"query-input":{"@type":"PropertyValueSpecification","valueRequired":true,"valueName":"search_term_string"}}],"inLanguage":"pt-BR"},{"@type":"Person","@id":"https:\/\/dana.com.br\/canaldana\/#\/schema\/person\/3c21f22f56fcf3bc46b94bc60ea4fef6","name":"Canal Dana","image":{"@type":"ImageObject","inLanguage":"pt-BR","@id":"https:\/\/secure.gravatar.com\/avatar\/420aaf9278582877d9018637c6817617705899d2858d7572ef0fe59a6b6454b4?s=96&d=mm&r=g","url":"https:\/\/secure.gravatar.com\/avatar\/420aaf9278582877d9018637c6817617705899d2858d7572ef0fe59a6b6454b4?s=96&d=mm&r=g","contentUrl":"https:\/\/secure.gravatar.com\/avatar\/420aaf9278582877d9018637c6817617705899d2858d7572ef0fe59a6b6454b4?s=96&d=mm&r=g","caption":"Canal Dana"},"url":"https:\/\/dana.com.br\/canaldana\/author\/cdeditor\/"}]}},"_links":{"self":[{"href":"https:\/\/dana.com.br\/canaldana\/wp-json\/wp\/v2\/posts\/55547","targetHints":{"allow":["GET"]}}],"collection":[{"href":"https:\/\/dana.com.br\/canaldana\/wp-json\/wp\/v2\/posts"}],"about":[{"href":"https:\/\/dana.com.br\/canaldana\/wp-json\/wp\/v2\/types\/post"}],"author":[{"embeddable":true,"href":"https:\/\/dana.com.br\/canaldana\/wp-json\/wp\/v2\/users\/3"}],"replies":[{"embeddable":true,"href":"https:\/\/dana.com.br\/canaldana\/wp-json\/wp\/v2\/comments?post=55547"}],"version-history":[{"count":0,"href":"https:\/\/dana.com.br\/canaldana\/wp-json\/wp\/v2\/posts\/55547\/revisions"}],"wp:attachment":[{"href":"https:\/\/dana.com.br\/canaldana\/wp-json\/wp\/v2\/media?parent=55547"}],"wp:term":[{"taxonomy":"category","embeddable":true,"href":"https:\/\/dana.com.br\/canaldana\/wp-json\/wp\/v2\/categories?post=55547"},{"taxonomy":"post_tag","embeddable":true,"href":"https:\/\/dana.com.br\/canaldana\/wp-json\/wp\/v2\/tags?post=55547"}],"curies":[{"name":"wp","href":"https:\/\/api.w.org\/{rel}","templated":true}]}}