{"id":55531,"date":"2022-01-17T08:38:31","date_gmt":"2022-01-17T11:38:31","guid":{"rendered":"https:\/\/dana.com.br\/canaldana\/?p=55531"},"modified":"2022-01-17T08:38:31","modified_gmt":"2022-01-17T11:38:31","slug":"renault-sera-totalmente-eletrica-na-europa-ate-2030","status":"publish","type":"post","link":"https:\/\/dana.com.br\/canaldana\/2022\/01\/17\/renault-sera-totalmente-eletrica-na-europa-ate-2030\/","title":{"rendered":"Renault ser\u00e1 totalmente el\u00e9trica na Europa at\u00e9 2030"},"content":{"rendered":"<p><em>AutoInd\u00fastria<\/em><\/p>\n<p>&nbsp;<\/p>\n<p>A Renault est\u00e1 pisando ainda mais fundo no acelerador do processo de eletrifica\u00e7\u00e3o de seus ve\u00edculos e antecipar\u00e1 suas metas. Pelo menos \u00e9 o que teria deixado claro Luca de Meo, CEO mundial da montadora, segundo relata a Automotive News Europa.<\/p>\n<p>&nbsp;<\/p>\n<p>Em um evento de m\u00eddia, relata a publica\u00e7\u00e3o europeia, o executivo afirmou que a Renault se tornar\u00e1 integralmente el\u00e9trica na Europa j\u00e1 em 2030, antes portanto do que se imaginava anteriormente.<\/p>\n<p>&nbsp;<\/p>\n<p>At\u00e9 agora, era previsto que no mesmo prazo a marca francesa tivesse 90% de sua linha el\u00e9trica no continente e os 10% restantes seguissem movidos por outras fontes de energia.<\/p>\n<p>&nbsp;<\/p>\n<p>A Renault, por\u00e9m, admite ter um \u201cplano B\u201d, caso surjam empecilhos t\u00e9cnicos ou econ\u00f4micos que possam atrasar a expans\u00e3o da oferta de el\u00e9tricos, como infraestrutura de recarga insuficiente ou os altos pre\u00e7os da eletricidade, e seguiria produzindo e vendendo carros com motor de combust\u00e3o interna at\u00e9 um segundo momento para a transi\u00e7\u00e3o total.<\/p>\n<p>&nbsp;<\/p>\n<p>De Meo tamb\u00e9m antecipou que a Dacia, outra marca do Grupo Renault, ser\u00e1 gradualmente eletrificada, ainda que em ritmo mais lento. \u201cA Dacia ser\u00e1 eletrificada no \u00faltimo momento poss\u00edvel, de modo que respeite sua proposta de venda de valor por dinheiro \u2018, teria afirmado.<\/p>\n<p>&nbsp;<\/p>\n<p>Muito provavelmente, portanto, ap\u00f3s 2030, j\u00e1 que a Uni\u00e3o Europeia pretende que as vendas de ve\u00edculos a combust\u00e3o interna sejam encerradas at\u00e9 2035 nos pa\u00edses do bloco.<\/p>\n<p>&nbsp;<\/p>\n<p>O pr\u00f3ximo passo para a Renault na Europa \u00e9 lan\u00e7ar o Megane E-Tech Electric, baseado na plataforma CMF-EV, e o novo Kangoo Van E-TECH Electric, ambos totalmente el\u00e9tricos. (AutoInd\u00fastria)<\/p>\n","protected":false},"excerpt":{"rendered":"<p>AutoInd\u00fastria &nbsp; A Renault est\u00e1 pisando ainda mais fundo no acelerador do processo de eletrifica\u00e7\u00e3o de seus ve\u00edculos e antecipar\u00e1 suas metas. Pelo menos \u00e9 o que teria deixado claro Luca de Meo, CEO mundial da montadora, segundo relata a Automotive News Europa. &nbsp; Em um evento de m\u00eddia, relata a publica\u00e7\u00e3o europeia, o executivo\u2026 <a class=\"readmore\" href=\"https:\/\/dana.com.br\/canaldana\/2022\/01\/17\/renault-sera-totalmente-eletrica-na-europa-ate-2030\/\">Leia mais \u00bb<\/a><\/p>\n","protected":false},"author":3,"featured_media":0,"comment_status":"closed","ping_status":"closed","sticky":false,"template":"","format":"standard","meta":{"_acf_changed":false,"footnotes":""},"categories":[110],"tags":[],"class_list":["post-55531","post","type-post","status-publish","format-standard","hentry","category-eletricos"],"acf":[],"yoast_head":"<!-- This site is optimized with the Yoast SEO plugin v27.3 - https:\/\/yoast.com\/product\/yoast-seo-wordpress\/ -->\n<title>Renault ser\u00e1 totalmente el\u00e9trica na Europa at\u00e9 2030 - Canal Dana<\/title>\n<meta name=\"robots\" content=\"index, follow, max-snippet:-1, max-image-preview:large, max-video-preview:-1\" \/>\n<link rel=\"canonical\" href=\"https:\/\/dana.com.br\/canaldana\/2022\/01\/17\/renault-sera-totalmente-eletrica-na-europa-ate-2030\/\" \/>\n<meta property=\"og:locale\" content=\"pt_BR\" \/>\n<meta property=\"og:type\" content=\"article\" \/>\n<meta property=\"og:title\" content=\"Renault ser\u00e1 totalmente el\u00e9trica na Europa at\u00e9 2030 - Canal Dana\" \/>\n<meta property=\"og:description\" content=\"AutoInd\u00fastria &nbsp; A Renault est\u00e1 pisando ainda mais fundo no acelerador do processo de eletrifica\u00e7\u00e3o de seus ve\u00edculos e antecipar\u00e1 suas metas. Pelo menos \u00e9 o que teria deixado claro Luca de Meo, CEO mundial da montadora, segundo relata a Automotive News Europa. &nbsp; Em um evento de m\u00eddia, relata a publica\u00e7\u00e3o europeia, o executivo\u2026 Leia mais \u00bb\" \/>\n<meta property=\"og:url\" content=\"https:\/\/dana.com.br\/canaldana\/2022\/01\/17\/renault-sera-totalmente-eletrica-na-europa-ate-2030\/\" \/>\n<meta property=\"og:site_name\" content=\"Canal Dana\" \/>\n<meta property=\"article:published_time\" content=\"2022-01-17T11:38:31+00:00\" \/>\n<meta name=\"author\" content=\"Canal Dana\" \/>\n<meta name=\"twitter:card\" content=\"summary_large_image\" \/>\n<meta name=\"twitter:label1\" content=\"Escrito por\" \/>\n\t<meta name=\"twitter:data1\" content=\"Canal Dana\" \/>\n\t<meta name=\"twitter:label2\" content=\"Est. tempo de leitura\" \/>\n\t<meta name=\"twitter:data2\" content=\"1 minuto\" \/>\n<script type=\"application\/ld+json\" class=\"yoast-schema-graph\">{\"@context\":\"https:\\\/\\\/schema.org\",\"@graph\":[{\"@type\":\"Article\",\"@id\":\"https:\\\/\\\/dana.com.br\\\/canaldana\\\/2022\\\/01\\\/17\\\/renault-sera-totalmente-eletrica-na-europa-ate-2030\\\/#article\",\"isPartOf\":{\"@id\":\"https:\\\/\\\/dana.com.br\\\/canaldana\\\/2022\\\/01\\\/17\\\/renault-sera-totalmente-eletrica-na-europa-ate-2030\\\/\"},\"author\":{\"name\":\"Canal Dana\",\"@id\":\"https:\\\/\\\/dana.com.br\\\/canaldana\\\/#\\\/schema\\\/person\\\/3c21f22f56fcf3bc46b94bc60ea4fef6\"},\"headline\":\"Renault ser\u00e1 totalmente el\u00e9trica na Europa at\u00e9 2030\",\"datePublished\":\"2022-01-17T11:38:31+00:00\",\"mainEntityOfPage\":{\"@id\":\"https:\\\/\\\/dana.com.br\\\/canaldana\\\/2022\\\/01\\\/17\\\/renault-sera-totalmente-eletrica-na-europa-ate-2030\\\/\"},\"wordCount\":289,\"articleSection\":[\"El\u00e9tricos\"],\"inLanguage\":\"pt-BR\"},{\"@type\":\"WebPage\",\"@id\":\"https:\\\/\\\/dana.com.br\\\/canaldana\\\/2022\\\/01\\\/17\\\/renault-sera-totalmente-eletrica-na-europa-ate-2030\\\/\",\"url\":\"https:\\\/\\\/dana.com.br\\\/canaldana\\\/2022\\\/01\\\/17\\\/renault-sera-totalmente-eletrica-na-europa-ate-2030\\\/\",\"name\":\"Renault ser\u00e1 totalmente el\u00e9trica na Europa at\u00e9 2030 - Canal Dana\",\"isPartOf\":{\"@id\":\"https:\\\/\\\/dana.com.br\\\/canaldana\\\/#website\"},\"datePublished\":\"2022-01-17T11:38:31+00:00\",\"author\":{\"@id\":\"https:\\\/\\\/dana.com.br\\\/canaldana\\\/#\\\/schema\\\/person\\\/3c21f22f56fcf3bc46b94bc60ea4fef6\"},\"breadcrumb\":{\"@id\":\"https:\\\/\\\/dana.com.br\\\/canaldana\\\/2022\\\/01\\\/17\\\/renault-sera-totalmente-eletrica-na-europa-ate-2030\\\/#breadcrumb\"},\"inLanguage\":\"pt-BR\",\"potentialAction\":[{\"@type\":\"ReadAction\",\"target\":[\"https:\\\/\\\/dana.com.br\\\/canaldana\\\/2022\\\/01\\\/17\\\/renault-sera-totalmente-eletrica-na-europa-ate-2030\\\/\"]}]},{\"@type\":\"BreadcrumbList\",\"@id\":\"https:\\\/\\\/dana.com.br\\\/canaldana\\\/2022\\\/01\\\/17\\\/renault-sera-totalmente-eletrica-na-europa-ate-2030\\\/#breadcrumb\",\"itemListElement\":[{\"@type\":\"ListItem\",\"position\":1,\"name\":\"Home\",\"item\":\"https:\\\/\\\/dana.com.br\\\/canaldana\\\/\"},{\"@type\":\"ListItem\",\"position\":2,\"name\":\"El\u00e9tricos\",\"item\":\"https:\\\/\\\/dana.com.br\\\/canaldana\\\/eletricos\\\/\"},{\"@type\":\"ListItem\",\"position\":3,\"name\":\"Renault ser\u00e1 totalmente el\u00e9trica na Europa at\u00e9 2030\"}]},{\"@type\":\"WebSite\",\"@id\":\"https:\\\/\\\/dana.com.br\\\/canaldana\\\/#website\",\"url\":\"https:\\\/\\\/dana.com.br\\\/canaldana\\\/\",\"name\":\"Canal Dana\",\"description\":\"Informativo com as principais not\u00edcias da ind\u00fastria automotiva\",\"potentialAction\":[{\"@type\":\"SearchAction\",\"target\":{\"@type\":\"EntryPoint\",\"urlTemplate\":\"https:\\\/\\\/dana.com.br\\\/canaldana\\\/?s={search_term_string}\"},\"query-input\":{\"@type\":\"PropertyValueSpecification\",\"valueRequired\":true,\"valueName\":\"search_term_string\"}}],\"inLanguage\":\"pt-BR\"},{\"@type\":\"Person\",\"@id\":\"https:\\\/\\\/dana.com.br\\\/canaldana\\\/#\\\/schema\\\/person\\\/3c21f22f56fcf3bc46b94bc60ea4fef6\",\"name\":\"Canal Dana\",\"image\":{\"@type\":\"ImageObject\",\"inLanguage\":\"pt-BR\",\"@id\":\"https:\\\/\\\/secure.gravatar.com\\\/avatar\\\/420aaf9278582877d9018637c6817617705899d2858d7572ef0fe59a6b6454b4?s=96&d=mm&r=g\",\"url\":\"https:\\\/\\\/secure.gravatar.com\\\/avatar\\\/420aaf9278582877d9018637c6817617705899d2858d7572ef0fe59a6b6454b4?s=96&d=mm&r=g\",\"contentUrl\":\"https:\\\/\\\/secure.gravatar.com\\\/avatar\\\/420aaf9278582877d9018637c6817617705899d2858d7572ef0fe59a6b6454b4?s=96&d=mm&r=g\",\"caption\":\"Canal Dana\"},\"url\":\"https:\\\/\\\/dana.com.br\\\/canaldana\\\/author\\\/cdeditor\\\/\"}]}<\/script>\n<!-- \/ Yoast SEO plugin. -->","yoast_head_json":{"title":"Renault ser\u00e1 totalmente el\u00e9trica na Europa at\u00e9 2030 - Canal Dana","robots":{"index":"index","follow":"follow","max-snippet":"max-snippet:-1","max-image-preview":"max-image-preview:large","max-video-preview":"max-video-preview:-1"},"canonical":"https:\/\/dana.com.br\/canaldana\/2022\/01\/17\/renault-sera-totalmente-eletrica-na-europa-ate-2030\/","og_locale":"pt_BR","og_type":"article","og_title":"Renault ser\u00e1 totalmente el\u00e9trica na Europa at\u00e9 2030 - Canal Dana","og_description":"AutoInd\u00fastria &nbsp; A Renault est\u00e1 pisando ainda mais fundo no acelerador do processo de eletrifica\u00e7\u00e3o de seus ve\u00edculos e antecipar\u00e1 suas metas. Pelo menos \u00e9 o que teria deixado claro Luca de Meo, CEO mundial da montadora, segundo relata a Automotive News Europa. &nbsp; Em um evento de m\u00eddia, relata a publica\u00e7\u00e3o europeia, o executivo\u2026 Leia mais \u00bb","og_url":"https:\/\/dana.com.br\/canaldana\/2022\/01\/17\/renault-sera-totalmente-eletrica-na-europa-ate-2030\/","og_site_name":"Canal Dana","article_published_time":"2022-01-17T11:38:31+00:00","author":"Canal Dana","twitter_card":"summary_large_image","twitter_misc":{"Escrito por":"Canal Dana","Est. tempo de leitura":"1 minuto"},"schema":{"@context":"https:\/\/schema.org","@graph":[{"@type":"Article","@id":"https:\/\/dana.com.br\/canaldana\/2022\/01\/17\/renault-sera-totalmente-eletrica-na-europa-ate-2030\/#article","isPartOf":{"@id":"https:\/\/dana.com.br\/canaldana\/2022\/01\/17\/renault-sera-totalmente-eletrica-na-europa-ate-2030\/"},"author":{"name":"Canal Dana","@id":"https:\/\/dana.com.br\/canaldana\/#\/schema\/person\/3c21f22f56fcf3bc46b94bc60ea4fef6"},"headline":"Renault ser\u00e1 totalmente el\u00e9trica na Europa at\u00e9 2030","datePublished":"2022-01-17T11:38:31+00:00","mainEntityOfPage":{"@id":"https:\/\/dana.com.br\/canaldana\/2022\/01\/17\/renault-sera-totalmente-eletrica-na-europa-ate-2030\/"},"wordCount":289,"articleSection":["El\u00e9tricos"],"inLanguage":"pt-BR"},{"@type":"WebPage","@id":"https:\/\/dana.com.br\/canaldana\/2022\/01\/17\/renault-sera-totalmente-eletrica-na-europa-ate-2030\/","url":"https:\/\/dana.com.br\/canaldana\/2022\/01\/17\/renault-sera-totalmente-eletrica-na-europa-ate-2030\/","name":"Renault ser\u00e1 totalmente el\u00e9trica na Europa at\u00e9 2030 - Canal Dana","isPartOf":{"@id":"https:\/\/dana.com.br\/canaldana\/#website"},"datePublished":"2022-01-17T11:38:31+00:00","author":{"@id":"https:\/\/dana.com.br\/canaldana\/#\/schema\/person\/3c21f22f56fcf3bc46b94bc60ea4fef6"},"breadcrumb":{"@id":"https:\/\/dana.com.br\/canaldana\/2022\/01\/17\/renault-sera-totalmente-eletrica-na-europa-ate-2030\/#breadcrumb"},"inLanguage":"pt-BR","potentialAction":[{"@type":"ReadAction","target":["https:\/\/dana.com.br\/canaldana\/2022\/01\/17\/renault-sera-totalmente-eletrica-na-europa-ate-2030\/"]}]},{"@type":"BreadcrumbList","@id":"https:\/\/dana.com.br\/canaldana\/2022\/01\/17\/renault-sera-totalmente-eletrica-na-europa-ate-2030\/#breadcrumb","itemListElement":[{"@type":"ListItem","position":1,"name":"Home","item":"https:\/\/dana.com.br\/canaldana\/"},{"@type":"ListItem","position":2,"name":"El\u00e9tricos","item":"https:\/\/dana.com.br\/canaldana\/eletricos\/"},{"@type":"ListItem","position":3,"name":"Renault ser\u00e1 totalmente el\u00e9trica na Europa at\u00e9 2030"}]},{"@type":"WebSite","@id":"https:\/\/dana.com.br\/canaldana\/#website","url":"https:\/\/dana.com.br\/canaldana\/","name":"Canal Dana","description":"Informativo com as principais not\u00edcias da ind\u00fastria automotiva","potentialAction":[{"@type":"SearchAction","target":{"@type":"EntryPoint","urlTemplate":"https:\/\/dana.com.br\/canaldana\/?s={search_term_string}"},"query-input":{"@type":"PropertyValueSpecification","valueRequired":true,"valueName":"search_term_string"}}],"inLanguage":"pt-BR"},{"@type":"Person","@id":"https:\/\/dana.com.br\/canaldana\/#\/schema\/person\/3c21f22f56fcf3bc46b94bc60ea4fef6","name":"Canal Dana","image":{"@type":"ImageObject","inLanguage":"pt-BR","@id":"https:\/\/secure.gravatar.com\/avatar\/420aaf9278582877d9018637c6817617705899d2858d7572ef0fe59a6b6454b4?s=96&d=mm&r=g","url":"https:\/\/secure.gravatar.com\/avatar\/420aaf9278582877d9018637c6817617705899d2858d7572ef0fe59a6b6454b4?s=96&d=mm&r=g","contentUrl":"https:\/\/secure.gravatar.com\/avatar\/420aaf9278582877d9018637c6817617705899d2858d7572ef0fe59a6b6454b4?s=96&d=mm&r=g","caption":"Canal Dana"},"url":"https:\/\/dana.com.br\/canaldana\/author\/cdeditor\/"}]}},"_links":{"self":[{"href":"https:\/\/dana.com.br\/canaldana\/wp-json\/wp\/v2\/posts\/55531","targetHints":{"allow":["GET"]}}],"collection":[{"href":"https:\/\/dana.com.br\/canaldana\/wp-json\/wp\/v2\/posts"}],"about":[{"href":"https:\/\/dana.com.br\/canaldana\/wp-json\/wp\/v2\/types\/post"}],"author":[{"embeddable":true,"href":"https:\/\/dana.com.br\/canaldana\/wp-json\/wp\/v2\/users\/3"}],"replies":[{"embeddable":true,"href":"https:\/\/dana.com.br\/canaldana\/wp-json\/wp\/v2\/comments?post=55531"}],"version-history":[{"count":0,"href":"https:\/\/dana.com.br\/canaldana\/wp-json\/wp\/v2\/posts\/55531\/revisions"}],"wp:attachment":[{"href":"https:\/\/dana.com.br\/canaldana\/wp-json\/wp\/v2\/media?parent=55531"}],"wp:term":[{"taxonomy":"category","embeddable":true,"href":"https:\/\/dana.com.br\/canaldana\/wp-json\/wp\/v2\/categories?post=55531"},{"taxonomy":"post_tag","embeddable":true,"href":"https:\/\/dana.com.br\/canaldana\/wp-json\/wp\/v2\/tags?post=55531"}],"curies":[{"name":"wp","href":"https:\/\/api.w.org\/{rel}","templated":true}]}}