{"id":55516,"date":"2022-01-14T08:49:33","date_gmt":"2022-01-14T11:49:33","guid":{"rendered":"https:\/\/dana.com.br\/canaldana\/?p=55516"},"modified":"2022-01-14T08:49:33","modified_gmt":"2022-01-14T11:49:33","slug":"servico-de-aluguel-de-onibus-para-empresas-uber-shuttke-chega-ao-mercado","status":"publish","type":"post","link":"https:\/\/dana.com.br\/canaldana\/2022\/01\/14\/servico-de-aluguel-de-onibus-para-empresas-uber-shuttke-chega-ao-mercado\/","title":{"rendered":"Servi\u00e7o de aluguel de \u00f4nibus para empresas, Uber Shuttke chega ao mercado"},"content":{"rendered":"<p><em>Frota &amp; Cia\/Globo<\/em><\/p>\n<p>&nbsp;<\/p>\n<p>O Uber lan\u00e7ou na quarta-feira (12) a modalidade de viagem Shuttle, servi\u00e7o de aluguel de \u00f4nibus para empresas. Dessa forma, o recurso \u00e9 destinado a companhias que querem fretar ve\u00edculos para ida e vinda dos funcion\u00e1rios para o trabalho. A rede da Uber possui ve\u00edculos de 10 a 50 lugares.<\/p>\n<p>&nbsp;<\/p>\n<p>O Uber Shuttle para Empresas vai permitir que os colaboradores reservem uma vaga no \u00f4nibus pelo app. A mesma ferramenta tamb\u00e9m exibir\u00e1 rotas e paradas para embarque e desembarque em tempo real. O lan\u00e7amento acontece poucos dias ap\u00f3s a gigante anunciar o fim do delivery de restaurantes no Brasil pelo Uber Eats.<\/p>\n<p>&nbsp;<\/p>\n<p>A op\u00e7\u00e3o Shuttle fica dispon\u00edvel na tela principal do app do Uber, juntamente com as categorias de viagens, comida e entrega. Ao entrar nela, o trabalhador ver\u00e1 as op\u00e7\u00f5es de \u00f4nibus ou vans dispon\u00edveis para o trajeto, com os hor\u00e1rios de embarque e previs\u00e3o de chegada.<\/p>\n<p>&nbsp;<\/p>\n<p>Ap\u00f3s escolher a viagem, o funcion\u00e1rio confirma a corrida na modalidade Shuttle, nos mesmos moldes das viagens em carros de passeio. Os motoristas que dirigem pela plataforma tamb\u00e9m passam por checagem de identidade por selfie, com vers\u00f5es com e sem m\u00e1scara para aumentar a seguran\u00e7a.<\/p>\n<p>&nbsp;<\/p>\n<p>Cabe destacar que o pagamento das viagens \u00e9 feito pelas empresas, que recebem relat\u00f3rio semanal sobre a presta\u00e7\u00e3o do servi\u00e7o da Uber. Em outros pa\u00edses, o Shuttle pode ser solicitado por pessoas f\u00edsicas, a exemplo do Buser. (Frota &amp; Cia\/Globo)<\/p>\n","protected":false},"excerpt":{"rendered":"<p>Frota &amp; Cia\/Globo &nbsp; O Uber lan\u00e7ou na quarta-feira (12) a modalidade de viagem Shuttle, servi\u00e7o de aluguel de \u00f4nibus para empresas. Dessa forma, o recurso \u00e9 destinado a companhias que querem fretar ve\u00edculos para ida e vinda dos funcion\u00e1rios para o trabalho. A rede da Uber possui ve\u00edculos de 10 a 50 lugares. &nbsp;\u2026 <a class=\"readmore\" href=\"https:\/\/dana.com.br\/canaldana\/2022\/01\/14\/servico-de-aluguel-de-onibus-para-empresas-uber-shuttke-chega-ao-mercado\/\">Leia mais \u00bb<\/a><\/p>\n","protected":false},"author":3,"featured_media":0,"comment_status":"closed","ping_status":"closed","sticky":false,"template":"","format":"standard","meta":{"_acf_changed":false,"footnotes":""},"categories":[79],"tags":[],"class_list":["post-55516","post","type-post","status-publish","format-standard","hentry","category-mercado"],"acf":[],"yoast_head":"<!-- This site is optimized with the Yoast SEO plugin v27.3 - https:\/\/yoast.com\/product\/yoast-seo-wordpress\/ -->\n<title>Servi\u00e7o de aluguel de \u00f4nibus para empresas, Uber Shuttke chega ao mercado - Canal Dana<\/title>\n<meta name=\"robots\" content=\"index, follow, max-snippet:-1, max-image-preview:large, max-video-preview:-1\" \/>\n<link rel=\"canonical\" href=\"https:\/\/dana.com.br\/canaldana\/2022\/01\/14\/servico-de-aluguel-de-onibus-para-empresas-uber-shuttke-chega-ao-mercado\/\" \/>\n<meta property=\"og:locale\" content=\"pt_BR\" \/>\n<meta property=\"og:type\" content=\"article\" \/>\n<meta property=\"og:title\" content=\"Servi\u00e7o de aluguel de \u00f4nibus para empresas, Uber Shuttke chega ao mercado - Canal Dana\" \/>\n<meta property=\"og:description\" content=\"Frota &amp; Cia\/Globo &nbsp; O Uber lan\u00e7ou na quarta-feira (12) a modalidade de viagem Shuttle, servi\u00e7o de aluguel de \u00f4nibus para empresas. Dessa forma, o recurso \u00e9 destinado a companhias que querem fretar ve\u00edculos para ida e vinda dos funcion\u00e1rios para o trabalho. A rede da Uber possui ve\u00edculos de 10 a 50 lugares. &nbsp;\u2026 Leia mais \u00bb\" \/>\n<meta property=\"og:url\" content=\"https:\/\/dana.com.br\/canaldana\/2022\/01\/14\/servico-de-aluguel-de-onibus-para-empresas-uber-shuttke-chega-ao-mercado\/\" \/>\n<meta property=\"og:site_name\" content=\"Canal Dana\" \/>\n<meta property=\"article:published_time\" content=\"2022-01-14T11:49:33+00:00\" \/>\n<meta name=\"author\" content=\"Canal Dana\" \/>\n<meta name=\"twitter:card\" content=\"summary_large_image\" \/>\n<meta name=\"twitter:label1\" content=\"Escrito por\" \/>\n\t<meta name=\"twitter:data1\" content=\"Canal Dana\" \/>\n\t<meta name=\"twitter:label2\" content=\"Est. tempo de leitura\" \/>\n\t<meta name=\"twitter:data2\" content=\"1 minuto\" \/>\n<script type=\"application\/ld+json\" class=\"yoast-schema-graph\">{\"@context\":\"https:\\\/\\\/schema.org\",\"@graph\":[{\"@type\":\"Article\",\"@id\":\"https:\\\/\\\/dana.com.br\\\/canaldana\\\/2022\\\/01\\\/14\\\/servico-de-aluguel-de-onibus-para-empresas-uber-shuttke-chega-ao-mercado\\\/#article\",\"isPartOf\":{\"@id\":\"https:\\\/\\\/dana.com.br\\\/canaldana\\\/2022\\\/01\\\/14\\\/servico-de-aluguel-de-onibus-para-empresas-uber-shuttke-chega-ao-mercado\\\/\"},\"author\":{\"name\":\"Canal Dana\",\"@id\":\"https:\\\/\\\/dana.com.br\\\/canaldana\\\/#\\\/schema\\\/person\\\/3c21f22f56fcf3bc46b94bc60ea4fef6\"},\"headline\":\"Servi\u00e7o de aluguel de \u00f4nibus para empresas, Uber Shuttke chega ao mercado\",\"datePublished\":\"2022-01-14T11:49:33+00:00\",\"mainEntityOfPage\":{\"@id\":\"https:\\\/\\\/dana.com.br\\\/canaldana\\\/2022\\\/01\\\/14\\\/servico-de-aluguel-de-onibus-para-empresas-uber-shuttke-chega-ao-mercado\\\/\"},\"wordCount\":276,\"articleSection\":[\"Mercado\"],\"inLanguage\":\"pt-BR\"},{\"@type\":\"WebPage\",\"@id\":\"https:\\\/\\\/dana.com.br\\\/canaldana\\\/2022\\\/01\\\/14\\\/servico-de-aluguel-de-onibus-para-empresas-uber-shuttke-chega-ao-mercado\\\/\",\"url\":\"https:\\\/\\\/dana.com.br\\\/canaldana\\\/2022\\\/01\\\/14\\\/servico-de-aluguel-de-onibus-para-empresas-uber-shuttke-chega-ao-mercado\\\/\",\"name\":\"Servi\u00e7o de aluguel de \u00f4nibus para empresas, Uber Shuttke chega ao mercado - Canal Dana\",\"isPartOf\":{\"@id\":\"https:\\\/\\\/dana.com.br\\\/canaldana\\\/#website\"},\"datePublished\":\"2022-01-14T11:49:33+00:00\",\"author\":{\"@id\":\"https:\\\/\\\/dana.com.br\\\/canaldana\\\/#\\\/schema\\\/person\\\/3c21f22f56fcf3bc46b94bc60ea4fef6\"},\"breadcrumb\":{\"@id\":\"https:\\\/\\\/dana.com.br\\\/canaldana\\\/2022\\\/01\\\/14\\\/servico-de-aluguel-de-onibus-para-empresas-uber-shuttke-chega-ao-mercado\\\/#breadcrumb\"},\"inLanguage\":\"pt-BR\",\"potentialAction\":[{\"@type\":\"ReadAction\",\"target\":[\"https:\\\/\\\/dana.com.br\\\/canaldana\\\/2022\\\/01\\\/14\\\/servico-de-aluguel-de-onibus-para-empresas-uber-shuttke-chega-ao-mercado\\\/\"]}]},{\"@type\":\"BreadcrumbList\",\"@id\":\"https:\\\/\\\/dana.com.br\\\/canaldana\\\/2022\\\/01\\\/14\\\/servico-de-aluguel-de-onibus-para-empresas-uber-shuttke-chega-ao-mercado\\\/#breadcrumb\",\"itemListElement\":[{\"@type\":\"ListItem\",\"position\":1,\"name\":\"Home\",\"item\":\"https:\\\/\\\/dana.com.br\\\/canaldana\\\/\"},{\"@type\":\"ListItem\",\"position\":2,\"name\":\"Mercado\",\"item\":\"https:\\\/\\\/dana.com.br\\\/canaldana\\\/mercado\\\/\"},{\"@type\":\"ListItem\",\"position\":3,\"name\":\"Servi\u00e7o de aluguel de \u00f4nibus para empresas, Uber Shuttke chega ao mercado\"}]},{\"@type\":\"WebSite\",\"@id\":\"https:\\\/\\\/dana.com.br\\\/canaldana\\\/#website\",\"url\":\"https:\\\/\\\/dana.com.br\\\/canaldana\\\/\",\"name\":\"Canal Dana\",\"description\":\"Informativo com as principais not\u00edcias da ind\u00fastria automotiva\",\"potentialAction\":[{\"@type\":\"SearchAction\",\"target\":{\"@type\":\"EntryPoint\",\"urlTemplate\":\"https:\\\/\\\/dana.com.br\\\/canaldana\\\/?s={search_term_string}\"},\"query-input\":{\"@type\":\"PropertyValueSpecification\",\"valueRequired\":true,\"valueName\":\"search_term_string\"}}],\"inLanguage\":\"pt-BR\"},{\"@type\":\"Person\",\"@id\":\"https:\\\/\\\/dana.com.br\\\/canaldana\\\/#\\\/schema\\\/person\\\/3c21f22f56fcf3bc46b94bc60ea4fef6\",\"name\":\"Canal Dana\",\"image\":{\"@type\":\"ImageObject\",\"inLanguage\":\"pt-BR\",\"@id\":\"https:\\\/\\\/secure.gravatar.com\\\/avatar\\\/420aaf9278582877d9018637c6817617705899d2858d7572ef0fe59a6b6454b4?s=96&d=mm&r=g\",\"url\":\"https:\\\/\\\/secure.gravatar.com\\\/avatar\\\/420aaf9278582877d9018637c6817617705899d2858d7572ef0fe59a6b6454b4?s=96&d=mm&r=g\",\"contentUrl\":\"https:\\\/\\\/secure.gravatar.com\\\/avatar\\\/420aaf9278582877d9018637c6817617705899d2858d7572ef0fe59a6b6454b4?s=96&d=mm&r=g\",\"caption\":\"Canal Dana\"},\"url\":\"https:\\\/\\\/dana.com.br\\\/canaldana\\\/author\\\/cdeditor\\\/\"}]}<\/script>\n<!-- \/ Yoast SEO plugin. -->","yoast_head_json":{"title":"Servi\u00e7o de aluguel de \u00f4nibus para empresas, Uber Shuttke chega ao mercado - Canal Dana","robots":{"index":"index","follow":"follow","max-snippet":"max-snippet:-1","max-image-preview":"max-image-preview:large","max-video-preview":"max-video-preview:-1"},"canonical":"https:\/\/dana.com.br\/canaldana\/2022\/01\/14\/servico-de-aluguel-de-onibus-para-empresas-uber-shuttke-chega-ao-mercado\/","og_locale":"pt_BR","og_type":"article","og_title":"Servi\u00e7o de aluguel de \u00f4nibus para empresas, Uber Shuttke chega ao mercado - Canal Dana","og_description":"Frota &amp; Cia\/Globo &nbsp; O Uber lan\u00e7ou na quarta-feira (12) a modalidade de viagem Shuttle, servi\u00e7o de aluguel de \u00f4nibus para empresas. Dessa forma, o recurso \u00e9 destinado a companhias que querem fretar ve\u00edculos para ida e vinda dos funcion\u00e1rios para o trabalho. A rede da Uber possui ve\u00edculos de 10 a 50 lugares. &nbsp;\u2026 Leia mais \u00bb","og_url":"https:\/\/dana.com.br\/canaldana\/2022\/01\/14\/servico-de-aluguel-de-onibus-para-empresas-uber-shuttke-chega-ao-mercado\/","og_site_name":"Canal Dana","article_published_time":"2022-01-14T11:49:33+00:00","author":"Canal Dana","twitter_card":"summary_large_image","twitter_misc":{"Escrito por":"Canal Dana","Est. tempo de leitura":"1 minuto"},"schema":{"@context":"https:\/\/schema.org","@graph":[{"@type":"Article","@id":"https:\/\/dana.com.br\/canaldana\/2022\/01\/14\/servico-de-aluguel-de-onibus-para-empresas-uber-shuttke-chega-ao-mercado\/#article","isPartOf":{"@id":"https:\/\/dana.com.br\/canaldana\/2022\/01\/14\/servico-de-aluguel-de-onibus-para-empresas-uber-shuttke-chega-ao-mercado\/"},"author":{"name":"Canal Dana","@id":"https:\/\/dana.com.br\/canaldana\/#\/schema\/person\/3c21f22f56fcf3bc46b94bc60ea4fef6"},"headline":"Servi\u00e7o de aluguel de \u00f4nibus para empresas, Uber Shuttke chega ao mercado","datePublished":"2022-01-14T11:49:33+00:00","mainEntityOfPage":{"@id":"https:\/\/dana.com.br\/canaldana\/2022\/01\/14\/servico-de-aluguel-de-onibus-para-empresas-uber-shuttke-chega-ao-mercado\/"},"wordCount":276,"articleSection":["Mercado"],"inLanguage":"pt-BR"},{"@type":"WebPage","@id":"https:\/\/dana.com.br\/canaldana\/2022\/01\/14\/servico-de-aluguel-de-onibus-para-empresas-uber-shuttke-chega-ao-mercado\/","url":"https:\/\/dana.com.br\/canaldana\/2022\/01\/14\/servico-de-aluguel-de-onibus-para-empresas-uber-shuttke-chega-ao-mercado\/","name":"Servi\u00e7o de aluguel de \u00f4nibus para empresas, Uber Shuttke chega ao mercado - Canal Dana","isPartOf":{"@id":"https:\/\/dana.com.br\/canaldana\/#website"},"datePublished":"2022-01-14T11:49:33+00:00","author":{"@id":"https:\/\/dana.com.br\/canaldana\/#\/schema\/person\/3c21f22f56fcf3bc46b94bc60ea4fef6"},"breadcrumb":{"@id":"https:\/\/dana.com.br\/canaldana\/2022\/01\/14\/servico-de-aluguel-de-onibus-para-empresas-uber-shuttke-chega-ao-mercado\/#breadcrumb"},"inLanguage":"pt-BR","potentialAction":[{"@type":"ReadAction","target":["https:\/\/dana.com.br\/canaldana\/2022\/01\/14\/servico-de-aluguel-de-onibus-para-empresas-uber-shuttke-chega-ao-mercado\/"]}]},{"@type":"BreadcrumbList","@id":"https:\/\/dana.com.br\/canaldana\/2022\/01\/14\/servico-de-aluguel-de-onibus-para-empresas-uber-shuttke-chega-ao-mercado\/#breadcrumb","itemListElement":[{"@type":"ListItem","position":1,"name":"Home","item":"https:\/\/dana.com.br\/canaldana\/"},{"@type":"ListItem","position":2,"name":"Mercado","item":"https:\/\/dana.com.br\/canaldana\/mercado\/"},{"@type":"ListItem","position":3,"name":"Servi\u00e7o de aluguel de \u00f4nibus para empresas, Uber Shuttke chega ao mercado"}]},{"@type":"WebSite","@id":"https:\/\/dana.com.br\/canaldana\/#website","url":"https:\/\/dana.com.br\/canaldana\/","name":"Canal Dana","description":"Informativo com as principais not\u00edcias da ind\u00fastria automotiva","potentialAction":[{"@type":"SearchAction","target":{"@type":"EntryPoint","urlTemplate":"https:\/\/dana.com.br\/canaldana\/?s={search_term_string}"},"query-input":{"@type":"PropertyValueSpecification","valueRequired":true,"valueName":"search_term_string"}}],"inLanguage":"pt-BR"},{"@type":"Person","@id":"https:\/\/dana.com.br\/canaldana\/#\/schema\/person\/3c21f22f56fcf3bc46b94bc60ea4fef6","name":"Canal Dana","image":{"@type":"ImageObject","inLanguage":"pt-BR","@id":"https:\/\/secure.gravatar.com\/avatar\/420aaf9278582877d9018637c6817617705899d2858d7572ef0fe59a6b6454b4?s=96&d=mm&r=g","url":"https:\/\/secure.gravatar.com\/avatar\/420aaf9278582877d9018637c6817617705899d2858d7572ef0fe59a6b6454b4?s=96&d=mm&r=g","contentUrl":"https:\/\/secure.gravatar.com\/avatar\/420aaf9278582877d9018637c6817617705899d2858d7572ef0fe59a6b6454b4?s=96&d=mm&r=g","caption":"Canal Dana"},"url":"https:\/\/dana.com.br\/canaldana\/author\/cdeditor\/"}]}},"_links":{"self":[{"href":"https:\/\/dana.com.br\/canaldana\/wp-json\/wp\/v2\/posts\/55516","targetHints":{"allow":["GET"]}}],"collection":[{"href":"https:\/\/dana.com.br\/canaldana\/wp-json\/wp\/v2\/posts"}],"about":[{"href":"https:\/\/dana.com.br\/canaldana\/wp-json\/wp\/v2\/types\/post"}],"author":[{"embeddable":true,"href":"https:\/\/dana.com.br\/canaldana\/wp-json\/wp\/v2\/users\/3"}],"replies":[{"embeddable":true,"href":"https:\/\/dana.com.br\/canaldana\/wp-json\/wp\/v2\/comments?post=55516"}],"version-history":[{"count":0,"href":"https:\/\/dana.com.br\/canaldana\/wp-json\/wp\/v2\/posts\/55516\/revisions"}],"wp:attachment":[{"href":"https:\/\/dana.com.br\/canaldana\/wp-json\/wp\/v2\/media?parent=55516"}],"wp:term":[{"taxonomy":"category","embeddable":true,"href":"https:\/\/dana.com.br\/canaldana\/wp-json\/wp\/v2\/categories?post=55516"},{"taxonomy":"post_tag","embeddable":true,"href":"https:\/\/dana.com.br\/canaldana\/wp-json\/wp\/v2\/tags?post=55516"}],"curies":[{"name":"wp","href":"https:\/\/api.w.org\/{rel}","templated":true}]}}