{"id":55512,"date":"2022-01-14T08:48:12","date_gmt":"2022-01-14T11:48:12","guid":{"rendered":"https:\/\/dana.com.br\/canaldana\/?p=55512"},"modified":"2022-01-14T08:48:12","modified_gmt":"2022-01-14T11:48:12","slug":"suvs-contribuem-para-importados-ampliarem-fatia-de-mercado","status":"publish","type":"post","link":"https:\/\/dana.com.br\/canaldana\/2022\/01\/14\/suvs-contribuem-para-importados-ampliarem-fatia-de-mercado\/","title":{"rendered":"SUVs contribuem para importados ampliarem fatia de mercado"},"content":{"rendered":"<p><em>AutoInd\u00fastria <\/em><\/p>\n<p>&nbsp;<\/p>\n<p>Enquanto a venda de ve\u00edculos nacionais teve alta de apenas 1% no ano passado, passando de 1,84 para 1,86 milh\u00e3o de unidades, a de importados deu um salto de 19,9%, atingindo 253,8 mil unidades ante as 211,6 mil de 2020. No total, foram 2,12 milh\u00f5es e 2,05 milh\u00f5es de licenciamentos, respectivamente.<\/p>\n<p>&nbsp;<\/p>\n<p>Com isso, a participa\u00e7\u00e3o dos ve\u00edculos vindos de outros pa\u00edses subiu de 10,3% para 12% no comparativo interanual, \u00edndice similar ao de 2018 (12,1%),\u00a0 mas tamb\u00e9m acima do registrado em 2019, que foi de 10,7%. Os dados constam da Carta da Anfavea divulgada na semana passada com o balan\u00e7o total do setor em 2021.<\/p>\n<p>&nbsp;<\/p>\n<p>Assim como no mercado total de autom\u00f3veis, os SUVs tamb\u00e9m foram decisivos para o resultado positivo no segmento de importados. A maioria das marcas aumentou a oferta desses produtos e a Volkswagen passou a comercializar no Pa\u00eds, em maio, o SUV Taos, que \u00e9 produzido na Argentina e totalizou 7,7 mil emplacamentos em sete meses.<\/p>\n<p>&nbsp;<\/p>\n<p>Dentre as marcas premium, Audi e Volvo Cars ampliaram a comercializa\u00e7\u00e3o de seus principais SUVs vendidos no Brasil. As vendas do Audi Q5, por exemplo, cresceram m 63,5%, subindo de 1.271 unidades em 2020 para 2.079 no ano passado. O volume de emplacamentos do Volvo XC40 saltou de 2.868 para 3.593 \u2013 mais 25,2% \u2013 e do XC60 de 2.950 para 3.468, aumento de 17,5%.<\/p>\n<p>&nbsp;<\/p>\n<p>Considerando modelos nacionais e importados, o mercado de SUVs cresceu mais de 26% no ano passado, passando a dominar 42,5% dos emplacamentos totais de autom\u00f3veis no Pa\u00eds. Esse \u00edndice tende a crescer ainda mais este ano, a partir do recente lan\u00e7amento do Pulse, o primeiro SUV da marca Fiat produzido no Pa\u00eds. (AutoInd\u00fastria\/Alzira Rodrigues)<\/p>\n","protected":false},"excerpt":{"rendered":"<p>AutoInd\u00fastria &nbsp; Enquanto a venda de ve\u00edculos nacionais teve alta de apenas 1% no ano passado, passando de 1,84 para 1,86 milh\u00e3o de unidades, a de importados deu um salto de 19,9%, atingindo 253,8 mil unidades ante as 211,6 mil de 2020. No total, foram 2,12 milh\u00f5es e 2,05 milh\u00f5es de licenciamentos, respectivamente. &nbsp; Com\u2026 <a class=\"readmore\" href=\"https:\/\/dana.com.br\/canaldana\/2022\/01\/14\/suvs-contribuem-para-importados-ampliarem-fatia-de-mercado\/\">Leia mais \u00bb<\/a><\/p>\n","protected":false},"author":3,"featured_media":0,"comment_status":"closed","ping_status":"closed","sticky":false,"template":"","format":"standard","meta":{"_acf_changed":false,"footnotes":""},"categories":[79],"tags":[],"class_list":["post-55512","post","type-post","status-publish","format-standard","hentry","category-mercado"],"acf":[],"yoast_head":"<!-- This site is optimized with the Yoast SEO plugin v27.3 - https:\/\/yoast.com\/product\/yoast-seo-wordpress\/ -->\n<title>SUVs contribuem para importados ampliarem fatia de mercado - Canal Dana<\/title>\n<meta name=\"robots\" content=\"index, follow, max-snippet:-1, max-image-preview:large, max-video-preview:-1\" \/>\n<link rel=\"canonical\" href=\"https:\/\/dana.com.br\/canaldana\/2022\/01\/14\/suvs-contribuem-para-importados-ampliarem-fatia-de-mercado\/\" \/>\n<meta property=\"og:locale\" content=\"pt_BR\" \/>\n<meta property=\"og:type\" content=\"article\" \/>\n<meta property=\"og:title\" content=\"SUVs contribuem para importados ampliarem fatia de mercado - Canal Dana\" \/>\n<meta property=\"og:description\" content=\"AutoInd\u00fastria &nbsp; Enquanto a venda de ve\u00edculos nacionais teve alta de apenas 1% no ano passado, passando de 1,84 para 1,86 milh\u00e3o de unidades, a de importados deu um salto de 19,9%, atingindo 253,8 mil unidades ante as 211,6 mil de 2020. No total, foram 2,12 milh\u00f5es e 2,05 milh\u00f5es de licenciamentos, respectivamente. &nbsp; Com\u2026 Leia mais \u00bb\" \/>\n<meta property=\"og:url\" content=\"https:\/\/dana.com.br\/canaldana\/2022\/01\/14\/suvs-contribuem-para-importados-ampliarem-fatia-de-mercado\/\" \/>\n<meta property=\"og:site_name\" content=\"Canal Dana\" \/>\n<meta property=\"article:published_time\" content=\"2022-01-14T11:48:12+00:00\" \/>\n<meta name=\"author\" content=\"Canal Dana\" \/>\n<meta name=\"twitter:card\" content=\"summary_large_image\" \/>\n<meta name=\"twitter:label1\" content=\"Escrito por\" \/>\n\t<meta name=\"twitter:data1\" content=\"Canal Dana\" \/>\n\t<meta name=\"twitter:label2\" content=\"Est. tempo de leitura\" \/>\n\t<meta name=\"twitter:data2\" content=\"1 minuto\" \/>\n<script type=\"application\/ld+json\" class=\"yoast-schema-graph\">{\"@context\":\"https:\\\/\\\/schema.org\",\"@graph\":[{\"@type\":\"Article\",\"@id\":\"https:\\\/\\\/dana.com.br\\\/canaldana\\\/2022\\\/01\\\/14\\\/suvs-contribuem-para-importados-ampliarem-fatia-de-mercado\\\/#article\",\"isPartOf\":{\"@id\":\"https:\\\/\\\/dana.com.br\\\/canaldana\\\/2022\\\/01\\\/14\\\/suvs-contribuem-para-importados-ampliarem-fatia-de-mercado\\\/\"},\"author\":{\"name\":\"Canal Dana\",\"@id\":\"https:\\\/\\\/dana.com.br\\\/canaldana\\\/#\\\/schema\\\/person\\\/3c21f22f56fcf3bc46b94bc60ea4fef6\"},\"headline\":\"SUVs contribuem para importados ampliarem fatia de mercado\",\"datePublished\":\"2022-01-14T11:48:12+00:00\",\"mainEntityOfPage\":{\"@id\":\"https:\\\/\\\/dana.com.br\\\/canaldana\\\/2022\\\/01\\\/14\\\/suvs-contribuem-para-importados-ampliarem-fatia-de-mercado\\\/\"},\"wordCount\":281,\"articleSection\":[\"Mercado\"],\"inLanguage\":\"pt-BR\"},{\"@type\":\"WebPage\",\"@id\":\"https:\\\/\\\/dana.com.br\\\/canaldana\\\/2022\\\/01\\\/14\\\/suvs-contribuem-para-importados-ampliarem-fatia-de-mercado\\\/\",\"url\":\"https:\\\/\\\/dana.com.br\\\/canaldana\\\/2022\\\/01\\\/14\\\/suvs-contribuem-para-importados-ampliarem-fatia-de-mercado\\\/\",\"name\":\"SUVs contribuem para importados ampliarem fatia de mercado - Canal Dana\",\"isPartOf\":{\"@id\":\"https:\\\/\\\/dana.com.br\\\/canaldana\\\/#website\"},\"datePublished\":\"2022-01-14T11:48:12+00:00\",\"author\":{\"@id\":\"https:\\\/\\\/dana.com.br\\\/canaldana\\\/#\\\/schema\\\/person\\\/3c21f22f56fcf3bc46b94bc60ea4fef6\"},\"breadcrumb\":{\"@id\":\"https:\\\/\\\/dana.com.br\\\/canaldana\\\/2022\\\/01\\\/14\\\/suvs-contribuem-para-importados-ampliarem-fatia-de-mercado\\\/#breadcrumb\"},\"inLanguage\":\"pt-BR\",\"potentialAction\":[{\"@type\":\"ReadAction\",\"target\":[\"https:\\\/\\\/dana.com.br\\\/canaldana\\\/2022\\\/01\\\/14\\\/suvs-contribuem-para-importados-ampliarem-fatia-de-mercado\\\/\"]}]},{\"@type\":\"BreadcrumbList\",\"@id\":\"https:\\\/\\\/dana.com.br\\\/canaldana\\\/2022\\\/01\\\/14\\\/suvs-contribuem-para-importados-ampliarem-fatia-de-mercado\\\/#breadcrumb\",\"itemListElement\":[{\"@type\":\"ListItem\",\"position\":1,\"name\":\"Home\",\"item\":\"https:\\\/\\\/dana.com.br\\\/canaldana\\\/\"},{\"@type\":\"ListItem\",\"position\":2,\"name\":\"Mercado\",\"item\":\"https:\\\/\\\/dana.com.br\\\/canaldana\\\/mercado\\\/\"},{\"@type\":\"ListItem\",\"position\":3,\"name\":\"SUVs contribuem para importados ampliarem fatia de mercado\"}]},{\"@type\":\"WebSite\",\"@id\":\"https:\\\/\\\/dana.com.br\\\/canaldana\\\/#website\",\"url\":\"https:\\\/\\\/dana.com.br\\\/canaldana\\\/\",\"name\":\"Canal Dana\",\"description\":\"Informativo com as principais not\u00edcias da ind\u00fastria automotiva\",\"potentialAction\":[{\"@type\":\"SearchAction\",\"target\":{\"@type\":\"EntryPoint\",\"urlTemplate\":\"https:\\\/\\\/dana.com.br\\\/canaldana\\\/?s={search_term_string}\"},\"query-input\":{\"@type\":\"PropertyValueSpecification\",\"valueRequired\":true,\"valueName\":\"search_term_string\"}}],\"inLanguage\":\"pt-BR\"},{\"@type\":\"Person\",\"@id\":\"https:\\\/\\\/dana.com.br\\\/canaldana\\\/#\\\/schema\\\/person\\\/3c21f22f56fcf3bc46b94bc60ea4fef6\",\"name\":\"Canal Dana\",\"image\":{\"@type\":\"ImageObject\",\"inLanguage\":\"pt-BR\",\"@id\":\"https:\\\/\\\/secure.gravatar.com\\\/avatar\\\/420aaf9278582877d9018637c6817617705899d2858d7572ef0fe59a6b6454b4?s=96&d=mm&r=g\",\"url\":\"https:\\\/\\\/secure.gravatar.com\\\/avatar\\\/420aaf9278582877d9018637c6817617705899d2858d7572ef0fe59a6b6454b4?s=96&d=mm&r=g\",\"contentUrl\":\"https:\\\/\\\/secure.gravatar.com\\\/avatar\\\/420aaf9278582877d9018637c6817617705899d2858d7572ef0fe59a6b6454b4?s=96&d=mm&r=g\",\"caption\":\"Canal Dana\"},\"url\":\"https:\\\/\\\/dana.com.br\\\/canaldana\\\/author\\\/cdeditor\\\/\"}]}<\/script>\n<!-- \/ Yoast SEO plugin. -->","yoast_head_json":{"title":"SUVs contribuem para importados ampliarem fatia de mercado - Canal Dana","robots":{"index":"index","follow":"follow","max-snippet":"max-snippet:-1","max-image-preview":"max-image-preview:large","max-video-preview":"max-video-preview:-1"},"canonical":"https:\/\/dana.com.br\/canaldana\/2022\/01\/14\/suvs-contribuem-para-importados-ampliarem-fatia-de-mercado\/","og_locale":"pt_BR","og_type":"article","og_title":"SUVs contribuem para importados ampliarem fatia de mercado - Canal Dana","og_description":"AutoInd\u00fastria &nbsp; Enquanto a venda de ve\u00edculos nacionais teve alta de apenas 1% no ano passado, passando de 1,84 para 1,86 milh\u00e3o de unidades, a de importados deu um salto de 19,9%, atingindo 253,8 mil unidades ante as 211,6 mil de 2020. No total, foram 2,12 milh\u00f5es e 2,05 milh\u00f5es de licenciamentos, respectivamente. &nbsp; Com\u2026 Leia mais \u00bb","og_url":"https:\/\/dana.com.br\/canaldana\/2022\/01\/14\/suvs-contribuem-para-importados-ampliarem-fatia-de-mercado\/","og_site_name":"Canal Dana","article_published_time":"2022-01-14T11:48:12+00:00","author":"Canal Dana","twitter_card":"summary_large_image","twitter_misc":{"Escrito por":"Canal Dana","Est. tempo de leitura":"1 minuto"},"schema":{"@context":"https:\/\/schema.org","@graph":[{"@type":"Article","@id":"https:\/\/dana.com.br\/canaldana\/2022\/01\/14\/suvs-contribuem-para-importados-ampliarem-fatia-de-mercado\/#article","isPartOf":{"@id":"https:\/\/dana.com.br\/canaldana\/2022\/01\/14\/suvs-contribuem-para-importados-ampliarem-fatia-de-mercado\/"},"author":{"name":"Canal Dana","@id":"https:\/\/dana.com.br\/canaldana\/#\/schema\/person\/3c21f22f56fcf3bc46b94bc60ea4fef6"},"headline":"SUVs contribuem para importados ampliarem fatia de mercado","datePublished":"2022-01-14T11:48:12+00:00","mainEntityOfPage":{"@id":"https:\/\/dana.com.br\/canaldana\/2022\/01\/14\/suvs-contribuem-para-importados-ampliarem-fatia-de-mercado\/"},"wordCount":281,"articleSection":["Mercado"],"inLanguage":"pt-BR"},{"@type":"WebPage","@id":"https:\/\/dana.com.br\/canaldana\/2022\/01\/14\/suvs-contribuem-para-importados-ampliarem-fatia-de-mercado\/","url":"https:\/\/dana.com.br\/canaldana\/2022\/01\/14\/suvs-contribuem-para-importados-ampliarem-fatia-de-mercado\/","name":"SUVs contribuem para importados ampliarem fatia de mercado - Canal Dana","isPartOf":{"@id":"https:\/\/dana.com.br\/canaldana\/#website"},"datePublished":"2022-01-14T11:48:12+00:00","author":{"@id":"https:\/\/dana.com.br\/canaldana\/#\/schema\/person\/3c21f22f56fcf3bc46b94bc60ea4fef6"},"breadcrumb":{"@id":"https:\/\/dana.com.br\/canaldana\/2022\/01\/14\/suvs-contribuem-para-importados-ampliarem-fatia-de-mercado\/#breadcrumb"},"inLanguage":"pt-BR","potentialAction":[{"@type":"ReadAction","target":["https:\/\/dana.com.br\/canaldana\/2022\/01\/14\/suvs-contribuem-para-importados-ampliarem-fatia-de-mercado\/"]}]},{"@type":"BreadcrumbList","@id":"https:\/\/dana.com.br\/canaldana\/2022\/01\/14\/suvs-contribuem-para-importados-ampliarem-fatia-de-mercado\/#breadcrumb","itemListElement":[{"@type":"ListItem","position":1,"name":"Home","item":"https:\/\/dana.com.br\/canaldana\/"},{"@type":"ListItem","position":2,"name":"Mercado","item":"https:\/\/dana.com.br\/canaldana\/mercado\/"},{"@type":"ListItem","position":3,"name":"SUVs contribuem para importados ampliarem fatia de mercado"}]},{"@type":"WebSite","@id":"https:\/\/dana.com.br\/canaldana\/#website","url":"https:\/\/dana.com.br\/canaldana\/","name":"Canal Dana","description":"Informativo com as principais not\u00edcias da ind\u00fastria automotiva","potentialAction":[{"@type":"SearchAction","target":{"@type":"EntryPoint","urlTemplate":"https:\/\/dana.com.br\/canaldana\/?s={search_term_string}"},"query-input":{"@type":"PropertyValueSpecification","valueRequired":true,"valueName":"search_term_string"}}],"inLanguage":"pt-BR"},{"@type":"Person","@id":"https:\/\/dana.com.br\/canaldana\/#\/schema\/person\/3c21f22f56fcf3bc46b94bc60ea4fef6","name":"Canal Dana","image":{"@type":"ImageObject","inLanguage":"pt-BR","@id":"https:\/\/secure.gravatar.com\/avatar\/420aaf9278582877d9018637c6817617705899d2858d7572ef0fe59a6b6454b4?s=96&d=mm&r=g","url":"https:\/\/secure.gravatar.com\/avatar\/420aaf9278582877d9018637c6817617705899d2858d7572ef0fe59a6b6454b4?s=96&d=mm&r=g","contentUrl":"https:\/\/secure.gravatar.com\/avatar\/420aaf9278582877d9018637c6817617705899d2858d7572ef0fe59a6b6454b4?s=96&d=mm&r=g","caption":"Canal Dana"},"url":"https:\/\/dana.com.br\/canaldana\/author\/cdeditor\/"}]}},"_links":{"self":[{"href":"https:\/\/dana.com.br\/canaldana\/wp-json\/wp\/v2\/posts\/55512","targetHints":{"allow":["GET"]}}],"collection":[{"href":"https:\/\/dana.com.br\/canaldana\/wp-json\/wp\/v2\/posts"}],"about":[{"href":"https:\/\/dana.com.br\/canaldana\/wp-json\/wp\/v2\/types\/post"}],"author":[{"embeddable":true,"href":"https:\/\/dana.com.br\/canaldana\/wp-json\/wp\/v2\/users\/3"}],"replies":[{"embeddable":true,"href":"https:\/\/dana.com.br\/canaldana\/wp-json\/wp\/v2\/comments?post=55512"}],"version-history":[{"count":0,"href":"https:\/\/dana.com.br\/canaldana\/wp-json\/wp\/v2\/posts\/55512\/revisions"}],"wp:attachment":[{"href":"https:\/\/dana.com.br\/canaldana\/wp-json\/wp\/v2\/media?parent=55512"}],"wp:term":[{"taxonomy":"category","embeddable":true,"href":"https:\/\/dana.com.br\/canaldana\/wp-json\/wp\/v2\/categories?post=55512"},{"taxonomy":"post_tag","embeddable":true,"href":"https:\/\/dana.com.br\/canaldana\/wp-json\/wp\/v2\/tags?post=55512"}],"curies":[{"name":"wp","href":"https:\/\/api.w.org\/{rel}","templated":true}]}}