{"id":55494,"date":"2022-01-14T08:42:34","date_gmt":"2022-01-14T11:42:34","guid":{"rendered":"https:\/\/dana.com.br\/canaldana\/?p=55494"},"modified":"2022-01-14T08:42:34","modified_gmt":"2022-01-14T11:42:34","slug":"opel-mokka-e-o-melhor-dos-melhores-2022-na-premiacao-que-elege-os-melhores-veiculos-vendidos-no-chile","status":"publish","type":"post","link":"https:\/\/dana.com.br\/canaldana\/2022\/01\/14\/opel-mokka-e-o-melhor-dos-melhores-2022-na-premiacao-que-elege-os-melhores-veiculos-vendidos-no-chile\/","title":{"rendered":"Opel Mokka \u00e9 o Melhor dos Melhores 2022 na premia\u00e7\u00e3o que elege os melhores ve\u00edculos vendidos no Chile"},"content":{"rendered":"<p><em>Blog do Ricardo Ribas<\/em><\/p>\n<p>&nbsp;<\/p>\n<p>O Opel Mokka foi escolhido como Melhor SUV e tamb\u00e9m como Melhor dos Melhores, o pr\u00eamio m\u00e1ximo, na 15\u00aa edi\u00e7\u00e3o do tradicional pr\u00eamio Los Mejores, promovido pela Associa\u00e7\u00e3o Nacional Automotiva do Chile (ANAC), que tem como jurados jornalistas das principais publica\u00e7\u00f5es especializadas do Chile. A cerim\u00f4nia aconteceu essa semana, em Santiago (Chile), e foi transmitida por streaming.<\/p>\n<p>&nbsp;<\/p>\n<p>O Opel Mokka teve m\u00e9dia de 8,19 pontos, enquanto o vice-campe\u00e3o alcan\u00e7ou 7,92 pontos. De acordo com a organiza\u00e7\u00e3o do pr\u00eamio, a diferen\u00e7a do modelo foi nos crit\u00e9rios relacionados \u00e0 Produto e \u00e0 Seguran\u00e7a, justamente dois fatores fundamentais na escolha de um novo ve\u00edculo.<\/p>\n<p>&nbsp;<\/p>\n<p>\u201c\u00c9 uma grande alegria para a Opel receber pela primeira vez dois trof\u00e9us em um pr\u00eamio t\u00e3o relevante e representativo para o Chile. Estamos orgulhosos por termos vencido na categoria Melhor SUV, aquela com mais concorrentes no pr\u00eamio e o segmento que segue crescendo local e globalmente. Al\u00e9m disso, ganhar o pr\u00eamio m\u00e1ximo s\u00f3 nos mostra que estamos no caminho certo com nossa estrat\u00e9gia\u201d, afirma Francisca Ojeda Tondreau, Gerente Regional da marca Opel para a Am\u00e9rica Latina.<\/p>\n<p>&nbsp;<\/p>\n<p>Na primeira fase, 21 jornalistas e comunicadores representando 20 meios de comunica\u00e7\u00e3o definiram, entre todos os ve\u00edculos \u00e0 venda no Chile entre 1\u00ba de janeiro e 31 de dezembro de 2021, os finalistas de 10 categorias: Melhor Carro, Melhor Carro Premium, Melhor Picape, Melhor Carro Super Esportivo, Melhor Carro Esportivo, Melhor SUV, Melhor SUV Premium, Melhor SUV Grande, Melhor Ve\u00edculo Comercial e Melhor Carro Ecol\u00f3gico. A estas categorias com finalistas escolhidos pela imprensa juntaram-se, sem pr\u00e9-sele\u00e7\u00e3o, os pr\u00eamios de Melhor Carro de Valor, Melhor Design e Melhor Marca.<\/p>\n<p>&nbsp;<\/p>\n<p>A pr\u00f3xima etapa do pr\u00eamio \u201cLos Mejores\u201d foi um teste em pista, onde as capacidades din\u00e2micas puderam ser avaliadas e os ve\u00edculos receberam pontua\u00e7\u00f5es em aspectos como Novidade, Tecnologia, Seguran\u00e7a, Valor e Relev\u00e2ncia de Mercado, entre outros. Dessa vota\u00e7\u00e3o sa\u00edram os novos vencedores da 15\u00aa edi\u00e7\u00e3o do \u201cLos Mejores\u201d e, assim, depois de ter todos os vencedores em cada categoria, foram escolhidos por vota\u00e7\u00e3o certificada perante um not\u00e1rio, o Melhor dos Melhores 2022: o Opel Mokka. (Blog do Ricardo Ribas)<\/p>\n","protected":false},"excerpt":{"rendered":"<p>Blog do Ricardo Ribas &nbsp; O Opel Mokka foi escolhido como Melhor SUV e tamb\u00e9m como Melhor dos Melhores, o pr\u00eamio m\u00e1ximo, na 15\u00aa edi\u00e7\u00e3o do tradicional pr\u00eamio Los Mejores, promovido pela Associa\u00e7\u00e3o Nacional Automotiva do Chile (ANAC), que tem como jurados jornalistas das principais publica\u00e7\u00f5es especializadas do Chile. A cerim\u00f4nia aconteceu essa semana, em\u2026 <a class=\"readmore\" href=\"https:\/\/dana.com.br\/canaldana\/2022\/01\/14\/opel-mokka-e-o-melhor-dos-melhores-2022-na-premiacao-que-elege-os-melhores-veiculos-vendidos-no-chile\/\">Leia mais \u00bb<\/a><\/p>\n","protected":false},"author":3,"featured_media":0,"comment_status":"closed","ping_status":"closed","sticky":false,"template":"","format":"standard","meta":{"_acf_changed":false,"footnotes":""},"categories":[74],"tags":[],"class_list":["post-55494","post","type-post","status-publish","format-standard","hentry","category-premios"],"acf":[],"yoast_head":"<!-- This site is optimized with the Yoast SEO plugin v27.3 - https:\/\/yoast.com\/product\/yoast-seo-wordpress\/ -->\n<title>Opel Mokka \u00e9 o Melhor dos Melhores 2022 na premia\u00e7\u00e3o que elege os melhores ve\u00edculos vendidos no Chile - Canal Dana<\/title>\n<meta name=\"robots\" content=\"index, follow, max-snippet:-1, max-image-preview:large, max-video-preview:-1\" \/>\n<link rel=\"canonical\" href=\"https:\/\/dana.com.br\/canaldana\/2022\/01\/14\/opel-mokka-e-o-melhor-dos-melhores-2022-na-premiacao-que-elege-os-melhores-veiculos-vendidos-no-chile\/\" \/>\n<meta property=\"og:locale\" content=\"pt_BR\" \/>\n<meta property=\"og:type\" content=\"article\" \/>\n<meta property=\"og:title\" content=\"Opel Mokka \u00e9 o Melhor dos Melhores 2022 na premia\u00e7\u00e3o que elege os melhores ve\u00edculos vendidos no Chile - Canal Dana\" \/>\n<meta property=\"og:description\" content=\"Blog do Ricardo Ribas &nbsp; O Opel Mokka foi escolhido como Melhor SUV e tamb\u00e9m como Melhor dos Melhores, o pr\u00eamio m\u00e1ximo, na 15\u00aa edi\u00e7\u00e3o do tradicional pr\u00eamio Los Mejores, promovido pela Associa\u00e7\u00e3o Nacional Automotiva do Chile (ANAC), que tem como jurados jornalistas das principais publica\u00e7\u00f5es especializadas do Chile. A cerim\u00f4nia aconteceu essa semana, em\u2026 Leia mais \u00bb\" \/>\n<meta property=\"og:url\" content=\"https:\/\/dana.com.br\/canaldana\/2022\/01\/14\/opel-mokka-e-o-melhor-dos-melhores-2022-na-premiacao-que-elege-os-melhores-veiculos-vendidos-no-chile\/\" \/>\n<meta property=\"og:site_name\" content=\"Canal Dana\" \/>\n<meta property=\"article:published_time\" content=\"2022-01-14T11:42:34+00:00\" \/>\n<meta name=\"author\" content=\"Canal Dana\" \/>\n<meta name=\"twitter:card\" content=\"summary_large_image\" \/>\n<meta name=\"twitter:label1\" content=\"Escrito por\" \/>\n\t<meta name=\"twitter:data1\" content=\"Canal Dana\" \/>\n\t<meta name=\"twitter:label2\" content=\"Est. tempo de leitura\" \/>\n\t<meta name=\"twitter:data2\" content=\"2 minutos\" \/>\n<script type=\"application\/ld+json\" class=\"yoast-schema-graph\">{\"@context\":\"https:\\\/\\\/schema.org\",\"@graph\":[{\"@type\":\"Article\",\"@id\":\"https:\\\/\\\/dana.com.br\\\/canaldana\\\/2022\\\/01\\\/14\\\/opel-mokka-e-o-melhor-dos-melhores-2022-na-premiacao-que-elege-os-melhores-veiculos-vendidos-no-chile\\\/#article\",\"isPartOf\":{\"@id\":\"https:\\\/\\\/dana.com.br\\\/canaldana\\\/2022\\\/01\\\/14\\\/opel-mokka-e-o-melhor-dos-melhores-2022-na-premiacao-que-elege-os-melhores-veiculos-vendidos-no-chile\\\/\"},\"author\":{\"name\":\"Canal Dana\",\"@id\":\"https:\\\/\\\/dana.com.br\\\/canaldana\\\/#\\\/schema\\\/person\\\/3c21f22f56fcf3bc46b94bc60ea4fef6\"},\"headline\":\"Opel Mokka \u00e9 o Melhor dos Melhores 2022 na premia\u00e7\u00e3o que elege os melhores ve\u00edculos vendidos no Chile\",\"datePublished\":\"2022-01-14T11:42:34+00:00\",\"mainEntityOfPage\":{\"@id\":\"https:\\\/\\\/dana.com.br\\\/canaldana\\\/2022\\\/01\\\/14\\\/opel-mokka-e-o-melhor-dos-melhores-2022-na-premiacao-que-elege-os-melhores-veiculos-vendidos-no-chile\\\/\"},\"wordCount\":403,\"articleSection\":[\"Pr\u00eamios\"],\"inLanguage\":\"pt-BR\"},{\"@type\":\"WebPage\",\"@id\":\"https:\\\/\\\/dana.com.br\\\/canaldana\\\/2022\\\/01\\\/14\\\/opel-mokka-e-o-melhor-dos-melhores-2022-na-premiacao-que-elege-os-melhores-veiculos-vendidos-no-chile\\\/\",\"url\":\"https:\\\/\\\/dana.com.br\\\/canaldana\\\/2022\\\/01\\\/14\\\/opel-mokka-e-o-melhor-dos-melhores-2022-na-premiacao-que-elege-os-melhores-veiculos-vendidos-no-chile\\\/\",\"name\":\"Opel Mokka \u00e9 o Melhor dos Melhores 2022 na premia\u00e7\u00e3o que elege os melhores ve\u00edculos vendidos no Chile - Canal Dana\",\"isPartOf\":{\"@id\":\"https:\\\/\\\/dana.com.br\\\/canaldana\\\/#website\"},\"datePublished\":\"2022-01-14T11:42:34+00:00\",\"author\":{\"@id\":\"https:\\\/\\\/dana.com.br\\\/canaldana\\\/#\\\/schema\\\/person\\\/3c21f22f56fcf3bc46b94bc60ea4fef6\"},\"breadcrumb\":{\"@id\":\"https:\\\/\\\/dana.com.br\\\/canaldana\\\/2022\\\/01\\\/14\\\/opel-mokka-e-o-melhor-dos-melhores-2022-na-premiacao-que-elege-os-melhores-veiculos-vendidos-no-chile\\\/#breadcrumb\"},\"inLanguage\":\"pt-BR\",\"potentialAction\":[{\"@type\":\"ReadAction\",\"target\":[\"https:\\\/\\\/dana.com.br\\\/canaldana\\\/2022\\\/01\\\/14\\\/opel-mokka-e-o-melhor-dos-melhores-2022-na-premiacao-que-elege-os-melhores-veiculos-vendidos-no-chile\\\/\"]}]},{\"@type\":\"BreadcrumbList\",\"@id\":\"https:\\\/\\\/dana.com.br\\\/canaldana\\\/2022\\\/01\\\/14\\\/opel-mokka-e-o-melhor-dos-melhores-2022-na-premiacao-que-elege-os-melhores-veiculos-vendidos-no-chile\\\/#breadcrumb\",\"itemListElement\":[{\"@type\":\"ListItem\",\"position\":1,\"name\":\"Home\",\"item\":\"https:\\\/\\\/dana.com.br\\\/canaldana\\\/\"},{\"@type\":\"ListItem\",\"position\":2,\"name\":\"Pr\u00eamios\",\"item\":\"https:\\\/\\\/dana.com.br\\\/canaldana\\\/premios\\\/\"},{\"@type\":\"ListItem\",\"position\":3,\"name\":\"Opel Mokka \u00e9 o Melhor dos Melhores 2022 na premia\u00e7\u00e3o que elege os melhores ve\u00edculos vendidos no Chile\"}]},{\"@type\":\"WebSite\",\"@id\":\"https:\\\/\\\/dana.com.br\\\/canaldana\\\/#website\",\"url\":\"https:\\\/\\\/dana.com.br\\\/canaldana\\\/\",\"name\":\"Canal Dana\",\"description\":\"Informativo com as principais not\u00edcias da ind\u00fastria automotiva\",\"potentialAction\":[{\"@type\":\"SearchAction\",\"target\":{\"@type\":\"EntryPoint\",\"urlTemplate\":\"https:\\\/\\\/dana.com.br\\\/canaldana\\\/?s={search_term_string}\"},\"query-input\":{\"@type\":\"PropertyValueSpecification\",\"valueRequired\":true,\"valueName\":\"search_term_string\"}}],\"inLanguage\":\"pt-BR\"},{\"@type\":\"Person\",\"@id\":\"https:\\\/\\\/dana.com.br\\\/canaldana\\\/#\\\/schema\\\/person\\\/3c21f22f56fcf3bc46b94bc60ea4fef6\",\"name\":\"Canal Dana\",\"image\":{\"@type\":\"ImageObject\",\"inLanguage\":\"pt-BR\",\"@id\":\"https:\\\/\\\/secure.gravatar.com\\\/avatar\\\/420aaf9278582877d9018637c6817617705899d2858d7572ef0fe59a6b6454b4?s=96&d=mm&r=g\",\"url\":\"https:\\\/\\\/secure.gravatar.com\\\/avatar\\\/420aaf9278582877d9018637c6817617705899d2858d7572ef0fe59a6b6454b4?s=96&d=mm&r=g\",\"contentUrl\":\"https:\\\/\\\/secure.gravatar.com\\\/avatar\\\/420aaf9278582877d9018637c6817617705899d2858d7572ef0fe59a6b6454b4?s=96&d=mm&r=g\",\"caption\":\"Canal Dana\"},\"url\":\"https:\\\/\\\/dana.com.br\\\/canaldana\\\/author\\\/cdeditor\\\/\"}]}<\/script>\n<!-- \/ Yoast SEO plugin. -->","yoast_head_json":{"title":"Opel Mokka \u00e9 o Melhor dos Melhores 2022 na premia\u00e7\u00e3o que elege os melhores ve\u00edculos vendidos no Chile - Canal Dana","robots":{"index":"index","follow":"follow","max-snippet":"max-snippet:-1","max-image-preview":"max-image-preview:large","max-video-preview":"max-video-preview:-1"},"canonical":"https:\/\/dana.com.br\/canaldana\/2022\/01\/14\/opel-mokka-e-o-melhor-dos-melhores-2022-na-premiacao-que-elege-os-melhores-veiculos-vendidos-no-chile\/","og_locale":"pt_BR","og_type":"article","og_title":"Opel Mokka \u00e9 o Melhor dos Melhores 2022 na premia\u00e7\u00e3o que elege os melhores ve\u00edculos vendidos no Chile - Canal Dana","og_description":"Blog do Ricardo Ribas &nbsp; O Opel Mokka foi escolhido como Melhor SUV e tamb\u00e9m como Melhor dos Melhores, o pr\u00eamio m\u00e1ximo, na 15\u00aa edi\u00e7\u00e3o do tradicional pr\u00eamio Los Mejores, promovido pela Associa\u00e7\u00e3o Nacional Automotiva do Chile (ANAC), que tem como jurados jornalistas das principais publica\u00e7\u00f5es especializadas do Chile. A cerim\u00f4nia aconteceu essa semana, em\u2026 Leia mais \u00bb","og_url":"https:\/\/dana.com.br\/canaldana\/2022\/01\/14\/opel-mokka-e-o-melhor-dos-melhores-2022-na-premiacao-que-elege-os-melhores-veiculos-vendidos-no-chile\/","og_site_name":"Canal Dana","article_published_time":"2022-01-14T11:42:34+00:00","author":"Canal Dana","twitter_card":"summary_large_image","twitter_misc":{"Escrito por":"Canal Dana","Est. tempo de leitura":"2 minutos"},"schema":{"@context":"https:\/\/schema.org","@graph":[{"@type":"Article","@id":"https:\/\/dana.com.br\/canaldana\/2022\/01\/14\/opel-mokka-e-o-melhor-dos-melhores-2022-na-premiacao-que-elege-os-melhores-veiculos-vendidos-no-chile\/#article","isPartOf":{"@id":"https:\/\/dana.com.br\/canaldana\/2022\/01\/14\/opel-mokka-e-o-melhor-dos-melhores-2022-na-premiacao-que-elege-os-melhores-veiculos-vendidos-no-chile\/"},"author":{"name":"Canal Dana","@id":"https:\/\/dana.com.br\/canaldana\/#\/schema\/person\/3c21f22f56fcf3bc46b94bc60ea4fef6"},"headline":"Opel Mokka \u00e9 o Melhor dos Melhores 2022 na premia\u00e7\u00e3o que elege os melhores ve\u00edculos vendidos no Chile","datePublished":"2022-01-14T11:42:34+00:00","mainEntityOfPage":{"@id":"https:\/\/dana.com.br\/canaldana\/2022\/01\/14\/opel-mokka-e-o-melhor-dos-melhores-2022-na-premiacao-que-elege-os-melhores-veiculos-vendidos-no-chile\/"},"wordCount":403,"articleSection":["Pr\u00eamios"],"inLanguage":"pt-BR"},{"@type":"WebPage","@id":"https:\/\/dana.com.br\/canaldana\/2022\/01\/14\/opel-mokka-e-o-melhor-dos-melhores-2022-na-premiacao-que-elege-os-melhores-veiculos-vendidos-no-chile\/","url":"https:\/\/dana.com.br\/canaldana\/2022\/01\/14\/opel-mokka-e-o-melhor-dos-melhores-2022-na-premiacao-que-elege-os-melhores-veiculos-vendidos-no-chile\/","name":"Opel Mokka \u00e9 o Melhor dos Melhores 2022 na premia\u00e7\u00e3o que elege os melhores ve\u00edculos vendidos no Chile - Canal Dana","isPartOf":{"@id":"https:\/\/dana.com.br\/canaldana\/#website"},"datePublished":"2022-01-14T11:42:34+00:00","author":{"@id":"https:\/\/dana.com.br\/canaldana\/#\/schema\/person\/3c21f22f56fcf3bc46b94bc60ea4fef6"},"breadcrumb":{"@id":"https:\/\/dana.com.br\/canaldana\/2022\/01\/14\/opel-mokka-e-o-melhor-dos-melhores-2022-na-premiacao-que-elege-os-melhores-veiculos-vendidos-no-chile\/#breadcrumb"},"inLanguage":"pt-BR","potentialAction":[{"@type":"ReadAction","target":["https:\/\/dana.com.br\/canaldana\/2022\/01\/14\/opel-mokka-e-o-melhor-dos-melhores-2022-na-premiacao-que-elege-os-melhores-veiculos-vendidos-no-chile\/"]}]},{"@type":"BreadcrumbList","@id":"https:\/\/dana.com.br\/canaldana\/2022\/01\/14\/opel-mokka-e-o-melhor-dos-melhores-2022-na-premiacao-que-elege-os-melhores-veiculos-vendidos-no-chile\/#breadcrumb","itemListElement":[{"@type":"ListItem","position":1,"name":"Home","item":"https:\/\/dana.com.br\/canaldana\/"},{"@type":"ListItem","position":2,"name":"Pr\u00eamios","item":"https:\/\/dana.com.br\/canaldana\/premios\/"},{"@type":"ListItem","position":3,"name":"Opel Mokka \u00e9 o Melhor dos Melhores 2022 na premia\u00e7\u00e3o que elege os melhores ve\u00edculos vendidos no Chile"}]},{"@type":"WebSite","@id":"https:\/\/dana.com.br\/canaldana\/#website","url":"https:\/\/dana.com.br\/canaldana\/","name":"Canal Dana","description":"Informativo com as principais not\u00edcias da ind\u00fastria automotiva","potentialAction":[{"@type":"SearchAction","target":{"@type":"EntryPoint","urlTemplate":"https:\/\/dana.com.br\/canaldana\/?s={search_term_string}"},"query-input":{"@type":"PropertyValueSpecification","valueRequired":true,"valueName":"search_term_string"}}],"inLanguage":"pt-BR"},{"@type":"Person","@id":"https:\/\/dana.com.br\/canaldana\/#\/schema\/person\/3c21f22f56fcf3bc46b94bc60ea4fef6","name":"Canal Dana","image":{"@type":"ImageObject","inLanguage":"pt-BR","@id":"https:\/\/secure.gravatar.com\/avatar\/420aaf9278582877d9018637c6817617705899d2858d7572ef0fe59a6b6454b4?s=96&d=mm&r=g","url":"https:\/\/secure.gravatar.com\/avatar\/420aaf9278582877d9018637c6817617705899d2858d7572ef0fe59a6b6454b4?s=96&d=mm&r=g","contentUrl":"https:\/\/secure.gravatar.com\/avatar\/420aaf9278582877d9018637c6817617705899d2858d7572ef0fe59a6b6454b4?s=96&d=mm&r=g","caption":"Canal Dana"},"url":"https:\/\/dana.com.br\/canaldana\/author\/cdeditor\/"}]}},"_links":{"self":[{"href":"https:\/\/dana.com.br\/canaldana\/wp-json\/wp\/v2\/posts\/55494","targetHints":{"allow":["GET"]}}],"collection":[{"href":"https:\/\/dana.com.br\/canaldana\/wp-json\/wp\/v2\/posts"}],"about":[{"href":"https:\/\/dana.com.br\/canaldana\/wp-json\/wp\/v2\/types\/post"}],"author":[{"embeddable":true,"href":"https:\/\/dana.com.br\/canaldana\/wp-json\/wp\/v2\/users\/3"}],"replies":[{"embeddable":true,"href":"https:\/\/dana.com.br\/canaldana\/wp-json\/wp\/v2\/comments?post=55494"}],"version-history":[{"count":0,"href":"https:\/\/dana.com.br\/canaldana\/wp-json\/wp\/v2\/posts\/55494\/revisions"}],"wp:attachment":[{"href":"https:\/\/dana.com.br\/canaldana\/wp-json\/wp\/v2\/media?parent=55494"}],"wp:term":[{"taxonomy":"category","embeddable":true,"href":"https:\/\/dana.com.br\/canaldana\/wp-json\/wp\/v2\/categories?post=55494"},{"taxonomy":"post_tag","embeddable":true,"href":"https:\/\/dana.com.br\/canaldana\/wp-json\/wp\/v2\/tags?post=55494"}],"curies":[{"name":"wp","href":"https:\/\/api.w.org\/{rel}","templated":true}]}}