{"id":55483,"date":"2022-01-13T08:27:47","date_gmt":"2022-01-13T11:27:47","guid":{"rendered":"https:\/\/dana.com.br\/canaldana\/?p=55483"},"modified":"2022-01-13T08:27:47","modified_gmt":"2022-01-13T11:27:47","slug":"montadoras-decretam-fim-da-era-dos-carros-populares-no-brasil","status":"publish","type":"post","link":"https:\/\/dana.com.br\/canaldana\/2022\/01\/13\/montadoras-decretam-fim-da-era-dos-carros-populares-no-brasil\/","title":{"rendered":"Montadoras decretam fim da era dos carros populares no Brasil"},"content":{"rendered":"<p><em>Jornal da Band<\/em><\/p>\n<p>&nbsp;<\/p>\n<p>Para muitas pessoas no Brasil, a compra de um carro s\u00f3 \u00e9 poss\u00edvel por causa de modelos populares. S\u00e3o autom\u00f3veis simples: com vidro manual, sem ar condicionado. geralmente com motores menos potentes, os chamados 1.0, que chegam a rodar cerca de 15 quil\u00f4metros por litro de combust\u00edvel. Mas carros como esse s\u00e3o cada vez mais raros &#8211; o tradicional Fiat Uno, por exemplo, teve a aposentadoria decretada no ano passado.<\/p>\n<p>&nbsp;<\/p>\n<p>Em 2013, os carros populares representavam 49% das vendas dos autom\u00f3veis no Brasil. Em 2020, o n\u00famero caiu para 12%.<\/p>\n<p>&nbsp;<\/p>\n<p>O pre\u00e7o dos autom\u00f3veis vem subindo. Um modelo zero quil\u00f4metro, do mais b\u00e1sico, pode ser encontrado a partir de 47 mil reais na concession\u00e1ria. Outros partem dos 60 mil e podem chegar aos 100 mil reais. A renda dos brasileiros n\u00e3o acompanhou a alta nos valores e afastou os consumidores.<\/p>\n<p>&nbsp;<\/p>\n<p>Para as montadoras, alguns fatores ajudaram a encarecer os modelos de entrada, como a alta do d\u00f3lar, a escassez de tecnologia e a mudan\u00e7a na legisla\u00e7\u00e3o de emiss\u00e3o de poluentes. Hoje os modelos j\u00e1 saem das f\u00e1bricas com mais itens do que antigamente, o que tamb\u00e9m agrega valor aos autom\u00f3veis.<\/p>\n<p>&nbsp;<\/p>\n<p>Al\u00e9m do Fiat Uno, a Volkswagen aposentou o Gol. O Ford Ka tamb\u00e9m deixou de ser produzido no Brasil. Sem esses modelos populares, a tend\u00eancia \u00e9 o brasileiro buscar por outro tipo de autom\u00f3vel.<\/p>\n<p>&nbsp;<\/p>\n<p>\u201cO mercado do SUV est\u00e1 em plena expans\u00e3o e \u00e9 cada vez mais um desejo dos nossos consumidores\u201d, analisa Daniel Breen, especialista em mercado automotivo. (Jornal da Band)<\/p>\n","protected":false},"excerpt":{"rendered":"<p>Jornal da Band &nbsp; Para muitas pessoas no Brasil, a compra de um carro s\u00f3 \u00e9 poss\u00edvel por causa de modelos populares. S\u00e3o autom\u00f3veis simples: com vidro manual, sem ar condicionado. geralmente com motores menos potentes, os chamados 1.0, que chegam a rodar cerca de 15 quil\u00f4metros por litro de combust\u00edvel. Mas carros como esse\u2026 <a class=\"readmore\" href=\"https:\/\/dana.com.br\/canaldana\/2022\/01\/13\/montadoras-decretam-fim-da-era-dos-carros-populares-no-brasil\/\">Leia mais \u00bb<\/a><\/p>\n","protected":false},"author":3,"featured_media":0,"comment_status":"closed","ping_status":"closed","sticky":false,"template":"","format":"standard","meta":{"_acf_changed":false,"footnotes":""},"categories":[61],"tags":[],"class_list":["post-55483","post","type-post","status-publish","format-standard","hentry","category-destaques"],"acf":[],"yoast_head":"<!-- This site is optimized with the Yoast SEO plugin v27.3 - https:\/\/yoast.com\/product\/yoast-seo-wordpress\/ -->\n<title>Montadoras decretam fim da era dos carros populares no Brasil - Canal Dana<\/title>\n<meta name=\"robots\" content=\"index, follow, max-snippet:-1, max-image-preview:large, max-video-preview:-1\" \/>\n<link rel=\"canonical\" href=\"https:\/\/dana.com.br\/canaldana\/2022\/01\/13\/montadoras-decretam-fim-da-era-dos-carros-populares-no-brasil\/\" \/>\n<meta property=\"og:locale\" content=\"pt_BR\" \/>\n<meta property=\"og:type\" content=\"article\" \/>\n<meta property=\"og:title\" content=\"Montadoras decretam fim da era dos carros populares no Brasil - Canal Dana\" \/>\n<meta property=\"og:description\" content=\"Jornal da Band &nbsp; Para muitas pessoas no Brasil, a compra de um carro s\u00f3 \u00e9 poss\u00edvel por causa de modelos populares. S\u00e3o autom\u00f3veis simples: com vidro manual, sem ar condicionado. geralmente com motores menos potentes, os chamados 1.0, que chegam a rodar cerca de 15 quil\u00f4metros por litro de combust\u00edvel. Mas carros como esse\u2026 Leia mais \u00bb\" \/>\n<meta property=\"og:url\" content=\"https:\/\/dana.com.br\/canaldana\/2022\/01\/13\/montadoras-decretam-fim-da-era-dos-carros-populares-no-brasil\/\" \/>\n<meta property=\"og:site_name\" content=\"Canal Dana\" \/>\n<meta property=\"article:published_time\" content=\"2022-01-13T11:27:47+00:00\" \/>\n<meta name=\"author\" content=\"Canal Dana\" \/>\n<meta name=\"twitter:card\" content=\"summary_large_image\" \/>\n<meta name=\"twitter:label1\" content=\"Escrito por\" \/>\n\t<meta name=\"twitter:data1\" content=\"Canal Dana\" \/>\n\t<meta name=\"twitter:label2\" content=\"Est. tempo de leitura\" \/>\n\t<meta name=\"twitter:data2\" content=\"1 minuto\" \/>\n<script type=\"application\/ld+json\" class=\"yoast-schema-graph\">{\"@context\":\"https:\\\/\\\/schema.org\",\"@graph\":[{\"@type\":\"Article\",\"@id\":\"https:\\\/\\\/dana.com.br\\\/canaldana\\\/2022\\\/01\\\/13\\\/montadoras-decretam-fim-da-era-dos-carros-populares-no-brasil\\\/#article\",\"isPartOf\":{\"@id\":\"https:\\\/\\\/dana.com.br\\\/canaldana\\\/2022\\\/01\\\/13\\\/montadoras-decretam-fim-da-era-dos-carros-populares-no-brasil\\\/\"},\"author\":{\"name\":\"Canal Dana\",\"@id\":\"https:\\\/\\\/dana.com.br\\\/canaldana\\\/#\\\/schema\\\/person\\\/3c21f22f56fcf3bc46b94bc60ea4fef6\"},\"headline\":\"Montadoras decretam fim da era dos carros populares no Brasil\",\"datePublished\":\"2022-01-13T11:27:47+00:00\",\"mainEntityOfPage\":{\"@id\":\"https:\\\/\\\/dana.com.br\\\/canaldana\\\/2022\\\/01\\\/13\\\/montadoras-decretam-fim-da-era-dos-carros-populares-no-brasil\\\/\"},\"wordCount\":285,\"articleSection\":[\"Destaques\"],\"inLanguage\":\"pt-BR\"},{\"@type\":\"WebPage\",\"@id\":\"https:\\\/\\\/dana.com.br\\\/canaldana\\\/2022\\\/01\\\/13\\\/montadoras-decretam-fim-da-era-dos-carros-populares-no-brasil\\\/\",\"url\":\"https:\\\/\\\/dana.com.br\\\/canaldana\\\/2022\\\/01\\\/13\\\/montadoras-decretam-fim-da-era-dos-carros-populares-no-brasil\\\/\",\"name\":\"Montadoras decretam fim da era dos carros populares no Brasil - Canal Dana\",\"isPartOf\":{\"@id\":\"https:\\\/\\\/dana.com.br\\\/canaldana\\\/#website\"},\"datePublished\":\"2022-01-13T11:27:47+00:00\",\"author\":{\"@id\":\"https:\\\/\\\/dana.com.br\\\/canaldana\\\/#\\\/schema\\\/person\\\/3c21f22f56fcf3bc46b94bc60ea4fef6\"},\"breadcrumb\":{\"@id\":\"https:\\\/\\\/dana.com.br\\\/canaldana\\\/2022\\\/01\\\/13\\\/montadoras-decretam-fim-da-era-dos-carros-populares-no-brasil\\\/#breadcrumb\"},\"inLanguage\":\"pt-BR\",\"potentialAction\":[{\"@type\":\"ReadAction\",\"target\":[\"https:\\\/\\\/dana.com.br\\\/canaldana\\\/2022\\\/01\\\/13\\\/montadoras-decretam-fim-da-era-dos-carros-populares-no-brasil\\\/\"]}]},{\"@type\":\"BreadcrumbList\",\"@id\":\"https:\\\/\\\/dana.com.br\\\/canaldana\\\/2022\\\/01\\\/13\\\/montadoras-decretam-fim-da-era-dos-carros-populares-no-brasil\\\/#breadcrumb\",\"itemListElement\":[{\"@type\":\"ListItem\",\"position\":1,\"name\":\"Home\",\"item\":\"https:\\\/\\\/dana.com.br\\\/canaldana\\\/\"},{\"@type\":\"ListItem\",\"position\":2,\"name\":\"Destaques\",\"item\":\"https:\\\/\\\/dana.com.br\\\/canaldana\\\/destaques\\\/\"},{\"@type\":\"ListItem\",\"position\":3,\"name\":\"Montadoras decretam fim da era dos carros populares no Brasil\"}]},{\"@type\":\"WebSite\",\"@id\":\"https:\\\/\\\/dana.com.br\\\/canaldana\\\/#website\",\"url\":\"https:\\\/\\\/dana.com.br\\\/canaldana\\\/\",\"name\":\"Canal Dana\",\"description\":\"Informativo com as principais not\u00edcias da ind\u00fastria automotiva\",\"potentialAction\":[{\"@type\":\"SearchAction\",\"target\":{\"@type\":\"EntryPoint\",\"urlTemplate\":\"https:\\\/\\\/dana.com.br\\\/canaldana\\\/?s={search_term_string}\"},\"query-input\":{\"@type\":\"PropertyValueSpecification\",\"valueRequired\":true,\"valueName\":\"search_term_string\"}}],\"inLanguage\":\"pt-BR\"},{\"@type\":\"Person\",\"@id\":\"https:\\\/\\\/dana.com.br\\\/canaldana\\\/#\\\/schema\\\/person\\\/3c21f22f56fcf3bc46b94bc60ea4fef6\",\"name\":\"Canal Dana\",\"image\":{\"@type\":\"ImageObject\",\"inLanguage\":\"pt-BR\",\"@id\":\"https:\\\/\\\/secure.gravatar.com\\\/avatar\\\/420aaf9278582877d9018637c6817617705899d2858d7572ef0fe59a6b6454b4?s=96&d=mm&r=g\",\"url\":\"https:\\\/\\\/secure.gravatar.com\\\/avatar\\\/420aaf9278582877d9018637c6817617705899d2858d7572ef0fe59a6b6454b4?s=96&d=mm&r=g\",\"contentUrl\":\"https:\\\/\\\/secure.gravatar.com\\\/avatar\\\/420aaf9278582877d9018637c6817617705899d2858d7572ef0fe59a6b6454b4?s=96&d=mm&r=g\",\"caption\":\"Canal Dana\"},\"url\":\"https:\\\/\\\/dana.com.br\\\/canaldana\\\/author\\\/cdeditor\\\/\"}]}<\/script>\n<!-- \/ Yoast SEO plugin. -->","yoast_head_json":{"title":"Montadoras decretam fim da era dos carros populares no Brasil - Canal Dana","robots":{"index":"index","follow":"follow","max-snippet":"max-snippet:-1","max-image-preview":"max-image-preview:large","max-video-preview":"max-video-preview:-1"},"canonical":"https:\/\/dana.com.br\/canaldana\/2022\/01\/13\/montadoras-decretam-fim-da-era-dos-carros-populares-no-brasil\/","og_locale":"pt_BR","og_type":"article","og_title":"Montadoras decretam fim da era dos carros populares no Brasil - Canal Dana","og_description":"Jornal da Band &nbsp; Para muitas pessoas no Brasil, a compra de um carro s\u00f3 \u00e9 poss\u00edvel por causa de modelos populares. S\u00e3o autom\u00f3veis simples: com vidro manual, sem ar condicionado. geralmente com motores menos potentes, os chamados 1.0, que chegam a rodar cerca de 15 quil\u00f4metros por litro de combust\u00edvel. Mas carros como esse\u2026 Leia mais \u00bb","og_url":"https:\/\/dana.com.br\/canaldana\/2022\/01\/13\/montadoras-decretam-fim-da-era-dos-carros-populares-no-brasil\/","og_site_name":"Canal Dana","article_published_time":"2022-01-13T11:27:47+00:00","author":"Canal Dana","twitter_card":"summary_large_image","twitter_misc":{"Escrito por":"Canal Dana","Est. tempo de leitura":"1 minuto"},"schema":{"@context":"https:\/\/schema.org","@graph":[{"@type":"Article","@id":"https:\/\/dana.com.br\/canaldana\/2022\/01\/13\/montadoras-decretam-fim-da-era-dos-carros-populares-no-brasil\/#article","isPartOf":{"@id":"https:\/\/dana.com.br\/canaldana\/2022\/01\/13\/montadoras-decretam-fim-da-era-dos-carros-populares-no-brasil\/"},"author":{"name":"Canal Dana","@id":"https:\/\/dana.com.br\/canaldana\/#\/schema\/person\/3c21f22f56fcf3bc46b94bc60ea4fef6"},"headline":"Montadoras decretam fim da era dos carros populares no Brasil","datePublished":"2022-01-13T11:27:47+00:00","mainEntityOfPage":{"@id":"https:\/\/dana.com.br\/canaldana\/2022\/01\/13\/montadoras-decretam-fim-da-era-dos-carros-populares-no-brasil\/"},"wordCount":285,"articleSection":["Destaques"],"inLanguage":"pt-BR"},{"@type":"WebPage","@id":"https:\/\/dana.com.br\/canaldana\/2022\/01\/13\/montadoras-decretam-fim-da-era-dos-carros-populares-no-brasil\/","url":"https:\/\/dana.com.br\/canaldana\/2022\/01\/13\/montadoras-decretam-fim-da-era-dos-carros-populares-no-brasil\/","name":"Montadoras decretam fim da era dos carros populares no Brasil - Canal Dana","isPartOf":{"@id":"https:\/\/dana.com.br\/canaldana\/#website"},"datePublished":"2022-01-13T11:27:47+00:00","author":{"@id":"https:\/\/dana.com.br\/canaldana\/#\/schema\/person\/3c21f22f56fcf3bc46b94bc60ea4fef6"},"breadcrumb":{"@id":"https:\/\/dana.com.br\/canaldana\/2022\/01\/13\/montadoras-decretam-fim-da-era-dos-carros-populares-no-brasil\/#breadcrumb"},"inLanguage":"pt-BR","potentialAction":[{"@type":"ReadAction","target":["https:\/\/dana.com.br\/canaldana\/2022\/01\/13\/montadoras-decretam-fim-da-era-dos-carros-populares-no-brasil\/"]}]},{"@type":"BreadcrumbList","@id":"https:\/\/dana.com.br\/canaldana\/2022\/01\/13\/montadoras-decretam-fim-da-era-dos-carros-populares-no-brasil\/#breadcrumb","itemListElement":[{"@type":"ListItem","position":1,"name":"Home","item":"https:\/\/dana.com.br\/canaldana\/"},{"@type":"ListItem","position":2,"name":"Destaques","item":"https:\/\/dana.com.br\/canaldana\/destaques\/"},{"@type":"ListItem","position":3,"name":"Montadoras decretam fim da era dos carros populares no Brasil"}]},{"@type":"WebSite","@id":"https:\/\/dana.com.br\/canaldana\/#website","url":"https:\/\/dana.com.br\/canaldana\/","name":"Canal Dana","description":"Informativo com as principais not\u00edcias da ind\u00fastria automotiva","potentialAction":[{"@type":"SearchAction","target":{"@type":"EntryPoint","urlTemplate":"https:\/\/dana.com.br\/canaldana\/?s={search_term_string}"},"query-input":{"@type":"PropertyValueSpecification","valueRequired":true,"valueName":"search_term_string"}}],"inLanguage":"pt-BR"},{"@type":"Person","@id":"https:\/\/dana.com.br\/canaldana\/#\/schema\/person\/3c21f22f56fcf3bc46b94bc60ea4fef6","name":"Canal Dana","image":{"@type":"ImageObject","inLanguage":"pt-BR","@id":"https:\/\/secure.gravatar.com\/avatar\/420aaf9278582877d9018637c6817617705899d2858d7572ef0fe59a6b6454b4?s=96&d=mm&r=g","url":"https:\/\/secure.gravatar.com\/avatar\/420aaf9278582877d9018637c6817617705899d2858d7572ef0fe59a6b6454b4?s=96&d=mm&r=g","contentUrl":"https:\/\/secure.gravatar.com\/avatar\/420aaf9278582877d9018637c6817617705899d2858d7572ef0fe59a6b6454b4?s=96&d=mm&r=g","caption":"Canal Dana"},"url":"https:\/\/dana.com.br\/canaldana\/author\/cdeditor\/"}]}},"_links":{"self":[{"href":"https:\/\/dana.com.br\/canaldana\/wp-json\/wp\/v2\/posts\/55483","targetHints":{"allow":["GET"]}}],"collection":[{"href":"https:\/\/dana.com.br\/canaldana\/wp-json\/wp\/v2\/posts"}],"about":[{"href":"https:\/\/dana.com.br\/canaldana\/wp-json\/wp\/v2\/types\/post"}],"author":[{"embeddable":true,"href":"https:\/\/dana.com.br\/canaldana\/wp-json\/wp\/v2\/users\/3"}],"replies":[{"embeddable":true,"href":"https:\/\/dana.com.br\/canaldana\/wp-json\/wp\/v2\/comments?post=55483"}],"version-history":[{"count":0,"href":"https:\/\/dana.com.br\/canaldana\/wp-json\/wp\/v2\/posts\/55483\/revisions"}],"wp:attachment":[{"href":"https:\/\/dana.com.br\/canaldana\/wp-json\/wp\/v2\/media?parent=55483"}],"wp:term":[{"taxonomy":"category","embeddable":true,"href":"https:\/\/dana.com.br\/canaldana\/wp-json\/wp\/v2\/categories?post=55483"},{"taxonomy":"post_tag","embeddable":true,"href":"https:\/\/dana.com.br\/canaldana\/wp-json\/wp\/v2\/tags?post=55483"}],"curies":[{"name":"wp","href":"https:\/\/api.w.org\/{rel}","templated":true}]}}