{"id":54971,"date":"2021-12-15T08:44:42","date_gmt":"2021-12-15T11:44:42","guid":{"rendered":"https:\/\/dana.com.br\/canaldana\/?p=54971"},"modified":"2021-12-15T08:44:42","modified_gmt":"2021-12-15T11:44:42","slug":"movida-abre-estrutura-para-abastecer-carros-eletricos-em-sao-paulo","status":"publish","type":"post","link":"https:\/\/dana.com.br\/canaldana\/2021\/12\/15\/movida-abre-estrutura-para-abastecer-carros-eletricos-em-sao-paulo\/","title":{"rendered":"Movida abre estrutura para &#8220;abastecer&#8221; carros el\u00e9tricos em S\u00e3o Paulo"},"content":{"rendered":"<p><em>O Estado de S. Paulo <\/em><\/p>\n<p>&nbsp;<\/p>\n<p>A Movida, empresa de aluguel de ve\u00edculos e solu\u00e7\u00f5es em mobilidade el\u00e9trica, inaugura hoje uma loja modelo com 11 pontos de recarga de carros el\u00e9tricos na Marginal Tiet\u00ea, no bairro do Tatuap\u00e9 \u2013 uma das mais movimentadas vias da cidade de S\u00e3o Paulo. O abastecimento ser\u00e1 gratuito.<\/p>\n<p>&nbsp;<\/p>\n<p>O projeto tem a parceria da montadora Nissan e da Zletric, fornecedora de carregadores. A \u00e1rea, considerada um hub para clientes que alugam carros el\u00e9tricos da Movida e para donos do Nissan Leaf, conta com \u00e1rea para descanso, banheiro com chuveiros, restaurantes e show room com modelos el\u00e9tricos para loca\u00e7\u00e3o.<\/p>\n<p>&nbsp;<\/p>\n<p>Entre os objetivos do espa\u00e7o, informa Renato Franklin, presidente da Movida, est\u00e1 o de atrair taxistas e motoristas de aplicativos como Uber e 99, e empresas e motoristas aut\u00f4nomos que trabalham com delivery. \u201cO uso de ve\u00edculos el\u00e9tricos para o trabalho est\u00e1 crescendo porque traz ganho financeiro aos usu\u00e1rios\u201d, diz.<\/p>\n<p>&nbsp;<\/p>\n<p>A Nissan cedeu para o espa\u00e7o um carregador ultrarr\u00e1pido, que abastece a bateria em 40 minutos. A proposta da empresa \u00e9 desmistificar o uso dos el\u00e9tricos no Brasil. \u201cTemos o objetivo e o compromisso de desenvolver esta nova cultura da mobilidade, por meio de acordos que incentivem o uso dos el\u00e9tricos e apoiem o estudo da tecnologia e solu\u00e7\u00f5es ligadas \u00e0 eletrifica\u00e7\u00e3o\u201d, afirma Tiago Castro, diretor de marketing e vendas da Nissan do Brasil. \u201cEste espa\u00e7o reafirma nosso compromisso de que mais pessoas experimentem o carro el\u00e9trico.\u201d<\/p>\n<p>&nbsp;<\/p>\n<p>A frota da Movida \u00e9 composta por 168 mil ve\u00edculos, dos quais 500 s\u00e3o el\u00e9tricos, grande parte de modelos Leaf, mas tamb\u00e9m Mini Cooper, Peugeot 208, Fiat 500 e o furg\u00e3o da BYD eT3, al\u00e9m de caros h\u00edbridos. \u201cNo momento quase todos est\u00e3o alugados, s\u00f3 temos 20 no estoque\u201d, informa Franklin.<\/p>\n<p>&nbsp;<\/p>\n<p><strong>Custos<\/strong><\/p>\n<p>&nbsp;<\/p>\n<p>Segundo ele, a loca\u00e7\u00e3o de um carro el\u00e9trico custa, em m\u00e9dia, de R$ 500 a R$ 600 a mais que um similar convencional. Uma vez inclu\u00eddos gastos com combust\u00edvel e eletricidade, por\u00e9m, a vantagem vai para o modelo a bateria, quando considerado um percurso de 5 mil km por m\u00eas. O gasto mensal, segundo c\u00e1lculos da Movida, ficaria em R$ 7.024 para o autom\u00f3vel a combust\u00e3o e R$ 6,5 mil para o el\u00e9trico.<\/p>\n<p>&nbsp;<\/p>\n<p>Al\u00e9m do hub na Marginal Tiet\u00ea, a Movida tem outros 37 carregadores de el\u00e9tricos em lojas da marca em S\u00e3o Paulo e no Rio de Janeiro. Dependendo dos resultados dessa iniciativa, outros espa\u00e7os similares ser\u00e3o criados.<\/p>\n<p>&nbsp;<\/p>\n<p>A Movida j\u00e1 tem aprovado pela Simpar \u2013 a holding controladora da empresa \u2013 investimentos de R$ 5 bilh\u00f5es a R$ 6 bilh\u00f5es em 2022. A maior parte ser\u00e1 usada para amplia\u00e7\u00e3o da frota em cerca 30 mil a 50 mil carros, muitos deles el\u00e9tricos.<\/p>\n<p>&nbsp;<\/p>\n<p><strong>Vendas de eletrificados<\/strong><\/p>\n<p>&nbsp;<\/p>\n<p>At\u00e9 novembro foram vendidos no Pa\u00eds 2.148 autom\u00f3veis el\u00e9tricos e 28.297 h\u00edbridos, ante 19,7 mil em todo o ano passado, na soma de modelos com as duas tecnologias.<\/p>\n<p>&nbsp;<\/p>\n<p><strong>Frota maior<\/strong><\/p>\n<p>&nbsp;<\/p>\n<p>A Movida tem frota de 500 ve\u00edculos 100% el\u00e9tricos para loca\u00e7\u00e3o, n\u00famero que aumenta em m\u00e9dia 50 unidades ao m\u00eas. O grupo j\u00e1 tem aprovado um investimento de R$ 5 bilh\u00f5es a R$ 6 bilh\u00f5es para ampliar sua frota total em 2022, hoje de 168 mil carros.<\/p>\n<p>&nbsp;<\/p>\n<p><strong>Carregador<\/strong><\/p>\n<p>&nbsp;<\/p>\n<p>A startup Zletric vai oferecer aos propriet\u00e1rios e locadores de carros el\u00e9tricos a loca\u00e7\u00e3o do Wallbox, um tipo de carregador de baterias que pode ser instalado nas resid\u00eancias dos usu\u00e1rios. (O Estado de S. Paulo\/Cleide Silva)<\/p>\n","protected":false},"excerpt":{"rendered":"<p>O Estado de S. Paulo &nbsp; A Movida, empresa de aluguel de ve\u00edculos e solu\u00e7\u00f5es em mobilidade el\u00e9trica, inaugura hoje uma loja modelo com 11 pontos de recarga de carros el\u00e9tricos na Marginal Tiet\u00ea, no bairro do Tatuap\u00e9 \u2013 uma das mais movimentadas vias da cidade de S\u00e3o Paulo. O abastecimento ser\u00e1 gratuito. &nbsp; O\u2026 <a class=\"readmore\" href=\"https:\/\/dana.com.br\/canaldana\/2021\/12\/15\/movida-abre-estrutura-para-abastecer-carros-eletricos-em-sao-paulo\/\">Leia mais \u00bb<\/a><\/p>\n","protected":false},"author":3,"featured_media":0,"comment_status":"closed","ping_status":"closed","sticky":false,"template":"","format":"standard","meta":{"_acf_changed":false,"footnotes":""},"categories":[61],"tags":[],"class_list":["post-54971","post","type-post","status-publish","format-standard","hentry","category-destaques"],"acf":[],"yoast_head":"<!-- This site is optimized with the Yoast SEO plugin v27.3 - https:\/\/yoast.com\/product\/yoast-seo-wordpress\/ -->\n<title>Movida abre estrutura para &quot;abastecer&quot; carros el\u00e9tricos em S\u00e3o Paulo - Canal Dana<\/title>\n<meta name=\"robots\" content=\"index, follow, max-snippet:-1, max-image-preview:large, max-video-preview:-1\" \/>\n<link rel=\"canonical\" href=\"https:\/\/dana.com.br\/canaldana\/2021\/12\/15\/movida-abre-estrutura-para-abastecer-carros-eletricos-em-sao-paulo\/\" \/>\n<meta property=\"og:locale\" content=\"pt_BR\" \/>\n<meta property=\"og:type\" content=\"article\" \/>\n<meta property=\"og:title\" content=\"Movida abre estrutura para &quot;abastecer&quot; carros el\u00e9tricos em S\u00e3o Paulo - Canal Dana\" \/>\n<meta property=\"og:description\" content=\"O Estado de S. Paulo &nbsp; A Movida, empresa de aluguel de ve\u00edculos e solu\u00e7\u00f5es em mobilidade el\u00e9trica, inaugura hoje uma loja modelo com 11 pontos de recarga de carros el\u00e9tricos na Marginal Tiet\u00ea, no bairro do Tatuap\u00e9 \u2013 uma das mais movimentadas vias da cidade de S\u00e3o Paulo. O abastecimento ser\u00e1 gratuito. &nbsp; O\u2026 Leia mais \u00bb\" \/>\n<meta property=\"og:url\" content=\"https:\/\/dana.com.br\/canaldana\/2021\/12\/15\/movida-abre-estrutura-para-abastecer-carros-eletricos-em-sao-paulo\/\" \/>\n<meta property=\"og:site_name\" content=\"Canal Dana\" \/>\n<meta property=\"article:published_time\" content=\"2021-12-15T11:44:42+00:00\" \/>\n<meta name=\"author\" content=\"Canal Dana\" \/>\n<meta name=\"twitter:card\" content=\"summary_large_image\" \/>\n<meta name=\"twitter:label1\" content=\"Escrito por\" \/>\n\t<meta name=\"twitter:data1\" content=\"Canal Dana\" \/>\n\t<meta name=\"twitter:label2\" content=\"Est. tempo de leitura\" \/>\n\t<meta name=\"twitter:data2\" content=\"3 minutos\" \/>\n<script type=\"application\/ld+json\" class=\"yoast-schema-graph\">{\"@context\":\"https:\\\/\\\/schema.org\",\"@graph\":[{\"@type\":\"Article\",\"@id\":\"https:\\\/\\\/dana.com.br\\\/canaldana\\\/2021\\\/12\\\/15\\\/movida-abre-estrutura-para-abastecer-carros-eletricos-em-sao-paulo\\\/#article\",\"isPartOf\":{\"@id\":\"https:\\\/\\\/dana.com.br\\\/canaldana\\\/2021\\\/12\\\/15\\\/movida-abre-estrutura-para-abastecer-carros-eletricos-em-sao-paulo\\\/\"},\"author\":{\"name\":\"Canal Dana\",\"@id\":\"https:\\\/\\\/dana.com.br\\\/canaldana\\\/#\\\/schema\\\/person\\\/3c21f22f56fcf3bc46b94bc60ea4fef6\"},\"headline\":\"Movida abre estrutura para &#8220;abastecer&#8221; carros el\u00e9tricos em S\u00e3o Paulo\",\"datePublished\":\"2021-12-15T11:44:42+00:00\",\"mainEntityOfPage\":{\"@id\":\"https:\\\/\\\/dana.com.br\\\/canaldana\\\/2021\\\/12\\\/15\\\/movida-abre-estrutura-para-abastecer-carros-eletricos-em-sao-paulo\\\/\"},\"wordCount\":621,\"articleSection\":[\"Destaques\"],\"inLanguage\":\"pt-BR\"},{\"@type\":\"WebPage\",\"@id\":\"https:\\\/\\\/dana.com.br\\\/canaldana\\\/2021\\\/12\\\/15\\\/movida-abre-estrutura-para-abastecer-carros-eletricos-em-sao-paulo\\\/\",\"url\":\"https:\\\/\\\/dana.com.br\\\/canaldana\\\/2021\\\/12\\\/15\\\/movida-abre-estrutura-para-abastecer-carros-eletricos-em-sao-paulo\\\/\",\"name\":\"Movida abre estrutura para \\\"abastecer\\\" carros el\u00e9tricos em S\u00e3o Paulo - Canal Dana\",\"isPartOf\":{\"@id\":\"https:\\\/\\\/dana.com.br\\\/canaldana\\\/#website\"},\"datePublished\":\"2021-12-15T11:44:42+00:00\",\"author\":{\"@id\":\"https:\\\/\\\/dana.com.br\\\/canaldana\\\/#\\\/schema\\\/person\\\/3c21f22f56fcf3bc46b94bc60ea4fef6\"},\"breadcrumb\":{\"@id\":\"https:\\\/\\\/dana.com.br\\\/canaldana\\\/2021\\\/12\\\/15\\\/movida-abre-estrutura-para-abastecer-carros-eletricos-em-sao-paulo\\\/#breadcrumb\"},\"inLanguage\":\"pt-BR\",\"potentialAction\":[{\"@type\":\"ReadAction\",\"target\":[\"https:\\\/\\\/dana.com.br\\\/canaldana\\\/2021\\\/12\\\/15\\\/movida-abre-estrutura-para-abastecer-carros-eletricos-em-sao-paulo\\\/\"]}]},{\"@type\":\"BreadcrumbList\",\"@id\":\"https:\\\/\\\/dana.com.br\\\/canaldana\\\/2021\\\/12\\\/15\\\/movida-abre-estrutura-para-abastecer-carros-eletricos-em-sao-paulo\\\/#breadcrumb\",\"itemListElement\":[{\"@type\":\"ListItem\",\"position\":1,\"name\":\"Home\",\"item\":\"https:\\\/\\\/dana.com.br\\\/canaldana\\\/\"},{\"@type\":\"ListItem\",\"position\":2,\"name\":\"Destaques\",\"item\":\"https:\\\/\\\/dana.com.br\\\/canaldana\\\/destaques\\\/\"},{\"@type\":\"ListItem\",\"position\":3,\"name\":\"Movida abre estrutura para &#8220;abastecer&#8221; carros el\u00e9tricos em S\u00e3o Paulo\"}]},{\"@type\":\"WebSite\",\"@id\":\"https:\\\/\\\/dana.com.br\\\/canaldana\\\/#website\",\"url\":\"https:\\\/\\\/dana.com.br\\\/canaldana\\\/\",\"name\":\"Canal Dana\",\"description\":\"Informativo com as principais not\u00edcias da ind\u00fastria automotiva\",\"potentialAction\":[{\"@type\":\"SearchAction\",\"target\":{\"@type\":\"EntryPoint\",\"urlTemplate\":\"https:\\\/\\\/dana.com.br\\\/canaldana\\\/?s={search_term_string}\"},\"query-input\":{\"@type\":\"PropertyValueSpecification\",\"valueRequired\":true,\"valueName\":\"search_term_string\"}}],\"inLanguage\":\"pt-BR\"},{\"@type\":\"Person\",\"@id\":\"https:\\\/\\\/dana.com.br\\\/canaldana\\\/#\\\/schema\\\/person\\\/3c21f22f56fcf3bc46b94bc60ea4fef6\",\"name\":\"Canal Dana\",\"image\":{\"@type\":\"ImageObject\",\"inLanguage\":\"pt-BR\",\"@id\":\"https:\\\/\\\/secure.gravatar.com\\\/avatar\\\/420aaf9278582877d9018637c6817617705899d2858d7572ef0fe59a6b6454b4?s=96&d=mm&r=g\",\"url\":\"https:\\\/\\\/secure.gravatar.com\\\/avatar\\\/420aaf9278582877d9018637c6817617705899d2858d7572ef0fe59a6b6454b4?s=96&d=mm&r=g\",\"contentUrl\":\"https:\\\/\\\/secure.gravatar.com\\\/avatar\\\/420aaf9278582877d9018637c6817617705899d2858d7572ef0fe59a6b6454b4?s=96&d=mm&r=g\",\"caption\":\"Canal Dana\"},\"url\":\"https:\\\/\\\/dana.com.br\\\/canaldana\\\/author\\\/cdeditor\\\/\"}]}<\/script>\n<!-- \/ Yoast SEO plugin. -->","yoast_head_json":{"title":"Movida abre estrutura para \"abastecer\" carros el\u00e9tricos em S\u00e3o Paulo - Canal Dana","robots":{"index":"index","follow":"follow","max-snippet":"max-snippet:-1","max-image-preview":"max-image-preview:large","max-video-preview":"max-video-preview:-1"},"canonical":"https:\/\/dana.com.br\/canaldana\/2021\/12\/15\/movida-abre-estrutura-para-abastecer-carros-eletricos-em-sao-paulo\/","og_locale":"pt_BR","og_type":"article","og_title":"Movida abre estrutura para \"abastecer\" carros el\u00e9tricos em S\u00e3o Paulo - Canal Dana","og_description":"O Estado de S. Paulo &nbsp; A Movida, empresa de aluguel de ve\u00edculos e solu\u00e7\u00f5es em mobilidade el\u00e9trica, inaugura hoje uma loja modelo com 11 pontos de recarga de carros el\u00e9tricos na Marginal Tiet\u00ea, no bairro do Tatuap\u00e9 \u2013 uma das mais movimentadas vias da cidade de S\u00e3o Paulo. O abastecimento ser\u00e1 gratuito. &nbsp; O\u2026 Leia mais \u00bb","og_url":"https:\/\/dana.com.br\/canaldana\/2021\/12\/15\/movida-abre-estrutura-para-abastecer-carros-eletricos-em-sao-paulo\/","og_site_name":"Canal Dana","article_published_time":"2021-12-15T11:44:42+00:00","author":"Canal Dana","twitter_card":"summary_large_image","twitter_misc":{"Escrito por":"Canal Dana","Est. tempo de leitura":"3 minutos"},"schema":{"@context":"https:\/\/schema.org","@graph":[{"@type":"Article","@id":"https:\/\/dana.com.br\/canaldana\/2021\/12\/15\/movida-abre-estrutura-para-abastecer-carros-eletricos-em-sao-paulo\/#article","isPartOf":{"@id":"https:\/\/dana.com.br\/canaldana\/2021\/12\/15\/movida-abre-estrutura-para-abastecer-carros-eletricos-em-sao-paulo\/"},"author":{"name":"Canal Dana","@id":"https:\/\/dana.com.br\/canaldana\/#\/schema\/person\/3c21f22f56fcf3bc46b94bc60ea4fef6"},"headline":"Movida abre estrutura para &#8220;abastecer&#8221; carros el\u00e9tricos em S\u00e3o Paulo","datePublished":"2021-12-15T11:44:42+00:00","mainEntityOfPage":{"@id":"https:\/\/dana.com.br\/canaldana\/2021\/12\/15\/movida-abre-estrutura-para-abastecer-carros-eletricos-em-sao-paulo\/"},"wordCount":621,"articleSection":["Destaques"],"inLanguage":"pt-BR"},{"@type":"WebPage","@id":"https:\/\/dana.com.br\/canaldana\/2021\/12\/15\/movida-abre-estrutura-para-abastecer-carros-eletricos-em-sao-paulo\/","url":"https:\/\/dana.com.br\/canaldana\/2021\/12\/15\/movida-abre-estrutura-para-abastecer-carros-eletricos-em-sao-paulo\/","name":"Movida abre estrutura para \"abastecer\" carros el\u00e9tricos em S\u00e3o Paulo - Canal Dana","isPartOf":{"@id":"https:\/\/dana.com.br\/canaldana\/#website"},"datePublished":"2021-12-15T11:44:42+00:00","author":{"@id":"https:\/\/dana.com.br\/canaldana\/#\/schema\/person\/3c21f22f56fcf3bc46b94bc60ea4fef6"},"breadcrumb":{"@id":"https:\/\/dana.com.br\/canaldana\/2021\/12\/15\/movida-abre-estrutura-para-abastecer-carros-eletricos-em-sao-paulo\/#breadcrumb"},"inLanguage":"pt-BR","potentialAction":[{"@type":"ReadAction","target":["https:\/\/dana.com.br\/canaldana\/2021\/12\/15\/movida-abre-estrutura-para-abastecer-carros-eletricos-em-sao-paulo\/"]}]},{"@type":"BreadcrumbList","@id":"https:\/\/dana.com.br\/canaldana\/2021\/12\/15\/movida-abre-estrutura-para-abastecer-carros-eletricos-em-sao-paulo\/#breadcrumb","itemListElement":[{"@type":"ListItem","position":1,"name":"Home","item":"https:\/\/dana.com.br\/canaldana\/"},{"@type":"ListItem","position":2,"name":"Destaques","item":"https:\/\/dana.com.br\/canaldana\/destaques\/"},{"@type":"ListItem","position":3,"name":"Movida abre estrutura para &#8220;abastecer&#8221; carros el\u00e9tricos em S\u00e3o Paulo"}]},{"@type":"WebSite","@id":"https:\/\/dana.com.br\/canaldana\/#website","url":"https:\/\/dana.com.br\/canaldana\/","name":"Canal Dana","description":"Informativo com as principais not\u00edcias da ind\u00fastria automotiva","potentialAction":[{"@type":"SearchAction","target":{"@type":"EntryPoint","urlTemplate":"https:\/\/dana.com.br\/canaldana\/?s={search_term_string}"},"query-input":{"@type":"PropertyValueSpecification","valueRequired":true,"valueName":"search_term_string"}}],"inLanguage":"pt-BR"},{"@type":"Person","@id":"https:\/\/dana.com.br\/canaldana\/#\/schema\/person\/3c21f22f56fcf3bc46b94bc60ea4fef6","name":"Canal Dana","image":{"@type":"ImageObject","inLanguage":"pt-BR","@id":"https:\/\/secure.gravatar.com\/avatar\/420aaf9278582877d9018637c6817617705899d2858d7572ef0fe59a6b6454b4?s=96&d=mm&r=g","url":"https:\/\/secure.gravatar.com\/avatar\/420aaf9278582877d9018637c6817617705899d2858d7572ef0fe59a6b6454b4?s=96&d=mm&r=g","contentUrl":"https:\/\/secure.gravatar.com\/avatar\/420aaf9278582877d9018637c6817617705899d2858d7572ef0fe59a6b6454b4?s=96&d=mm&r=g","caption":"Canal Dana"},"url":"https:\/\/dana.com.br\/canaldana\/author\/cdeditor\/"}]}},"_links":{"self":[{"href":"https:\/\/dana.com.br\/canaldana\/wp-json\/wp\/v2\/posts\/54971","targetHints":{"allow":["GET"]}}],"collection":[{"href":"https:\/\/dana.com.br\/canaldana\/wp-json\/wp\/v2\/posts"}],"about":[{"href":"https:\/\/dana.com.br\/canaldana\/wp-json\/wp\/v2\/types\/post"}],"author":[{"embeddable":true,"href":"https:\/\/dana.com.br\/canaldana\/wp-json\/wp\/v2\/users\/3"}],"replies":[{"embeddable":true,"href":"https:\/\/dana.com.br\/canaldana\/wp-json\/wp\/v2\/comments?post=54971"}],"version-history":[{"count":0,"href":"https:\/\/dana.com.br\/canaldana\/wp-json\/wp\/v2\/posts\/54971\/revisions"}],"wp:attachment":[{"href":"https:\/\/dana.com.br\/canaldana\/wp-json\/wp\/v2\/media?parent=54971"}],"wp:term":[{"taxonomy":"category","embeddable":true,"href":"https:\/\/dana.com.br\/canaldana\/wp-json\/wp\/v2\/categories?post=54971"},{"taxonomy":"post_tag","embeddable":true,"href":"https:\/\/dana.com.br\/canaldana\/wp-json\/wp\/v2\/tags?post=54971"}],"curies":[{"name":"wp","href":"https:\/\/api.w.org\/{rel}","templated":true}]}}