{"id":54921,"date":"2021-12-13T08:46:29","date_gmt":"2021-12-13T11:46:29","guid":{"rendered":"https:\/\/dana.com.br\/canaldana\/?p=54921"},"modified":"2021-12-13T08:46:29","modified_gmt":"2021-12-13T11:46:29","slug":"fiat-ve-alivio-na-falta-de-chips-em-2022-e-antecipa-volta-da-producao","status":"publish","type":"post","link":"https:\/\/dana.com.br\/canaldana\/2021\/12\/13\/fiat-ve-alivio-na-falta-de-chips-em-2022-e-antecipa-volta-da-producao\/","title":{"rendered":"Fiat v\u00ea al\u00edvio na falta de chips em 2022 e antecipa volta da produ\u00e7\u00e3o"},"content":{"rendered":"<p><em>O Estado de S. Paulo <\/em><\/p>\n<p>&nbsp;<\/p>\n<p>Mais otimista do que alguns dos concorrentes na ind\u00fastria automobil\u00edstica, o presidente da Stellantis na Am\u00e9rica do Sul, Antonio Filosa, avalia que, embora continuem, os problemas de escassez de semicondutores devem diminuir em 2022. Para ele, alguns sinais disso j\u00e1 podem ser observados neste fim de ano, e isso motivou uma antecipa\u00e7\u00e3o do retorno de 900 dos 1,8 mil funcion\u00e1rios da Fiat na f\u00e1brica de Betim (MG).<\/p>\n<p>&nbsp;<\/p>\n<p>Os trabalhadores estavam em licen\u00e7a desde outubro e s\u00f3 deveriam retornar ao trabalho a partir de janeiro. Segundo o executivo da empresa \u2013 que, al\u00e9m da Fiat, agrega as marcas Jeep, Peugeot e Citro\u00ebn \u2013, o restante da for\u00e7a de trabalho deve voltar nos pr\u00f3ximos meses.<\/p>\n<p>&nbsp;<\/p>\n<p>\u201cEstamos enxergando uma gradual melhora (no abastecimento de chips) e, como a demanda por nossos produtos est\u00e1 robusta, trouxemos de volta esse pessoal, pois precisamos de produ\u00e7\u00e3o\u201d, diz Filosa. Ele afirma que o ano foi \u201crecompensador\u201d para o grupo, apesar das vezes em que a produ\u00e7\u00e3o precisou ser reduzida na unidade mineira.<\/p>\n<p>&nbsp;<\/p>\n<p><strong>Padroniza\u00e7\u00e3o<\/strong><\/p>\n<p>&nbsp;<\/p>\n<p>Entre os avan\u00e7os observados pelo executivo, ele cita que a Stellantis est\u00e1 trabalhando para padronizar os microchips usados em pe\u00e7as e sistemas dos autom\u00f3veis de suas marcas. O motivo \u00e9 uma prote\u00e7\u00e3o das flutua\u00e7\u00f5es de oferta desses itens.<\/p>\n<p>&nbsp;<\/p>\n<p>Os efeitos desse desenvolvimento para os ve\u00edculos fabricados no Brasil e na Argentina devem ser anunciados nas pr\u00f3ximas semanas. Segundo Filosa, atualmente cada modelo utiliza diferentes tipos de semicondutores. A ideia \u00e9 desenvolver componentes que usem microchips iguais em v\u00e1rios ve\u00edculos, como por exemplo o compacto Mobi, o hatch Argo e o sed\u00e3 Cronos.<\/p>\n<p>&nbsp;<\/p>\n<p>\u201cA estandardiza\u00e7\u00e3o vai gerar mais previsibilidade para nossos fornecedores e vai tornar nossas encomendas mais competitivas\u201d, diz Filosa. Em parceria com a Foxconn, a Stellantis pretende criar uma fam\u00edlia de chips que deve atender a mais de 80% das necessidades de microcontroladores da empresa, ajudando a simplificar a cadeia de abastecimento.<\/p>\n<p>&nbsp;<\/p>\n<p>Outro an\u00fancio global feito pelo grupo na ter\u00e7a-feira, e que tamb\u00e9m envolver\u00e1 futuramente as opera\u00e7\u00f5es na Am\u00e9rica do Sul, \u00e9 um investimento de \u00a4 30 bilh\u00f5es at\u00e9 2025 para desenvolver softwares que permitir\u00e3o \u00e0 empresa vender entretenimento, navega\u00e7\u00e3o e outros servi\u00e7os para seus clientes. Tamb\u00e9m poder\u00e1 promover atualiza\u00e7\u00f5es remotas dos sistemas para que o carro fique sempre atualizado, independentemente da idade \u2013 servi\u00e7o hoje j\u00e1 oferecido pela Tesla.<\/p>\n<p>&nbsp;<\/p>\n<p><strong>Lideran\u00e7a<\/strong><\/p>\n<p>&nbsp;<\/p>\n<p>Criado em janeiro, o grupo Stellantis conseguiu colocar a marca Fiat de volta no topo do mercado brasileiro, posto que havia perdido h\u00e1 cinco anos. A Strada encerra 2021 como o carro mais vendido no Pa\u00eds, fato in\u00e9dito para uma picape. O modelo ganhou neste ano uma vers\u00e3o com c\u00e2mbio autom\u00e1tico.<\/p>\n<p>&nbsp;<\/p>\n<p>A companhia tem seis modelos entre os \u201ctop 10\u201d do mercado. Os modelos Fiat Strada, Argo, Toro, Mobi e os Jeep Renegade e Compass somam vendas de 442,9 mil unidades. (O Estado de S. Paulo\/Cleide Silva)<\/p>\n","protected":false},"excerpt":{"rendered":"<p>O Estado de S. Paulo &nbsp; Mais otimista do que alguns dos concorrentes na ind\u00fastria automobil\u00edstica, o presidente da Stellantis na Am\u00e9rica do Sul, Antonio Filosa, avalia que, embora continuem, os problemas de escassez de semicondutores devem diminuir em 2022. Para ele, alguns sinais disso j\u00e1 podem ser observados neste fim de ano, e isso\u2026 <a class=\"readmore\" href=\"https:\/\/dana.com.br\/canaldana\/2021\/12\/13\/fiat-ve-alivio-na-falta-de-chips-em-2022-e-antecipa-volta-da-producao\/\">Leia mais \u00bb<\/a><\/p>\n","protected":false},"author":3,"featured_media":0,"comment_status":"closed","ping_status":"closed","sticky":false,"template":"","format":"standard","meta":{"_acf_changed":false,"footnotes":""},"categories":[61],"tags":[],"class_list":["post-54921","post","type-post","status-publish","format-standard","hentry","category-destaques"],"acf":[],"yoast_head":"<!-- This site is optimized with the Yoast SEO plugin v27.3 - https:\/\/yoast.com\/product\/yoast-seo-wordpress\/ -->\n<title>Fiat v\u00ea al\u00edvio na falta de chips em 2022 e antecipa volta da produ\u00e7\u00e3o - Canal Dana<\/title>\n<meta name=\"robots\" content=\"index, follow, max-snippet:-1, max-image-preview:large, max-video-preview:-1\" \/>\n<link rel=\"canonical\" href=\"https:\/\/dana.com.br\/canaldana\/2021\/12\/13\/fiat-ve-alivio-na-falta-de-chips-em-2022-e-antecipa-volta-da-producao\/\" \/>\n<meta property=\"og:locale\" content=\"pt_BR\" \/>\n<meta property=\"og:type\" content=\"article\" \/>\n<meta property=\"og:title\" content=\"Fiat v\u00ea al\u00edvio na falta de chips em 2022 e antecipa volta da produ\u00e7\u00e3o - Canal Dana\" \/>\n<meta property=\"og:description\" content=\"O Estado de S. Paulo &nbsp; Mais otimista do que alguns dos concorrentes na ind\u00fastria automobil\u00edstica, o presidente da Stellantis na Am\u00e9rica do Sul, Antonio Filosa, avalia que, embora continuem, os problemas de escassez de semicondutores devem diminuir em 2022. Para ele, alguns sinais disso j\u00e1 podem ser observados neste fim de ano, e isso\u2026 Leia mais \u00bb\" \/>\n<meta property=\"og:url\" content=\"https:\/\/dana.com.br\/canaldana\/2021\/12\/13\/fiat-ve-alivio-na-falta-de-chips-em-2022-e-antecipa-volta-da-producao\/\" \/>\n<meta property=\"og:site_name\" content=\"Canal Dana\" \/>\n<meta property=\"article:published_time\" content=\"2021-12-13T11:46:29+00:00\" \/>\n<meta name=\"author\" content=\"Canal Dana\" \/>\n<meta name=\"twitter:card\" content=\"summary_large_image\" \/>\n<meta name=\"twitter:label1\" content=\"Escrito por\" \/>\n\t<meta name=\"twitter:data1\" content=\"Canal Dana\" \/>\n\t<meta name=\"twitter:label2\" content=\"Est. tempo de leitura\" \/>\n\t<meta name=\"twitter:data2\" content=\"3 minutos\" \/>\n<script type=\"application\/ld+json\" class=\"yoast-schema-graph\">{\"@context\":\"https:\\\/\\\/schema.org\",\"@graph\":[{\"@type\":\"Article\",\"@id\":\"https:\\\/\\\/dana.com.br\\\/canaldana\\\/2021\\\/12\\\/13\\\/fiat-ve-alivio-na-falta-de-chips-em-2022-e-antecipa-volta-da-producao\\\/#article\",\"isPartOf\":{\"@id\":\"https:\\\/\\\/dana.com.br\\\/canaldana\\\/2021\\\/12\\\/13\\\/fiat-ve-alivio-na-falta-de-chips-em-2022-e-antecipa-volta-da-producao\\\/\"},\"author\":{\"name\":\"Canal Dana\",\"@id\":\"https:\\\/\\\/dana.com.br\\\/canaldana\\\/#\\\/schema\\\/person\\\/3c21f22f56fcf3bc46b94bc60ea4fef6\"},\"headline\":\"Fiat v\u00ea al\u00edvio na falta de chips em 2022 e antecipa volta da produ\u00e7\u00e3o\",\"datePublished\":\"2021-12-13T11:46:29+00:00\",\"mainEntityOfPage\":{\"@id\":\"https:\\\/\\\/dana.com.br\\\/canaldana\\\/2021\\\/12\\\/13\\\/fiat-ve-alivio-na-falta-de-chips-em-2022-e-antecipa-volta-da-producao\\\/\"},\"wordCount\":523,\"articleSection\":[\"Destaques\"],\"inLanguage\":\"pt-BR\"},{\"@type\":\"WebPage\",\"@id\":\"https:\\\/\\\/dana.com.br\\\/canaldana\\\/2021\\\/12\\\/13\\\/fiat-ve-alivio-na-falta-de-chips-em-2022-e-antecipa-volta-da-producao\\\/\",\"url\":\"https:\\\/\\\/dana.com.br\\\/canaldana\\\/2021\\\/12\\\/13\\\/fiat-ve-alivio-na-falta-de-chips-em-2022-e-antecipa-volta-da-producao\\\/\",\"name\":\"Fiat v\u00ea al\u00edvio na falta de chips em 2022 e antecipa volta da produ\u00e7\u00e3o - Canal Dana\",\"isPartOf\":{\"@id\":\"https:\\\/\\\/dana.com.br\\\/canaldana\\\/#website\"},\"datePublished\":\"2021-12-13T11:46:29+00:00\",\"author\":{\"@id\":\"https:\\\/\\\/dana.com.br\\\/canaldana\\\/#\\\/schema\\\/person\\\/3c21f22f56fcf3bc46b94bc60ea4fef6\"},\"breadcrumb\":{\"@id\":\"https:\\\/\\\/dana.com.br\\\/canaldana\\\/2021\\\/12\\\/13\\\/fiat-ve-alivio-na-falta-de-chips-em-2022-e-antecipa-volta-da-producao\\\/#breadcrumb\"},\"inLanguage\":\"pt-BR\",\"potentialAction\":[{\"@type\":\"ReadAction\",\"target\":[\"https:\\\/\\\/dana.com.br\\\/canaldana\\\/2021\\\/12\\\/13\\\/fiat-ve-alivio-na-falta-de-chips-em-2022-e-antecipa-volta-da-producao\\\/\"]}]},{\"@type\":\"BreadcrumbList\",\"@id\":\"https:\\\/\\\/dana.com.br\\\/canaldana\\\/2021\\\/12\\\/13\\\/fiat-ve-alivio-na-falta-de-chips-em-2022-e-antecipa-volta-da-producao\\\/#breadcrumb\",\"itemListElement\":[{\"@type\":\"ListItem\",\"position\":1,\"name\":\"Home\",\"item\":\"https:\\\/\\\/dana.com.br\\\/canaldana\\\/\"},{\"@type\":\"ListItem\",\"position\":2,\"name\":\"Destaques\",\"item\":\"https:\\\/\\\/dana.com.br\\\/canaldana\\\/destaques\\\/\"},{\"@type\":\"ListItem\",\"position\":3,\"name\":\"Fiat v\u00ea al\u00edvio na falta de chips em 2022 e antecipa volta da produ\u00e7\u00e3o\"}]},{\"@type\":\"WebSite\",\"@id\":\"https:\\\/\\\/dana.com.br\\\/canaldana\\\/#website\",\"url\":\"https:\\\/\\\/dana.com.br\\\/canaldana\\\/\",\"name\":\"Canal Dana\",\"description\":\"Informativo com as principais not\u00edcias da ind\u00fastria automotiva\",\"potentialAction\":[{\"@type\":\"SearchAction\",\"target\":{\"@type\":\"EntryPoint\",\"urlTemplate\":\"https:\\\/\\\/dana.com.br\\\/canaldana\\\/?s={search_term_string}\"},\"query-input\":{\"@type\":\"PropertyValueSpecification\",\"valueRequired\":true,\"valueName\":\"search_term_string\"}}],\"inLanguage\":\"pt-BR\"},{\"@type\":\"Person\",\"@id\":\"https:\\\/\\\/dana.com.br\\\/canaldana\\\/#\\\/schema\\\/person\\\/3c21f22f56fcf3bc46b94bc60ea4fef6\",\"name\":\"Canal Dana\",\"image\":{\"@type\":\"ImageObject\",\"inLanguage\":\"pt-BR\",\"@id\":\"https:\\\/\\\/secure.gravatar.com\\\/avatar\\\/420aaf9278582877d9018637c6817617705899d2858d7572ef0fe59a6b6454b4?s=96&d=mm&r=g\",\"url\":\"https:\\\/\\\/secure.gravatar.com\\\/avatar\\\/420aaf9278582877d9018637c6817617705899d2858d7572ef0fe59a6b6454b4?s=96&d=mm&r=g\",\"contentUrl\":\"https:\\\/\\\/secure.gravatar.com\\\/avatar\\\/420aaf9278582877d9018637c6817617705899d2858d7572ef0fe59a6b6454b4?s=96&d=mm&r=g\",\"caption\":\"Canal Dana\"},\"url\":\"https:\\\/\\\/dana.com.br\\\/canaldana\\\/author\\\/cdeditor\\\/\"}]}<\/script>\n<!-- \/ Yoast SEO plugin. -->","yoast_head_json":{"title":"Fiat v\u00ea al\u00edvio na falta de chips em 2022 e antecipa volta da produ\u00e7\u00e3o - Canal Dana","robots":{"index":"index","follow":"follow","max-snippet":"max-snippet:-1","max-image-preview":"max-image-preview:large","max-video-preview":"max-video-preview:-1"},"canonical":"https:\/\/dana.com.br\/canaldana\/2021\/12\/13\/fiat-ve-alivio-na-falta-de-chips-em-2022-e-antecipa-volta-da-producao\/","og_locale":"pt_BR","og_type":"article","og_title":"Fiat v\u00ea al\u00edvio na falta de chips em 2022 e antecipa volta da produ\u00e7\u00e3o - Canal Dana","og_description":"O Estado de S. Paulo &nbsp; Mais otimista do que alguns dos concorrentes na ind\u00fastria automobil\u00edstica, o presidente da Stellantis na Am\u00e9rica do Sul, Antonio Filosa, avalia que, embora continuem, os problemas de escassez de semicondutores devem diminuir em 2022. Para ele, alguns sinais disso j\u00e1 podem ser observados neste fim de ano, e isso\u2026 Leia mais \u00bb","og_url":"https:\/\/dana.com.br\/canaldana\/2021\/12\/13\/fiat-ve-alivio-na-falta-de-chips-em-2022-e-antecipa-volta-da-producao\/","og_site_name":"Canal Dana","article_published_time":"2021-12-13T11:46:29+00:00","author":"Canal Dana","twitter_card":"summary_large_image","twitter_misc":{"Escrito por":"Canal Dana","Est. tempo de leitura":"3 minutos"},"schema":{"@context":"https:\/\/schema.org","@graph":[{"@type":"Article","@id":"https:\/\/dana.com.br\/canaldana\/2021\/12\/13\/fiat-ve-alivio-na-falta-de-chips-em-2022-e-antecipa-volta-da-producao\/#article","isPartOf":{"@id":"https:\/\/dana.com.br\/canaldana\/2021\/12\/13\/fiat-ve-alivio-na-falta-de-chips-em-2022-e-antecipa-volta-da-producao\/"},"author":{"name":"Canal Dana","@id":"https:\/\/dana.com.br\/canaldana\/#\/schema\/person\/3c21f22f56fcf3bc46b94bc60ea4fef6"},"headline":"Fiat v\u00ea al\u00edvio na falta de chips em 2022 e antecipa volta da produ\u00e7\u00e3o","datePublished":"2021-12-13T11:46:29+00:00","mainEntityOfPage":{"@id":"https:\/\/dana.com.br\/canaldana\/2021\/12\/13\/fiat-ve-alivio-na-falta-de-chips-em-2022-e-antecipa-volta-da-producao\/"},"wordCount":523,"articleSection":["Destaques"],"inLanguage":"pt-BR"},{"@type":"WebPage","@id":"https:\/\/dana.com.br\/canaldana\/2021\/12\/13\/fiat-ve-alivio-na-falta-de-chips-em-2022-e-antecipa-volta-da-producao\/","url":"https:\/\/dana.com.br\/canaldana\/2021\/12\/13\/fiat-ve-alivio-na-falta-de-chips-em-2022-e-antecipa-volta-da-producao\/","name":"Fiat v\u00ea al\u00edvio na falta de chips em 2022 e antecipa volta da produ\u00e7\u00e3o - Canal Dana","isPartOf":{"@id":"https:\/\/dana.com.br\/canaldana\/#website"},"datePublished":"2021-12-13T11:46:29+00:00","author":{"@id":"https:\/\/dana.com.br\/canaldana\/#\/schema\/person\/3c21f22f56fcf3bc46b94bc60ea4fef6"},"breadcrumb":{"@id":"https:\/\/dana.com.br\/canaldana\/2021\/12\/13\/fiat-ve-alivio-na-falta-de-chips-em-2022-e-antecipa-volta-da-producao\/#breadcrumb"},"inLanguage":"pt-BR","potentialAction":[{"@type":"ReadAction","target":["https:\/\/dana.com.br\/canaldana\/2021\/12\/13\/fiat-ve-alivio-na-falta-de-chips-em-2022-e-antecipa-volta-da-producao\/"]}]},{"@type":"BreadcrumbList","@id":"https:\/\/dana.com.br\/canaldana\/2021\/12\/13\/fiat-ve-alivio-na-falta-de-chips-em-2022-e-antecipa-volta-da-producao\/#breadcrumb","itemListElement":[{"@type":"ListItem","position":1,"name":"Home","item":"https:\/\/dana.com.br\/canaldana\/"},{"@type":"ListItem","position":2,"name":"Destaques","item":"https:\/\/dana.com.br\/canaldana\/destaques\/"},{"@type":"ListItem","position":3,"name":"Fiat v\u00ea al\u00edvio na falta de chips em 2022 e antecipa volta da produ\u00e7\u00e3o"}]},{"@type":"WebSite","@id":"https:\/\/dana.com.br\/canaldana\/#website","url":"https:\/\/dana.com.br\/canaldana\/","name":"Canal Dana","description":"Informativo com as principais not\u00edcias da ind\u00fastria automotiva","potentialAction":[{"@type":"SearchAction","target":{"@type":"EntryPoint","urlTemplate":"https:\/\/dana.com.br\/canaldana\/?s={search_term_string}"},"query-input":{"@type":"PropertyValueSpecification","valueRequired":true,"valueName":"search_term_string"}}],"inLanguage":"pt-BR"},{"@type":"Person","@id":"https:\/\/dana.com.br\/canaldana\/#\/schema\/person\/3c21f22f56fcf3bc46b94bc60ea4fef6","name":"Canal Dana","image":{"@type":"ImageObject","inLanguage":"pt-BR","@id":"https:\/\/secure.gravatar.com\/avatar\/420aaf9278582877d9018637c6817617705899d2858d7572ef0fe59a6b6454b4?s=96&d=mm&r=g","url":"https:\/\/secure.gravatar.com\/avatar\/420aaf9278582877d9018637c6817617705899d2858d7572ef0fe59a6b6454b4?s=96&d=mm&r=g","contentUrl":"https:\/\/secure.gravatar.com\/avatar\/420aaf9278582877d9018637c6817617705899d2858d7572ef0fe59a6b6454b4?s=96&d=mm&r=g","caption":"Canal Dana"},"url":"https:\/\/dana.com.br\/canaldana\/author\/cdeditor\/"}]}},"_links":{"self":[{"href":"https:\/\/dana.com.br\/canaldana\/wp-json\/wp\/v2\/posts\/54921","targetHints":{"allow":["GET"]}}],"collection":[{"href":"https:\/\/dana.com.br\/canaldana\/wp-json\/wp\/v2\/posts"}],"about":[{"href":"https:\/\/dana.com.br\/canaldana\/wp-json\/wp\/v2\/types\/post"}],"author":[{"embeddable":true,"href":"https:\/\/dana.com.br\/canaldana\/wp-json\/wp\/v2\/users\/3"}],"replies":[{"embeddable":true,"href":"https:\/\/dana.com.br\/canaldana\/wp-json\/wp\/v2\/comments?post=54921"}],"version-history":[{"count":0,"href":"https:\/\/dana.com.br\/canaldana\/wp-json\/wp\/v2\/posts\/54921\/revisions"}],"wp:attachment":[{"href":"https:\/\/dana.com.br\/canaldana\/wp-json\/wp\/v2\/media?parent=54921"}],"wp:term":[{"taxonomy":"category","embeddable":true,"href":"https:\/\/dana.com.br\/canaldana\/wp-json\/wp\/v2\/categories?post=54921"},{"taxonomy":"post_tag","embeddable":true,"href":"https:\/\/dana.com.br\/canaldana\/wp-json\/wp\/v2\/tags?post=54921"}],"curies":[{"name":"wp","href":"https:\/\/api.w.org\/{rel}","templated":true}]}}