{"id":54761,"date":"2021-12-06T09:16:22","date_gmt":"2021-12-06T12:16:22","guid":{"rendered":"https:\/\/dana.com.br\/canaldana\/?p=54761"},"modified":"2021-12-06T09:16:22","modified_gmt":"2021-12-06T12:16:22","slug":"cenario-de-inflacao-e-juros-altos-e-barreira-para-o-investidor-em-2022","status":"publish","type":"post","link":"https:\/\/dana.com.br\/canaldana\/2021\/12\/06\/cenario-de-inflacao-e-juros-altos-e-barreira-para-o-investidor-em-2022\/","title":{"rendered":"Cen\u00e1rio de infla\u00e7\u00e3o e juros altos \u00e9 barreira para o investidor em 2022"},"content":{"rendered":"<p><em>O Estado de S. Paulo <\/em><\/p>\n<p>&nbsp;<\/p>\n<p>Enquanto a economia global deve estar mais aquecida em 2022, com a retomada do consumo de servi\u00e7os como restaurantes e viagens, a previs\u00e3o para o cen\u00e1rio brasileiro no mesmo per\u00edodo \u00e9 de desacelera\u00e7\u00e3o. \u00c9 o que aponta o estudo Investment Outlook 2022, do Credit Suisse, que levantou as principais tend\u00eancias da economia global para o pr\u00f3ximo ano. A pesquisa foi finalizada no in\u00edcio de novembro, antes da descoberta da variante \u00d4micron do coronav\u00edrus, que pode influenciar as perspectivas para o pr\u00f3ximo ano.<\/p>\n<p>&nbsp;<\/p>\n<p>Entre os motivos para a expectativa negativa em rela\u00e7\u00e3o ao Brasil em 2022 est\u00e3o o aumento da taxa b\u00e1sica de juros (a Selic), o aperto das condi\u00e7\u00f5es financeiras e o menor poder aquisitivo da popula\u00e7\u00e3o devido \u00e0 alta da infla\u00e7\u00e3o. \u201cEsperamos que a taxa de pol\u00edtica monet\u00e1ria (Selic) atinja 11,5% em 2022, ante 2% no in\u00edcio de 2021, um n\u00edvel de juros muito restritivo, mas necess\u00e1rio para trazer a infla\u00e7\u00e3o de volta \u00e0 meta\u201d, afirma Philipp Lisibach, head de Global Investment Strategy do Credit Suisse.<\/p>\n<p>&nbsp;<\/p>\n<p>O banco prev\u00ea ainda que a infla\u00e7\u00e3o ao consumidor fique em 10,2% em 2021, valor pr\u00f3ximo ao divulgado pelo Boletim Focus do Banco Central (BC) no \u00faltimo dia 29, que indicou que a estimativa do mercado para o \u00cdndice Nacional de Pre\u00e7os ao Consumidor Amplo (IPCA), em sua 34.\u00aa semana seguida de alta, chegou a 10,15%.<\/p>\n<p>&nbsp;<\/p>\n<p>Para 2022, o c\u00e1lculo do Credit Suisse aponta para 6%, o que representaria dois anos consecutivos de infla\u00e7\u00e3o acima da faixa superior da meta do BC, em raz\u00e3o da forte deprecia\u00e7\u00e3o do real, alta indexa\u00e7\u00e3o de pre\u00e7os e infla\u00e7\u00e3o global.<\/p>\n<p>&nbsp;<\/p>\n<p>Em rela\u00e7\u00e3o ao crescimento do Produto Interno Bruto (PIB), a proje\u00e7\u00e3o da institui\u00e7\u00e3o financeira \u00e9 de crescimento de 4,8% em 2021, e retra\u00e7\u00e3o de 0,5% para o ano que vem.<\/p>\n<p>&nbsp;<\/p>\n<p>Economista e gestor de fundos da CTM Investimentos, Daniel Alberini lembra que a quest\u00e3o inflacion\u00e1ria \u00e9 um problema mundial, fruto de um grande desequil\u00edbrio entre oferta e demanda causado pela covid-19, bem como pelos est\u00edmulos fiscais para enfrentar a crise sanit\u00e1ria. \u201cO maior impacto, que pode realmente trazer alguma revis\u00e3o relevante para o crescimento do ano que vem no Brasil fica por conta da r\u00e1pida movimenta\u00e7\u00e3o da curva de juros e a pr\u00f3pria alta da Selic\u201d, afirma.<\/p>\n<p>&nbsp;<\/p>\n<p>A Selic vem numa crescente desde mar\u00e7o deste ano e foi fixada a 7,75% ao ano na \u00faltima reuni\u00e3o do Copom \u2013 e deve subir ainda mais nos pr\u00f3ximos meses.<\/p>\n<p>&nbsp;<\/p>\n<p><strong>Contexro global<\/strong><\/p>\n<p>&nbsp;<\/p>\n<p>Na conjuntura mundial, a infla\u00e7\u00e3o deve diminuir, mas pode ficar acima dos n\u00edveis pr\u00e9-pandemia. Segundo o Credit Suisse, os aumentos de pre\u00e7os que se seguiram aos bloqueios n\u00e3o ser\u00e3o inclu\u00eddos nos c\u00e1lculos de infla\u00e7\u00e3o e os problemas da cadeia de abastecimento tamb\u00e9m dever\u00e3o diminuir, reduzindo a press\u00e3o inflacion\u00e1ria.<\/p>\n<p>&nbsp;<\/p>\n<p>Sobre a quarta onda de covid-19 que avan\u00e7a especialmente na Europa, Philipp Lisibach afirma que se os casos da doen\u00e7a continuarem aumentando, a atividade econ\u00f4mica pode ser prejudicada, mas n\u00e3o \u00e9 esperada uma retra\u00e7\u00e3o nas economias desenvolvidas.<\/p>\n<p>&nbsp;<\/p>\n<p>\u201cRestri\u00e7\u00f5es de circula\u00e7\u00e3o s\u00e3o politicamente impopulares tanto para as popula\u00e7\u00f5es vacinadas quanto para as n\u00e3o vacinadas\u201d, afirma.<\/p>\n<p>&nbsp;<\/p>\n<p>Lisibach acrescenta que, caso as restri\u00e7\u00f5es realmente precisem ser intensificadas, a zona do euro at\u00e9 pode sofrer, mas o avan\u00e7o das campanhas de vacina\u00e7\u00e3o e uma maior disponibilidade de medicamentos antivirais devem manter a previs\u00e3o delineada no Investment Outlook 2022. Ele tamb\u00e9m pontua que a volatilidade do mercado deve persistir at\u00e9 que mais fatos sobre a variante \u00d4micron sejam conhecidos.<\/p>\n<p>&nbsp;<\/p>\n<p>Em compara\u00e7\u00e3o com o restante do mundo, o Brasil tem um ponto de aten\u00e7\u00e3o extra: a instabilidade pol\u00edtica, potencializada pela proximidade das elei\u00e7\u00f5es presidenciais, e a falta de avan\u00e7o na agenda de consolida\u00e7\u00e3o fiscal.<\/p>\n<p>&nbsp;<\/p>\n<p>O Credit Suisse pontua que o debate sobre as reformas fiscais necess\u00e1rias para a estabiliza\u00e7\u00e3o econ\u00f4mica s\u00f3 deve ser retomado ap\u00f3s a disputa eleitoral. O banco considera como mais urgentes a reforma administrativa e a flexibiliza\u00e7\u00e3o do or\u00e7amento.<\/p>\n<p>&nbsp;<\/p>\n<p>J\u00e1 para Daniel Alberini, da CTM Investimentos, um candidato que apoie pol\u00edticas econ\u00f4micas mais \u201cex\u00f3ticas\u201d pode provocar maior volatilidade no c\u00e2mbio e nos juros, o que trar\u00e1 reflexo para a economia.<\/p>\n<p>&nbsp;<\/p>\n<p>\u201cH\u00e1 tamb\u00e9m de se destacar que surpresas positivas no processo eleitoral poderiam auxiliar a atividade econ\u00f4mica em fun\u00e7\u00e3o da confian\u00e7a futura, mas atualmente s\u00f3 assistimos a not\u00edcias ruins\u201d, diz. (O Estado de S. Paulo\/Murilo Basso)<\/p>\n","protected":false},"excerpt":{"rendered":"<p>O Estado de S. Paulo &nbsp; Enquanto a economia global deve estar mais aquecida em 2022, com a retomada do consumo de servi\u00e7os como restaurantes e viagens, a previs\u00e3o para o cen\u00e1rio brasileiro no mesmo per\u00edodo \u00e9 de desacelera\u00e7\u00e3o. \u00c9 o que aponta o estudo Investment Outlook 2022, do Credit Suisse, que levantou as principais\u2026 <a class=\"readmore\" href=\"https:\/\/dana.com.br\/canaldana\/2021\/12\/06\/cenario-de-inflacao-e-juros-altos-e-barreira-para-o-investidor-em-2022\/\">Leia mais \u00bb<\/a><\/p>\n","protected":false},"author":3,"featured_media":0,"comment_status":"closed","ping_status":"closed","sticky":false,"template":"","format":"standard","meta":{"_acf_changed":false,"footnotes":""},"categories":[79],"tags":[],"class_list":["post-54761","post","type-post","status-publish","format-standard","hentry","category-mercado"],"acf":[],"yoast_head":"<!-- This site is optimized with the Yoast SEO plugin v27.3 - https:\/\/yoast.com\/product\/yoast-seo-wordpress\/ -->\n<title>Cen\u00e1rio de infla\u00e7\u00e3o e juros altos \u00e9 barreira para o investidor em 2022 - Canal Dana<\/title>\n<meta name=\"robots\" content=\"index, follow, max-snippet:-1, max-image-preview:large, max-video-preview:-1\" \/>\n<link rel=\"canonical\" href=\"https:\/\/dana.com.br\/canaldana\/2021\/12\/06\/cenario-de-inflacao-e-juros-altos-e-barreira-para-o-investidor-em-2022\/\" \/>\n<meta property=\"og:locale\" content=\"pt_BR\" \/>\n<meta property=\"og:type\" content=\"article\" \/>\n<meta property=\"og:title\" content=\"Cen\u00e1rio de infla\u00e7\u00e3o e juros altos \u00e9 barreira para o investidor em 2022 - Canal Dana\" \/>\n<meta property=\"og:description\" content=\"O Estado de S. Paulo &nbsp; Enquanto a economia global deve estar mais aquecida em 2022, com a retomada do consumo de servi\u00e7os como restaurantes e viagens, a previs\u00e3o para o cen\u00e1rio brasileiro no mesmo per\u00edodo \u00e9 de desacelera\u00e7\u00e3o. \u00c9 o que aponta o estudo Investment Outlook 2022, do Credit Suisse, que levantou as principais\u2026 Leia mais \u00bb\" \/>\n<meta property=\"og:url\" content=\"https:\/\/dana.com.br\/canaldana\/2021\/12\/06\/cenario-de-inflacao-e-juros-altos-e-barreira-para-o-investidor-em-2022\/\" \/>\n<meta property=\"og:site_name\" content=\"Canal Dana\" \/>\n<meta property=\"article:published_time\" content=\"2021-12-06T12:16:22+00:00\" \/>\n<meta name=\"author\" content=\"Canal Dana\" \/>\n<meta name=\"twitter:card\" content=\"summary_large_image\" \/>\n<meta name=\"twitter:label1\" content=\"Escrito por\" \/>\n\t<meta name=\"twitter:data1\" content=\"Canal Dana\" \/>\n\t<meta name=\"twitter:label2\" content=\"Est. tempo de leitura\" \/>\n\t<meta name=\"twitter:data2\" content=\"4 minutos\" \/>\n<script type=\"application\/ld+json\" class=\"yoast-schema-graph\">{\"@context\":\"https:\\\/\\\/schema.org\",\"@graph\":[{\"@type\":\"Article\",\"@id\":\"https:\\\/\\\/dana.com.br\\\/canaldana\\\/2021\\\/12\\\/06\\\/cenario-de-inflacao-e-juros-altos-e-barreira-para-o-investidor-em-2022\\\/#article\",\"isPartOf\":{\"@id\":\"https:\\\/\\\/dana.com.br\\\/canaldana\\\/2021\\\/12\\\/06\\\/cenario-de-inflacao-e-juros-altos-e-barreira-para-o-investidor-em-2022\\\/\"},\"author\":{\"name\":\"Canal Dana\",\"@id\":\"https:\\\/\\\/dana.com.br\\\/canaldana\\\/#\\\/schema\\\/person\\\/3c21f22f56fcf3bc46b94bc60ea4fef6\"},\"headline\":\"Cen\u00e1rio de infla\u00e7\u00e3o e juros altos \u00e9 barreira para o investidor em 2022\",\"datePublished\":\"2021-12-06T12:16:22+00:00\",\"mainEntityOfPage\":{\"@id\":\"https:\\\/\\\/dana.com.br\\\/canaldana\\\/2021\\\/12\\\/06\\\/cenario-de-inflacao-e-juros-altos-e-barreira-para-o-investidor-em-2022\\\/\"},\"wordCount\":807,\"articleSection\":[\"Mercado\"],\"inLanguage\":\"pt-BR\"},{\"@type\":\"WebPage\",\"@id\":\"https:\\\/\\\/dana.com.br\\\/canaldana\\\/2021\\\/12\\\/06\\\/cenario-de-inflacao-e-juros-altos-e-barreira-para-o-investidor-em-2022\\\/\",\"url\":\"https:\\\/\\\/dana.com.br\\\/canaldana\\\/2021\\\/12\\\/06\\\/cenario-de-inflacao-e-juros-altos-e-barreira-para-o-investidor-em-2022\\\/\",\"name\":\"Cen\u00e1rio de infla\u00e7\u00e3o e juros altos \u00e9 barreira para o investidor em 2022 - Canal Dana\",\"isPartOf\":{\"@id\":\"https:\\\/\\\/dana.com.br\\\/canaldana\\\/#website\"},\"datePublished\":\"2021-12-06T12:16:22+00:00\",\"author\":{\"@id\":\"https:\\\/\\\/dana.com.br\\\/canaldana\\\/#\\\/schema\\\/person\\\/3c21f22f56fcf3bc46b94bc60ea4fef6\"},\"breadcrumb\":{\"@id\":\"https:\\\/\\\/dana.com.br\\\/canaldana\\\/2021\\\/12\\\/06\\\/cenario-de-inflacao-e-juros-altos-e-barreira-para-o-investidor-em-2022\\\/#breadcrumb\"},\"inLanguage\":\"pt-BR\",\"potentialAction\":[{\"@type\":\"ReadAction\",\"target\":[\"https:\\\/\\\/dana.com.br\\\/canaldana\\\/2021\\\/12\\\/06\\\/cenario-de-inflacao-e-juros-altos-e-barreira-para-o-investidor-em-2022\\\/\"]}]},{\"@type\":\"BreadcrumbList\",\"@id\":\"https:\\\/\\\/dana.com.br\\\/canaldana\\\/2021\\\/12\\\/06\\\/cenario-de-inflacao-e-juros-altos-e-barreira-para-o-investidor-em-2022\\\/#breadcrumb\",\"itemListElement\":[{\"@type\":\"ListItem\",\"position\":1,\"name\":\"Home\",\"item\":\"https:\\\/\\\/dana.com.br\\\/canaldana\\\/\"},{\"@type\":\"ListItem\",\"position\":2,\"name\":\"Mercado\",\"item\":\"https:\\\/\\\/dana.com.br\\\/canaldana\\\/mercado\\\/\"},{\"@type\":\"ListItem\",\"position\":3,\"name\":\"Cen\u00e1rio de infla\u00e7\u00e3o e juros altos \u00e9 barreira para o investidor em 2022\"}]},{\"@type\":\"WebSite\",\"@id\":\"https:\\\/\\\/dana.com.br\\\/canaldana\\\/#website\",\"url\":\"https:\\\/\\\/dana.com.br\\\/canaldana\\\/\",\"name\":\"Canal Dana\",\"description\":\"Informativo com as principais not\u00edcias da ind\u00fastria automotiva\",\"potentialAction\":[{\"@type\":\"SearchAction\",\"target\":{\"@type\":\"EntryPoint\",\"urlTemplate\":\"https:\\\/\\\/dana.com.br\\\/canaldana\\\/?s={search_term_string}\"},\"query-input\":{\"@type\":\"PropertyValueSpecification\",\"valueRequired\":true,\"valueName\":\"search_term_string\"}}],\"inLanguage\":\"pt-BR\"},{\"@type\":\"Person\",\"@id\":\"https:\\\/\\\/dana.com.br\\\/canaldana\\\/#\\\/schema\\\/person\\\/3c21f22f56fcf3bc46b94bc60ea4fef6\",\"name\":\"Canal Dana\",\"image\":{\"@type\":\"ImageObject\",\"inLanguage\":\"pt-BR\",\"@id\":\"https:\\\/\\\/secure.gravatar.com\\\/avatar\\\/420aaf9278582877d9018637c6817617705899d2858d7572ef0fe59a6b6454b4?s=96&d=mm&r=g\",\"url\":\"https:\\\/\\\/secure.gravatar.com\\\/avatar\\\/420aaf9278582877d9018637c6817617705899d2858d7572ef0fe59a6b6454b4?s=96&d=mm&r=g\",\"contentUrl\":\"https:\\\/\\\/secure.gravatar.com\\\/avatar\\\/420aaf9278582877d9018637c6817617705899d2858d7572ef0fe59a6b6454b4?s=96&d=mm&r=g\",\"caption\":\"Canal Dana\"},\"url\":\"https:\\\/\\\/dana.com.br\\\/canaldana\\\/author\\\/cdeditor\\\/\"}]}<\/script>\n<!-- \/ Yoast SEO plugin. -->","yoast_head_json":{"title":"Cen\u00e1rio de infla\u00e7\u00e3o e juros altos \u00e9 barreira para o investidor em 2022 - Canal Dana","robots":{"index":"index","follow":"follow","max-snippet":"max-snippet:-1","max-image-preview":"max-image-preview:large","max-video-preview":"max-video-preview:-1"},"canonical":"https:\/\/dana.com.br\/canaldana\/2021\/12\/06\/cenario-de-inflacao-e-juros-altos-e-barreira-para-o-investidor-em-2022\/","og_locale":"pt_BR","og_type":"article","og_title":"Cen\u00e1rio de infla\u00e7\u00e3o e juros altos \u00e9 barreira para o investidor em 2022 - Canal Dana","og_description":"O Estado de S. Paulo &nbsp; Enquanto a economia global deve estar mais aquecida em 2022, com a retomada do consumo de servi\u00e7os como restaurantes e viagens, a previs\u00e3o para o cen\u00e1rio brasileiro no mesmo per\u00edodo \u00e9 de desacelera\u00e7\u00e3o. \u00c9 o que aponta o estudo Investment Outlook 2022, do Credit Suisse, que levantou as principais\u2026 Leia mais \u00bb","og_url":"https:\/\/dana.com.br\/canaldana\/2021\/12\/06\/cenario-de-inflacao-e-juros-altos-e-barreira-para-o-investidor-em-2022\/","og_site_name":"Canal Dana","article_published_time":"2021-12-06T12:16:22+00:00","author":"Canal Dana","twitter_card":"summary_large_image","twitter_misc":{"Escrito por":"Canal Dana","Est. tempo de leitura":"4 minutos"},"schema":{"@context":"https:\/\/schema.org","@graph":[{"@type":"Article","@id":"https:\/\/dana.com.br\/canaldana\/2021\/12\/06\/cenario-de-inflacao-e-juros-altos-e-barreira-para-o-investidor-em-2022\/#article","isPartOf":{"@id":"https:\/\/dana.com.br\/canaldana\/2021\/12\/06\/cenario-de-inflacao-e-juros-altos-e-barreira-para-o-investidor-em-2022\/"},"author":{"name":"Canal Dana","@id":"https:\/\/dana.com.br\/canaldana\/#\/schema\/person\/3c21f22f56fcf3bc46b94bc60ea4fef6"},"headline":"Cen\u00e1rio de infla\u00e7\u00e3o e juros altos \u00e9 barreira para o investidor em 2022","datePublished":"2021-12-06T12:16:22+00:00","mainEntityOfPage":{"@id":"https:\/\/dana.com.br\/canaldana\/2021\/12\/06\/cenario-de-inflacao-e-juros-altos-e-barreira-para-o-investidor-em-2022\/"},"wordCount":807,"articleSection":["Mercado"],"inLanguage":"pt-BR"},{"@type":"WebPage","@id":"https:\/\/dana.com.br\/canaldana\/2021\/12\/06\/cenario-de-inflacao-e-juros-altos-e-barreira-para-o-investidor-em-2022\/","url":"https:\/\/dana.com.br\/canaldana\/2021\/12\/06\/cenario-de-inflacao-e-juros-altos-e-barreira-para-o-investidor-em-2022\/","name":"Cen\u00e1rio de infla\u00e7\u00e3o e juros altos \u00e9 barreira para o investidor em 2022 - Canal Dana","isPartOf":{"@id":"https:\/\/dana.com.br\/canaldana\/#website"},"datePublished":"2021-12-06T12:16:22+00:00","author":{"@id":"https:\/\/dana.com.br\/canaldana\/#\/schema\/person\/3c21f22f56fcf3bc46b94bc60ea4fef6"},"breadcrumb":{"@id":"https:\/\/dana.com.br\/canaldana\/2021\/12\/06\/cenario-de-inflacao-e-juros-altos-e-barreira-para-o-investidor-em-2022\/#breadcrumb"},"inLanguage":"pt-BR","potentialAction":[{"@type":"ReadAction","target":["https:\/\/dana.com.br\/canaldana\/2021\/12\/06\/cenario-de-inflacao-e-juros-altos-e-barreira-para-o-investidor-em-2022\/"]}]},{"@type":"BreadcrumbList","@id":"https:\/\/dana.com.br\/canaldana\/2021\/12\/06\/cenario-de-inflacao-e-juros-altos-e-barreira-para-o-investidor-em-2022\/#breadcrumb","itemListElement":[{"@type":"ListItem","position":1,"name":"Home","item":"https:\/\/dana.com.br\/canaldana\/"},{"@type":"ListItem","position":2,"name":"Mercado","item":"https:\/\/dana.com.br\/canaldana\/mercado\/"},{"@type":"ListItem","position":3,"name":"Cen\u00e1rio de infla\u00e7\u00e3o e juros altos \u00e9 barreira para o investidor em 2022"}]},{"@type":"WebSite","@id":"https:\/\/dana.com.br\/canaldana\/#website","url":"https:\/\/dana.com.br\/canaldana\/","name":"Canal Dana","description":"Informativo com as principais not\u00edcias da ind\u00fastria automotiva","potentialAction":[{"@type":"SearchAction","target":{"@type":"EntryPoint","urlTemplate":"https:\/\/dana.com.br\/canaldana\/?s={search_term_string}"},"query-input":{"@type":"PropertyValueSpecification","valueRequired":true,"valueName":"search_term_string"}}],"inLanguage":"pt-BR"},{"@type":"Person","@id":"https:\/\/dana.com.br\/canaldana\/#\/schema\/person\/3c21f22f56fcf3bc46b94bc60ea4fef6","name":"Canal Dana","image":{"@type":"ImageObject","inLanguage":"pt-BR","@id":"https:\/\/secure.gravatar.com\/avatar\/420aaf9278582877d9018637c6817617705899d2858d7572ef0fe59a6b6454b4?s=96&d=mm&r=g","url":"https:\/\/secure.gravatar.com\/avatar\/420aaf9278582877d9018637c6817617705899d2858d7572ef0fe59a6b6454b4?s=96&d=mm&r=g","contentUrl":"https:\/\/secure.gravatar.com\/avatar\/420aaf9278582877d9018637c6817617705899d2858d7572ef0fe59a6b6454b4?s=96&d=mm&r=g","caption":"Canal Dana"},"url":"https:\/\/dana.com.br\/canaldana\/author\/cdeditor\/"}]}},"_links":{"self":[{"href":"https:\/\/dana.com.br\/canaldana\/wp-json\/wp\/v2\/posts\/54761","targetHints":{"allow":["GET"]}}],"collection":[{"href":"https:\/\/dana.com.br\/canaldana\/wp-json\/wp\/v2\/posts"}],"about":[{"href":"https:\/\/dana.com.br\/canaldana\/wp-json\/wp\/v2\/types\/post"}],"author":[{"embeddable":true,"href":"https:\/\/dana.com.br\/canaldana\/wp-json\/wp\/v2\/users\/3"}],"replies":[{"embeddable":true,"href":"https:\/\/dana.com.br\/canaldana\/wp-json\/wp\/v2\/comments?post=54761"}],"version-history":[{"count":0,"href":"https:\/\/dana.com.br\/canaldana\/wp-json\/wp\/v2\/posts\/54761\/revisions"}],"wp:attachment":[{"href":"https:\/\/dana.com.br\/canaldana\/wp-json\/wp\/v2\/media?parent=54761"}],"wp:term":[{"taxonomy":"category","embeddable":true,"href":"https:\/\/dana.com.br\/canaldana\/wp-json\/wp\/v2\/categories?post=54761"},{"taxonomy":"post_tag","embeddable":true,"href":"https:\/\/dana.com.br\/canaldana\/wp-json\/wp\/v2\/tags?post=54761"}],"curies":[{"name":"wp","href":"https:\/\/api.w.org\/{rel}","templated":true}]}}