{"id":54663,"date":"2021-12-02T08:30:24","date_gmt":"2021-12-02T11:30:24","guid":{"rendered":"https:\/\/dana.com.br\/canaldana\/?p=54663"},"modified":"2021-12-02T08:30:24","modified_gmt":"2021-12-02T11:30:24","slug":"land-rover-defender-lanca-edicao-especial-oncafari-exclusiva-para-o-brasil","status":"publish","type":"post","link":"https:\/\/dana.com.br\/canaldana\/2021\/12\/02\/land-rover-defender-lanca-edicao-especial-oncafari-exclusiva-para-o-brasil\/","title":{"rendered":"Land Rover Defender lan\u00e7a edi\u00e7\u00e3o especial On\u00e7afari exclusiva para o Brasil"},"content":{"rendered":"<p><em>Portal Carsughi<\/em><\/p>\n<p>&nbsp;<\/p>\n<p>O projeto On\u00e7afari existe h\u00e1 10 anos e a Land Rover \u00e9 parceira deles desde 2019. O objetivo do projeto \u00e9 proteger as on\u00e7as-pintadas da regi\u00e3o do Pantanal e promover a conserva\u00e7\u00e3o do meio ambiente. O Land Rover Defender foi escolhido para ajudar nas principais tarefas do projeto e assim, anunciou a edi\u00e7\u00e3o limitada Defender On\u00e7afari, dispon\u00edvel na vers\u00e3o 110, com a cor da carroceria Godwana Stone, j\u00e1 cl\u00e1ssica da marca, e teto preto.<\/p>\n<p>&nbsp;<\/p>\n<p>O exterior do novo Defender \u00e9 diferenciado, cheia de detalhes de design estampados em tons de cinza e preto, remetendo a uma estampa camuflada, aplicada nas laterais do carro, no cap\u00f4, no interior do porta-malas, na cobertura do estepe e nos tapetes.<\/p>\n<p>&nbsp;<\/p>\n<p>Na parte traseira, o Defender traz o logo da marca mais um badge com o logo de 10 anos do projeto. Cada carro dessa edi\u00e7\u00e3o limitada recebeu o nome de uma on\u00e7a-pintada monitorada pelo instituto. Esse \u00e9 mais um detalhe que fortalece a conex\u00e3o da nova vers\u00e3o do Defender com o trabalho realizado pela associa\u00e7\u00e3o On\u00e7afari e homenageia os impactos positivos gerados por ela.<\/p>\n<p>&nbsp;<\/p>\n<p>Al\u00e9m dessas personaliza\u00e7\u00f5es todas, o Defender On\u00e7afari vem com uma cartela de adesivos com \u00edcones de animais do Pantanal e seus nomes cient\u00edficos, permitindo aos clientes criarem seus pr\u00f3prios easter eggs.<\/p>\n<p>&nbsp;<\/p>\n<p>\u201cO lan\u00e7amento da edi\u00e7\u00e3o limitada Defender On\u00e7afari \u00e9 a manifesta\u00e7\u00e3o de um cap\u00edtulo muito importante para a Land Rover no Brasil: a identifica\u00e7\u00e3o da marca com o projeto On\u00e7afari e os impactos socioambientais extremamente positivos gerados por suas iniciativas. Nelas, as unidades do Defender em uso no Pantanal desempenham um papel fundamental, sendo a pe\u00e7a-chave na conserva\u00e7\u00e3o de on\u00e7as e animais do cerrado em terrenos onde s\u00f3 o Defender consegue chegar. Com esse lan\u00e7amento usamos design \u00fanico e modelo ic\u00f4nico como pe\u00e7as principais para apresentar o projeto e a nossa parceria para ainda mais clientes. Mais do que isso, queremos envolv\u00ea-los e realmente cativ\u00e1-los a partir da proposta do Defender On\u00e7afari para que saibam mais sobre o que estamos apoiando hoje como Land Rover\u201d, diz Paulo Manzano, diretor de marketing da Jaguar Land Rover.<\/p>\n<p>&nbsp;<\/p>\n<p>A base para o desenvolvimento do Defender On\u00e7afari \u00e9 o Land Rover Defender 110 2022 e a partir disso, ele vem na vers\u00e3o HSE P300 com pacote de assist\u00eancia ao motorista, controle de cruzeiro adaptativo e monitor de colis\u00e3o traseira, pacote off-road, trilhos do teto na cor preta, tomadas dom\u00e9sticas e diferencial eletr\u00f4nico ativo, pacote off-road avan\u00e7ado, sistema All Terrain Progress Control (ATPC) e o Terrain Response configur\u00e1vel, pacote exterior black, rodas de 20\u201d com cinco raios Satin Dark Grey, pulseira exclusiva Land Rover que dispensa uso da chave do ve\u00edculo, head-up display, tecnologia que apresenta os principais dados do ve\u00edculo, como sua velocidade, posi\u00e7\u00e3o de marcha e dire\u00e7\u00f5es de navega\u00e7\u00e3o, no para-brisa, pacote Explorer composto por para-barros cl\u00e1ssicos dianteiros e traseiros, capa do estepe, prote\u00e7\u00e3o do arco da roda, snorkel, rack de teto para expedi\u00e7\u00e3o e suporte para acess\u00f3rios externos e, por fim, novos estribos laterais fixos, escada de teto m\u00f3vel e sistema de prote\u00e7\u00e3o dianteira Explorer.<\/p>\n<p>&nbsp;<\/p>\n<p>Para essa edi\u00e7\u00e3o limitada, o pre\u00e7o sugerido \u00e9 de R$ 676.950 e parte da renda arrecadada com a venda ser\u00e1 destinada \u00e0 ajudar na realiza\u00e7\u00e3o de inciativas de conserva\u00e7\u00e3o do On\u00e7afari. (Portal Carsughi\/Claudia Carsughi)<\/p>\n","protected":false},"excerpt":{"rendered":"<p>Portal Carsughi &nbsp; O projeto On\u00e7afari existe h\u00e1 10 anos e a Land Rover \u00e9 parceira deles desde 2019. O objetivo do projeto \u00e9 proteger as on\u00e7as-pintadas da regi\u00e3o do Pantanal e promover a conserva\u00e7\u00e3o do meio ambiente. O Land Rover Defender foi escolhido para ajudar nas principais tarefas do projeto e assim, anunciou a\u2026 <a class=\"readmore\" href=\"https:\/\/dana.com.br\/canaldana\/2021\/12\/02\/land-rover-defender-lanca-edicao-especial-oncafari-exclusiva-para-o-brasil\/\">Leia mais \u00bb<\/a><\/p>\n","protected":false},"author":3,"featured_media":0,"comment_status":"closed","ping_status":"closed","sticky":false,"template":"","format":"standard","meta":{"_acf_changed":false,"footnotes":""},"categories":[61],"tags":[],"class_list":["post-54663","post","type-post","status-publish","format-standard","hentry","category-destaques"],"acf":[],"yoast_head":"<!-- This site is optimized with the Yoast SEO plugin v27.3 - https:\/\/yoast.com\/product\/yoast-seo-wordpress\/ -->\n<title>Land Rover Defender lan\u00e7a edi\u00e7\u00e3o especial On\u00e7afari exclusiva para o Brasil - Canal Dana<\/title>\n<meta name=\"robots\" content=\"index, follow, max-snippet:-1, max-image-preview:large, max-video-preview:-1\" \/>\n<link rel=\"canonical\" href=\"https:\/\/dana.com.br\/canaldana\/2021\/12\/02\/land-rover-defender-lanca-edicao-especial-oncafari-exclusiva-para-o-brasil\/\" \/>\n<meta property=\"og:locale\" content=\"pt_BR\" \/>\n<meta property=\"og:type\" content=\"article\" \/>\n<meta property=\"og:title\" content=\"Land Rover Defender lan\u00e7a edi\u00e7\u00e3o especial On\u00e7afari exclusiva para o Brasil - Canal Dana\" \/>\n<meta property=\"og:description\" content=\"Portal Carsughi &nbsp; O projeto On\u00e7afari existe h\u00e1 10 anos e a Land Rover \u00e9 parceira deles desde 2019. O objetivo do projeto \u00e9 proteger as on\u00e7as-pintadas da regi\u00e3o do Pantanal e promover a conserva\u00e7\u00e3o do meio ambiente. O Land Rover Defender foi escolhido para ajudar nas principais tarefas do projeto e assim, anunciou a\u2026 Leia mais \u00bb\" \/>\n<meta property=\"og:url\" content=\"https:\/\/dana.com.br\/canaldana\/2021\/12\/02\/land-rover-defender-lanca-edicao-especial-oncafari-exclusiva-para-o-brasil\/\" \/>\n<meta property=\"og:site_name\" content=\"Canal Dana\" \/>\n<meta property=\"article:published_time\" content=\"2021-12-02T11:30:24+00:00\" \/>\n<meta name=\"author\" content=\"Canal Dana\" \/>\n<meta name=\"twitter:card\" content=\"summary_large_image\" \/>\n<meta name=\"twitter:label1\" content=\"Escrito por\" \/>\n\t<meta name=\"twitter:data1\" content=\"Canal Dana\" \/>\n\t<meta name=\"twitter:label2\" content=\"Est. tempo de leitura\" \/>\n\t<meta name=\"twitter:data2\" content=\"3 minutos\" \/>\n<script type=\"application\/ld+json\" class=\"yoast-schema-graph\">{\"@context\":\"https:\\\/\\\/schema.org\",\"@graph\":[{\"@type\":\"Article\",\"@id\":\"https:\\\/\\\/dana.com.br\\\/canaldana\\\/2021\\\/12\\\/02\\\/land-rover-defender-lanca-edicao-especial-oncafari-exclusiva-para-o-brasil\\\/#article\",\"isPartOf\":{\"@id\":\"https:\\\/\\\/dana.com.br\\\/canaldana\\\/2021\\\/12\\\/02\\\/land-rover-defender-lanca-edicao-especial-oncafari-exclusiva-para-o-brasil\\\/\"},\"author\":{\"name\":\"Canal Dana\",\"@id\":\"https:\\\/\\\/dana.com.br\\\/canaldana\\\/#\\\/schema\\\/person\\\/3c21f22f56fcf3bc46b94bc60ea4fef6\"},\"headline\":\"Land Rover Defender lan\u00e7a edi\u00e7\u00e3o especial On\u00e7afari exclusiva para o Brasil\",\"datePublished\":\"2021-12-02T11:30:24+00:00\",\"mainEntityOfPage\":{\"@id\":\"https:\\\/\\\/dana.com.br\\\/canaldana\\\/2021\\\/12\\\/02\\\/land-rover-defender-lanca-edicao-especial-oncafari-exclusiva-para-o-brasil\\\/\"},\"wordCount\":605,\"articleSection\":[\"Destaques\"],\"inLanguage\":\"pt-BR\"},{\"@type\":\"WebPage\",\"@id\":\"https:\\\/\\\/dana.com.br\\\/canaldana\\\/2021\\\/12\\\/02\\\/land-rover-defender-lanca-edicao-especial-oncafari-exclusiva-para-o-brasil\\\/\",\"url\":\"https:\\\/\\\/dana.com.br\\\/canaldana\\\/2021\\\/12\\\/02\\\/land-rover-defender-lanca-edicao-especial-oncafari-exclusiva-para-o-brasil\\\/\",\"name\":\"Land Rover Defender lan\u00e7a edi\u00e7\u00e3o especial On\u00e7afari exclusiva para o Brasil - Canal Dana\",\"isPartOf\":{\"@id\":\"https:\\\/\\\/dana.com.br\\\/canaldana\\\/#website\"},\"datePublished\":\"2021-12-02T11:30:24+00:00\",\"author\":{\"@id\":\"https:\\\/\\\/dana.com.br\\\/canaldana\\\/#\\\/schema\\\/person\\\/3c21f22f56fcf3bc46b94bc60ea4fef6\"},\"breadcrumb\":{\"@id\":\"https:\\\/\\\/dana.com.br\\\/canaldana\\\/2021\\\/12\\\/02\\\/land-rover-defender-lanca-edicao-especial-oncafari-exclusiva-para-o-brasil\\\/#breadcrumb\"},\"inLanguage\":\"pt-BR\",\"potentialAction\":[{\"@type\":\"ReadAction\",\"target\":[\"https:\\\/\\\/dana.com.br\\\/canaldana\\\/2021\\\/12\\\/02\\\/land-rover-defender-lanca-edicao-especial-oncafari-exclusiva-para-o-brasil\\\/\"]}]},{\"@type\":\"BreadcrumbList\",\"@id\":\"https:\\\/\\\/dana.com.br\\\/canaldana\\\/2021\\\/12\\\/02\\\/land-rover-defender-lanca-edicao-especial-oncafari-exclusiva-para-o-brasil\\\/#breadcrumb\",\"itemListElement\":[{\"@type\":\"ListItem\",\"position\":1,\"name\":\"Home\",\"item\":\"https:\\\/\\\/dana.com.br\\\/canaldana\\\/\"},{\"@type\":\"ListItem\",\"position\":2,\"name\":\"Destaques\",\"item\":\"https:\\\/\\\/dana.com.br\\\/canaldana\\\/destaques\\\/\"},{\"@type\":\"ListItem\",\"position\":3,\"name\":\"Land Rover Defender lan\u00e7a edi\u00e7\u00e3o especial On\u00e7afari exclusiva para o Brasil\"}]},{\"@type\":\"WebSite\",\"@id\":\"https:\\\/\\\/dana.com.br\\\/canaldana\\\/#website\",\"url\":\"https:\\\/\\\/dana.com.br\\\/canaldana\\\/\",\"name\":\"Canal Dana\",\"description\":\"Informativo com as principais not\u00edcias da ind\u00fastria automotiva\",\"potentialAction\":[{\"@type\":\"SearchAction\",\"target\":{\"@type\":\"EntryPoint\",\"urlTemplate\":\"https:\\\/\\\/dana.com.br\\\/canaldana\\\/?s={search_term_string}\"},\"query-input\":{\"@type\":\"PropertyValueSpecification\",\"valueRequired\":true,\"valueName\":\"search_term_string\"}}],\"inLanguage\":\"pt-BR\"},{\"@type\":\"Person\",\"@id\":\"https:\\\/\\\/dana.com.br\\\/canaldana\\\/#\\\/schema\\\/person\\\/3c21f22f56fcf3bc46b94bc60ea4fef6\",\"name\":\"Canal Dana\",\"image\":{\"@type\":\"ImageObject\",\"inLanguage\":\"pt-BR\",\"@id\":\"https:\\\/\\\/secure.gravatar.com\\\/avatar\\\/420aaf9278582877d9018637c6817617705899d2858d7572ef0fe59a6b6454b4?s=96&d=mm&r=g\",\"url\":\"https:\\\/\\\/secure.gravatar.com\\\/avatar\\\/420aaf9278582877d9018637c6817617705899d2858d7572ef0fe59a6b6454b4?s=96&d=mm&r=g\",\"contentUrl\":\"https:\\\/\\\/secure.gravatar.com\\\/avatar\\\/420aaf9278582877d9018637c6817617705899d2858d7572ef0fe59a6b6454b4?s=96&d=mm&r=g\",\"caption\":\"Canal Dana\"},\"url\":\"https:\\\/\\\/dana.com.br\\\/canaldana\\\/author\\\/cdeditor\\\/\"}]}<\/script>\n<!-- \/ Yoast SEO plugin. -->","yoast_head_json":{"title":"Land Rover Defender lan\u00e7a edi\u00e7\u00e3o especial On\u00e7afari exclusiva para o Brasil - Canal Dana","robots":{"index":"index","follow":"follow","max-snippet":"max-snippet:-1","max-image-preview":"max-image-preview:large","max-video-preview":"max-video-preview:-1"},"canonical":"https:\/\/dana.com.br\/canaldana\/2021\/12\/02\/land-rover-defender-lanca-edicao-especial-oncafari-exclusiva-para-o-brasil\/","og_locale":"pt_BR","og_type":"article","og_title":"Land Rover Defender lan\u00e7a edi\u00e7\u00e3o especial On\u00e7afari exclusiva para o Brasil - Canal Dana","og_description":"Portal Carsughi &nbsp; O projeto On\u00e7afari existe h\u00e1 10 anos e a Land Rover \u00e9 parceira deles desde 2019. O objetivo do projeto \u00e9 proteger as on\u00e7as-pintadas da regi\u00e3o do Pantanal e promover a conserva\u00e7\u00e3o do meio ambiente. O Land Rover Defender foi escolhido para ajudar nas principais tarefas do projeto e assim, anunciou a\u2026 Leia mais \u00bb","og_url":"https:\/\/dana.com.br\/canaldana\/2021\/12\/02\/land-rover-defender-lanca-edicao-especial-oncafari-exclusiva-para-o-brasil\/","og_site_name":"Canal Dana","article_published_time":"2021-12-02T11:30:24+00:00","author":"Canal Dana","twitter_card":"summary_large_image","twitter_misc":{"Escrito por":"Canal Dana","Est. tempo de leitura":"3 minutos"},"schema":{"@context":"https:\/\/schema.org","@graph":[{"@type":"Article","@id":"https:\/\/dana.com.br\/canaldana\/2021\/12\/02\/land-rover-defender-lanca-edicao-especial-oncafari-exclusiva-para-o-brasil\/#article","isPartOf":{"@id":"https:\/\/dana.com.br\/canaldana\/2021\/12\/02\/land-rover-defender-lanca-edicao-especial-oncafari-exclusiva-para-o-brasil\/"},"author":{"name":"Canal Dana","@id":"https:\/\/dana.com.br\/canaldana\/#\/schema\/person\/3c21f22f56fcf3bc46b94bc60ea4fef6"},"headline":"Land Rover Defender lan\u00e7a edi\u00e7\u00e3o especial On\u00e7afari exclusiva para o Brasil","datePublished":"2021-12-02T11:30:24+00:00","mainEntityOfPage":{"@id":"https:\/\/dana.com.br\/canaldana\/2021\/12\/02\/land-rover-defender-lanca-edicao-especial-oncafari-exclusiva-para-o-brasil\/"},"wordCount":605,"articleSection":["Destaques"],"inLanguage":"pt-BR"},{"@type":"WebPage","@id":"https:\/\/dana.com.br\/canaldana\/2021\/12\/02\/land-rover-defender-lanca-edicao-especial-oncafari-exclusiva-para-o-brasil\/","url":"https:\/\/dana.com.br\/canaldana\/2021\/12\/02\/land-rover-defender-lanca-edicao-especial-oncafari-exclusiva-para-o-brasil\/","name":"Land Rover Defender lan\u00e7a edi\u00e7\u00e3o especial On\u00e7afari exclusiva para o Brasil - Canal Dana","isPartOf":{"@id":"https:\/\/dana.com.br\/canaldana\/#website"},"datePublished":"2021-12-02T11:30:24+00:00","author":{"@id":"https:\/\/dana.com.br\/canaldana\/#\/schema\/person\/3c21f22f56fcf3bc46b94bc60ea4fef6"},"breadcrumb":{"@id":"https:\/\/dana.com.br\/canaldana\/2021\/12\/02\/land-rover-defender-lanca-edicao-especial-oncafari-exclusiva-para-o-brasil\/#breadcrumb"},"inLanguage":"pt-BR","potentialAction":[{"@type":"ReadAction","target":["https:\/\/dana.com.br\/canaldana\/2021\/12\/02\/land-rover-defender-lanca-edicao-especial-oncafari-exclusiva-para-o-brasil\/"]}]},{"@type":"BreadcrumbList","@id":"https:\/\/dana.com.br\/canaldana\/2021\/12\/02\/land-rover-defender-lanca-edicao-especial-oncafari-exclusiva-para-o-brasil\/#breadcrumb","itemListElement":[{"@type":"ListItem","position":1,"name":"Home","item":"https:\/\/dana.com.br\/canaldana\/"},{"@type":"ListItem","position":2,"name":"Destaques","item":"https:\/\/dana.com.br\/canaldana\/destaques\/"},{"@type":"ListItem","position":3,"name":"Land Rover Defender lan\u00e7a edi\u00e7\u00e3o especial On\u00e7afari exclusiva para o Brasil"}]},{"@type":"WebSite","@id":"https:\/\/dana.com.br\/canaldana\/#website","url":"https:\/\/dana.com.br\/canaldana\/","name":"Canal Dana","description":"Informativo com as principais not\u00edcias da ind\u00fastria automotiva","potentialAction":[{"@type":"SearchAction","target":{"@type":"EntryPoint","urlTemplate":"https:\/\/dana.com.br\/canaldana\/?s={search_term_string}"},"query-input":{"@type":"PropertyValueSpecification","valueRequired":true,"valueName":"search_term_string"}}],"inLanguage":"pt-BR"},{"@type":"Person","@id":"https:\/\/dana.com.br\/canaldana\/#\/schema\/person\/3c21f22f56fcf3bc46b94bc60ea4fef6","name":"Canal Dana","image":{"@type":"ImageObject","inLanguage":"pt-BR","@id":"https:\/\/secure.gravatar.com\/avatar\/420aaf9278582877d9018637c6817617705899d2858d7572ef0fe59a6b6454b4?s=96&d=mm&r=g","url":"https:\/\/secure.gravatar.com\/avatar\/420aaf9278582877d9018637c6817617705899d2858d7572ef0fe59a6b6454b4?s=96&d=mm&r=g","contentUrl":"https:\/\/secure.gravatar.com\/avatar\/420aaf9278582877d9018637c6817617705899d2858d7572ef0fe59a6b6454b4?s=96&d=mm&r=g","caption":"Canal Dana"},"url":"https:\/\/dana.com.br\/canaldana\/author\/cdeditor\/"}]}},"_links":{"self":[{"href":"https:\/\/dana.com.br\/canaldana\/wp-json\/wp\/v2\/posts\/54663","targetHints":{"allow":["GET"]}}],"collection":[{"href":"https:\/\/dana.com.br\/canaldana\/wp-json\/wp\/v2\/posts"}],"about":[{"href":"https:\/\/dana.com.br\/canaldana\/wp-json\/wp\/v2\/types\/post"}],"author":[{"embeddable":true,"href":"https:\/\/dana.com.br\/canaldana\/wp-json\/wp\/v2\/users\/3"}],"replies":[{"embeddable":true,"href":"https:\/\/dana.com.br\/canaldana\/wp-json\/wp\/v2\/comments?post=54663"}],"version-history":[{"count":0,"href":"https:\/\/dana.com.br\/canaldana\/wp-json\/wp\/v2\/posts\/54663\/revisions"}],"wp:attachment":[{"href":"https:\/\/dana.com.br\/canaldana\/wp-json\/wp\/v2\/media?parent=54663"}],"wp:term":[{"taxonomy":"category","embeddable":true,"href":"https:\/\/dana.com.br\/canaldana\/wp-json\/wp\/v2\/categories?post=54663"},{"taxonomy":"post_tag","embeddable":true,"href":"https:\/\/dana.com.br\/canaldana\/wp-json\/wp\/v2\/tags?post=54663"}],"curies":[{"name":"wp","href":"https:\/\/api.w.org\/{rel}","templated":true}]}}