{"id":54643,"date":"2021-12-02T08:25:14","date_gmt":"2021-12-02T11:25:14","guid":{"rendered":"https:\/\/dana.com.br\/canaldana\/?p=54643"},"modified":"2021-12-02T08:25:14","modified_gmt":"2021-12-02T11:25:14","slug":"novo-carro-eletrico-da-mercedes-benz-tera-autonomia-de-1-000-km","status":"publish","type":"post","link":"https:\/\/dana.com.br\/canaldana\/2021\/12\/02\/novo-carro-eletrico-da-mercedes-benz-tera-autonomia-de-1-000-km\/","title":{"rendered":"Novo carro el\u00e9trico da Mercedes-Benz ter\u00e1 autonomia de 1.000 km"},"content":{"rendered":"<p><em>Jornal do Carro <\/em><\/p>\n<p>&nbsp;<\/p>\n<p>A corrida para o futuro el\u00e9trico dos carros est\u00e1 ainda mais acirrada quando se trata de rendimento. Depois do Lucid Air bater o recorde mundial de autonomia, chegando a 836 km, a Mercedes-Benz anunciou que est\u00e1 desenvolvendo um novo modelo que promete bater esse n\u00famero. Assim, o objetivo \u00e9 que o carro alcance 1.000 km com uma carga de bateria.<\/p>\n<p>&nbsp;<\/p>\n<p>Essa meta bastante ambiciosa foi anunciada pelo COO da Daimler Group Research e da Mercedes-Benz Cars, Markus Sch\u00e4fer, no LinkedIn. Junto, o empres\u00e1rio divulgou algumas imagens do que seria o novo modelo da montadora, que ganhar\u00e1 o nome de Vision EQXX.<\/p>\n<p>&nbsp;<\/p>\n<p>&#8221;Como voc\u00ea deve saber, estamos trabalhando na tradu\u00e7\u00e3o de nossa ambi\u00e7\u00e3o estrat\u00e9gica para &#8216;Lead in Electric Drive&#8217; em um carro h\u00e1 algum tempo. Agora, o Vision EQXX est\u00e1 pronto para se tornar o ve\u00edculo el\u00e9trico mais eficiente que j\u00e1 constru\u00edmos, com um alcance real de mais de 1.000 km&#8221;, comentou Markus.<\/p>\n<p>&nbsp;<\/p>\n<p>Al\u00e9m disso, na publica\u00e7\u00e3o, o COO informou que a previs\u00e3o para a revelar o carro \u00e9 breve, logo no dia 3 de janeiro de 2022. Inclusive, ele ressaltou que o progresso se deu gra\u00e7as ao desenvolvimento cont\u00ednuo do setor, mas a evolu\u00e7\u00e3o dos el\u00e9tricos tende ser ainda mais r\u00e1pida.<\/p>\n<p>&nbsp;<\/p>\n<p><strong>O modelo<\/strong><\/p>\n<p>&nbsp;<\/p>\n<p>De acordo com o post, o objetivo da Mercedes \u00e9 que o esportivo fa\u00e7a um consumo de apenas um d\u00edgito para quilowatts-hora em 100 quil\u00f4metros. Isso em velocidade de cruzeiro. Ou seja, uma m\u00e9dia de 10 kWh\/100 km.<\/p>\n<p>&nbsp;<\/p>\n<p>Esse n\u00famero pode impressionar a ind\u00fastria, principalmente, se considerar que, hoje, o carro el\u00e9trico mais econ\u00f4mico do mercado \u00e9 o Tesla Model 3 &#8211; na vers\u00e3o com tra\u00e7\u00e3o dianteira. No total, o consumo desse modelo \u00e9 de 14 kWh\/100 km. Ent\u00e3o, seria uma evolu\u00e7\u00e3o consider\u00e1vel.<\/p>\n<p>&nbsp;<\/p>\n<p>Mas, para que esse objetivo se torne realidade, o empres\u00e1rio afirmou que o novo EQXX, mais que um car show, \u00e9 um verdadeiro programa de tecnologia.<\/p>\n<p>&nbsp;<\/p>\n<p>&#8220;Estamos examinando cada bloco de constru\u00e7\u00e3o de efici\u00eancia e n\u00e3o apenas focando em elementos individuais. Nossa equipe de projetos \u00e9 repleta de especialistas em suas respectivas \u00e1reas. No EQXX, efici\u00eancia energ\u00e9tica, desenvolvimento de conceito de ve\u00edculo, integra\u00e7\u00e3o do sistema eDrive, Software e design est\u00e3o trabalhando lado a lado? falou Sch\u00e4fer.<\/p>\n<p>&nbsp;<\/p>\n<p><strong>Outros objetivos<\/strong><\/p>\n<p>&nbsp;<\/p>\n<p>Com poucas semanas para a revela\u00e7\u00e3o, ainda n\u00e3o h\u00e1 muitas informa\u00e7\u00f5es sobre como o modelo ser\u00e1. Nem mesmo as imagens oferece muitos spoilers. No entanto, o an\u00fancio ainda afirmou que a montadora ainda pretende trazer novidades quanto a aerodin\u00e2mica.<\/p>\n<p>&nbsp;<\/p>\n<p>Assim, outro objetivo \u00e9 superar o menor coeficiente de arrasto que, at\u00e9 o momento, pertencia ao EQS. Al\u00e9m disso, a equipe tamb\u00e9m est\u00e1 trabalhando para aumentar a densidade de energia celular do ve\u00edculo. Agora \u00e9 ficar de olho e aguardar. (Jornal do Carro\/Jady Peroni)<\/p>\n","protected":false},"excerpt":{"rendered":"<p>Jornal do Carro &nbsp; A corrida para o futuro el\u00e9trico dos carros est\u00e1 ainda mais acirrada quando se trata de rendimento. Depois do Lucid Air bater o recorde mundial de autonomia, chegando a 836 km, a Mercedes-Benz anunciou que est\u00e1 desenvolvendo um novo modelo que promete bater esse n\u00famero. Assim, o objetivo \u00e9 que o\u2026 <a class=\"readmore\" href=\"https:\/\/dana.com.br\/canaldana\/2021\/12\/02\/novo-carro-eletrico-da-mercedes-benz-tera-autonomia-de-1-000-km\/\">Leia mais \u00bb<\/a><\/p>\n","protected":false},"author":3,"featured_media":0,"comment_status":"closed","ping_status":"closed","sticky":false,"template":"","format":"standard","meta":{"_acf_changed":false,"footnotes":""},"categories":[110],"tags":[],"class_list":["post-54643","post","type-post","status-publish","format-standard","hentry","category-eletricos"],"acf":[],"yoast_head":"<!-- This site is optimized with the Yoast SEO plugin v27.3 - https:\/\/yoast.com\/product\/yoast-seo-wordpress\/ -->\n<title>Novo carro el\u00e9trico da Mercedes-Benz ter\u00e1 autonomia de 1.000 km - Canal Dana<\/title>\n<meta name=\"robots\" content=\"index, follow, max-snippet:-1, max-image-preview:large, max-video-preview:-1\" \/>\n<link rel=\"canonical\" href=\"https:\/\/dana.com.br\/canaldana\/2021\/12\/02\/novo-carro-eletrico-da-mercedes-benz-tera-autonomia-de-1-000-km\/\" \/>\n<meta property=\"og:locale\" content=\"pt_BR\" \/>\n<meta property=\"og:type\" content=\"article\" \/>\n<meta property=\"og:title\" content=\"Novo carro el\u00e9trico da Mercedes-Benz ter\u00e1 autonomia de 1.000 km - Canal Dana\" \/>\n<meta property=\"og:description\" content=\"Jornal do Carro &nbsp; A corrida para o futuro el\u00e9trico dos carros est\u00e1 ainda mais acirrada quando se trata de rendimento. Depois do Lucid Air bater o recorde mundial de autonomia, chegando a 836 km, a Mercedes-Benz anunciou que est\u00e1 desenvolvendo um novo modelo que promete bater esse n\u00famero. Assim, o objetivo \u00e9 que o\u2026 Leia mais \u00bb\" \/>\n<meta property=\"og:url\" content=\"https:\/\/dana.com.br\/canaldana\/2021\/12\/02\/novo-carro-eletrico-da-mercedes-benz-tera-autonomia-de-1-000-km\/\" \/>\n<meta property=\"og:site_name\" content=\"Canal Dana\" \/>\n<meta property=\"article:published_time\" content=\"2021-12-02T11:25:14+00:00\" \/>\n<meta name=\"author\" content=\"Canal Dana\" \/>\n<meta name=\"twitter:card\" content=\"summary_large_image\" \/>\n<meta name=\"twitter:label1\" content=\"Escrito por\" \/>\n\t<meta name=\"twitter:data1\" content=\"Canal Dana\" \/>\n\t<meta name=\"twitter:label2\" content=\"Est. tempo de leitura\" \/>\n\t<meta name=\"twitter:data2\" content=\"2 minutos\" \/>\n<script type=\"application\/ld+json\" class=\"yoast-schema-graph\">{\"@context\":\"https:\\\/\\\/schema.org\",\"@graph\":[{\"@type\":\"Article\",\"@id\":\"https:\\\/\\\/dana.com.br\\\/canaldana\\\/2021\\\/12\\\/02\\\/novo-carro-eletrico-da-mercedes-benz-tera-autonomia-de-1-000-km\\\/#article\",\"isPartOf\":{\"@id\":\"https:\\\/\\\/dana.com.br\\\/canaldana\\\/2021\\\/12\\\/02\\\/novo-carro-eletrico-da-mercedes-benz-tera-autonomia-de-1-000-km\\\/\"},\"author\":{\"name\":\"Canal Dana\",\"@id\":\"https:\\\/\\\/dana.com.br\\\/canaldana\\\/#\\\/schema\\\/person\\\/3c21f22f56fcf3bc46b94bc60ea4fef6\"},\"headline\":\"Novo carro el\u00e9trico da Mercedes-Benz ter\u00e1 autonomia de 1.000 km\",\"datePublished\":\"2021-12-02T11:25:14+00:00\",\"mainEntityOfPage\":{\"@id\":\"https:\\\/\\\/dana.com.br\\\/canaldana\\\/2021\\\/12\\\/02\\\/novo-carro-eletrico-da-mercedes-benz-tera-autonomia-de-1-000-km\\\/\"},\"wordCount\":504,\"articleSection\":[\"El\u00e9tricos\"],\"inLanguage\":\"pt-BR\"},{\"@type\":\"WebPage\",\"@id\":\"https:\\\/\\\/dana.com.br\\\/canaldana\\\/2021\\\/12\\\/02\\\/novo-carro-eletrico-da-mercedes-benz-tera-autonomia-de-1-000-km\\\/\",\"url\":\"https:\\\/\\\/dana.com.br\\\/canaldana\\\/2021\\\/12\\\/02\\\/novo-carro-eletrico-da-mercedes-benz-tera-autonomia-de-1-000-km\\\/\",\"name\":\"Novo carro el\u00e9trico da Mercedes-Benz ter\u00e1 autonomia de 1.000 km - Canal Dana\",\"isPartOf\":{\"@id\":\"https:\\\/\\\/dana.com.br\\\/canaldana\\\/#website\"},\"datePublished\":\"2021-12-02T11:25:14+00:00\",\"author\":{\"@id\":\"https:\\\/\\\/dana.com.br\\\/canaldana\\\/#\\\/schema\\\/person\\\/3c21f22f56fcf3bc46b94bc60ea4fef6\"},\"breadcrumb\":{\"@id\":\"https:\\\/\\\/dana.com.br\\\/canaldana\\\/2021\\\/12\\\/02\\\/novo-carro-eletrico-da-mercedes-benz-tera-autonomia-de-1-000-km\\\/#breadcrumb\"},\"inLanguage\":\"pt-BR\",\"potentialAction\":[{\"@type\":\"ReadAction\",\"target\":[\"https:\\\/\\\/dana.com.br\\\/canaldana\\\/2021\\\/12\\\/02\\\/novo-carro-eletrico-da-mercedes-benz-tera-autonomia-de-1-000-km\\\/\"]}]},{\"@type\":\"BreadcrumbList\",\"@id\":\"https:\\\/\\\/dana.com.br\\\/canaldana\\\/2021\\\/12\\\/02\\\/novo-carro-eletrico-da-mercedes-benz-tera-autonomia-de-1-000-km\\\/#breadcrumb\",\"itemListElement\":[{\"@type\":\"ListItem\",\"position\":1,\"name\":\"Home\",\"item\":\"https:\\\/\\\/dana.com.br\\\/canaldana\\\/\"},{\"@type\":\"ListItem\",\"position\":2,\"name\":\"El\u00e9tricos\",\"item\":\"https:\\\/\\\/dana.com.br\\\/canaldana\\\/eletricos\\\/\"},{\"@type\":\"ListItem\",\"position\":3,\"name\":\"Novo carro el\u00e9trico da Mercedes-Benz ter\u00e1 autonomia de 1.000 km\"}]},{\"@type\":\"WebSite\",\"@id\":\"https:\\\/\\\/dana.com.br\\\/canaldana\\\/#website\",\"url\":\"https:\\\/\\\/dana.com.br\\\/canaldana\\\/\",\"name\":\"Canal Dana\",\"description\":\"Informativo com as principais not\u00edcias da ind\u00fastria automotiva\",\"potentialAction\":[{\"@type\":\"SearchAction\",\"target\":{\"@type\":\"EntryPoint\",\"urlTemplate\":\"https:\\\/\\\/dana.com.br\\\/canaldana\\\/?s={search_term_string}\"},\"query-input\":{\"@type\":\"PropertyValueSpecification\",\"valueRequired\":true,\"valueName\":\"search_term_string\"}}],\"inLanguage\":\"pt-BR\"},{\"@type\":\"Person\",\"@id\":\"https:\\\/\\\/dana.com.br\\\/canaldana\\\/#\\\/schema\\\/person\\\/3c21f22f56fcf3bc46b94bc60ea4fef6\",\"name\":\"Canal Dana\",\"image\":{\"@type\":\"ImageObject\",\"inLanguage\":\"pt-BR\",\"@id\":\"https:\\\/\\\/secure.gravatar.com\\\/avatar\\\/420aaf9278582877d9018637c6817617705899d2858d7572ef0fe59a6b6454b4?s=96&d=mm&r=g\",\"url\":\"https:\\\/\\\/secure.gravatar.com\\\/avatar\\\/420aaf9278582877d9018637c6817617705899d2858d7572ef0fe59a6b6454b4?s=96&d=mm&r=g\",\"contentUrl\":\"https:\\\/\\\/secure.gravatar.com\\\/avatar\\\/420aaf9278582877d9018637c6817617705899d2858d7572ef0fe59a6b6454b4?s=96&d=mm&r=g\",\"caption\":\"Canal Dana\"},\"url\":\"https:\\\/\\\/dana.com.br\\\/canaldana\\\/author\\\/cdeditor\\\/\"}]}<\/script>\n<!-- \/ Yoast SEO plugin. -->","yoast_head_json":{"title":"Novo carro el\u00e9trico da Mercedes-Benz ter\u00e1 autonomia de 1.000 km - Canal Dana","robots":{"index":"index","follow":"follow","max-snippet":"max-snippet:-1","max-image-preview":"max-image-preview:large","max-video-preview":"max-video-preview:-1"},"canonical":"https:\/\/dana.com.br\/canaldana\/2021\/12\/02\/novo-carro-eletrico-da-mercedes-benz-tera-autonomia-de-1-000-km\/","og_locale":"pt_BR","og_type":"article","og_title":"Novo carro el\u00e9trico da Mercedes-Benz ter\u00e1 autonomia de 1.000 km - Canal Dana","og_description":"Jornal do Carro &nbsp; A corrida para o futuro el\u00e9trico dos carros est\u00e1 ainda mais acirrada quando se trata de rendimento. Depois do Lucid Air bater o recorde mundial de autonomia, chegando a 836 km, a Mercedes-Benz anunciou que est\u00e1 desenvolvendo um novo modelo que promete bater esse n\u00famero. Assim, o objetivo \u00e9 que o\u2026 Leia mais \u00bb","og_url":"https:\/\/dana.com.br\/canaldana\/2021\/12\/02\/novo-carro-eletrico-da-mercedes-benz-tera-autonomia-de-1-000-km\/","og_site_name":"Canal Dana","article_published_time":"2021-12-02T11:25:14+00:00","author":"Canal Dana","twitter_card":"summary_large_image","twitter_misc":{"Escrito por":"Canal Dana","Est. tempo de leitura":"2 minutos"},"schema":{"@context":"https:\/\/schema.org","@graph":[{"@type":"Article","@id":"https:\/\/dana.com.br\/canaldana\/2021\/12\/02\/novo-carro-eletrico-da-mercedes-benz-tera-autonomia-de-1-000-km\/#article","isPartOf":{"@id":"https:\/\/dana.com.br\/canaldana\/2021\/12\/02\/novo-carro-eletrico-da-mercedes-benz-tera-autonomia-de-1-000-km\/"},"author":{"name":"Canal Dana","@id":"https:\/\/dana.com.br\/canaldana\/#\/schema\/person\/3c21f22f56fcf3bc46b94bc60ea4fef6"},"headline":"Novo carro el\u00e9trico da Mercedes-Benz ter\u00e1 autonomia de 1.000 km","datePublished":"2021-12-02T11:25:14+00:00","mainEntityOfPage":{"@id":"https:\/\/dana.com.br\/canaldana\/2021\/12\/02\/novo-carro-eletrico-da-mercedes-benz-tera-autonomia-de-1-000-km\/"},"wordCount":504,"articleSection":["El\u00e9tricos"],"inLanguage":"pt-BR"},{"@type":"WebPage","@id":"https:\/\/dana.com.br\/canaldana\/2021\/12\/02\/novo-carro-eletrico-da-mercedes-benz-tera-autonomia-de-1-000-km\/","url":"https:\/\/dana.com.br\/canaldana\/2021\/12\/02\/novo-carro-eletrico-da-mercedes-benz-tera-autonomia-de-1-000-km\/","name":"Novo carro el\u00e9trico da Mercedes-Benz ter\u00e1 autonomia de 1.000 km - Canal Dana","isPartOf":{"@id":"https:\/\/dana.com.br\/canaldana\/#website"},"datePublished":"2021-12-02T11:25:14+00:00","author":{"@id":"https:\/\/dana.com.br\/canaldana\/#\/schema\/person\/3c21f22f56fcf3bc46b94bc60ea4fef6"},"breadcrumb":{"@id":"https:\/\/dana.com.br\/canaldana\/2021\/12\/02\/novo-carro-eletrico-da-mercedes-benz-tera-autonomia-de-1-000-km\/#breadcrumb"},"inLanguage":"pt-BR","potentialAction":[{"@type":"ReadAction","target":["https:\/\/dana.com.br\/canaldana\/2021\/12\/02\/novo-carro-eletrico-da-mercedes-benz-tera-autonomia-de-1-000-km\/"]}]},{"@type":"BreadcrumbList","@id":"https:\/\/dana.com.br\/canaldana\/2021\/12\/02\/novo-carro-eletrico-da-mercedes-benz-tera-autonomia-de-1-000-km\/#breadcrumb","itemListElement":[{"@type":"ListItem","position":1,"name":"Home","item":"https:\/\/dana.com.br\/canaldana\/"},{"@type":"ListItem","position":2,"name":"El\u00e9tricos","item":"https:\/\/dana.com.br\/canaldana\/eletricos\/"},{"@type":"ListItem","position":3,"name":"Novo carro el\u00e9trico da Mercedes-Benz ter\u00e1 autonomia de 1.000 km"}]},{"@type":"WebSite","@id":"https:\/\/dana.com.br\/canaldana\/#website","url":"https:\/\/dana.com.br\/canaldana\/","name":"Canal Dana","description":"Informativo com as principais not\u00edcias da ind\u00fastria automotiva","potentialAction":[{"@type":"SearchAction","target":{"@type":"EntryPoint","urlTemplate":"https:\/\/dana.com.br\/canaldana\/?s={search_term_string}"},"query-input":{"@type":"PropertyValueSpecification","valueRequired":true,"valueName":"search_term_string"}}],"inLanguage":"pt-BR"},{"@type":"Person","@id":"https:\/\/dana.com.br\/canaldana\/#\/schema\/person\/3c21f22f56fcf3bc46b94bc60ea4fef6","name":"Canal Dana","image":{"@type":"ImageObject","inLanguage":"pt-BR","@id":"https:\/\/secure.gravatar.com\/avatar\/420aaf9278582877d9018637c6817617705899d2858d7572ef0fe59a6b6454b4?s=96&d=mm&r=g","url":"https:\/\/secure.gravatar.com\/avatar\/420aaf9278582877d9018637c6817617705899d2858d7572ef0fe59a6b6454b4?s=96&d=mm&r=g","contentUrl":"https:\/\/secure.gravatar.com\/avatar\/420aaf9278582877d9018637c6817617705899d2858d7572ef0fe59a6b6454b4?s=96&d=mm&r=g","caption":"Canal Dana"},"url":"https:\/\/dana.com.br\/canaldana\/author\/cdeditor\/"}]}},"_links":{"self":[{"href":"https:\/\/dana.com.br\/canaldana\/wp-json\/wp\/v2\/posts\/54643","targetHints":{"allow":["GET"]}}],"collection":[{"href":"https:\/\/dana.com.br\/canaldana\/wp-json\/wp\/v2\/posts"}],"about":[{"href":"https:\/\/dana.com.br\/canaldana\/wp-json\/wp\/v2\/types\/post"}],"author":[{"embeddable":true,"href":"https:\/\/dana.com.br\/canaldana\/wp-json\/wp\/v2\/users\/3"}],"replies":[{"embeddable":true,"href":"https:\/\/dana.com.br\/canaldana\/wp-json\/wp\/v2\/comments?post=54643"}],"version-history":[{"count":0,"href":"https:\/\/dana.com.br\/canaldana\/wp-json\/wp\/v2\/posts\/54643\/revisions"}],"wp:attachment":[{"href":"https:\/\/dana.com.br\/canaldana\/wp-json\/wp\/v2\/media?parent=54643"}],"wp:term":[{"taxonomy":"category","embeddable":true,"href":"https:\/\/dana.com.br\/canaldana\/wp-json\/wp\/v2\/categories?post=54643"},{"taxonomy":"post_tag","embeddable":true,"href":"https:\/\/dana.com.br\/canaldana\/wp-json\/wp\/v2\/tags?post=54643"}],"curies":[{"name":"wp","href":"https:\/\/api.w.org\/{rel}","templated":true}]}}