{"id":54569,"date":"2021-11-29T08:33:35","date_gmt":"2021-11-29T11:33:35","guid":{"rendered":"https:\/\/dana.com.br\/canaldana\/?p=54569"},"modified":"2021-11-29T08:33:35","modified_gmt":"2021-11-29T11:33:35","slug":"producao-do-arocs-evidencia-flexibilidade-da-linha-de-producao-de-caminhoes-da-mercedes-benz","status":"publish","type":"post","link":"https:\/\/dana.com.br\/canaldana\/2021\/11\/29\/producao-do-arocs-evidencia-flexibilidade-da-linha-de-producao-de-caminhoes-da-mercedes-benz\/","title":{"rendered":"Produ\u00e7\u00e3o do Arocs evidencia flexibilidade da linha de produ\u00e7\u00e3o de caminh\u00f5es da Mercedes-Benz"},"content":{"rendered":"<p><em>Blog do Caminhoneiro<\/em><\/p>\n<p>&nbsp;<\/p>\n<p>A Mercedes-Benz foi uma das primeiras empresas do pa\u00eds a contar com uma linha de produ\u00e7\u00e3o com conceitos de Ind\u00fastria 4.0. Esse inovador processo agrupou a montagem de todos os caminh\u00f5es, dos modelos leves aos extrapesados, e a log\u00edstica de pe\u00e7as num sistema \u00fanico, moderno, integrado e inteligente de produ\u00e7\u00e3o, baseado em tecnologia digital, conectividade, Big Data, dados na nuvem e Internet das Coisas.<\/p>\n<p>&nbsp;<\/p>\n<p>A chegada ao mercado do Arocs 8\u00d74, caminh\u00e3o extrapesado basculante para minera\u00e7\u00e3o, constru\u00e7\u00e3o civil pesada e grandes obras de infraestrutura, refor\u00e7a uma das caracter\u00edsticas marcantes da Ind\u00fastria 4.0, que \u00e9 a flexibilidade da linha de montagem. O Arocs entra normalmente no sistema de produ\u00e7\u00e3o, agregando apenas as especificidades deste modelo off-road, como m\u00e1quinas, dispositivos e equipamentos novos para sua montagem e pr\u00e9-montagem espec\u00edfica de conjuntos e subconjuntos.<\/p>\n<p>&nbsp;<\/p>\n<p>\u201cOs colaboradores receberam treinamento para o novo ve\u00edculo e est\u00e3o no comando das tecnologias, visando alcan\u00e7ar os altos padr\u00f5es de qualidade, produtividade e flexibilidade da nossa linha 4.0 de caminh\u00f5es. Isso ocorre desde que inauguramos a linha 4.0, em 2018, e a linha de Cabinas, em 2019, e novamente est\u00e1 em evid\u00eancia com a chegada do gigante Arocs. Agora, no mesmo sistema de produ\u00e7\u00e3o, montamos qualquer modelo e tamanho de caminh\u00e3o, do Accelo ao Arocs, passando pelas fam\u00edlias Atego, Axor e Novo Actros\u201d, diz Roberto Leoncini, vice-presidente de Vendas e Marketing Caminh\u00f5es e \u00d4nibus da Mercedes-Benz do Brasil.<\/p>\n<p>&nbsp;<\/p>\n<p>Essa \u00e9 a primeira vez que um modelo 8\u00d74 \u00e9 montado dentro da linha de produ\u00e7\u00e3o da Mercedes-Benz, em S\u00e3o Bernardo do Campo.<\/p>\n<p>&nbsp;<\/p>\n<p>\u201cO modelo antecessor do Arocs, o basculante Actros 8\u00d74, lan\u00e7ado em 2007, era 100% importado. Anos depois, passou a ser produzido em Juiz de Fora, mas a cabina foi sempre importada. O Arocs traz ent\u00e3o mais essa novidade, sendo totalmente produzido em S\u00e3o Bernardo do Campo, com as cabinas vindas da nossa planta de Juiz de Fora\u201d, destacou o executivo.<\/p>\n<p>&nbsp;<\/p>\n<p>Com a montagem final do Arocs na unidade paulista, v\u00e1rios equipamentos e m\u00e1quinas foram transferidos da f\u00e1brica mineira, como, por exemplo, o dinam\u00f4metro. Foram mais de 50 toneladas de material, transportadas por cinco carretas, potencializando assim o reaproveitamento de recursos. Isso refor\u00e7a o conceito de economia circular, de acordo com os princ\u00edpios de sustentabilidade ambiental na Mercedes-Benz. (Blog do Caminhoneiro\/Rafael Brusque)<\/p>\n","protected":false},"excerpt":{"rendered":"<p>Blog do Caminhoneiro &nbsp; A Mercedes-Benz foi uma das primeiras empresas do pa\u00eds a contar com uma linha de produ\u00e7\u00e3o com conceitos de Ind\u00fastria 4.0. Esse inovador processo agrupou a montagem de todos os caminh\u00f5es, dos modelos leves aos extrapesados, e a log\u00edstica de pe\u00e7as num sistema \u00fanico, moderno, integrado e inteligente de produ\u00e7\u00e3o, baseado\u2026 <a class=\"readmore\" href=\"https:\/\/dana.com.br\/canaldana\/2021\/11\/29\/producao-do-arocs-evidencia-flexibilidade-da-linha-de-producao-de-caminhoes-da-mercedes-benz\/\">Leia mais \u00bb<\/a><\/p>\n","protected":false},"author":3,"featured_media":0,"comment_status":"closed","ping_status":"closed","sticky":false,"template":"","format":"standard","meta":{"_acf_changed":false,"footnotes":""},"categories":[61],"tags":[],"class_list":["post-54569","post","type-post","status-publish","format-standard","hentry","category-destaques"],"acf":[],"yoast_head":"<!-- This site is optimized with the Yoast SEO plugin v27.3 - https:\/\/yoast.com\/product\/yoast-seo-wordpress\/ -->\n<title>Produ\u00e7\u00e3o do Arocs evidencia flexibilidade da linha de produ\u00e7\u00e3o de caminh\u00f5es da Mercedes-Benz - Canal Dana<\/title>\n<meta name=\"robots\" content=\"index, follow, max-snippet:-1, max-image-preview:large, max-video-preview:-1\" \/>\n<link rel=\"canonical\" href=\"https:\/\/dana.com.br\/canaldana\/2021\/11\/29\/producao-do-arocs-evidencia-flexibilidade-da-linha-de-producao-de-caminhoes-da-mercedes-benz\/\" \/>\n<meta property=\"og:locale\" content=\"pt_BR\" \/>\n<meta property=\"og:type\" content=\"article\" \/>\n<meta property=\"og:title\" content=\"Produ\u00e7\u00e3o do Arocs evidencia flexibilidade da linha de produ\u00e7\u00e3o de caminh\u00f5es da Mercedes-Benz - Canal Dana\" \/>\n<meta property=\"og:description\" content=\"Blog do Caminhoneiro &nbsp; A Mercedes-Benz foi uma das primeiras empresas do pa\u00eds a contar com uma linha de produ\u00e7\u00e3o com conceitos de Ind\u00fastria 4.0. Esse inovador processo agrupou a montagem de todos os caminh\u00f5es, dos modelos leves aos extrapesados, e a log\u00edstica de pe\u00e7as num sistema \u00fanico, moderno, integrado e inteligente de produ\u00e7\u00e3o, baseado\u2026 Leia mais \u00bb\" \/>\n<meta property=\"og:url\" content=\"https:\/\/dana.com.br\/canaldana\/2021\/11\/29\/producao-do-arocs-evidencia-flexibilidade-da-linha-de-producao-de-caminhoes-da-mercedes-benz\/\" \/>\n<meta property=\"og:site_name\" content=\"Canal Dana\" \/>\n<meta property=\"article:published_time\" content=\"2021-11-29T11:33:35+00:00\" \/>\n<meta name=\"author\" content=\"Canal Dana\" \/>\n<meta name=\"twitter:card\" content=\"summary_large_image\" \/>\n<meta name=\"twitter:label1\" content=\"Escrito por\" \/>\n\t<meta name=\"twitter:data1\" content=\"Canal Dana\" \/>\n\t<meta name=\"twitter:label2\" content=\"Est. tempo de leitura\" \/>\n\t<meta name=\"twitter:data2\" content=\"2 minutos\" \/>\n<script type=\"application\/ld+json\" class=\"yoast-schema-graph\">{\"@context\":\"https:\\\/\\\/schema.org\",\"@graph\":[{\"@type\":\"Article\",\"@id\":\"https:\\\/\\\/dana.com.br\\\/canaldana\\\/2021\\\/11\\\/29\\\/producao-do-arocs-evidencia-flexibilidade-da-linha-de-producao-de-caminhoes-da-mercedes-benz\\\/#article\",\"isPartOf\":{\"@id\":\"https:\\\/\\\/dana.com.br\\\/canaldana\\\/2021\\\/11\\\/29\\\/producao-do-arocs-evidencia-flexibilidade-da-linha-de-producao-de-caminhoes-da-mercedes-benz\\\/\"},\"author\":{\"name\":\"Canal Dana\",\"@id\":\"https:\\\/\\\/dana.com.br\\\/canaldana\\\/#\\\/schema\\\/person\\\/3c21f22f56fcf3bc46b94bc60ea4fef6\"},\"headline\":\"Produ\u00e7\u00e3o do Arocs evidencia flexibilidade da linha de produ\u00e7\u00e3o de caminh\u00f5es da Mercedes-Benz\",\"datePublished\":\"2021-11-29T11:33:35+00:00\",\"mainEntityOfPage\":{\"@id\":\"https:\\\/\\\/dana.com.br\\\/canaldana\\\/2021\\\/11\\\/29\\\/producao-do-arocs-evidencia-flexibilidade-da-linha-de-producao-de-caminhoes-da-mercedes-benz\\\/\"},\"wordCount\":422,\"articleSection\":[\"Destaques\"],\"inLanguage\":\"pt-BR\"},{\"@type\":\"WebPage\",\"@id\":\"https:\\\/\\\/dana.com.br\\\/canaldana\\\/2021\\\/11\\\/29\\\/producao-do-arocs-evidencia-flexibilidade-da-linha-de-producao-de-caminhoes-da-mercedes-benz\\\/\",\"url\":\"https:\\\/\\\/dana.com.br\\\/canaldana\\\/2021\\\/11\\\/29\\\/producao-do-arocs-evidencia-flexibilidade-da-linha-de-producao-de-caminhoes-da-mercedes-benz\\\/\",\"name\":\"Produ\u00e7\u00e3o do Arocs evidencia flexibilidade da linha de produ\u00e7\u00e3o de caminh\u00f5es da Mercedes-Benz - Canal Dana\",\"isPartOf\":{\"@id\":\"https:\\\/\\\/dana.com.br\\\/canaldana\\\/#website\"},\"datePublished\":\"2021-11-29T11:33:35+00:00\",\"author\":{\"@id\":\"https:\\\/\\\/dana.com.br\\\/canaldana\\\/#\\\/schema\\\/person\\\/3c21f22f56fcf3bc46b94bc60ea4fef6\"},\"breadcrumb\":{\"@id\":\"https:\\\/\\\/dana.com.br\\\/canaldana\\\/2021\\\/11\\\/29\\\/producao-do-arocs-evidencia-flexibilidade-da-linha-de-producao-de-caminhoes-da-mercedes-benz\\\/#breadcrumb\"},\"inLanguage\":\"pt-BR\",\"potentialAction\":[{\"@type\":\"ReadAction\",\"target\":[\"https:\\\/\\\/dana.com.br\\\/canaldana\\\/2021\\\/11\\\/29\\\/producao-do-arocs-evidencia-flexibilidade-da-linha-de-producao-de-caminhoes-da-mercedes-benz\\\/\"]}]},{\"@type\":\"BreadcrumbList\",\"@id\":\"https:\\\/\\\/dana.com.br\\\/canaldana\\\/2021\\\/11\\\/29\\\/producao-do-arocs-evidencia-flexibilidade-da-linha-de-producao-de-caminhoes-da-mercedes-benz\\\/#breadcrumb\",\"itemListElement\":[{\"@type\":\"ListItem\",\"position\":1,\"name\":\"Home\",\"item\":\"https:\\\/\\\/dana.com.br\\\/canaldana\\\/\"},{\"@type\":\"ListItem\",\"position\":2,\"name\":\"Destaques\",\"item\":\"https:\\\/\\\/dana.com.br\\\/canaldana\\\/destaques\\\/\"},{\"@type\":\"ListItem\",\"position\":3,\"name\":\"Produ\u00e7\u00e3o do Arocs evidencia flexibilidade da linha de produ\u00e7\u00e3o de caminh\u00f5es da Mercedes-Benz\"}]},{\"@type\":\"WebSite\",\"@id\":\"https:\\\/\\\/dana.com.br\\\/canaldana\\\/#website\",\"url\":\"https:\\\/\\\/dana.com.br\\\/canaldana\\\/\",\"name\":\"Canal Dana\",\"description\":\"Informativo com as principais not\u00edcias da ind\u00fastria automotiva\",\"potentialAction\":[{\"@type\":\"SearchAction\",\"target\":{\"@type\":\"EntryPoint\",\"urlTemplate\":\"https:\\\/\\\/dana.com.br\\\/canaldana\\\/?s={search_term_string}\"},\"query-input\":{\"@type\":\"PropertyValueSpecification\",\"valueRequired\":true,\"valueName\":\"search_term_string\"}}],\"inLanguage\":\"pt-BR\"},{\"@type\":\"Person\",\"@id\":\"https:\\\/\\\/dana.com.br\\\/canaldana\\\/#\\\/schema\\\/person\\\/3c21f22f56fcf3bc46b94bc60ea4fef6\",\"name\":\"Canal Dana\",\"image\":{\"@type\":\"ImageObject\",\"inLanguage\":\"pt-BR\",\"@id\":\"https:\\\/\\\/secure.gravatar.com\\\/avatar\\\/420aaf9278582877d9018637c6817617705899d2858d7572ef0fe59a6b6454b4?s=96&d=mm&r=g\",\"url\":\"https:\\\/\\\/secure.gravatar.com\\\/avatar\\\/420aaf9278582877d9018637c6817617705899d2858d7572ef0fe59a6b6454b4?s=96&d=mm&r=g\",\"contentUrl\":\"https:\\\/\\\/secure.gravatar.com\\\/avatar\\\/420aaf9278582877d9018637c6817617705899d2858d7572ef0fe59a6b6454b4?s=96&d=mm&r=g\",\"caption\":\"Canal Dana\"},\"url\":\"https:\\\/\\\/dana.com.br\\\/canaldana\\\/author\\\/cdeditor\\\/\"}]}<\/script>\n<!-- \/ Yoast SEO plugin. -->","yoast_head_json":{"title":"Produ\u00e7\u00e3o do Arocs evidencia flexibilidade da linha de produ\u00e7\u00e3o de caminh\u00f5es da Mercedes-Benz - Canal Dana","robots":{"index":"index","follow":"follow","max-snippet":"max-snippet:-1","max-image-preview":"max-image-preview:large","max-video-preview":"max-video-preview:-1"},"canonical":"https:\/\/dana.com.br\/canaldana\/2021\/11\/29\/producao-do-arocs-evidencia-flexibilidade-da-linha-de-producao-de-caminhoes-da-mercedes-benz\/","og_locale":"pt_BR","og_type":"article","og_title":"Produ\u00e7\u00e3o do Arocs evidencia flexibilidade da linha de produ\u00e7\u00e3o de caminh\u00f5es da Mercedes-Benz - Canal Dana","og_description":"Blog do Caminhoneiro &nbsp; A Mercedes-Benz foi uma das primeiras empresas do pa\u00eds a contar com uma linha de produ\u00e7\u00e3o com conceitos de Ind\u00fastria 4.0. Esse inovador processo agrupou a montagem de todos os caminh\u00f5es, dos modelos leves aos extrapesados, e a log\u00edstica de pe\u00e7as num sistema \u00fanico, moderno, integrado e inteligente de produ\u00e7\u00e3o, baseado\u2026 Leia mais \u00bb","og_url":"https:\/\/dana.com.br\/canaldana\/2021\/11\/29\/producao-do-arocs-evidencia-flexibilidade-da-linha-de-producao-de-caminhoes-da-mercedes-benz\/","og_site_name":"Canal Dana","article_published_time":"2021-11-29T11:33:35+00:00","author":"Canal Dana","twitter_card":"summary_large_image","twitter_misc":{"Escrito por":"Canal Dana","Est. tempo de leitura":"2 minutos"},"schema":{"@context":"https:\/\/schema.org","@graph":[{"@type":"Article","@id":"https:\/\/dana.com.br\/canaldana\/2021\/11\/29\/producao-do-arocs-evidencia-flexibilidade-da-linha-de-producao-de-caminhoes-da-mercedes-benz\/#article","isPartOf":{"@id":"https:\/\/dana.com.br\/canaldana\/2021\/11\/29\/producao-do-arocs-evidencia-flexibilidade-da-linha-de-producao-de-caminhoes-da-mercedes-benz\/"},"author":{"name":"Canal Dana","@id":"https:\/\/dana.com.br\/canaldana\/#\/schema\/person\/3c21f22f56fcf3bc46b94bc60ea4fef6"},"headline":"Produ\u00e7\u00e3o do Arocs evidencia flexibilidade da linha de produ\u00e7\u00e3o de caminh\u00f5es da Mercedes-Benz","datePublished":"2021-11-29T11:33:35+00:00","mainEntityOfPage":{"@id":"https:\/\/dana.com.br\/canaldana\/2021\/11\/29\/producao-do-arocs-evidencia-flexibilidade-da-linha-de-producao-de-caminhoes-da-mercedes-benz\/"},"wordCount":422,"articleSection":["Destaques"],"inLanguage":"pt-BR"},{"@type":"WebPage","@id":"https:\/\/dana.com.br\/canaldana\/2021\/11\/29\/producao-do-arocs-evidencia-flexibilidade-da-linha-de-producao-de-caminhoes-da-mercedes-benz\/","url":"https:\/\/dana.com.br\/canaldana\/2021\/11\/29\/producao-do-arocs-evidencia-flexibilidade-da-linha-de-producao-de-caminhoes-da-mercedes-benz\/","name":"Produ\u00e7\u00e3o do Arocs evidencia flexibilidade da linha de produ\u00e7\u00e3o de caminh\u00f5es da Mercedes-Benz - Canal Dana","isPartOf":{"@id":"https:\/\/dana.com.br\/canaldana\/#website"},"datePublished":"2021-11-29T11:33:35+00:00","author":{"@id":"https:\/\/dana.com.br\/canaldana\/#\/schema\/person\/3c21f22f56fcf3bc46b94bc60ea4fef6"},"breadcrumb":{"@id":"https:\/\/dana.com.br\/canaldana\/2021\/11\/29\/producao-do-arocs-evidencia-flexibilidade-da-linha-de-producao-de-caminhoes-da-mercedes-benz\/#breadcrumb"},"inLanguage":"pt-BR","potentialAction":[{"@type":"ReadAction","target":["https:\/\/dana.com.br\/canaldana\/2021\/11\/29\/producao-do-arocs-evidencia-flexibilidade-da-linha-de-producao-de-caminhoes-da-mercedes-benz\/"]}]},{"@type":"BreadcrumbList","@id":"https:\/\/dana.com.br\/canaldana\/2021\/11\/29\/producao-do-arocs-evidencia-flexibilidade-da-linha-de-producao-de-caminhoes-da-mercedes-benz\/#breadcrumb","itemListElement":[{"@type":"ListItem","position":1,"name":"Home","item":"https:\/\/dana.com.br\/canaldana\/"},{"@type":"ListItem","position":2,"name":"Destaques","item":"https:\/\/dana.com.br\/canaldana\/destaques\/"},{"@type":"ListItem","position":3,"name":"Produ\u00e7\u00e3o do Arocs evidencia flexibilidade da linha de produ\u00e7\u00e3o de caminh\u00f5es da Mercedes-Benz"}]},{"@type":"WebSite","@id":"https:\/\/dana.com.br\/canaldana\/#website","url":"https:\/\/dana.com.br\/canaldana\/","name":"Canal Dana","description":"Informativo com as principais not\u00edcias da ind\u00fastria automotiva","potentialAction":[{"@type":"SearchAction","target":{"@type":"EntryPoint","urlTemplate":"https:\/\/dana.com.br\/canaldana\/?s={search_term_string}"},"query-input":{"@type":"PropertyValueSpecification","valueRequired":true,"valueName":"search_term_string"}}],"inLanguage":"pt-BR"},{"@type":"Person","@id":"https:\/\/dana.com.br\/canaldana\/#\/schema\/person\/3c21f22f56fcf3bc46b94bc60ea4fef6","name":"Canal Dana","image":{"@type":"ImageObject","inLanguage":"pt-BR","@id":"https:\/\/secure.gravatar.com\/avatar\/420aaf9278582877d9018637c6817617705899d2858d7572ef0fe59a6b6454b4?s=96&d=mm&r=g","url":"https:\/\/secure.gravatar.com\/avatar\/420aaf9278582877d9018637c6817617705899d2858d7572ef0fe59a6b6454b4?s=96&d=mm&r=g","contentUrl":"https:\/\/secure.gravatar.com\/avatar\/420aaf9278582877d9018637c6817617705899d2858d7572ef0fe59a6b6454b4?s=96&d=mm&r=g","caption":"Canal Dana"},"url":"https:\/\/dana.com.br\/canaldana\/author\/cdeditor\/"}]}},"_links":{"self":[{"href":"https:\/\/dana.com.br\/canaldana\/wp-json\/wp\/v2\/posts\/54569","targetHints":{"allow":["GET"]}}],"collection":[{"href":"https:\/\/dana.com.br\/canaldana\/wp-json\/wp\/v2\/posts"}],"about":[{"href":"https:\/\/dana.com.br\/canaldana\/wp-json\/wp\/v2\/types\/post"}],"author":[{"embeddable":true,"href":"https:\/\/dana.com.br\/canaldana\/wp-json\/wp\/v2\/users\/3"}],"replies":[{"embeddable":true,"href":"https:\/\/dana.com.br\/canaldana\/wp-json\/wp\/v2\/comments?post=54569"}],"version-history":[{"count":0,"href":"https:\/\/dana.com.br\/canaldana\/wp-json\/wp\/v2\/posts\/54569\/revisions"}],"wp:attachment":[{"href":"https:\/\/dana.com.br\/canaldana\/wp-json\/wp\/v2\/media?parent=54569"}],"wp:term":[{"taxonomy":"category","embeddable":true,"href":"https:\/\/dana.com.br\/canaldana\/wp-json\/wp\/v2\/categories?post=54569"},{"taxonomy":"post_tag","embeddable":true,"href":"https:\/\/dana.com.br\/canaldana\/wp-json\/wp\/v2\/tags?post=54569"}],"curies":[{"name":"wp","href":"https:\/\/api.w.org\/{rel}","templated":true}]}}