{"id":54567,"date":"2021-11-29T08:32:49","date_gmt":"2021-11-29T11:32:49","guid":{"rendered":"https:\/\/dana.com.br\/canaldana\/?p=54567"},"modified":"2021-11-29T08:32:49","modified_gmt":"2021-11-29T11:32:49","slug":"locadoras-participarao-do-electric-experience","status":"publish","type":"post","link":"https:\/\/dana.com.br\/canaldana\/2021\/11\/29\/locadoras-participarao-do-electric-experience\/","title":{"rendered":"Locadoras participar\u00e3o do Electric Experience"},"content":{"rendered":"<p><em>AutoInd\u00fastria<\/em><\/p>\n<p>&nbsp;<\/p>\n<p>A partir da ter\u00e7a-feira, 30, at\u00e9 5 de dezembro, acontece na pista do Haras Tuiuti, no interior paulista, o Electric Experience, o primeiro evento focado em test-drives na pista com ve\u00edculos 100% el\u00e9tricos vendidos no Brasil. Ser\u00e3o mais de duas dezenas de modelos dispon\u00edveis no aut\u00f3dromo, dentre os quais o Renault Zoe, Audi e-Tron, Nissan Leaf, Peugeot e-208 GT e Fiat 500-e, al\u00e9m de modelos da Byd, Jac e Volvo.<\/p>\n<p>&nbsp;<\/p>\n<p>Trinta locadoras de autom\u00f3veis associadas \u00e0 Abla, associa\u00e7\u00e3o que representa as empreas do setor, ir\u00e3o participar no primeiro dia de testes, no per\u00edodo das 8h \u00e0s 18h. Tamb\u00e9m na ter\u00e7a-feira, a partir das 14h, haver\u00e1 o painel \u201cPor que as empresas investem na eletrifica\u00e7\u00e3o\u201d, com a participa\u00e7\u00e3o do presidente do Conselho Nacional da entidade, Paulo Miguel J\u00fanior, do diretor de inova\u00e7\u00e3o e supply chain da Natura, Nestor Felpi, e do diretor comercial de energias da Ra\u00edzen, Rafael Rebello.<\/p>\n<p>&nbsp;<\/p>\n<p>Situado a 110 km da capital paulista, o Haras Tuiuti \u00e9 um campo de provas multiuso que sedia os eventos das principais montadoras. Com 2.500 metros no circuito de asfalto e mais de 20 obst\u00e1culos na pista off-road, \u201co espa\u00e7o exige frenagens fortes e r\u00e1pidas acelera\u00e7\u00f5es, ideais para testar os atributos dos ve\u00edculos 100% el\u00e9tricos\u201d, avalia Alfredo Ogawa, da TSO Brasil, organizadora do evento.<\/p>\n<p>&nbsp;<\/p>\n<p>Ele explica que o n\u00famero de convites gratuitos, com os oferecidos \u00e0 Abla, \u00e9 limitado. \u201cO objetivo \u00e9 garantir uma boa experi\u00eancia a todos os participantes, principalmente na disponibilidade e variedade dos test-drives na pista\u201d, acrescenta Ogawa. \u201cAdotamos um sistema de reserva e confirma\u00e7\u00e3o digital, no qual enviamos o link de acesso para a Abla e a associa\u00e7\u00e3o o encaminha para a locadora que tiver interesse\u201d.<\/p>\n<p>&nbsp;<\/p>\n<p>O presidente da TSO Brasil explica que a ideia de reunir todos os modelos num evento \u00fanico surgiu a partir da ampla procura de diferentes marcas, dentre as quais Volvo, Chevrolet, Peugeot, Renault, Nissan, Caoa Chery, BMW e Audi, para realizar lan\u00e7amentos de ve\u00edculos el\u00e9tricos no local.<\/p>\n<p>&nbsp;<\/p>\n<p>\u201cDecidimos, ent\u00e3o, reuni-los em um evento s\u00f3. E como as locadoras t\u00eam sido um dos vetores na introdu\u00e7\u00e3o dos ve\u00edculos el\u00e9tricos no Brasil, certamente ter\u00e3o papel ainda mais relevante na diversifica\u00e7\u00e3o das alternativas de mobilidade entre n\u00f3s\u201d, conclui Ogawa. (AutoInd\u00fastria)<\/p>\n","protected":false},"excerpt":{"rendered":"<p>AutoInd\u00fastria &nbsp; A partir da ter\u00e7a-feira, 30, at\u00e9 5 de dezembro, acontece na pista do Haras Tuiuti, no interior paulista, o Electric Experience, o primeiro evento focado em test-drives na pista com ve\u00edculos 100% el\u00e9tricos vendidos no Brasil. Ser\u00e3o mais de duas dezenas de modelos dispon\u00edveis no aut\u00f3dromo, dentre os quais o Renault Zoe, Audi\u2026 <a class=\"readmore\" href=\"https:\/\/dana.com.br\/canaldana\/2021\/11\/29\/locadoras-participarao-do-electric-experience\/\">Leia mais \u00bb<\/a><\/p>\n","protected":false},"author":3,"featured_media":0,"comment_status":"closed","ping_status":"closed","sticky":false,"template":"","format":"standard","meta":{"_acf_changed":false,"footnotes":""},"categories":[61],"tags":[],"class_list":["post-54567","post","type-post","status-publish","format-standard","hentry","category-destaques"],"acf":[],"yoast_head":"<!-- This site is optimized with the Yoast SEO plugin v27.3 - https:\/\/yoast.com\/product\/yoast-seo-wordpress\/ -->\n<title>Locadoras participar\u00e3o do Electric Experience - Canal Dana<\/title>\n<meta name=\"robots\" content=\"index, follow, max-snippet:-1, max-image-preview:large, max-video-preview:-1\" \/>\n<link rel=\"canonical\" href=\"https:\/\/dana.com.br\/canaldana\/2021\/11\/29\/locadoras-participarao-do-electric-experience\/\" \/>\n<meta property=\"og:locale\" content=\"pt_BR\" \/>\n<meta property=\"og:type\" content=\"article\" \/>\n<meta property=\"og:title\" content=\"Locadoras participar\u00e3o do Electric Experience - Canal Dana\" \/>\n<meta property=\"og:description\" content=\"AutoInd\u00fastria &nbsp; A partir da ter\u00e7a-feira, 30, at\u00e9 5 de dezembro, acontece na pista do Haras Tuiuti, no interior paulista, o Electric Experience, o primeiro evento focado em test-drives na pista com ve\u00edculos 100% el\u00e9tricos vendidos no Brasil. Ser\u00e3o mais de duas dezenas de modelos dispon\u00edveis no aut\u00f3dromo, dentre os quais o Renault Zoe, Audi\u2026 Leia mais \u00bb\" \/>\n<meta property=\"og:url\" content=\"https:\/\/dana.com.br\/canaldana\/2021\/11\/29\/locadoras-participarao-do-electric-experience\/\" \/>\n<meta property=\"og:site_name\" content=\"Canal Dana\" \/>\n<meta property=\"article:published_time\" content=\"2021-11-29T11:32:49+00:00\" \/>\n<meta name=\"author\" content=\"Canal Dana\" \/>\n<meta name=\"twitter:card\" content=\"summary_large_image\" \/>\n<meta name=\"twitter:label1\" content=\"Escrito por\" \/>\n\t<meta name=\"twitter:data1\" content=\"Canal Dana\" \/>\n\t<meta name=\"twitter:label2\" content=\"Est. tempo de leitura\" \/>\n\t<meta name=\"twitter:data2\" content=\"2 minutos\" \/>\n<script type=\"application\/ld+json\" class=\"yoast-schema-graph\">{\"@context\":\"https:\\\/\\\/schema.org\",\"@graph\":[{\"@type\":\"Article\",\"@id\":\"https:\\\/\\\/dana.com.br\\\/canaldana\\\/2021\\\/11\\\/29\\\/locadoras-participarao-do-electric-experience\\\/#article\",\"isPartOf\":{\"@id\":\"https:\\\/\\\/dana.com.br\\\/canaldana\\\/2021\\\/11\\\/29\\\/locadoras-participarao-do-electric-experience\\\/\"},\"author\":{\"name\":\"Canal Dana\",\"@id\":\"https:\\\/\\\/dana.com.br\\\/canaldana\\\/#\\\/schema\\\/person\\\/3c21f22f56fcf3bc46b94bc60ea4fef6\"},\"headline\":\"Locadoras participar\u00e3o do Electric Experience\",\"datePublished\":\"2021-11-29T11:32:49+00:00\",\"mainEntityOfPage\":{\"@id\":\"https:\\\/\\\/dana.com.br\\\/canaldana\\\/2021\\\/11\\\/29\\\/locadoras-participarao-do-electric-experience\\\/\"},\"wordCount\":407,\"articleSection\":[\"Destaques\"],\"inLanguage\":\"pt-BR\"},{\"@type\":\"WebPage\",\"@id\":\"https:\\\/\\\/dana.com.br\\\/canaldana\\\/2021\\\/11\\\/29\\\/locadoras-participarao-do-electric-experience\\\/\",\"url\":\"https:\\\/\\\/dana.com.br\\\/canaldana\\\/2021\\\/11\\\/29\\\/locadoras-participarao-do-electric-experience\\\/\",\"name\":\"Locadoras participar\u00e3o do Electric Experience - Canal Dana\",\"isPartOf\":{\"@id\":\"https:\\\/\\\/dana.com.br\\\/canaldana\\\/#website\"},\"datePublished\":\"2021-11-29T11:32:49+00:00\",\"author\":{\"@id\":\"https:\\\/\\\/dana.com.br\\\/canaldana\\\/#\\\/schema\\\/person\\\/3c21f22f56fcf3bc46b94bc60ea4fef6\"},\"breadcrumb\":{\"@id\":\"https:\\\/\\\/dana.com.br\\\/canaldana\\\/2021\\\/11\\\/29\\\/locadoras-participarao-do-electric-experience\\\/#breadcrumb\"},\"inLanguage\":\"pt-BR\",\"potentialAction\":[{\"@type\":\"ReadAction\",\"target\":[\"https:\\\/\\\/dana.com.br\\\/canaldana\\\/2021\\\/11\\\/29\\\/locadoras-participarao-do-electric-experience\\\/\"]}]},{\"@type\":\"BreadcrumbList\",\"@id\":\"https:\\\/\\\/dana.com.br\\\/canaldana\\\/2021\\\/11\\\/29\\\/locadoras-participarao-do-electric-experience\\\/#breadcrumb\",\"itemListElement\":[{\"@type\":\"ListItem\",\"position\":1,\"name\":\"Home\",\"item\":\"https:\\\/\\\/dana.com.br\\\/canaldana\\\/\"},{\"@type\":\"ListItem\",\"position\":2,\"name\":\"Destaques\",\"item\":\"https:\\\/\\\/dana.com.br\\\/canaldana\\\/destaques\\\/\"},{\"@type\":\"ListItem\",\"position\":3,\"name\":\"Locadoras participar\u00e3o do Electric Experience\"}]},{\"@type\":\"WebSite\",\"@id\":\"https:\\\/\\\/dana.com.br\\\/canaldana\\\/#website\",\"url\":\"https:\\\/\\\/dana.com.br\\\/canaldana\\\/\",\"name\":\"Canal Dana\",\"description\":\"Informativo com as principais not\u00edcias da ind\u00fastria automotiva\",\"potentialAction\":[{\"@type\":\"SearchAction\",\"target\":{\"@type\":\"EntryPoint\",\"urlTemplate\":\"https:\\\/\\\/dana.com.br\\\/canaldana\\\/?s={search_term_string}\"},\"query-input\":{\"@type\":\"PropertyValueSpecification\",\"valueRequired\":true,\"valueName\":\"search_term_string\"}}],\"inLanguage\":\"pt-BR\"},{\"@type\":\"Person\",\"@id\":\"https:\\\/\\\/dana.com.br\\\/canaldana\\\/#\\\/schema\\\/person\\\/3c21f22f56fcf3bc46b94bc60ea4fef6\",\"name\":\"Canal Dana\",\"image\":{\"@type\":\"ImageObject\",\"inLanguage\":\"pt-BR\",\"@id\":\"https:\\\/\\\/secure.gravatar.com\\\/avatar\\\/420aaf9278582877d9018637c6817617705899d2858d7572ef0fe59a6b6454b4?s=96&d=mm&r=g\",\"url\":\"https:\\\/\\\/secure.gravatar.com\\\/avatar\\\/420aaf9278582877d9018637c6817617705899d2858d7572ef0fe59a6b6454b4?s=96&d=mm&r=g\",\"contentUrl\":\"https:\\\/\\\/secure.gravatar.com\\\/avatar\\\/420aaf9278582877d9018637c6817617705899d2858d7572ef0fe59a6b6454b4?s=96&d=mm&r=g\",\"caption\":\"Canal Dana\"},\"url\":\"https:\\\/\\\/dana.com.br\\\/canaldana\\\/author\\\/cdeditor\\\/\"}]}<\/script>\n<!-- \/ Yoast SEO plugin. -->","yoast_head_json":{"title":"Locadoras participar\u00e3o do Electric Experience - Canal Dana","robots":{"index":"index","follow":"follow","max-snippet":"max-snippet:-1","max-image-preview":"max-image-preview:large","max-video-preview":"max-video-preview:-1"},"canonical":"https:\/\/dana.com.br\/canaldana\/2021\/11\/29\/locadoras-participarao-do-electric-experience\/","og_locale":"pt_BR","og_type":"article","og_title":"Locadoras participar\u00e3o do Electric Experience - Canal Dana","og_description":"AutoInd\u00fastria &nbsp; A partir da ter\u00e7a-feira, 30, at\u00e9 5 de dezembro, acontece na pista do Haras Tuiuti, no interior paulista, o Electric Experience, o primeiro evento focado em test-drives na pista com ve\u00edculos 100% el\u00e9tricos vendidos no Brasil. Ser\u00e3o mais de duas dezenas de modelos dispon\u00edveis no aut\u00f3dromo, dentre os quais o Renault Zoe, Audi\u2026 Leia mais \u00bb","og_url":"https:\/\/dana.com.br\/canaldana\/2021\/11\/29\/locadoras-participarao-do-electric-experience\/","og_site_name":"Canal Dana","article_published_time":"2021-11-29T11:32:49+00:00","author":"Canal Dana","twitter_card":"summary_large_image","twitter_misc":{"Escrito por":"Canal Dana","Est. tempo de leitura":"2 minutos"},"schema":{"@context":"https:\/\/schema.org","@graph":[{"@type":"Article","@id":"https:\/\/dana.com.br\/canaldana\/2021\/11\/29\/locadoras-participarao-do-electric-experience\/#article","isPartOf":{"@id":"https:\/\/dana.com.br\/canaldana\/2021\/11\/29\/locadoras-participarao-do-electric-experience\/"},"author":{"name":"Canal Dana","@id":"https:\/\/dana.com.br\/canaldana\/#\/schema\/person\/3c21f22f56fcf3bc46b94bc60ea4fef6"},"headline":"Locadoras participar\u00e3o do Electric Experience","datePublished":"2021-11-29T11:32:49+00:00","mainEntityOfPage":{"@id":"https:\/\/dana.com.br\/canaldana\/2021\/11\/29\/locadoras-participarao-do-electric-experience\/"},"wordCount":407,"articleSection":["Destaques"],"inLanguage":"pt-BR"},{"@type":"WebPage","@id":"https:\/\/dana.com.br\/canaldana\/2021\/11\/29\/locadoras-participarao-do-electric-experience\/","url":"https:\/\/dana.com.br\/canaldana\/2021\/11\/29\/locadoras-participarao-do-electric-experience\/","name":"Locadoras participar\u00e3o do Electric Experience - Canal Dana","isPartOf":{"@id":"https:\/\/dana.com.br\/canaldana\/#website"},"datePublished":"2021-11-29T11:32:49+00:00","author":{"@id":"https:\/\/dana.com.br\/canaldana\/#\/schema\/person\/3c21f22f56fcf3bc46b94bc60ea4fef6"},"breadcrumb":{"@id":"https:\/\/dana.com.br\/canaldana\/2021\/11\/29\/locadoras-participarao-do-electric-experience\/#breadcrumb"},"inLanguage":"pt-BR","potentialAction":[{"@type":"ReadAction","target":["https:\/\/dana.com.br\/canaldana\/2021\/11\/29\/locadoras-participarao-do-electric-experience\/"]}]},{"@type":"BreadcrumbList","@id":"https:\/\/dana.com.br\/canaldana\/2021\/11\/29\/locadoras-participarao-do-electric-experience\/#breadcrumb","itemListElement":[{"@type":"ListItem","position":1,"name":"Home","item":"https:\/\/dana.com.br\/canaldana\/"},{"@type":"ListItem","position":2,"name":"Destaques","item":"https:\/\/dana.com.br\/canaldana\/destaques\/"},{"@type":"ListItem","position":3,"name":"Locadoras participar\u00e3o do Electric Experience"}]},{"@type":"WebSite","@id":"https:\/\/dana.com.br\/canaldana\/#website","url":"https:\/\/dana.com.br\/canaldana\/","name":"Canal Dana","description":"Informativo com as principais not\u00edcias da ind\u00fastria automotiva","potentialAction":[{"@type":"SearchAction","target":{"@type":"EntryPoint","urlTemplate":"https:\/\/dana.com.br\/canaldana\/?s={search_term_string}"},"query-input":{"@type":"PropertyValueSpecification","valueRequired":true,"valueName":"search_term_string"}}],"inLanguage":"pt-BR"},{"@type":"Person","@id":"https:\/\/dana.com.br\/canaldana\/#\/schema\/person\/3c21f22f56fcf3bc46b94bc60ea4fef6","name":"Canal Dana","image":{"@type":"ImageObject","inLanguage":"pt-BR","@id":"https:\/\/secure.gravatar.com\/avatar\/420aaf9278582877d9018637c6817617705899d2858d7572ef0fe59a6b6454b4?s=96&d=mm&r=g","url":"https:\/\/secure.gravatar.com\/avatar\/420aaf9278582877d9018637c6817617705899d2858d7572ef0fe59a6b6454b4?s=96&d=mm&r=g","contentUrl":"https:\/\/secure.gravatar.com\/avatar\/420aaf9278582877d9018637c6817617705899d2858d7572ef0fe59a6b6454b4?s=96&d=mm&r=g","caption":"Canal Dana"},"url":"https:\/\/dana.com.br\/canaldana\/author\/cdeditor\/"}]}},"_links":{"self":[{"href":"https:\/\/dana.com.br\/canaldana\/wp-json\/wp\/v2\/posts\/54567","targetHints":{"allow":["GET"]}}],"collection":[{"href":"https:\/\/dana.com.br\/canaldana\/wp-json\/wp\/v2\/posts"}],"about":[{"href":"https:\/\/dana.com.br\/canaldana\/wp-json\/wp\/v2\/types\/post"}],"author":[{"embeddable":true,"href":"https:\/\/dana.com.br\/canaldana\/wp-json\/wp\/v2\/users\/3"}],"replies":[{"embeddable":true,"href":"https:\/\/dana.com.br\/canaldana\/wp-json\/wp\/v2\/comments?post=54567"}],"version-history":[{"count":0,"href":"https:\/\/dana.com.br\/canaldana\/wp-json\/wp\/v2\/posts\/54567\/revisions"}],"wp:attachment":[{"href":"https:\/\/dana.com.br\/canaldana\/wp-json\/wp\/v2\/media?parent=54567"}],"wp:term":[{"taxonomy":"category","embeddable":true,"href":"https:\/\/dana.com.br\/canaldana\/wp-json\/wp\/v2\/categories?post=54567"},{"taxonomy":"post_tag","embeddable":true,"href":"https:\/\/dana.com.br\/canaldana\/wp-json\/wp\/v2\/tags?post=54567"}],"curies":[{"name":"wp","href":"https:\/\/api.w.org\/{rel}","templated":true}]}}