{"id":54565,"date":"2021-11-29T08:31:56","date_gmt":"2021-11-29T11:31:56","guid":{"rendered":"https:\/\/dana.com.br\/canaldana\/?p=54565"},"modified":"2021-11-29T08:31:56","modified_gmt":"2021-11-29T11:31:56","slug":"aceleracao-da-selic-para-deter-inflacao-pressiona-juros-aos-consumidores","status":"publish","type":"post","link":"https:\/\/dana.com.br\/canaldana\/2021\/11\/29\/aceleracao-da-selic-para-deter-inflacao-pressiona-juros-aos-consumidores\/","title":{"rendered":"Acelera\u00e7\u00e3o da Selic para deter infla\u00e7\u00e3o pressiona juros aos consumidores"},"content":{"rendered":"<p><em>O Estado de S. Paulo <\/em><\/p>\n<p>&nbsp;<\/p>\n<p>As empresas e fam\u00edlias que buscam empr\u00e9stimos nos bancos j\u00e1 est\u00e3o sentindo no bolso os efeitos da corrida do Banco Central atr\u00e1s da infla\u00e7\u00e3o. O aperto monet\u00e1rio com o ciclo de eleva\u00e7\u00f5es consecutivas da Selic faz com que todas as modalidades de cr\u00e9ditos fiquem mais caras, e os juros devem continuar subindo ao longo do pr\u00f3ximo ano.<\/p>\n<p>&nbsp;<\/p>\n<p>Dados divulgados ontem pelo BC mostram que a taxa m\u00e9dia de juros no cr\u00e9dito livre que re\u00fane opera\u00e7\u00f5es que n\u00e3o utilizam recursos do BNDES ou da poupan\u00e7a &#8211; saltou de 30,6% ao ano em setembro para 32,8% ao ano em outubro. Em outubro de 2020, essa taxa estava em 26,5% ao ano. Com o resultado de outubro, a taxa m\u00e9dia de juros no cr\u00e9dito livre acumulou alta de 7,3 pontos porcentuais nos dez primeiros meses de 2021.<\/p>\n<p>&nbsp;<\/p>\n<p>A subida acompanha a eleva\u00e7\u00e3o da Selic pelo Comit\u00ea de Pol\u00edtica Monet\u00e1ria (Copom). At\u00e9 mar\u00e7o deste ano, a taxa b\u00e1sica de juros \u2013 que forma o custo de capta\u00e7\u00e3o de recursos pelos bancos \u2013 estava no piso hist\u00f3rico de 2,00% ao ano. De l\u00e1 para c\u00e1, a taxa j\u00e1 subiu para 7,75% ap\u00f3s seis eleva\u00e7\u00f5es consecutivas, e o mercado aposta que o BC n\u00e3o ir\u00e1 parar at\u00e9 a Selic chegar aos dois d\u00edgitos, ou seja, superar os 10,0%.<\/p>\n<p>&nbsp;<\/p>\n<p>A taxa m\u00e9dia de juros no cr\u00e9dito livre (sem contar habitacional, rural e BNDES) para as fam\u00edlias passou de 41,3% para 43,8% ao ano de setembro para outubro, enquanto para as empresas foi de 17,1% para 19,1%. Entre as principais linhas de cr\u00e9dito livre para pessoas f\u00edsicas, a taxa do cheque especial passou de 129,6% para 128,8% ao ano em outubro. No cr\u00e9dito pessoal, a taxa passou de 33,1% para 35,4% ao ano. O juro m\u00e9dio total cobrado pelos bancos no rotativo do cart\u00e3o de cr\u00e9dito de 339,5% para 343,6% ao ano.<\/p>\n<p>&nbsp;<\/p>\n<p>A economista da consultoria Tend\u00eancias, Isabela Tavares, destaca que os spreads (diferen\u00e7a entre o que o custo do banco para captar o dinheiro e o que ele cobra do cliente) tamb\u00e9m aumentaram em outubro, refor\u00e7ando a ideia que os bancos passaram a ver um risco maior de cr\u00e9dito nas novas opera\u00e7\u00f5es. \u201cH\u00e1 uma piora adicional nas condi\u00e7\u00f5es de financiamento, com juros mais altos e prazos menores de pagamento. Isso deve levar a uma desacelera\u00e7\u00e3o a nas concess\u00f5es de cr\u00e9dito em 2022\u201d, considera. \u201cMas uma s\u00e9rie de mudan\u00e7as recentes que ampliaram a competi\u00e7\u00e3o no setor banc\u00e1rio deve segurar um pouco a subida dos juros\u201d, completa.<\/p>\n<p>&nbsp;<\/p>\n<p>Mesmo com os juros em alta, a inadimpl\u00eancia nas opera\u00e7\u00f5es de cr\u00e9dito livre com os bancos continuou em 3,0% de setembro para outubro. A taxa est\u00e1 estacionada em 3,0% desde julho deste ano. (O Estado de S. Paulo\/Eduardo Rodrigues e Tha\u00eds Barcellos)<\/p>\n","protected":false},"excerpt":{"rendered":"<p>O Estado de S. Paulo &nbsp; As empresas e fam\u00edlias que buscam empr\u00e9stimos nos bancos j\u00e1 est\u00e3o sentindo no bolso os efeitos da corrida do Banco Central atr\u00e1s da infla\u00e7\u00e3o. O aperto monet\u00e1rio com o ciclo de eleva\u00e7\u00f5es consecutivas da Selic faz com que todas as modalidades de cr\u00e9ditos fiquem mais caras, e os juros\u2026 <a class=\"readmore\" href=\"https:\/\/dana.com.br\/canaldana\/2021\/11\/29\/aceleracao-da-selic-para-deter-inflacao-pressiona-juros-aos-consumidores\/\">Leia mais \u00bb<\/a><\/p>\n","protected":false},"author":3,"featured_media":0,"comment_status":"closed","ping_status":"closed","sticky":false,"template":"","format":"standard","meta":{"_acf_changed":false,"footnotes":""},"categories":[79],"tags":[],"class_list":["post-54565","post","type-post","status-publish","format-standard","hentry","category-mercado"],"acf":[],"yoast_head":"<!-- This site is optimized with the Yoast SEO plugin v27.3 - https:\/\/yoast.com\/product\/yoast-seo-wordpress\/ -->\n<title>Acelera\u00e7\u00e3o da Selic para deter infla\u00e7\u00e3o pressiona juros aos consumidores - Canal Dana<\/title>\n<meta name=\"robots\" content=\"index, follow, max-snippet:-1, max-image-preview:large, max-video-preview:-1\" \/>\n<link rel=\"canonical\" href=\"https:\/\/dana.com.br\/canaldana\/2021\/11\/29\/aceleracao-da-selic-para-deter-inflacao-pressiona-juros-aos-consumidores\/\" \/>\n<meta property=\"og:locale\" content=\"pt_BR\" \/>\n<meta property=\"og:type\" content=\"article\" \/>\n<meta property=\"og:title\" content=\"Acelera\u00e7\u00e3o da Selic para deter infla\u00e7\u00e3o pressiona juros aos consumidores - Canal Dana\" \/>\n<meta property=\"og:description\" content=\"O Estado de S. Paulo &nbsp; As empresas e fam\u00edlias que buscam empr\u00e9stimos nos bancos j\u00e1 est\u00e3o sentindo no bolso os efeitos da corrida do Banco Central atr\u00e1s da infla\u00e7\u00e3o. O aperto monet\u00e1rio com o ciclo de eleva\u00e7\u00f5es consecutivas da Selic faz com que todas as modalidades de cr\u00e9ditos fiquem mais caras, e os juros\u2026 Leia mais \u00bb\" \/>\n<meta property=\"og:url\" content=\"https:\/\/dana.com.br\/canaldana\/2021\/11\/29\/aceleracao-da-selic-para-deter-inflacao-pressiona-juros-aos-consumidores\/\" \/>\n<meta property=\"og:site_name\" content=\"Canal Dana\" \/>\n<meta property=\"article:published_time\" content=\"2021-11-29T11:31:56+00:00\" \/>\n<meta name=\"author\" content=\"Canal Dana\" \/>\n<meta name=\"twitter:card\" content=\"summary_large_image\" \/>\n<meta name=\"twitter:label1\" content=\"Escrito por\" \/>\n\t<meta name=\"twitter:data1\" content=\"Canal Dana\" \/>\n\t<meta name=\"twitter:label2\" content=\"Est. tempo de leitura\" \/>\n\t<meta name=\"twitter:data2\" content=\"2 minutos\" \/>\n<script type=\"application\/ld+json\" class=\"yoast-schema-graph\">{\"@context\":\"https:\\\/\\\/schema.org\",\"@graph\":[{\"@type\":\"Article\",\"@id\":\"https:\\\/\\\/dana.com.br\\\/canaldana\\\/2021\\\/11\\\/29\\\/aceleracao-da-selic-para-deter-inflacao-pressiona-juros-aos-consumidores\\\/#article\",\"isPartOf\":{\"@id\":\"https:\\\/\\\/dana.com.br\\\/canaldana\\\/2021\\\/11\\\/29\\\/aceleracao-da-selic-para-deter-inflacao-pressiona-juros-aos-consumidores\\\/\"},\"author\":{\"name\":\"Canal Dana\",\"@id\":\"https:\\\/\\\/dana.com.br\\\/canaldana\\\/#\\\/schema\\\/person\\\/3c21f22f56fcf3bc46b94bc60ea4fef6\"},\"headline\":\"Acelera\u00e7\u00e3o da Selic para deter infla\u00e7\u00e3o pressiona juros aos consumidores\",\"datePublished\":\"2021-11-29T11:31:56+00:00\",\"mainEntityOfPage\":{\"@id\":\"https:\\\/\\\/dana.com.br\\\/canaldana\\\/2021\\\/11\\\/29\\\/aceleracao-da-selic-para-deter-inflacao-pressiona-juros-aos-consumidores\\\/\"},\"wordCount\":505,\"articleSection\":[\"Mercado\"],\"inLanguage\":\"pt-BR\"},{\"@type\":\"WebPage\",\"@id\":\"https:\\\/\\\/dana.com.br\\\/canaldana\\\/2021\\\/11\\\/29\\\/aceleracao-da-selic-para-deter-inflacao-pressiona-juros-aos-consumidores\\\/\",\"url\":\"https:\\\/\\\/dana.com.br\\\/canaldana\\\/2021\\\/11\\\/29\\\/aceleracao-da-selic-para-deter-inflacao-pressiona-juros-aos-consumidores\\\/\",\"name\":\"Acelera\u00e7\u00e3o da Selic para deter infla\u00e7\u00e3o pressiona juros aos consumidores - Canal Dana\",\"isPartOf\":{\"@id\":\"https:\\\/\\\/dana.com.br\\\/canaldana\\\/#website\"},\"datePublished\":\"2021-11-29T11:31:56+00:00\",\"author\":{\"@id\":\"https:\\\/\\\/dana.com.br\\\/canaldana\\\/#\\\/schema\\\/person\\\/3c21f22f56fcf3bc46b94bc60ea4fef6\"},\"breadcrumb\":{\"@id\":\"https:\\\/\\\/dana.com.br\\\/canaldana\\\/2021\\\/11\\\/29\\\/aceleracao-da-selic-para-deter-inflacao-pressiona-juros-aos-consumidores\\\/#breadcrumb\"},\"inLanguage\":\"pt-BR\",\"potentialAction\":[{\"@type\":\"ReadAction\",\"target\":[\"https:\\\/\\\/dana.com.br\\\/canaldana\\\/2021\\\/11\\\/29\\\/aceleracao-da-selic-para-deter-inflacao-pressiona-juros-aos-consumidores\\\/\"]}]},{\"@type\":\"BreadcrumbList\",\"@id\":\"https:\\\/\\\/dana.com.br\\\/canaldana\\\/2021\\\/11\\\/29\\\/aceleracao-da-selic-para-deter-inflacao-pressiona-juros-aos-consumidores\\\/#breadcrumb\",\"itemListElement\":[{\"@type\":\"ListItem\",\"position\":1,\"name\":\"Home\",\"item\":\"https:\\\/\\\/dana.com.br\\\/canaldana\\\/\"},{\"@type\":\"ListItem\",\"position\":2,\"name\":\"Mercado\",\"item\":\"https:\\\/\\\/dana.com.br\\\/canaldana\\\/mercado\\\/\"},{\"@type\":\"ListItem\",\"position\":3,\"name\":\"Acelera\u00e7\u00e3o da Selic para deter infla\u00e7\u00e3o pressiona juros aos consumidores\"}]},{\"@type\":\"WebSite\",\"@id\":\"https:\\\/\\\/dana.com.br\\\/canaldana\\\/#website\",\"url\":\"https:\\\/\\\/dana.com.br\\\/canaldana\\\/\",\"name\":\"Canal Dana\",\"description\":\"Informativo com as principais not\u00edcias da ind\u00fastria automotiva\",\"potentialAction\":[{\"@type\":\"SearchAction\",\"target\":{\"@type\":\"EntryPoint\",\"urlTemplate\":\"https:\\\/\\\/dana.com.br\\\/canaldana\\\/?s={search_term_string}\"},\"query-input\":{\"@type\":\"PropertyValueSpecification\",\"valueRequired\":true,\"valueName\":\"search_term_string\"}}],\"inLanguage\":\"pt-BR\"},{\"@type\":\"Person\",\"@id\":\"https:\\\/\\\/dana.com.br\\\/canaldana\\\/#\\\/schema\\\/person\\\/3c21f22f56fcf3bc46b94bc60ea4fef6\",\"name\":\"Canal Dana\",\"image\":{\"@type\":\"ImageObject\",\"inLanguage\":\"pt-BR\",\"@id\":\"https:\\\/\\\/secure.gravatar.com\\\/avatar\\\/420aaf9278582877d9018637c6817617705899d2858d7572ef0fe59a6b6454b4?s=96&d=mm&r=g\",\"url\":\"https:\\\/\\\/secure.gravatar.com\\\/avatar\\\/420aaf9278582877d9018637c6817617705899d2858d7572ef0fe59a6b6454b4?s=96&d=mm&r=g\",\"contentUrl\":\"https:\\\/\\\/secure.gravatar.com\\\/avatar\\\/420aaf9278582877d9018637c6817617705899d2858d7572ef0fe59a6b6454b4?s=96&d=mm&r=g\",\"caption\":\"Canal Dana\"},\"url\":\"https:\\\/\\\/dana.com.br\\\/canaldana\\\/author\\\/cdeditor\\\/\"}]}<\/script>\n<!-- \/ Yoast SEO plugin. -->","yoast_head_json":{"title":"Acelera\u00e7\u00e3o da Selic para deter infla\u00e7\u00e3o pressiona juros aos consumidores - Canal Dana","robots":{"index":"index","follow":"follow","max-snippet":"max-snippet:-1","max-image-preview":"max-image-preview:large","max-video-preview":"max-video-preview:-1"},"canonical":"https:\/\/dana.com.br\/canaldana\/2021\/11\/29\/aceleracao-da-selic-para-deter-inflacao-pressiona-juros-aos-consumidores\/","og_locale":"pt_BR","og_type":"article","og_title":"Acelera\u00e7\u00e3o da Selic para deter infla\u00e7\u00e3o pressiona juros aos consumidores - Canal Dana","og_description":"O Estado de S. Paulo &nbsp; As empresas e fam\u00edlias que buscam empr\u00e9stimos nos bancos j\u00e1 est\u00e3o sentindo no bolso os efeitos da corrida do Banco Central atr\u00e1s da infla\u00e7\u00e3o. O aperto monet\u00e1rio com o ciclo de eleva\u00e7\u00f5es consecutivas da Selic faz com que todas as modalidades de cr\u00e9ditos fiquem mais caras, e os juros\u2026 Leia mais \u00bb","og_url":"https:\/\/dana.com.br\/canaldana\/2021\/11\/29\/aceleracao-da-selic-para-deter-inflacao-pressiona-juros-aos-consumidores\/","og_site_name":"Canal Dana","article_published_time":"2021-11-29T11:31:56+00:00","author":"Canal Dana","twitter_card":"summary_large_image","twitter_misc":{"Escrito por":"Canal Dana","Est. tempo de leitura":"2 minutos"},"schema":{"@context":"https:\/\/schema.org","@graph":[{"@type":"Article","@id":"https:\/\/dana.com.br\/canaldana\/2021\/11\/29\/aceleracao-da-selic-para-deter-inflacao-pressiona-juros-aos-consumidores\/#article","isPartOf":{"@id":"https:\/\/dana.com.br\/canaldana\/2021\/11\/29\/aceleracao-da-selic-para-deter-inflacao-pressiona-juros-aos-consumidores\/"},"author":{"name":"Canal Dana","@id":"https:\/\/dana.com.br\/canaldana\/#\/schema\/person\/3c21f22f56fcf3bc46b94bc60ea4fef6"},"headline":"Acelera\u00e7\u00e3o da Selic para deter infla\u00e7\u00e3o pressiona juros aos consumidores","datePublished":"2021-11-29T11:31:56+00:00","mainEntityOfPage":{"@id":"https:\/\/dana.com.br\/canaldana\/2021\/11\/29\/aceleracao-da-selic-para-deter-inflacao-pressiona-juros-aos-consumidores\/"},"wordCount":505,"articleSection":["Mercado"],"inLanguage":"pt-BR"},{"@type":"WebPage","@id":"https:\/\/dana.com.br\/canaldana\/2021\/11\/29\/aceleracao-da-selic-para-deter-inflacao-pressiona-juros-aos-consumidores\/","url":"https:\/\/dana.com.br\/canaldana\/2021\/11\/29\/aceleracao-da-selic-para-deter-inflacao-pressiona-juros-aos-consumidores\/","name":"Acelera\u00e7\u00e3o da Selic para deter infla\u00e7\u00e3o pressiona juros aos consumidores - Canal Dana","isPartOf":{"@id":"https:\/\/dana.com.br\/canaldana\/#website"},"datePublished":"2021-11-29T11:31:56+00:00","author":{"@id":"https:\/\/dana.com.br\/canaldana\/#\/schema\/person\/3c21f22f56fcf3bc46b94bc60ea4fef6"},"breadcrumb":{"@id":"https:\/\/dana.com.br\/canaldana\/2021\/11\/29\/aceleracao-da-selic-para-deter-inflacao-pressiona-juros-aos-consumidores\/#breadcrumb"},"inLanguage":"pt-BR","potentialAction":[{"@type":"ReadAction","target":["https:\/\/dana.com.br\/canaldana\/2021\/11\/29\/aceleracao-da-selic-para-deter-inflacao-pressiona-juros-aos-consumidores\/"]}]},{"@type":"BreadcrumbList","@id":"https:\/\/dana.com.br\/canaldana\/2021\/11\/29\/aceleracao-da-selic-para-deter-inflacao-pressiona-juros-aos-consumidores\/#breadcrumb","itemListElement":[{"@type":"ListItem","position":1,"name":"Home","item":"https:\/\/dana.com.br\/canaldana\/"},{"@type":"ListItem","position":2,"name":"Mercado","item":"https:\/\/dana.com.br\/canaldana\/mercado\/"},{"@type":"ListItem","position":3,"name":"Acelera\u00e7\u00e3o da Selic para deter infla\u00e7\u00e3o pressiona juros aos consumidores"}]},{"@type":"WebSite","@id":"https:\/\/dana.com.br\/canaldana\/#website","url":"https:\/\/dana.com.br\/canaldana\/","name":"Canal Dana","description":"Informativo com as principais not\u00edcias da ind\u00fastria automotiva","potentialAction":[{"@type":"SearchAction","target":{"@type":"EntryPoint","urlTemplate":"https:\/\/dana.com.br\/canaldana\/?s={search_term_string}"},"query-input":{"@type":"PropertyValueSpecification","valueRequired":true,"valueName":"search_term_string"}}],"inLanguage":"pt-BR"},{"@type":"Person","@id":"https:\/\/dana.com.br\/canaldana\/#\/schema\/person\/3c21f22f56fcf3bc46b94bc60ea4fef6","name":"Canal Dana","image":{"@type":"ImageObject","inLanguage":"pt-BR","@id":"https:\/\/secure.gravatar.com\/avatar\/420aaf9278582877d9018637c6817617705899d2858d7572ef0fe59a6b6454b4?s=96&d=mm&r=g","url":"https:\/\/secure.gravatar.com\/avatar\/420aaf9278582877d9018637c6817617705899d2858d7572ef0fe59a6b6454b4?s=96&d=mm&r=g","contentUrl":"https:\/\/secure.gravatar.com\/avatar\/420aaf9278582877d9018637c6817617705899d2858d7572ef0fe59a6b6454b4?s=96&d=mm&r=g","caption":"Canal Dana"},"url":"https:\/\/dana.com.br\/canaldana\/author\/cdeditor\/"}]}},"_links":{"self":[{"href":"https:\/\/dana.com.br\/canaldana\/wp-json\/wp\/v2\/posts\/54565","targetHints":{"allow":["GET"]}}],"collection":[{"href":"https:\/\/dana.com.br\/canaldana\/wp-json\/wp\/v2\/posts"}],"about":[{"href":"https:\/\/dana.com.br\/canaldana\/wp-json\/wp\/v2\/types\/post"}],"author":[{"embeddable":true,"href":"https:\/\/dana.com.br\/canaldana\/wp-json\/wp\/v2\/users\/3"}],"replies":[{"embeddable":true,"href":"https:\/\/dana.com.br\/canaldana\/wp-json\/wp\/v2\/comments?post=54565"}],"version-history":[{"count":0,"href":"https:\/\/dana.com.br\/canaldana\/wp-json\/wp\/v2\/posts\/54565\/revisions"}],"wp:attachment":[{"href":"https:\/\/dana.com.br\/canaldana\/wp-json\/wp\/v2\/media?parent=54565"}],"wp:term":[{"taxonomy":"category","embeddable":true,"href":"https:\/\/dana.com.br\/canaldana\/wp-json\/wp\/v2\/categories?post=54565"},{"taxonomy":"post_tag","embeddable":true,"href":"https:\/\/dana.com.br\/canaldana\/wp-json\/wp\/v2\/tags?post=54565"}],"curies":[{"name":"wp","href":"https:\/\/api.w.org\/{rel}","templated":true}]}}