{"id":54373,"date":"2021-11-19T08:30:42","date_gmt":"2021-11-19T11:30:42","guid":{"rendered":"https:\/\/dana.com.br\/canaldana\/?p=54373"},"modified":"2021-11-19T08:30:42","modified_gmt":"2021-11-19T11:30:42","slug":"iveco-fornecera-1-064-unidades-do-s-way-cng-para-a-amazon-na-europa","status":"publish","type":"post","link":"https:\/\/dana.com.br\/canaldana\/2021\/11\/19\/iveco-fornecera-1-064-unidades-do-s-way-cng-para-a-amazon-na-europa\/","title":{"rendered":"Iveco fornecer\u00e1 1.064 unidades do S-WAY CNG para a Amazon na Europa"},"content":{"rendered":"<p><em>Coisas de Agora<\/em><\/p>\n<p>&nbsp;<\/p>\n<p>A IVECO, pioneira na fabrica\u00e7\u00e3o e comercializa\u00e7\u00e3o de ve\u00edculos movidos a combust\u00edveis alternativos, anuncia um importante avan\u00e7o em sua rela\u00e7\u00e3o comercial com a Amazon. A empresa recebeu o primeiro lote de 216 unidades do S-Way CNG (G\u00e1s Natural Comprimido) a ser operado por seus parceiros na Europa, e outras 848 unidades foram encomendadas com entregas que ser\u00e3o iniciadas em meados de 2022, em um total de 1.064 caminh\u00f5es.<\/p>\n<p>&nbsp;<\/p>\n<p>O S-Way CNG \u00e9 movido pelo motor de \u00faltima gera\u00e7\u00e3o Cursor 13 a G\u00e1s Natural, da FPT Industrial, e equipado com tanques de GNV de 1.052 litros, os maiores dispon\u00edveis no mercado com a expectativa de renderem uma impressionante autonomia de 620 km. As 848 unidades encomendadas para entrega em 2022 tamb\u00e9m apresentar\u00e3o o IVECO Driver Pal, sistema de comando de voz a bordo da marca com recursos do Amazon Alexa.<\/p>\n<p>&nbsp;<\/p>\n<p>Gerrit Marx, CEO do Iveco Group, afirma que a IVECO \u00e9 pioneira na tecnologia de propuls\u00e3o a g\u00e1s h\u00e1 25 anos, desenvolvendo solu\u00e7\u00f5es que permitem aos operadores redu\u00e7\u00f5es significativas nas emiss\u00f5es de poluentes. \u201cA colabora\u00e7\u00e3o com l\u00edderes globais, como a Amazon, \u00e9 uma prova da capacidade robusta de nossos produtos inovadores e de nosso compromisso inflex\u00edvel com o objetivo da ind\u00fastria de descarbonizar o transporte at\u00e9 2050. O Iveco Group continuar\u00e1 liderando o caminho em motores a combust\u00e3o movidos a combust\u00edveis renov\u00e1veis, a \u00fanica solu\u00e7\u00e3o vi\u00e1vel j\u00e1 dispon\u00edvel em grande escala no mercado para reduzir as emiss\u00f5es. Um caminh\u00e3o a GNV movido a biometano pode cortar as emiss\u00f5es de CO2 em at\u00e9 95%, contribuindo efetivamente para o processo de descarboniza\u00e7\u00e3o.\u201d<\/p>\n<p>&nbsp;<\/p>\n<p>IVECO, uma marca da CNH Industrial, projeta, f\u00e1brica e comercializa uma completa gama de ve\u00edculos comerciais leves, m\u00e9dios e pesados, caminh\u00f5es fora-de-estrada, \u00f4nibus urbanos e intermunicipais, bem como ve\u00edculos especiais para aplica\u00e7\u00f5es como combate a inc\u00eandios, miss\u00f5es off-road, defesa e prote\u00e7\u00e3o civil. A IVECO emprega mais de 26 mil pessoas em todo o mundo. A empresa gerencia centros de produ\u00e7\u00e3o em 11 pa\u00edses distribu\u00eddos pela Europa, \u00c1sia, \u00c1frica, Oceania e Am\u00e9rica Latina, onde fabrica ve\u00edculos com as mais avan\u00e7adas tecnologias. Um total de 5.000 pontos de vendas e postos de servi\u00e7os em mais de 160 pa\u00edses garantem o suporte t\u00e9cnico onde quer que um ve\u00edculo IVECO esteja em opera\u00e7\u00e3o. Para mais informa\u00e7\u00f5es: IVECO <a href=\"http:\/\/www.IVECO.com.br\" target=\"_blank\" rel=\"noopener noreferrer\">http:\/\/www.IVECO.com.br<\/a> \u2013 CNH Industrial <a href=\"http:\/\/www.cnhindustrial.com\" target=\"_blank\" rel=\"noopener noreferrer\">http:\/\/www.cnhindustrial.com<\/a>. (Coisas de Agora)<\/p>\n","protected":false},"excerpt":{"rendered":"<p>Coisas de Agora &nbsp; A IVECO, pioneira na fabrica\u00e7\u00e3o e comercializa\u00e7\u00e3o de ve\u00edculos movidos a combust\u00edveis alternativos, anuncia um importante avan\u00e7o em sua rela\u00e7\u00e3o comercial com a Amazon. A empresa recebeu o primeiro lote de 216 unidades do S-Way CNG (G\u00e1s Natural Comprimido) a ser operado por seus parceiros na Europa, e outras 848 unidades\u2026 <a class=\"readmore\" href=\"https:\/\/dana.com.br\/canaldana\/2021\/11\/19\/iveco-fornecera-1-064-unidades-do-s-way-cng-para-a-amazon-na-europa\/\">Leia mais \u00bb<\/a><\/p>\n","protected":false},"author":3,"featured_media":0,"comment_status":"closed","ping_status":"closed","sticky":false,"template":"","format":"standard","meta":{"_acf_changed":false,"footnotes":""},"categories":[79],"tags":[],"class_list":["post-54373","post","type-post","status-publish","format-standard","hentry","category-mercado"],"acf":[],"yoast_head":"<!-- This site is optimized with the Yoast SEO plugin v27.3 - https:\/\/yoast.com\/product\/yoast-seo-wordpress\/ -->\n<title>Iveco fornecer\u00e1 1.064 unidades do S-WAY CNG para a Amazon na Europa - Canal Dana<\/title>\n<meta name=\"robots\" content=\"index, follow, max-snippet:-1, max-image-preview:large, max-video-preview:-1\" \/>\n<link rel=\"canonical\" href=\"https:\/\/dana.com.br\/canaldana\/2021\/11\/19\/iveco-fornecera-1-064-unidades-do-s-way-cng-para-a-amazon-na-europa\/\" \/>\n<meta property=\"og:locale\" content=\"pt_BR\" \/>\n<meta property=\"og:type\" content=\"article\" \/>\n<meta property=\"og:title\" content=\"Iveco fornecer\u00e1 1.064 unidades do S-WAY CNG para a Amazon na Europa - Canal Dana\" \/>\n<meta property=\"og:description\" content=\"Coisas de Agora &nbsp; A IVECO, pioneira na fabrica\u00e7\u00e3o e comercializa\u00e7\u00e3o de ve\u00edculos movidos a combust\u00edveis alternativos, anuncia um importante avan\u00e7o em sua rela\u00e7\u00e3o comercial com a Amazon. A empresa recebeu o primeiro lote de 216 unidades do S-Way CNG (G\u00e1s Natural Comprimido) a ser operado por seus parceiros na Europa, e outras 848 unidades\u2026 Leia mais \u00bb\" \/>\n<meta property=\"og:url\" content=\"https:\/\/dana.com.br\/canaldana\/2021\/11\/19\/iveco-fornecera-1-064-unidades-do-s-way-cng-para-a-amazon-na-europa\/\" \/>\n<meta property=\"og:site_name\" content=\"Canal Dana\" \/>\n<meta property=\"article:published_time\" content=\"2021-11-19T11:30:42+00:00\" \/>\n<meta name=\"author\" content=\"Canal Dana\" \/>\n<meta name=\"twitter:card\" content=\"summary_large_image\" \/>\n<meta name=\"twitter:label1\" content=\"Escrito por\" \/>\n\t<meta name=\"twitter:data1\" content=\"Canal Dana\" \/>\n\t<meta name=\"twitter:label2\" content=\"Est. tempo de leitura\" \/>\n\t<meta name=\"twitter:data2\" content=\"2 minutos\" \/>\n<script type=\"application\/ld+json\" class=\"yoast-schema-graph\">{\"@context\":\"https:\\\/\\\/schema.org\",\"@graph\":[{\"@type\":\"Article\",\"@id\":\"https:\\\/\\\/dana.com.br\\\/canaldana\\\/2021\\\/11\\\/19\\\/iveco-fornecera-1-064-unidades-do-s-way-cng-para-a-amazon-na-europa\\\/#article\",\"isPartOf\":{\"@id\":\"https:\\\/\\\/dana.com.br\\\/canaldana\\\/2021\\\/11\\\/19\\\/iveco-fornecera-1-064-unidades-do-s-way-cng-para-a-amazon-na-europa\\\/\"},\"author\":{\"name\":\"Canal Dana\",\"@id\":\"https:\\\/\\\/dana.com.br\\\/canaldana\\\/#\\\/schema\\\/person\\\/3c21f22f56fcf3bc46b94bc60ea4fef6\"},\"headline\":\"Iveco fornecer\u00e1 1.064 unidades do S-WAY CNG para a Amazon na Europa\",\"datePublished\":\"2021-11-19T11:30:42+00:00\",\"mainEntityOfPage\":{\"@id\":\"https:\\\/\\\/dana.com.br\\\/canaldana\\\/2021\\\/11\\\/19\\\/iveco-fornecera-1-064-unidades-do-s-way-cng-para-a-amazon-na-europa\\\/\"},\"wordCount\":439,\"articleSection\":[\"Mercado\"],\"inLanguage\":\"pt-BR\"},{\"@type\":\"WebPage\",\"@id\":\"https:\\\/\\\/dana.com.br\\\/canaldana\\\/2021\\\/11\\\/19\\\/iveco-fornecera-1-064-unidades-do-s-way-cng-para-a-amazon-na-europa\\\/\",\"url\":\"https:\\\/\\\/dana.com.br\\\/canaldana\\\/2021\\\/11\\\/19\\\/iveco-fornecera-1-064-unidades-do-s-way-cng-para-a-amazon-na-europa\\\/\",\"name\":\"Iveco fornecer\u00e1 1.064 unidades do S-WAY CNG para a Amazon na Europa - Canal Dana\",\"isPartOf\":{\"@id\":\"https:\\\/\\\/dana.com.br\\\/canaldana\\\/#website\"},\"datePublished\":\"2021-11-19T11:30:42+00:00\",\"author\":{\"@id\":\"https:\\\/\\\/dana.com.br\\\/canaldana\\\/#\\\/schema\\\/person\\\/3c21f22f56fcf3bc46b94bc60ea4fef6\"},\"breadcrumb\":{\"@id\":\"https:\\\/\\\/dana.com.br\\\/canaldana\\\/2021\\\/11\\\/19\\\/iveco-fornecera-1-064-unidades-do-s-way-cng-para-a-amazon-na-europa\\\/#breadcrumb\"},\"inLanguage\":\"pt-BR\",\"potentialAction\":[{\"@type\":\"ReadAction\",\"target\":[\"https:\\\/\\\/dana.com.br\\\/canaldana\\\/2021\\\/11\\\/19\\\/iveco-fornecera-1-064-unidades-do-s-way-cng-para-a-amazon-na-europa\\\/\"]}]},{\"@type\":\"BreadcrumbList\",\"@id\":\"https:\\\/\\\/dana.com.br\\\/canaldana\\\/2021\\\/11\\\/19\\\/iveco-fornecera-1-064-unidades-do-s-way-cng-para-a-amazon-na-europa\\\/#breadcrumb\",\"itemListElement\":[{\"@type\":\"ListItem\",\"position\":1,\"name\":\"Home\",\"item\":\"https:\\\/\\\/dana.com.br\\\/canaldana\\\/\"},{\"@type\":\"ListItem\",\"position\":2,\"name\":\"Mercado\",\"item\":\"https:\\\/\\\/dana.com.br\\\/canaldana\\\/mercado\\\/\"},{\"@type\":\"ListItem\",\"position\":3,\"name\":\"Iveco fornecer\u00e1 1.064 unidades do S-WAY CNG para a Amazon na Europa\"}]},{\"@type\":\"WebSite\",\"@id\":\"https:\\\/\\\/dana.com.br\\\/canaldana\\\/#website\",\"url\":\"https:\\\/\\\/dana.com.br\\\/canaldana\\\/\",\"name\":\"Canal Dana\",\"description\":\"Informativo com as principais not\u00edcias da ind\u00fastria automotiva\",\"potentialAction\":[{\"@type\":\"SearchAction\",\"target\":{\"@type\":\"EntryPoint\",\"urlTemplate\":\"https:\\\/\\\/dana.com.br\\\/canaldana\\\/?s={search_term_string}\"},\"query-input\":{\"@type\":\"PropertyValueSpecification\",\"valueRequired\":true,\"valueName\":\"search_term_string\"}}],\"inLanguage\":\"pt-BR\"},{\"@type\":\"Person\",\"@id\":\"https:\\\/\\\/dana.com.br\\\/canaldana\\\/#\\\/schema\\\/person\\\/3c21f22f56fcf3bc46b94bc60ea4fef6\",\"name\":\"Canal Dana\",\"image\":{\"@type\":\"ImageObject\",\"inLanguage\":\"pt-BR\",\"@id\":\"https:\\\/\\\/secure.gravatar.com\\\/avatar\\\/420aaf9278582877d9018637c6817617705899d2858d7572ef0fe59a6b6454b4?s=96&d=mm&r=g\",\"url\":\"https:\\\/\\\/secure.gravatar.com\\\/avatar\\\/420aaf9278582877d9018637c6817617705899d2858d7572ef0fe59a6b6454b4?s=96&d=mm&r=g\",\"contentUrl\":\"https:\\\/\\\/secure.gravatar.com\\\/avatar\\\/420aaf9278582877d9018637c6817617705899d2858d7572ef0fe59a6b6454b4?s=96&d=mm&r=g\",\"caption\":\"Canal Dana\"},\"url\":\"https:\\\/\\\/dana.com.br\\\/canaldana\\\/author\\\/cdeditor\\\/\"}]}<\/script>\n<!-- \/ Yoast SEO plugin. -->","yoast_head_json":{"title":"Iveco fornecer\u00e1 1.064 unidades do S-WAY CNG para a Amazon na Europa - Canal Dana","robots":{"index":"index","follow":"follow","max-snippet":"max-snippet:-1","max-image-preview":"max-image-preview:large","max-video-preview":"max-video-preview:-1"},"canonical":"https:\/\/dana.com.br\/canaldana\/2021\/11\/19\/iveco-fornecera-1-064-unidades-do-s-way-cng-para-a-amazon-na-europa\/","og_locale":"pt_BR","og_type":"article","og_title":"Iveco fornecer\u00e1 1.064 unidades do S-WAY CNG para a Amazon na Europa - Canal Dana","og_description":"Coisas de Agora &nbsp; A IVECO, pioneira na fabrica\u00e7\u00e3o e comercializa\u00e7\u00e3o de ve\u00edculos movidos a combust\u00edveis alternativos, anuncia um importante avan\u00e7o em sua rela\u00e7\u00e3o comercial com a Amazon. A empresa recebeu o primeiro lote de 216 unidades do S-Way CNG (G\u00e1s Natural Comprimido) a ser operado por seus parceiros na Europa, e outras 848 unidades\u2026 Leia mais \u00bb","og_url":"https:\/\/dana.com.br\/canaldana\/2021\/11\/19\/iveco-fornecera-1-064-unidades-do-s-way-cng-para-a-amazon-na-europa\/","og_site_name":"Canal Dana","article_published_time":"2021-11-19T11:30:42+00:00","author":"Canal Dana","twitter_card":"summary_large_image","twitter_misc":{"Escrito por":"Canal Dana","Est. tempo de leitura":"2 minutos"},"schema":{"@context":"https:\/\/schema.org","@graph":[{"@type":"Article","@id":"https:\/\/dana.com.br\/canaldana\/2021\/11\/19\/iveco-fornecera-1-064-unidades-do-s-way-cng-para-a-amazon-na-europa\/#article","isPartOf":{"@id":"https:\/\/dana.com.br\/canaldana\/2021\/11\/19\/iveco-fornecera-1-064-unidades-do-s-way-cng-para-a-amazon-na-europa\/"},"author":{"name":"Canal Dana","@id":"https:\/\/dana.com.br\/canaldana\/#\/schema\/person\/3c21f22f56fcf3bc46b94bc60ea4fef6"},"headline":"Iveco fornecer\u00e1 1.064 unidades do S-WAY CNG para a Amazon na Europa","datePublished":"2021-11-19T11:30:42+00:00","mainEntityOfPage":{"@id":"https:\/\/dana.com.br\/canaldana\/2021\/11\/19\/iveco-fornecera-1-064-unidades-do-s-way-cng-para-a-amazon-na-europa\/"},"wordCount":439,"articleSection":["Mercado"],"inLanguage":"pt-BR"},{"@type":"WebPage","@id":"https:\/\/dana.com.br\/canaldana\/2021\/11\/19\/iveco-fornecera-1-064-unidades-do-s-way-cng-para-a-amazon-na-europa\/","url":"https:\/\/dana.com.br\/canaldana\/2021\/11\/19\/iveco-fornecera-1-064-unidades-do-s-way-cng-para-a-amazon-na-europa\/","name":"Iveco fornecer\u00e1 1.064 unidades do S-WAY CNG para a Amazon na Europa - Canal Dana","isPartOf":{"@id":"https:\/\/dana.com.br\/canaldana\/#website"},"datePublished":"2021-11-19T11:30:42+00:00","author":{"@id":"https:\/\/dana.com.br\/canaldana\/#\/schema\/person\/3c21f22f56fcf3bc46b94bc60ea4fef6"},"breadcrumb":{"@id":"https:\/\/dana.com.br\/canaldana\/2021\/11\/19\/iveco-fornecera-1-064-unidades-do-s-way-cng-para-a-amazon-na-europa\/#breadcrumb"},"inLanguage":"pt-BR","potentialAction":[{"@type":"ReadAction","target":["https:\/\/dana.com.br\/canaldana\/2021\/11\/19\/iveco-fornecera-1-064-unidades-do-s-way-cng-para-a-amazon-na-europa\/"]}]},{"@type":"BreadcrumbList","@id":"https:\/\/dana.com.br\/canaldana\/2021\/11\/19\/iveco-fornecera-1-064-unidades-do-s-way-cng-para-a-amazon-na-europa\/#breadcrumb","itemListElement":[{"@type":"ListItem","position":1,"name":"Home","item":"https:\/\/dana.com.br\/canaldana\/"},{"@type":"ListItem","position":2,"name":"Mercado","item":"https:\/\/dana.com.br\/canaldana\/mercado\/"},{"@type":"ListItem","position":3,"name":"Iveco fornecer\u00e1 1.064 unidades do S-WAY CNG para a Amazon na Europa"}]},{"@type":"WebSite","@id":"https:\/\/dana.com.br\/canaldana\/#website","url":"https:\/\/dana.com.br\/canaldana\/","name":"Canal Dana","description":"Informativo com as principais not\u00edcias da ind\u00fastria automotiva","potentialAction":[{"@type":"SearchAction","target":{"@type":"EntryPoint","urlTemplate":"https:\/\/dana.com.br\/canaldana\/?s={search_term_string}"},"query-input":{"@type":"PropertyValueSpecification","valueRequired":true,"valueName":"search_term_string"}}],"inLanguage":"pt-BR"},{"@type":"Person","@id":"https:\/\/dana.com.br\/canaldana\/#\/schema\/person\/3c21f22f56fcf3bc46b94bc60ea4fef6","name":"Canal Dana","image":{"@type":"ImageObject","inLanguage":"pt-BR","@id":"https:\/\/secure.gravatar.com\/avatar\/420aaf9278582877d9018637c6817617705899d2858d7572ef0fe59a6b6454b4?s=96&d=mm&r=g","url":"https:\/\/secure.gravatar.com\/avatar\/420aaf9278582877d9018637c6817617705899d2858d7572ef0fe59a6b6454b4?s=96&d=mm&r=g","contentUrl":"https:\/\/secure.gravatar.com\/avatar\/420aaf9278582877d9018637c6817617705899d2858d7572ef0fe59a6b6454b4?s=96&d=mm&r=g","caption":"Canal Dana"},"url":"https:\/\/dana.com.br\/canaldana\/author\/cdeditor\/"}]}},"_links":{"self":[{"href":"https:\/\/dana.com.br\/canaldana\/wp-json\/wp\/v2\/posts\/54373","targetHints":{"allow":["GET"]}}],"collection":[{"href":"https:\/\/dana.com.br\/canaldana\/wp-json\/wp\/v2\/posts"}],"about":[{"href":"https:\/\/dana.com.br\/canaldana\/wp-json\/wp\/v2\/types\/post"}],"author":[{"embeddable":true,"href":"https:\/\/dana.com.br\/canaldana\/wp-json\/wp\/v2\/users\/3"}],"replies":[{"embeddable":true,"href":"https:\/\/dana.com.br\/canaldana\/wp-json\/wp\/v2\/comments?post=54373"}],"version-history":[{"count":0,"href":"https:\/\/dana.com.br\/canaldana\/wp-json\/wp\/v2\/posts\/54373\/revisions"}],"wp:attachment":[{"href":"https:\/\/dana.com.br\/canaldana\/wp-json\/wp\/v2\/media?parent=54373"}],"wp:term":[{"taxonomy":"category","embeddable":true,"href":"https:\/\/dana.com.br\/canaldana\/wp-json\/wp\/v2\/categories?post=54373"},{"taxonomy":"post_tag","embeddable":true,"href":"https:\/\/dana.com.br\/canaldana\/wp-json\/wp\/v2\/tags?post=54373"}],"curies":[{"name":"wp","href":"https:\/\/api.w.org\/{rel}","templated":true}]}}