{"id":54275,"date":"2021-11-16T08:42:32","date_gmt":"2021-11-16T11:42:32","guid":{"rendered":"https:\/\/dana.com.br\/canaldana\/?p=54275"},"modified":"2021-11-16T08:42:32","modified_gmt":"2021-11-16T11:42:32","slug":"citroen-revela-plano-de-crescimento-para-o-brasil-e-america-do-sul-o-citroen-4-all","status":"publish","type":"post","link":"https:\/\/dana.com.br\/canaldana\/2021\/11\/16\/citroen-revela-plano-de-crescimento-para-o-brasil-e-america-do-sul-o-citroen-4-all\/","title":{"rendered":"Citro\u00ebn revela plano de crescimento para o Brasil e Am\u00e9rica do Sul, o \u201cCitro\u00ebn 4 All\u201d"},"content":{"rendered":"<p><em>Coisas de Agora<\/em><\/p>\n<p>&nbsp;<\/p>\n<p>Baseado em seu DNA, o plano se orienta nos pilares de inova\u00e7\u00e3o, proximidade com as pessoas e sustentabilidade, seja na forma \u00fanica de se comunicar ou no desenvolvimento dos produtos tecnol\u00f3gicos e acess\u00edveis aos clientes. Esse plano possibilitar\u00e1 \u00e0 Citro\u00ebn conquistar 4% do mercado brasileiro, duplicar sua participa\u00e7\u00e3o de mercado na Argentina, chegando a 7%, superar os 3% de participa\u00e7\u00e3o no Chile e crescer em ofertas de produtos e volume de vendas tamb\u00e9m em todos os pa\u00edses em que a Citro\u00ebn est\u00e1 presente na nossa regi\u00e3o. Todo esse crescimento proporcionar\u00e1 \u00e0 Citro\u00ebn conquistar 4% de participa\u00e7\u00e3o de mercado na Am\u00e9rica do Sul at\u00e9 o fim de 2024.<\/p>\n<p>&nbsp;<\/p>\n<p>Para garantir esse crescimento, a Citro\u00ebn aposta em um plano que traz Inova\u00e7\u00e3o Acess\u00edvel, assim como j\u00e1 foi anunciado no Novo C3. Refor\u00e7a seu posicionamento de uma Marca Cool, com personalidade e originalidade, cada vez mais confi\u00e1vel, com a oferta de servi\u00e7os e acompanhamento diferenciados. Os esfor\u00e7os envolvem ainda o fortalecimento de todas as etapas e processos de entrega de qualidade nos pontos de contato com o cliente, al\u00e9m do conceito de Marca Sustent\u00e1vel, que pensa e antecipa o futuro, por meio de uma pol\u00edtica de preserva\u00e7\u00e3o do meio ambiente e estrat\u00e9gia s\u00f3lida de eletrifica\u00e7\u00e3o de seus ve\u00edculos.<\/p>\n<p>&nbsp;<\/p>\n<p>O primeiro pilar do CITRO\u00cbN 4 ALL \u2013 Inova\u00e7\u00e3o Acess\u00edvel \u2013 se traduz em um plano produto cir\u00fargico, focado no desenvolvimento e produ\u00e7\u00e3o local, com ve\u00edculos pensados, desenvolvidos e concebidos na Am\u00e9rica do Sul. O Novo C3, revelado recentemente pela Marca, n\u00e3o somente \u00e9 a fiel express\u00e3o desta nova din\u00e2mica, mas tamb\u00e9m se consolida como uma pe\u00e7a essencial da acelera\u00e7\u00e3o da Citro\u00ebn.<\/p>\n<p>&nbsp;<\/p>\n<p>O ve\u00edculo moderno, conectado e idealizado para o consumidor local, \u00e9 o pontap\u00e9 inicial do C-Cubed, projeto que prev\u00ea tr\u00eas lan\u00e7amentos nos pr\u00f3ximos tr\u00eas anos. Todos eles carregam o DNA regional, com voca\u00e7\u00e3o global, como forma de fortalecer a expans\u00e3o da Marca. Na pr\u00e1tica, o Novo C3 vai ganhar a companhia de mais dois modelos inovadores nos pr\u00f3ximos anos para compor seu portf\u00f3lio brasileiro e sul-americano.<\/p>\n<p>&nbsp;<\/p>\n<p>Al\u00e9m disso, a Citro\u00ebn ainda conta com um amplo portf\u00f3lio global que \u00e9 sempre cuidadosamente estudado para avaliar sua conex\u00e3o de acordo com as caracter\u00edsticas de cada um dos mercados da regi\u00e3o. Assim, tamb\u00e9m \u00e9 poss\u00edvel atender \u00e0s expectativas dos clientes por modelos diferentes dos produzidos localmente, de uma forma sustent\u00e1vel e rent\u00e1vel para a empresa.<\/p>\n<p>&nbsp;<\/p>\n<p>Criar solu\u00e7\u00f5es e pensar fora da caixa s\u00e3o caracter\u00edsticas t\u00edpicas de uma Marca din\u00e2mica, e para extrair o melhor disso, a Citro\u00ebn desenha sua trajet\u00f3ria sempre atenta a melhores pr\u00e1ticas de sustentabilidade e oportunidades do mercado. A eletrifica\u00e7\u00e3o \u00e9 uma delas e, portanto, n\u00e3o poderia ficar de fora desta ambiciosa estrat\u00e9gia de crescimento.<\/p>\n<p>&nbsp;<\/p>\n<p>Assim, como o primeiro ve\u00edculo eletrificado de um forte plano para os pr\u00f3ximos anos, a Marca anuncia a chegada do premiado \u00cb-JUMPY 100% el\u00e9trico ainda em 2021 no Brasil. O lan\u00e7amento representar\u00e1 o primeiro cap\u00edtulo do plano de eletrifica\u00e7\u00e3o da marca no pa\u00eds. Estamos falando de uma Marca para todos, uma contribui\u00e7\u00e3o tecnol\u00f3gica e sustent\u00e1vel para solucionar os desafios de mobilidade para clientes que utilizam o modelo, do tipo furg\u00e3o m\u00e9dio, para trabalho.<\/p>\n<p>&nbsp;<\/p>\n<p>O \u00cb-JUMPY chega para ser o parceiro el\u00e9trico ideal e atender \u00e0s necessidades de mobilidade de todos os profissionais, sejam grandes frotistas ou aut\u00f4nomos. Um ve\u00edculo vers\u00e1til e eficiente para as atividades do dia a dia desses clientes.<\/p>\n<p>\u201cEsse \u00e9 somente o primeiro movimento do planejamento de eletrifica\u00e7\u00e3o da Citro\u00ebn no Brasil e na Am\u00e9rica do Sul. Temos uma forte estrat\u00e9gia nesta dire\u00e7\u00e3o para todos os pa\u00edses da regi\u00e3o, tanto para ve\u00edculos comerciais, como para ve\u00edculos de passeio. Muito al\u00e9m de produto, a Citro\u00ebn sempre foi uma marca inovadora em solu\u00e7\u00f5es de mobilidade, onde in\u00fameras iniciativas como essa t\u00eam sido apresentadas globalmente\u201d, afirma Vanessa Castanho, Head da Citro\u00ebn na Am\u00e9rica do Sul.<\/p>\n<p>&nbsp;<\/p>\n<p>\u201cN\u00f3s da Am\u00e9rica do Sul estamos sempre atentos para aproveitar da melhor forma essas oportunidades e seguimos estudando formas mais sustent\u00e1veis de trazer cada vez mais essas solu\u00e7\u00f5es aos consumidores da nossa regi\u00e3o\u201d, destaca Vanessa Castanho.<\/p>\n<p>&nbsp;<\/p>\n<p>N\u00e3o s\u00f3 estar mais perto dos clientes com produtos, servi\u00e7os e atendimento diferenciado, mas tamb\u00e9m na forma de se comunicar com as pessoas. O Citro\u00ebn 4 ALL \u00e9 tudo isso e muito mais!<\/p>\n<p>&nbsp;<\/p>\n<p>Uma Marca que j\u00e1 escreveu seu nome nos c\u00e9us de Paris e iluminou as noites da Cidade Luz com 250 mil l\u00e2mpadas em um enorme outdoor na Torre Eiffel, \u00e9 capaz tamb\u00e9m de inovar na forma de falar com seus clientes, sempre com muita criatividade, leveza e irrever\u00eancia. Quando falamos em um plano de crescimento para os pr\u00f3ximos anos na Am\u00e9rica do Sul, essa forma de falar com os clientes \u00e9 um diferencial que vai suportar toda essa estrat\u00e9gia.<\/p>\n<p>&nbsp;<\/p>\n<p>Um exemplo recente de toda essa criatividade pode ser visto na campanha da s\u00e9rie especial do SUV C4 Cactus X-Series, em que a Marca apresenta seu modelo valorizando as principais caracter\u00edsticas do modelo de forma leve, colorida, divertida e \u00fanica.<\/p>\n<p>&nbsp;<\/p>\n<p>\u201cEssa rela\u00e7\u00e3o com as pessoas \u00e9 a nossa ess\u00eancia! Produzimos carros para as pessoas, cuidamos de toda a jornada delas com a Marca e nos comunicamos diariamente. Somos uma Marca humanizada e diferenciada, valorizamos cada contato, com cada pessoa. Seja presencial ou digital, sempre buscamos proporcionar uma experi\u00eancia fluida, leve, criativa, pr\u00e1tica, respeitosa e confi\u00e1vel em todos os momentos\u201d, afirma Vanessa.<\/p>\n<p>&nbsp;<\/p>\n<p>Essa confian\u00e7a \u00e9 conquistada e garantida por uma completa rede de a\u00e7\u00f5es que engloba, por exemplo, a s\u00f3lida qualidade dos ve\u00edculos e a forte estrat\u00e9gia de integra\u00e7\u00e3o local de pe\u00e7as e componentes integrada ao projeto C-Cubed, que permitir\u00e1 a Citro\u00ebn trabalhar com custos mais competitivos de pe\u00e7as e revis\u00f5es. Essa qualidade e integra\u00e7\u00e3o local, s\u00e3o os pilares essenciais dos tr\u00eas modelos que ser\u00e3o desenvolvidos e produzidos localmente nos pr\u00f3ximos anos. Eles tamb\u00e9m ser\u00e3o ampliados para toda a gama comercializada pela Citro\u00ebn no pa\u00eds e na regi\u00e3o. A Marca ainda conta com todas as sinergias proporcionadas pela Stellantis, assim como a estrutura de engenharia e desenvolvimento do Grupo.<\/p>\n<p>&nbsp;<\/p>\n<p>Al\u00e9m disso, a Citro\u00ebn segue alinhada com sua Rede de Concession\u00e1rios, um parceiro fundamental de sua estrat\u00e9gia e totalmente engajada na conquista desses objetivos. Essa rede, para acompanhar as ambi\u00e7\u00f5es do plano estrat\u00e9gico, est\u00e1 em crescimento em toda a Am\u00e9rica do Sul e ter\u00e1 no Brasil, por exemplo, um crescimento de quase 50% at\u00e9 meados de 2022, passando dos atuais 123 pontos de vendas para 175. Um desempenho que garantir\u00e1 cerca de 80% de capilaridade para a Marca no pa\u00eds.<\/p>\n<p>&nbsp;<\/p>\n<p>\u201cA Citro\u00ebn \u00e9 uma marca hist\u00f3rica, que sempre se diferenciou por inova\u00e7\u00e3o e proximidade com o seu consumidor. As perspectivas s\u00e3o claramente de crescimento: a Citro\u00ebn vai retomar o lugar que ela sempre mereceu no mercado brasileiro e nos demais mercados da Am\u00e9rica Latina. Estamos absolutamente confiantes com a estrat\u00e9gia de crescimento fundamentada nos valores da marca e nos fant\u00e1sticos produtos que vamos trazer para os mercados da Am\u00e9rica Latina.\u201d, comenta Ant\u00f4nio Filosa, COO da Stellantis na Am\u00e9rica Latina.<\/p>\n<p>&nbsp;<\/p>\n<p>\u00c9 essa Citro\u00ebn: \u00fanica, inovadora, tecnol\u00f3gica, refer\u00eancia em design, que proporciona um enorme bem-estar em seus ve\u00edculos e acess\u00edvel para todas as pessoas, que chega com um plano de crescimento baseado em suas caracter\u00edsticas mais genu\u00ednas. O CITRO\u00cbN 4 ALL \u00e9 um mergulho nas ra\u00edzes centen\u00e1rias da Marca, sem abrir m\u00e3o do olhar voltado para o futuro. Esse \u00e9 o DNA, e essa \u00e9 a Citro\u00ebn para todos!<\/p>\n<p>&nbsp;<\/p>\n<p>\u201cSer uma marca pr\u00f3xima \u00e9 estar dispon\u00edvel para o cliente sempre que ele precisa. A Citro\u00ebn vai proporcionar cada vez mais o sentimento de acolhimento em todos os momentos da jornada de cada cliente, desde o primeiro impacto com uma comunica\u00e7\u00e3o da nossa Marca, passando pela escolha de um de nossos produtos at\u00e9 o p\u00f3s-vendas. Temos objetivos ambiciosos para os pr\u00f3ximos anos no Brasil e na Am\u00e9rica do Sul e tenho total confian\u00e7a nas pessoas que tenho ao meu lado para que o sucesso do \u201cCITRO\u00cbN 4 ALL\u201d seja o primeiro passo de uma Citro\u00ebn cada vez mais pr\u00f3xima das pessoas, com muita tecnologia acess\u00edvel e confian\u00e7a para nossos clientes\u201d, finaliza Vanessa.<\/p>\n<p>&nbsp;<\/p>\n<p>A Citro\u00ebn \u00e9 uma marca de destaque no mercado automobil\u00edstico mundial, e desde 1919 construiu sua popularidade e prest\u00edgio ao sempre buscar inspira\u00e7\u00e3o, principalmente, nas pessoas e em seus estilos de vida. A marca incorpora um esp\u00edrito enfatizado por seu slogan \u2019Inspired by you\u2019, em livre tradu\u00e7\u00e3o \u2018Inspirada em voc\u00ea\u2019, e materializado por carros que combinam um design \u00fanico com conforto reconhecido. Entre os fabricantes generalistas, a Citro\u00ebn tamb\u00e9m se distingue pela experi\u00eancia \u00fanica que oferece aos seus clientes. Em 2019, a empresa vendeu quase 1 milh\u00e3o de ve\u00edculos em mais de 90 pa\u00edses. (Coisas de Agora)<\/p>\n","protected":false},"excerpt":{"rendered":"<p>Coisas de Agora &nbsp; Baseado em seu DNA, o plano se orienta nos pilares de inova\u00e7\u00e3o, proximidade com as pessoas e sustentabilidade, seja na forma \u00fanica de se comunicar ou no desenvolvimento dos produtos tecnol\u00f3gicos e acess\u00edveis aos clientes. Esse plano possibilitar\u00e1 \u00e0 Citro\u00ebn conquistar 4% do mercado brasileiro, duplicar sua participa\u00e7\u00e3o de mercado na\u2026 <a class=\"readmore\" href=\"https:\/\/dana.com.br\/canaldana\/2021\/11\/16\/citroen-revela-plano-de-crescimento-para-o-brasil-e-america-do-sul-o-citroen-4-all\/\">Leia mais \u00bb<\/a><\/p>\n","protected":false},"author":3,"featured_media":0,"comment_status":"closed","ping_status":"closed","sticky":false,"template":"","format":"standard","meta":{"_acf_changed":false,"footnotes":""},"categories":[79],"tags":[],"class_list":["post-54275","post","type-post","status-publish","format-standard","hentry","category-mercado"],"acf":[],"yoast_head":"<!-- This site is optimized with the Yoast SEO plugin v27.3 - https:\/\/yoast.com\/product\/yoast-seo-wordpress\/ -->\n<title>Citro\u00ebn revela plano de crescimento para o Brasil e Am\u00e9rica do Sul, o \u201cCitro\u00ebn 4 All\u201d - Canal Dana<\/title>\n<meta name=\"robots\" content=\"index, follow, max-snippet:-1, max-image-preview:large, max-video-preview:-1\" \/>\n<link rel=\"canonical\" href=\"https:\/\/dana.com.br\/canaldana\/2021\/11\/16\/citroen-revela-plano-de-crescimento-para-o-brasil-e-america-do-sul-o-citroen-4-all\/\" \/>\n<meta property=\"og:locale\" content=\"pt_BR\" \/>\n<meta property=\"og:type\" content=\"article\" \/>\n<meta property=\"og:title\" content=\"Citro\u00ebn revela plano de crescimento para o Brasil e Am\u00e9rica do Sul, o \u201cCitro\u00ebn 4 All\u201d - Canal Dana\" \/>\n<meta property=\"og:description\" content=\"Coisas de Agora &nbsp; Baseado em seu DNA, o plano se orienta nos pilares de inova\u00e7\u00e3o, proximidade com as pessoas e sustentabilidade, seja na forma \u00fanica de se comunicar ou no desenvolvimento dos produtos tecnol\u00f3gicos e acess\u00edveis aos clientes. Esse plano possibilitar\u00e1 \u00e0 Citro\u00ebn conquistar 4% do mercado brasileiro, duplicar sua participa\u00e7\u00e3o de mercado na\u2026 Leia mais \u00bb\" \/>\n<meta property=\"og:url\" content=\"https:\/\/dana.com.br\/canaldana\/2021\/11\/16\/citroen-revela-plano-de-crescimento-para-o-brasil-e-america-do-sul-o-citroen-4-all\/\" \/>\n<meta property=\"og:site_name\" content=\"Canal Dana\" \/>\n<meta property=\"article:published_time\" content=\"2021-11-16T11:42:32+00:00\" \/>\n<meta name=\"author\" content=\"Canal Dana\" \/>\n<meta name=\"twitter:card\" content=\"summary_large_image\" \/>\n<meta name=\"twitter:label1\" content=\"Escrito por\" \/>\n\t<meta name=\"twitter:data1\" content=\"Canal Dana\" \/>\n\t<meta name=\"twitter:label2\" content=\"Est. tempo de leitura\" \/>\n\t<meta name=\"twitter:data2\" content=\"8 minutos\" \/>\n<script type=\"application\/ld+json\" class=\"yoast-schema-graph\">{\"@context\":\"https:\\\/\\\/schema.org\",\"@graph\":[{\"@type\":\"Article\",\"@id\":\"https:\\\/\\\/dana.com.br\\\/canaldana\\\/2021\\\/11\\\/16\\\/citroen-revela-plano-de-crescimento-para-o-brasil-e-america-do-sul-o-citroen-4-all\\\/#article\",\"isPartOf\":{\"@id\":\"https:\\\/\\\/dana.com.br\\\/canaldana\\\/2021\\\/11\\\/16\\\/citroen-revela-plano-de-crescimento-para-o-brasil-e-america-do-sul-o-citroen-4-all\\\/\"},\"author\":{\"name\":\"Canal Dana\",\"@id\":\"https:\\\/\\\/dana.com.br\\\/canaldana\\\/#\\\/schema\\\/person\\\/3c21f22f56fcf3bc46b94bc60ea4fef6\"},\"headline\":\"Citro\u00ebn revela plano de crescimento para o Brasil e Am\u00e9rica do Sul, o \u201cCitro\u00ebn 4 All\u201d\",\"datePublished\":\"2021-11-16T11:42:32+00:00\",\"mainEntityOfPage\":{\"@id\":\"https:\\\/\\\/dana.com.br\\\/canaldana\\\/2021\\\/11\\\/16\\\/citroen-revela-plano-de-crescimento-para-o-brasil-e-america-do-sul-o-citroen-4-all\\\/\"},\"wordCount\":1620,\"articleSection\":[\"Mercado\"],\"inLanguage\":\"pt-BR\"},{\"@type\":\"WebPage\",\"@id\":\"https:\\\/\\\/dana.com.br\\\/canaldana\\\/2021\\\/11\\\/16\\\/citroen-revela-plano-de-crescimento-para-o-brasil-e-america-do-sul-o-citroen-4-all\\\/\",\"url\":\"https:\\\/\\\/dana.com.br\\\/canaldana\\\/2021\\\/11\\\/16\\\/citroen-revela-plano-de-crescimento-para-o-brasil-e-america-do-sul-o-citroen-4-all\\\/\",\"name\":\"Citro\u00ebn revela plano de crescimento para o Brasil e Am\u00e9rica do Sul, o \u201cCitro\u00ebn 4 All\u201d - Canal Dana\",\"isPartOf\":{\"@id\":\"https:\\\/\\\/dana.com.br\\\/canaldana\\\/#website\"},\"datePublished\":\"2021-11-16T11:42:32+00:00\",\"author\":{\"@id\":\"https:\\\/\\\/dana.com.br\\\/canaldana\\\/#\\\/schema\\\/person\\\/3c21f22f56fcf3bc46b94bc60ea4fef6\"},\"breadcrumb\":{\"@id\":\"https:\\\/\\\/dana.com.br\\\/canaldana\\\/2021\\\/11\\\/16\\\/citroen-revela-plano-de-crescimento-para-o-brasil-e-america-do-sul-o-citroen-4-all\\\/#breadcrumb\"},\"inLanguage\":\"pt-BR\",\"potentialAction\":[{\"@type\":\"ReadAction\",\"target\":[\"https:\\\/\\\/dana.com.br\\\/canaldana\\\/2021\\\/11\\\/16\\\/citroen-revela-plano-de-crescimento-para-o-brasil-e-america-do-sul-o-citroen-4-all\\\/\"]}]},{\"@type\":\"BreadcrumbList\",\"@id\":\"https:\\\/\\\/dana.com.br\\\/canaldana\\\/2021\\\/11\\\/16\\\/citroen-revela-plano-de-crescimento-para-o-brasil-e-america-do-sul-o-citroen-4-all\\\/#breadcrumb\",\"itemListElement\":[{\"@type\":\"ListItem\",\"position\":1,\"name\":\"Home\",\"item\":\"https:\\\/\\\/dana.com.br\\\/canaldana\\\/\"},{\"@type\":\"ListItem\",\"position\":2,\"name\":\"Mercado\",\"item\":\"https:\\\/\\\/dana.com.br\\\/canaldana\\\/mercado\\\/\"},{\"@type\":\"ListItem\",\"position\":3,\"name\":\"Citro\u00ebn revela plano de crescimento para o Brasil e Am\u00e9rica do Sul, o \u201cCitro\u00ebn 4 All\u201d\"}]},{\"@type\":\"WebSite\",\"@id\":\"https:\\\/\\\/dana.com.br\\\/canaldana\\\/#website\",\"url\":\"https:\\\/\\\/dana.com.br\\\/canaldana\\\/\",\"name\":\"Canal Dana\",\"description\":\"Informativo com as principais not\u00edcias da ind\u00fastria automotiva\",\"potentialAction\":[{\"@type\":\"SearchAction\",\"target\":{\"@type\":\"EntryPoint\",\"urlTemplate\":\"https:\\\/\\\/dana.com.br\\\/canaldana\\\/?s={search_term_string}\"},\"query-input\":{\"@type\":\"PropertyValueSpecification\",\"valueRequired\":true,\"valueName\":\"search_term_string\"}}],\"inLanguage\":\"pt-BR\"},{\"@type\":\"Person\",\"@id\":\"https:\\\/\\\/dana.com.br\\\/canaldana\\\/#\\\/schema\\\/person\\\/3c21f22f56fcf3bc46b94bc60ea4fef6\",\"name\":\"Canal Dana\",\"image\":{\"@type\":\"ImageObject\",\"inLanguage\":\"pt-BR\",\"@id\":\"https:\\\/\\\/secure.gravatar.com\\\/avatar\\\/420aaf9278582877d9018637c6817617705899d2858d7572ef0fe59a6b6454b4?s=96&d=mm&r=g\",\"url\":\"https:\\\/\\\/secure.gravatar.com\\\/avatar\\\/420aaf9278582877d9018637c6817617705899d2858d7572ef0fe59a6b6454b4?s=96&d=mm&r=g\",\"contentUrl\":\"https:\\\/\\\/secure.gravatar.com\\\/avatar\\\/420aaf9278582877d9018637c6817617705899d2858d7572ef0fe59a6b6454b4?s=96&d=mm&r=g\",\"caption\":\"Canal Dana\"},\"url\":\"https:\\\/\\\/dana.com.br\\\/canaldana\\\/author\\\/cdeditor\\\/\"}]}<\/script>\n<!-- \/ Yoast SEO plugin. -->","yoast_head_json":{"title":"Citro\u00ebn revela plano de crescimento para o Brasil e Am\u00e9rica do Sul, o \u201cCitro\u00ebn 4 All\u201d - Canal Dana","robots":{"index":"index","follow":"follow","max-snippet":"max-snippet:-1","max-image-preview":"max-image-preview:large","max-video-preview":"max-video-preview:-1"},"canonical":"https:\/\/dana.com.br\/canaldana\/2021\/11\/16\/citroen-revela-plano-de-crescimento-para-o-brasil-e-america-do-sul-o-citroen-4-all\/","og_locale":"pt_BR","og_type":"article","og_title":"Citro\u00ebn revela plano de crescimento para o Brasil e Am\u00e9rica do Sul, o \u201cCitro\u00ebn 4 All\u201d - Canal Dana","og_description":"Coisas de Agora &nbsp; Baseado em seu DNA, o plano se orienta nos pilares de inova\u00e7\u00e3o, proximidade com as pessoas e sustentabilidade, seja na forma \u00fanica de se comunicar ou no desenvolvimento dos produtos tecnol\u00f3gicos e acess\u00edveis aos clientes. Esse plano possibilitar\u00e1 \u00e0 Citro\u00ebn conquistar 4% do mercado brasileiro, duplicar sua participa\u00e7\u00e3o de mercado na\u2026 Leia mais \u00bb","og_url":"https:\/\/dana.com.br\/canaldana\/2021\/11\/16\/citroen-revela-plano-de-crescimento-para-o-brasil-e-america-do-sul-o-citroen-4-all\/","og_site_name":"Canal Dana","article_published_time":"2021-11-16T11:42:32+00:00","author":"Canal Dana","twitter_card":"summary_large_image","twitter_misc":{"Escrito por":"Canal Dana","Est. tempo de leitura":"8 minutos"},"schema":{"@context":"https:\/\/schema.org","@graph":[{"@type":"Article","@id":"https:\/\/dana.com.br\/canaldana\/2021\/11\/16\/citroen-revela-plano-de-crescimento-para-o-brasil-e-america-do-sul-o-citroen-4-all\/#article","isPartOf":{"@id":"https:\/\/dana.com.br\/canaldana\/2021\/11\/16\/citroen-revela-plano-de-crescimento-para-o-brasil-e-america-do-sul-o-citroen-4-all\/"},"author":{"name":"Canal Dana","@id":"https:\/\/dana.com.br\/canaldana\/#\/schema\/person\/3c21f22f56fcf3bc46b94bc60ea4fef6"},"headline":"Citro\u00ebn revela plano de crescimento para o Brasil e Am\u00e9rica do Sul, o \u201cCitro\u00ebn 4 All\u201d","datePublished":"2021-11-16T11:42:32+00:00","mainEntityOfPage":{"@id":"https:\/\/dana.com.br\/canaldana\/2021\/11\/16\/citroen-revela-plano-de-crescimento-para-o-brasil-e-america-do-sul-o-citroen-4-all\/"},"wordCount":1620,"articleSection":["Mercado"],"inLanguage":"pt-BR"},{"@type":"WebPage","@id":"https:\/\/dana.com.br\/canaldana\/2021\/11\/16\/citroen-revela-plano-de-crescimento-para-o-brasil-e-america-do-sul-o-citroen-4-all\/","url":"https:\/\/dana.com.br\/canaldana\/2021\/11\/16\/citroen-revela-plano-de-crescimento-para-o-brasil-e-america-do-sul-o-citroen-4-all\/","name":"Citro\u00ebn revela plano de crescimento para o Brasil e Am\u00e9rica do Sul, o \u201cCitro\u00ebn 4 All\u201d - Canal Dana","isPartOf":{"@id":"https:\/\/dana.com.br\/canaldana\/#website"},"datePublished":"2021-11-16T11:42:32+00:00","author":{"@id":"https:\/\/dana.com.br\/canaldana\/#\/schema\/person\/3c21f22f56fcf3bc46b94bc60ea4fef6"},"breadcrumb":{"@id":"https:\/\/dana.com.br\/canaldana\/2021\/11\/16\/citroen-revela-plano-de-crescimento-para-o-brasil-e-america-do-sul-o-citroen-4-all\/#breadcrumb"},"inLanguage":"pt-BR","potentialAction":[{"@type":"ReadAction","target":["https:\/\/dana.com.br\/canaldana\/2021\/11\/16\/citroen-revela-plano-de-crescimento-para-o-brasil-e-america-do-sul-o-citroen-4-all\/"]}]},{"@type":"BreadcrumbList","@id":"https:\/\/dana.com.br\/canaldana\/2021\/11\/16\/citroen-revela-plano-de-crescimento-para-o-brasil-e-america-do-sul-o-citroen-4-all\/#breadcrumb","itemListElement":[{"@type":"ListItem","position":1,"name":"Home","item":"https:\/\/dana.com.br\/canaldana\/"},{"@type":"ListItem","position":2,"name":"Mercado","item":"https:\/\/dana.com.br\/canaldana\/mercado\/"},{"@type":"ListItem","position":3,"name":"Citro\u00ebn revela plano de crescimento para o Brasil e Am\u00e9rica do Sul, o \u201cCitro\u00ebn 4 All\u201d"}]},{"@type":"WebSite","@id":"https:\/\/dana.com.br\/canaldana\/#website","url":"https:\/\/dana.com.br\/canaldana\/","name":"Canal Dana","description":"Informativo com as principais not\u00edcias da ind\u00fastria automotiva","potentialAction":[{"@type":"SearchAction","target":{"@type":"EntryPoint","urlTemplate":"https:\/\/dana.com.br\/canaldana\/?s={search_term_string}"},"query-input":{"@type":"PropertyValueSpecification","valueRequired":true,"valueName":"search_term_string"}}],"inLanguage":"pt-BR"},{"@type":"Person","@id":"https:\/\/dana.com.br\/canaldana\/#\/schema\/person\/3c21f22f56fcf3bc46b94bc60ea4fef6","name":"Canal Dana","image":{"@type":"ImageObject","inLanguage":"pt-BR","@id":"https:\/\/secure.gravatar.com\/avatar\/420aaf9278582877d9018637c6817617705899d2858d7572ef0fe59a6b6454b4?s=96&d=mm&r=g","url":"https:\/\/secure.gravatar.com\/avatar\/420aaf9278582877d9018637c6817617705899d2858d7572ef0fe59a6b6454b4?s=96&d=mm&r=g","contentUrl":"https:\/\/secure.gravatar.com\/avatar\/420aaf9278582877d9018637c6817617705899d2858d7572ef0fe59a6b6454b4?s=96&d=mm&r=g","caption":"Canal Dana"},"url":"https:\/\/dana.com.br\/canaldana\/author\/cdeditor\/"}]}},"_links":{"self":[{"href":"https:\/\/dana.com.br\/canaldana\/wp-json\/wp\/v2\/posts\/54275","targetHints":{"allow":["GET"]}}],"collection":[{"href":"https:\/\/dana.com.br\/canaldana\/wp-json\/wp\/v2\/posts"}],"about":[{"href":"https:\/\/dana.com.br\/canaldana\/wp-json\/wp\/v2\/types\/post"}],"author":[{"embeddable":true,"href":"https:\/\/dana.com.br\/canaldana\/wp-json\/wp\/v2\/users\/3"}],"replies":[{"embeddable":true,"href":"https:\/\/dana.com.br\/canaldana\/wp-json\/wp\/v2\/comments?post=54275"}],"version-history":[{"count":0,"href":"https:\/\/dana.com.br\/canaldana\/wp-json\/wp\/v2\/posts\/54275\/revisions"}],"wp:attachment":[{"href":"https:\/\/dana.com.br\/canaldana\/wp-json\/wp\/v2\/media?parent=54275"}],"wp:term":[{"taxonomy":"category","embeddable":true,"href":"https:\/\/dana.com.br\/canaldana\/wp-json\/wp\/v2\/categories?post=54275"},{"taxonomy":"post_tag","embeddable":true,"href":"https:\/\/dana.com.br\/canaldana\/wp-json\/wp\/v2\/tags?post=54275"}],"curies":[{"name":"wp","href":"https:\/\/api.w.org\/{rel}","templated":true}]}}