{"id":54273,"date":"2021-11-16T08:42:01","date_gmt":"2021-11-16T11:42:01","guid":{"rendered":"https:\/\/dana.com.br\/canaldana\/?p=54273"},"modified":"2021-11-16T08:42:01","modified_gmt":"2021-11-16T11:42:01","slug":"neobus-reforca-sua-participacao-no-segmento-brasileiro-de-transporte-escolar","status":"publish","type":"post","link":"https:\/\/dana.com.br\/canaldana\/2021\/11\/16\/neobus-reforca-sua-participacao-no-segmento-brasileiro-de-transporte-escolar\/","title":{"rendered":"Neobus refor\u00e7a sua participa\u00e7\u00e3o no segmento brasileiro de transporte escolar"},"content":{"rendered":"<p><em>Coisas de Agora<\/em><\/p>\n<p>&nbsp;<\/p>\n<p>A Neobus, marca pertencente \u00e0 Marcopolo, refor\u00e7a a sua participa\u00e7\u00e3o no segmento brasileiro de transporte escolar com o fornecimento de 2.500 carrocerias do \u00f4nibus Thunder-Midi para a Volkswagen Caminh\u00f5es e \u00d4nibus para atendimento ao programa Caminho da Escola, do FNDE (Fundo Nacional de Desenvolvimento da Educa\u00e7\u00e3o). As unidades come\u00e7aram a ser produzidas e montadas na f\u00e1brica da marca, em S\u00e3o Mateus\/ES, em outubro.<\/p>\n<p>&nbsp;<\/p>\n<p>\u201cPara a Neobus \u00e9 muito importante a continuidade na parceria com a Volkswagen Caminh\u00f5es e \u00d4nibus e que j\u00e1 permitiu a entrega de milhares de unidades da marca para munic\u00edpios de todo o Brasil\u201d, destaca o diretor de Opera\u00e7\u00f5es Comerciais para o Mercado Interno e de Marketing da Marcopolo, Ricardo Portolan. O executivo destaca que o Thunder-Midi \u00e9 o modelo escolar com a maior capacidade do programa Caminho da Escola, podendo transportar at\u00e9 59 estudantes sentados, e indicado principalmente para locais de estradas n\u00e3o pavimentadas.<\/p>\n<p>&nbsp;<\/p>\n<p>Os novos \u00f4nibus Neobus Thunder-Midi ser\u00e3o montados com chassis Volksbus 15.190 ODR, com suspens\u00e3o elevada, pneus mistos e bloqueio de diferencial no eixo traseiro. Os ve\u00edculos possuem 11.000 mm de comprimento, 2.500 mm de largura e 3.325 mm de altura. S\u00e3o equipados com DPM (dispositivo de poltrona m\u00f3vel) para total acessibilidade e possuem configura\u00e7\u00e3o interna com poltronas tipo sof\u00e1 e disposi\u00e7\u00e3o 3\u00d73. Para oferecer mais comodidade e seguran\u00e7a aos alunos e motoristas os \u00f4nibus tamb\u00e9m possuem ilumina\u00e7\u00e3o interna e externa em LED, porta-pacotes e porta-cadernos, r\u00e1dio FM e USB, c\u00e2mera de r\u00e9 com monitor no painel e sensor de aproxima\u00e7\u00e3o na traseira.<\/p>\n<p>&nbsp;<\/p>\n<p>Ao longo dos \u00faltimos dois anos, a Marcopolo forneceu 4.601 ve\u00edculos de um potencial de 4.800 unidades relativas \u00e0 licita\u00e7\u00e3o ocorrida no programa de 2019, encerrando as entregas do edital anterior no final do primeiro semestre deste ano. (Coisas de Agora)<\/p>\n","protected":false},"excerpt":{"rendered":"<p>Coisas de Agora &nbsp; A Neobus, marca pertencente \u00e0 Marcopolo, refor\u00e7a a sua participa\u00e7\u00e3o no segmento brasileiro de transporte escolar com o fornecimento de 2.500 carrocerias do \u00f4nibus Thunder-Midi para a Volkswagen Caminh\u00f5es e \u00d4nibus para atendimento ao programa Caminho da Escola, do FNDE (Fundo Nacional de Desenvolvimento da Educa\u00e7\u00e3o). As unidades come\u00e7aram a ser\u2026 <a class=\"readmore\" href=\"https:\/\/dana.com.br\/canaldana\/2021\/11\/16\/neobus-reforca-sua-participacao-no-segmento-brasileiro-de-transporte-escolar\/\">Leia mais \u00bb<\/a><\/p>\n","protected":false},"author":3,"featured_media":0,"comment_status":"closed","ping_status":"closed","sticky":false,"template":"","format":"standard","meta":{"_acf_changed":false,"footnotes":""},"categories":[79],"tags":[],"class_list":["post-54273","post","type-post","status-publish","format-standard","hentry","category-mercado"],"acf":[],"yoast_head":"<!-- This site is optimized with the Yoast SEO plugin v27.3 - https:\/\/yoast.com\/product\/yoast-seo-wordpress\/ -->\n<title>Neobus refor\u00e7a sua participa\u00e7\u00e3o no segmento brasileiro de transporte escolar - Canal Dana<\/title>\n<meta name=\"robots\" content=\"index, follow, max-snippet:-1, max-image-preview:large, max-video-preview:-1\" \/>\n<link rel=\"canonical\" href=\"https:\/\/dana.com.br\/canaldana\/2021\/11\/16\/neobus-reforca-sua-participacao-no-segmento-brasileiro-de-transporte-escolar\/\" \/>\n<meta property=\"og:locale\" content=\"pt_BR\" \/>\n<meta property=\"og:type\" content=\"article\" \/>\n<meta property=\"og:title\" content=\"Neobus refor\u00e7a sua participa\u00e7\u00e3o no segmento brasileiro de transporte escolar - Canal Dana\" \/>\n<meta property=\"og:description\" content=\"Coisas de Agora &nbsp; A Neobus, marca pertencente \u00e0 Marcopolo, refor\u00e7a a sua participa\u00e7\u00e3o no segmento brasileiro de transporte escolar com o fornecimento de 2.500 carrocerias do \u00f4nibus Thunder-Midi para a Volkswagen Caminh\u00f5es e \u00d4nibus para atendimento ao programa Caminho da Escola, do FNDE (Fundo Nacional de Desenvolvimento da Educa\u00e7\u00e3o). As unidades come\u00e7aram a ser\u2026 Leia mais \u00bb\" \/>\n<meta property=\"og:url\" content=\"https:\/\/dana.com.br\/canaldana\/2021\/11\/16\/neobus-reforca-sua-participacao-no-segmento-brasileiro-de-transporte-escolar\/\" \/>\n<meta property=\"og:site_name\" content=\"Canal Dana\" \/>\n<meta property=\"article:published_time\" content=\"2021-11-16T11:42:01+00:00\" \/>\n<meta name=\"author\" content=\"Canal Dana\" \/>\n<meta name=\"twitter:card\" content=\"summary_large_image\" \/>\n<meta name=\"twitter:label1\" content=\"Escrito por\" \/>\n\t<meta name=\"twitter:data1\" content=\"Canal Dana\" \/>\n\t<meta name=\"twitter:label2\" content=\"Est. tempo de leitura\" \/>\n\t<meta name=\"twitter:data2\" content=\"2 minutos\" \/>\n<script type=\"application\/ld+json\" class=\"yoast-schema-graph\">{\"@context\":\"https:\\\/\\\/schema.org\",\"@graph\":[{\"@type\":\"Article\",\"@id\":\"https:\\\/\\\/dana.com.br\\\/canaldana\\\/2021\\\/11\\\/16\\\/neobus-reforca-sua-participacao-no-segmento-brasileiro-de-transporte-escolar\\\/#article\",\"isPartOf\":{\"@id\":\"https:\\\/\\\/dana.com.br\\\/canaldana\\\/2021\\\/11\\\/16\\\/neobus-reforca-sua-participacao-no-segmento-brasileiro-de-transporte-escolar\\\/\"},\"author\":{\"name\":\"Canal Dana\",\"@id\":\"https:\\\/\\\/dana.com.br\\\/canaldana\\\/#\\\/schema\\\/person\\\/3c21f22f56fcf3bc46b94bc60ea4fef6\"},\"headline\":\"Neobus refor\u00e7a sua participa\u00e7\u00e3o no segmento brasileiro de transporte escolar\",\"datePublished\":\"2021-11-16T11:42:01+00:00\",\"mainEntityOfPage\":{\"@id\":\"https:\\\/\\\/dana.com.br\\\/canaldana\\\/2021\\\/11\\\/16\\\/neobus-reforca-sua-participacao-no-segmento-brasileiro-de-transporte-escolar\\\/\"},\"wordCount\":323,\"articleSection\":[\"Mercado\"],\"inLanguage\":\"pt-BR\"},{\"@type\":\"WebPage\",\"@id\":\"https:\\\/\\\/dana.com.br\\\/canaldana\\\/2021\\\/11\\\/16\\\/neobus-reforca-sua-participacao-no-segmento-brasileiro-de-transporte-escolar\\\/\",\"url\":\"https:\\\/\\\/dana.com.br\\\/canaldana\\\/2021\\\/11\\\/16\\\/neobus-reforca-sua-participacao-no-segmento-brasileiro-de-transporte-escolar\\\/\",\"name\":\"Neobus refor\u00e7a sua participa\u00e7\u00e3o no segmento brasileiro de transporte escolar - Canal Dana\",\"isPartOf\":{\"@id\":\"https:\\\/\\\/dana.com.br\\\/canaldana\\\/#website\"},\"datePublished\":\"2021-11-16T11:42:01+00:00\",\"author\":{\"@id\":\"https:\\\/\\\/dana.com.br\\\/canaldana\\\/#\\\/schema\\\/person\\\/3c21f22f56fcf3bc46b94bc60ea4fef6\"},\"breadcrumb\":{\"@id\":\"https:\\\/\\\/dana.com.br\\\/canaldana\\\/2021\\\/11\\\/16\\\/neobus-reforca-sua-participacao-no-segmento-brasileiro-de-transporte-escolar\\\/#breadcrumb\"},\"inLanguage\":\"pt-BR\",\"potentialAction\":[{\"@type\":\"ReadAction\",\"target\":[\"https:\\\/\\\/dana.com.br\\\/canaldana\\\/2021\\\/11\\\/16\\\/neobus-reforca-sua-participacao-no-segmento-brasileiro-de-transporte-escolar\\\/\"]}]},{\"@type\":\"BreadcrumbList\",\"@id\":\"https:\\\/\\\/dana.com.br\\\/canaldana\\\/2021\\\/11\\\/16\\\/neobus-reforca-sua-participacao-no-segmento-brasileiro-de-transporte-escolar\\\/#breadcrumb\",\"itemListElement\":[{\"@type\":\"ListItem\",\"position\":1,\"name\":\"Home\",\"item\":\"https:\\\/\\\/dana.com.br\\\/canaldana\\\/\"},{\"@type\":\"ListItem\",\"position\":2,\"name\":\"Mercado\",\"item\":\"https:\\\/\\\/dana.com.br\\\/canaldana\\\/mercado\\\/\"},{\"@type\":\"ListItem\",\"position\":3,\"name\":\"Neobus refor\u00e7a sua participa\u00e7\u00e3o no segmento brasileiro de transporte escolar\"}]},{\"@type\":\"WebSite\",\"@id\":\"https:\\\/\\\/dana.com.br\\\/canaldana\\\/#website\",\"url\":\"https:\\\/\\\/dana.com.br\\\/canaldana\\\/\",\"name\":\"Canal Dana\",\"description\":\"Informativo com as principais not\u00edcias da ind\u00fastria automotiva\",\"potentialAction\":[{\"@type\":\"SearchAction\",\"target\":{\"@type\":\"EntryPoint\",\"urlTemplate\":\"https:\\\/\\\/dana.com.br\\\/canaldana\\\/?s={search_term_string}\"},\"query-input\":{\"@type\":\"PropertyValueSpecification\",\"valueRequired\":true,\"valueName\":\"search_term_string\"}}],\"inLanguage\":\"pt-BR\"},{\"@type\":\"Person\",\"@id\":\"https:\\\/\\\/dana.com.br\\\/canaldana\\\/#\\\/schema\\\/person\\\/3c21f22f56fcf3bc46b94bc60ea4fef6\",\"name\":\"Canal Dana\",\"image\":{\"@type\":\"ImageObject\",\"inLanguage\":\"pt-BR\",\"@id\":\"https:\\\/\\\/secure.gravatar.com\\\/avatar\\\/420aaf9278582877d9018637c6817617705899d2858d7572ef0fe59a6b6454b4?s=96&d=mm&r=g\",\"url\":\"https:\\\/\\\/secure.gravatar.com\\\/avatar\\\/420aaf9278582877d9018637c6817617705899d2858d7572ef0fe59a6b6454b4?s=96&d=mm&r=g\",\"contentUrl\":\"https:\\\/\\\/secure.gravatar.com\\\/avatar\\\/420aaf9278582877d9018637c6817617705899d2858d7572ef0fe59a6b6454b4?s=96&d=mm&r=g\",\"caption\":\"Canal Dana\"},\"url\":\"https:\\\/\\\/dana.com.br\\\/canaldana\\\/author\\\/cdeditor\\\/\"}]}<\/script>\n<!-- \/ Yoast SEO plugin. -->","yoast_head_json":{"title":"Neobus refor\u00e7a sua participa\u00e7\u00e3o no segmento brasileiro de transporte escolar - Canal Dana","robots":{"index":"index","follow":"follow","max-snippet":"max-snippet:-1","max-image-preview":"max-image-preview:large","max-video-preview":"max-video-preview:-1"},"canonical":"https:\/\/dana.com.br\/canaldana\/2021\/11\/16\/neobus-reforca-sua-participacao-no-segmento-brasileiro-de-transporte-escolar\/","og_locale":"pt_BR","og_type":"article","og_title":"Neobus refor\u00e7a sua participa\u00e7\u00e3o no segmento brasileiro de transporte escolar - Canal Dana","og_description":"Coisas de Agora &nbsp; A Neobus, marca pertencente \u00e0 Marcopolo, refor\u00e7a a sua participa\u00e7\u00e3o no segmento brasileiro de transporte escolar com o fornecimento de 2.500 carrocerias do \u00f4nibus Thunder-Midi para a Volkswagen Caminh\u00f5es e \u00d4nibus para atendimento ao programa Caminho da Escola, do FNDE (Fundo Nacional de Desenvolvimento da Educa\u00e7\u00e3o). As unidades come\u00e7aram a ser\u2026 Leia mais \u00bb","og_url":"https:\/\/dana.com.br\/canaldana\/2021\/11\/16\/neobus-reforca-sua-participacao-no-segmento-brasileiro-de-transporte-escolar\/","og_site_name":"Canal Dana","article_published_time":"2021-11-16T11:42:01+00:00","author":"Canal Dana","twitter_card":"summary_large_image","twitter_misc":{"Escrito por":"Canal Dana","Est. tempo de leitura":"2 minutos"},"schema":{"@context":"https:\/\/schema.org","@graph":[{"@type":"Article","@id":"https:\/\/dana.com.br\/canaldana\/2021\/11\/16\/neobus-reforca-sua-participacao-no-segmento-brasileiro-de-transporte-escolar\/#article","isPartOf":{"@id":"https:\/\/dana.com.br\/canaldana\/2021\/11\/16\/neobus-reforca-sua-participacao-no-segmento-brasileiro-de-transporte-escolar\/"},"author":{"name":"Canal Dana","@id":"https:\/\/dana.com.br\/canaldana\/#\/schema\/person\/3c21f22f56fcf3bc46b94bc60ea4fef6"},"headline":"Neobus refor\u00e7a sua participa\u00e7\u00e3o no segmento brasileiro de transporte escolar","datePublished":"2021-11-16T11:42:01+00:00","mainEntityOfPage":{"@id":"https:\/\/dana.com.br\/canaldana\/2021\/11\/16\/neobus-reforca-sua-participacao-no-segmento-brasileiro-de-transporte-escolar\/"},"wordCount":323,"articleSection":["Mercado"],"inLanguage":"pt-BR"},{"@type":"WebPage","@id":"https:\/\/dana.com.br\/canaldana\/2021\/11\/16\/neobus-reforca-sua-participacao-no-segmento-brasileiro-de-transporte-escolar\/","url":"https:\/\/dana.com.br\/canaldana\/2021\/11\/16\/neobus-reforca-sua-participacao-no-segmento-brasileiro-de-transporte-escolar\/","name":"Neobus refor\u00e7a sua participa\u00e7\u00e3o no segmento brasileiro de transporte escolar - Canal Dana","isPartOf":{"@id":"https:\/\/dana.com.br\/canaldana\/#website"},"datePublished":"2021-11-16T11:42:01+00:00","author":{"@id":"https:\/\/dana.com.br\/canaldana\/#\/schema\/person\/3c21f22f56fcf3bc46b94bc60ea4fef6"},"breadcrumb":{"@id":"https:\/\/dana.com.br\/canaldana\/2021\/11\/16\/neobus-reforca-sua-participacao-no-segmento-brasileiro-de-transporte-escolar\/#breadcrumb"},"inLanguage":"pt-BR","potentialAction":[{"@type":"ReadAction","target":["https:\/\/dana.com.br\/canaldana\/2021\/11\/16\/neobus-reforca-sua-participacao-no-segmento-brasileiro-de-transporte-escolar\/"]}]},{"@type":"BreadcrumbList","@id":"https:\/\/dana.com.br\/canaldana\/2021\/11\/16\/neobus-reforca-sua-participacao-no-segmento-brasileiro-de-transporte-escolar\/#breadcrumb","itemListElement":[{"@type":"ListItem","position":1,"name":"Home","item":"https:\/\/dana.com.br\/canaldana\/"},{"@type":"ListItem","position":2,"name":"Mercado","item":"https:\/\/dana.com.br\/canaldana\/mercado\/"},{"@type":"ListItem","position":3,"name":"Neobus refor\u00e7a sua participa\u00e7\u00e3o no segmento brasileiro de transporte escolar"}]},{"@type":"WebSite","@id":"https:\/\/dana.com.br\/canaldana\/#website","url":"https:\/\/dana.com.br\/canaldana\/","name":"Canal Dana","description":"Informativo com as principais not\u00edcias da ind\u00fastria automotiva","potentialAction":[{"@type":"SearchAction","target":{"@type":"EntryPoint","urlTemplate":"https:\/\/dana.com.br\/canaldana\/?s={search_term_string}"},"query-input":{"@type":"PropertyValueSpecification","valueRequired":true,"valueName":"search_term_string"}}],"inLanguage":"pt-BR"},{"@type":"Person","@id":"https:\/\/dana.com.br\/canaldana\/#\/schema\/person\/3c21f22f56fcf3bc46b94bc60ea4fef6","name":"Canal Dana","image":{"@type":"ImageObject","inLanguage":"pt-BR","@id":"https:\/\/secure.gravatar.com\/avatar\/420aaf9278582877d9018637c6817617705899d2858d7572ef0fe59a6b6454b4?s=96&d=mm&r=g","url":"https:\/\/secure.gravatar.com\/avatar\/420aaf9278582877d9018637c6817617705899d2858d7572ef0fe59a6b6454b4?s=96&d=mm&r=g","contentUrl":"https:\/\/secure.gravatar.com\/avatar\/420aaf9278582877d9018637c6817617705899d2858d7572ef0fe59a6b6454b4?s=96&d=mm&r=g","caption":"Canal Dana"},"url":"https:\/\/dana.com.br\/canaldana\/author\/cdeditor\/"}]}},"_links":{"self":[{"href":"https:\/\/dana.com.br\/canaldana\/wp-json\/wp\/v2\/posts\/54273","targetHints":{"allow":["GET"]}}],"collection":[{"href":"https:\/\/dana.com.br\/canaldana\/wp-json\/wp\/v2\/posts"}],"about":[{"href":"https:\/\/dana.com.br\/canaldana\/wp-json\/wp\/v2\/types\/post"}],"author":[{"embeddable":true,"href":"https:\/\/dana.com.br\/canaldana\/wp-json\/wp\/v2\/users\/3"}],"replies":[{"embeddable":true,"href":"https:\/\/dana.com.br\/canaldana\/wp-json\/wp\/v2\/comments?post=54273"}],"version-history":[{"count":0,"href":"https:\/\/dana.com.br\/canaldana\/wp-json\/wp\/v2\/posts\/54273\/revisions"}],"wp:attachment":[{"href":"https:\/\/dana.com.br\/canaldana\/wp-json\/wp\/v2\/media?parent=54273"}],"wp:term":[{"taxonomy":"category","embeddable":true,"href":"https:\/\/dana.com.br\/canaldana\/wp-json\/wp\/v2\/categories?post=54273"},{"taxonomy":"post_tag","embeddable":true,"href":"https:\/\/dana.com.br\/canaldana\/wp-json\/wp\/v2\/tags?post=54273"}],"curies":[{"name":"wp","href":"https:\/\/api.w.org\/{rel}","templated":true}]}}