{"id":54238,"date":"2021-11-12T08:46:07","date_gmt":"2021-11-12T11:46:07","guid":{"rendered":"https:\/\/dana.com.br\/canaldana\/?p=54238"},"modified":"2021-11-12T08:46:07","modified_gmt":"2021-11-12T11:46:07","slug":"general-motors-abre-inscricoes-para-programa-de-estagio-2022","status":"publish","type":"post","link":"https:\/\/dana.com.br\/canaldana\/2021\/11\/12\/general-motors-abre-inscricoes-para-programa-de-estagio-2022\/","title":{"rendered":"General Motors abre inscri\u00e7\u00f5es para programa de est\u00e1gio 2022"},"content":{"rendered":"<p><em>Coisas de Agora<\/em><\/p>\n<p>&nbsp;<\/p>\n<p>O programa de est\u00e1gio da General Motors est\u00e1 com inscri\u00e7\u00f5es abertas at\u00e9 o dia 30 de novembro de 2021 pelo site. A empresa busca estudantes universit\u00e1rios que queiram fazer parte do movimento de transforma\u00e7\u00e3o da mobilidade que a GM lidera globalmente, com a vis\u00e3o de futuro zero acidente, zero emiss\u00e3o e zero congestionamento. Para isso, a companhia est\u00e1 investindo em novas tecnologias e se tornando uma empresa de plataformas de inova\u00e7\u00e3o, que desenvolve hardware, software e servi\u00e7os conectados. Al\u00e9m de trabalhar ativamente para alcan\u00e7ar a meta de ser neutra em emiss\u00e3o de carbono at\u00e9 2040 e tornar-se a empresa mais inclusiva do mundo.<\/p>\n<p>&nbsp;<\/p>\n<p>A GM h\u00e1 anos vem desenvolvendo a\u00e7\u00f5es de diversidade e inclus\u00e3o, temos por exemplo os grupos de afinidade que abrem o di\u00e1logo da diversidade e da inclus\u00e3o dentro da GM. Entre eles est\u00e3o o coletivo de mulheres GM Women, o grupo da comunidade LGBTQIA+, GM Plus, pessoas negras, GMAAN, e PCDs, o GM Able. Esses grupos s\u00e3o volunt\u00e1rios e liderados pelos pr\u00f3prios colaboradores, e t\u00eam como objetivo apoiar e ajudar a disseminar conhecimento sobre as tem\u00e1ticas propostas no local de trabalho, com troca de ideias, fomento de conte\u00fados educacionais, al\u00e9m dos diversos semin\u00e1rios\/webinars e debates internos e externos.<\/p>\n<p>&nbsp;<\/p>\n<p>\u201cEstamos \u00e0 procura de uma nova gera\u00e7\u00e3o de estagi\u00e1rios vision\u00e1rios para nos ajudar a lan\u00e7ar iniciativas ousadas de engenharia e de neg\u00f3cios, e dar forma \u00e0s novas dire\u00e7\u00f5es da companhia\u201d, afirma Matias Garcia, Gerente de Talent Acquisition e membro do GMAble. \u201cOferecemos aos estagi\u00e1rios a oportunidade de adquirir experi\u00eancia profissional e se desenvolver como pessoa, trabalhando em um ambiente din\u00e2mico, desafiador, cheio de inova\u00e7\u00f5es e que oferece autonomia na tomada de decis\u00e3o para crescer. Queremos desenvolver estagi\u00e1rios protagonistas\u201d, complementa.<\/p>\n<p>&nbsp;<\/p>\n<p>\u201cTem sido uma experi\u00eancia incr\u00edvel, tenho aprendido muito. O time me recebeu muito bem e vejo que consigo aplicar os conhecimentos da faculdade nos desafios que recebo, como nas \u00e1reas de res\u00edduos e efluentes. Al\u00e9m dos feedbacks que s\u00e3o muito importantes para saber os meus pontos fortes e no que posso melhorar. Na GM as pessoas te ajudam e acreditam em voc\u00ea, o que \u00e9 muito importante para se desenvolver\u201d, conta Priscila Gaspari, estagi\u00e1ria de Engenharia Ambiental.<\/p>\n<p>&nbsp;<\/p>\n<p>Diversas vagas possuem possibilidade de efetiva\u00e7\u00e3o. Foi o caso da Taciana Silva, que come\u00e7ou como estagi\u00e1ria em agosto de 2017, foi efetivada como analista de ergonomia e h\u00e1 seis meses foi promovida como ergonomista de projetos: \u201cTrabalhar na GM \u00e9 aprender cada dia um pouco mais, \u00e9 descobrir novos meios de se desenvolver e inovar, \u00e9 crescer todo dia e ver que est\u00e1 valendo a pena o trabalho que a gente desenvolve\u201d, conta.<\/p>\n<p>&nbsp;<\/p>\n<p>Est\u00e3o aptos a se candidatar estudantes regularmente matriculados nos cursos de Bacharel e Tecn\u00f3logo que tenham interesse nas \u00e1reas Administra\u00e7\u00e3o de Empresas, Ci\u00eancias Cont\u00e1beis, Comunica\u00e7\u00e3o e Jornalismo, Contabilidade, Com\u00e9rcio Exterior, Design, Direito, Enfermagem, Economia, Engenharias (Ambiental, Controle e Automa\u00e7\u00e3o, Instrumenta\u00e7\u00e3o e Rob\u00f3tica, El\u00e9trica, Materiais, Produ\u00e7\u00e3o, Mec\u00e2nica, Qu\u00edmica), Gest\u00e3o Empresarial, Log\u00edstica, Marketing, Psicologia, Recursos Humanos, Rela\u00e7\u00f5es Internacionais, Rela\u00e7\u00f5es P\u00fablicas, Secretariado Executivo e TI. Tamb\u00e9m \u00e9 necess\u00e1rio ter forma\u00e7\u00e3o prevista entre junho\/2023 e dezembro\/2024.<\/p>\n<p>&nbsp;<\/p>\n<p>Os outros requisitos s\u00e3o: conhecimento intermedi\u00e1rio ou avan\u00e7ado do idioma Ingl\u00eas e habilidades em Microsoft Office. Conhecimento de Espanhol ser\u00e1 considerado um diferencial. As vagas est\u00e3o dispon\u00edveis em cidades onde a GM tem opera\u00e7\u00f5es no Brasil: S\u00e3o Caetano do Sul, S\u00e3o Jos\u00e9 dos Campos e Mogi das Cruzes, em S\u00e3o Paulo, Gravata\u00ed, no Rio Grande do Sul, e Joinville, em Santa Catarina.<\/p>\n<p>&nbsp;<\/p>\n<p>Clique no link e inscreva-se: <a href=\"https:\/\/generalmotors.wd5.myworkdayjobs.com\/Careers_GM\/2\/refreshFacet\/318c8bb6f553100021d223d9780d30be\" target=\"_blank\" rel=\"noopener noreferrer\">https:\/\/generalmotors.wd5.myworkdayjobs.com\/Careers_GM\/2\/refreshFacet\/318c8bb6f553100021d223d9780d30be<\/a>.<\/p>\n<p>&nbsp;<\/p>\n<p>A General Motors \u00e9 uma empresa global comprometida em oferecer maneiras mais seguras, melhores e mais sustent\u00e1veis para as pessoas se locomoverem. A General Motors, suas subsidi\u00e1rias e suas joint ventures vendem ve\u00edculos sob as marcas Chevrolet, Buick, GMC, Cadillac, Holden, Baojun e Wuling. Mais informa\u00e7\u00f5es sobre a empresa e suas subsidi\u00e1rias, incluindo a OnStar, l\u00edder global em servi\u00e7os de seguran\u00e7a e prote\u00e7\u00e3o de ve\u00edculos, podem ser encontradas no site <a href=\"https:\/\/www.gm.com\" target=\"_blank\" rel=\"noopener noreferrer\">https:\/\/www.gm.com<\/a>. (Coisas de Agora)<\/p>\n","protected":false},"excerpt":{"rendered":"<p>Coisas de Agora &nbsp; O programa de est\u00e1gio da General Motors est\u00e1 com inscri\u00e7\u00f5es abertas at\u00e9 o dia 30 de novembro de 2021 pelo site. A empresa busca estudantes universit\u00e1rios que queiram fazer parte do movimento de transforma\u00e7\u00e3o da mobilidade que a GM lidera globalmente, com a vis\u00e3o de futuro zero acidente, zero emiss\u00e3o e\u2026 <a class=\"readmore\" href=\"https:\/\/dana.com.br\/canaldana\/2021\/11\/12\/general-motors-abre-inscricoes-para-programa-de-estagio-2022\/\">Leia mais \u00bb<\/a><\/p>\n","protected":false},"author":3,"featured_media":0,"comment_status":"closed","ping_status":"closed","sticky":false,"template":"","format":"standard","meta":{"_acf_changed":false,"footnotes":""},"categories":[58],"tags":[],"class_list":["post-54238","post","type-post","status-publish","format-standard","hentry","category-oportunidade"],"acf":[],"yoast_head":"<!-- This site is optimized with the Yoast SEO plugin v27.5 - https:\/\/yoast.com\/product\/yoast-seo-wordpress\/ -->\n<title>General Motors abre inscri\u00e7\u00f5es para programa de est\u00e1gio 2022 - Canal Dana<\/title>\n<meta name=\"robots\" content=\"index, follow, max-snippet:-1, max-image-preview:large, max-video-preview:-1\" \/>\n<link rel=\"canonical\" href=\"https:\/\/dana.com.br\/canaldana\/2021\/11\/12\/general-motors-abre-inscricoes-para-programa-de-estagio-2022\/\" \/>\n<meta property=\"og:locale\" content=\"pt_BR\" \/>\n<meta property=\"og:type\" content=\"article\" \/>\n<meta property=\"og:title\" content=\"General Motors abre inscri\u00e7\u00f5es para programa de est\u00e1gio 2022 - Canal Dana\" \/>\n<meta property=\"og:description\" content=\"Coisas de Agora &nbsp; O programa de est\u00e1gio da General Motors est\u00e1 com inscri\u00e7\u00f5es abertas at\u00e9 o dia 30 de novembro de 2021 pelo site. A empresa busca estudantes universit\u00e1rios que queiram fazer parte do movimento de transforma\u00e7\u00e3o da mobilidade que a GM lidera globalmente, com a vis\u00e3o de futuro zero acidente, zero emiss\u00e3o e\u2026 Leia mais \u00bb\" \/>\n<meta property=\"og:url\" content=\"https:\/\/dana.com.br\/canaldana\/2021\/11\/12\/general-motors-abre-inscricoes-para-programa-de-estagio-2022\/\" \/>\n<meta property=\"og:site_name\" content=\"Canal Dana\" \/>\n<meta property=\"article:published_time\" content=\"2021-11-12T11:46:07+00:00\" \/>\n<meta name=\"author\" content=\"Canal Dana\" \/>\n<meta name=\"twitter:card\" content=\"summary_large_image\" \/>\n<meta name=\"twitter:label1\" content=\"Escrito por\" \/>\n\t<meta name=\"twitter:data1\" content=\"Canal Dana\" \/>\n\t<meta name=\"twitter:label2\" content=\"Est. tempo de leitura\" \/>\n\t<meta name=\"twitter:data2\" content=\"4 minutos\" \/>\n<script type=\"application\/ld+json\" class=\"yoast-schema-graph\">{\"@context\":\"https:\\\/\\\/schema.org\",\"@graph\":[{\"@type\":\"Article\",\"@id\":\"https:\\\/\\\/dana.com.br\\\/canaldana\\\/2021\\\/11\\\/12\\\/general-motors-abre-inscricoes-para-programa-de-estagio-2022\\\/#article\",\"isPartOf\":{\"@id\":\"https:\\\/\\\/dana.com.br\\\/canaldana\\\/2021\\\/11\\\/12\\\/general-motors-abre-inscricoes-para-programa-de-estagio-2022\\\/\"},\"author\":{\"name\":\"Canal Dana\",\"@id\":\"https:\\\/\\\/dana.com.br\\\/canaldana\\\/#\\\/schema\\\/person\\\/3c21f22f56fcf3bc46b94bc60ea4fef6\"},\"headline\":\"General Motors abre inscri\u00e7\u00f5es para programa de est\u00e1gio 2022\",\"datePublished\":\"2021-11-12T11:46:07+00:00\",\"mainEntityOfPage\":{\"@id\":\"https:\\\/\\\/dana.com.br\\\/canaldana\\\/2021\\\/11\\\/12\\\/general-motors-abre-inscricoes-para-programa-de-estagio-2022\\\/\"},\"wordCount\":760,\"articleSection\":[\"Oportunidade\"],\"inLanguage\":\"pt-BR\"},{\"@type\":\"WebPage\",\"@id\":\"https:\\\/\\\/dana.com.br\\\/canaldana\\\/2021\\\/11\\\/12\\\/general-motors-abre-inscricoes-para-programa-de-estagio-2022\\\/\",\"url\":\"https:\\\/\\\/dana.com.br\\\/canaldana\\\/2021\\\/11\\\/12\\\/general-motors-abre-inscricoes-para-programa-de-estagio-2022\\\/\",\"name\":\"General Motors abre inscri\u00e7\u00f5es para programa de est\u00e1gio 2022 - Canal Dana\",\"isPartOf\":{\"@id\":\"https:\\\/\\\/dana.com.br\\\/canaldana\\\/#website\"},\"datePublished\":\"2021-11-12T11:46:07+00:00\",\"author\":{\"@id\":\"https:\\\/\\\/dana.com.br\\\/canaldana\\\/#\\\/schema\\\/person\\\/3c21f22f56fcf3bc46b94bc60ea4fef6\"},\"breadcrumb\":{\"@id\":\"https:\\\/\\\/dana.com.br\\\/canaldana\\\/2021\\\/11\\\/12\\\/general-motors-abre-inscricoes-para-programa-de-estagio-2022\\\/#breadcrumb\"},\"inLanguage\":\"pt-BR\",\"potentialAction\":[{\"@type\":\"ReadAction\",\"target\":[\"https:\\\/\\\/dana.com.br\\\/canaldana\\\/2021\\\/11\\\/12\\\/general-motors-abre-inscricoes-para-programa-de-estagio-2022\\\/\"]}]},{\"@type\":\"BreadcrumbList\",\"@id\":\"https:\\\/\\\/dana.com.br\\\/canaldana\\\/2021\\\/11\\\/12\\\/general-motors-abre-inscricoes-para-programa-de-estagio-2022\\\/#breadcrumb\",\"itemListElement\":[{\"@type\":\"ListItem\",\"position\":1,\"name\":\"Home\",\"item\":\"https:\\\/\\\/dana.com.br\\\/canaldana\\\/\"},{\"@type\":\"ListItem\",\"position\":2,\"name\":\"Oportunidade\",\"item\":\"https:\\\/\\\/dana.com.br\\\/canaldana\\\/oportunidade\\\/\"},{\"@type\":\"ListItem\",\"position\":3,\"name\":\"General Motors abre inscri\u00e7\u00f5es para programa de est\u00e1gio 2022\"}]},{\"@type\":\"WebSite\",\"@id\":\"https:\\\/\\\/dana.com.br\\\/canaldana\\\/#website\",\"url\":\"https:\\\/\\\/dana.com.br\\\/canaldana\\\/\",\"name\":\"Canal Dana\",\"description\":\"Informativo com as principais not\u00edcias da ind\u00fastria automotiva\",\"potentialAction\":[{\"@type\":\"SearchAction\",\"target\":{\"@type\":\"EntryPoint\",\"urlTemplate\":\"https:\\\/\\\/dana.com.br\\\/canaldana\\\/?s={search_term_string}\"},\"query-input\":{\"@type\":\"PropertyValueSpecification\",\"valueRequired\":true,\"valueName\":\"search_term_string\"}}],\"inLanguage\":\"pt-BR\"},{\"@type\":\"Person\",\"@id\":\"https:\\\/\\\/dana.com.br\\\/canaldana\\\/#\\\/schema\\\/person\\\/3c21f22f56fcf3bc46b94bc60ea4fef6\",\"name\":\"Canal Dana\",\"image\":{\"@type\":\"ImageObject\",\"inLanguage\":\"pt-BR\",\"@id\":\"https:\\\/\\\/secure.gravatar.com\\\/avatar\\\/420aaf9278582877d9018637c6817617705899d2858d7572ef0fe59a6b6454b4?s=96&d=mm&r=g\",\"url\":\"https:\\\/\\\/secure.gravatar.com\\\/avatar\\\/420aaf9278582877d9018637c6817617705899d2858d7572ef0fe59a6b6454b4?s=96&d=mm&r=g\",\"contentUrl\":\"https:\\\/\\\/secure.gravatar.com\\\/avatar\\\/420aaf9278582877d9018637c6817617705899d2858d7572ef0fe59a6b6454b4?s=96&d=mm&r=g\",\"caption\":\"Canal Dana\"},\"url\":\"https:\\\/\\\/dana.com.br\\\/canaldana\\\/author\\\/cdeditor\\\/\"}]}<\/script>\n<!-- \/ Yoast SEO plugin. -->","yoast_head_json":{"title":"General Motors abre inscri\u00e7\u00f5es para programa de est\u00e1gio 2022 - Canal Dana","robots":{"index":"index","follow":"follow","max-snippet":"max-snippet:-1","max-image-preview":"max-image-preview:large","max-video-preview":"max-video-preview:-1"},"canonical":"https:\/\/dana.com.br\/canaldana\/2021\/11\/12\/general-motors-abre-inscricoes-para-programa-de-estagio-2022\/","og_locale":"pt_BR","og_type":"article","og_title":"General Motors abre inscri\u00e7\u00f5es para programa de est\u00e1gio 2022 - Canal Dana","og_description":"Coisas de Agora &nbsp; O programa de est\u00e1gio da General Motors est\u00e1 com inscri\u00e7\u00f5es abertas at\u00e9 o dia 30 de novembro de 2021 pelo site. A empresa busca estudantes universit\u00e1rios que queiram fazer parte do movimento de transforma\u00e7\u00e3o da mobilidade que a GM lidera globalmente, com a vis\u00e3o de futuro zero acidente, zero emiss\u00e3o e\u2026 Leia mais \u00bb","og_url":"https:\/\/dana.com.br\/canaldana\/2021\/11\/12\/general-motors-abre-inscricoes-para-programa-de-estagio-2022\/","og_site_name":"Canal Dana","article_published_time":"2021-11-12T11:46:07+00:00","author":"Canal Dana","twitter_card":"summary_large_image","twitter_misc":{"Escrito por":"Canal Dana","Est. tempo de leitura":"4 minutos"},"schema":{"@context":"https:\/\/schema.org","@graph":[{"@type":"Article","@id":"https:\/\/dana.com.br\/canaldana\/2021\/11\/12\/general-motors-abre-inscricoes-para-programa-de-estagio-2022\/#article","isPartOf":{"@id":"https:\/\/dana.com.br\/canaldana\/2021\/11\/12\/general-motors-abre-inscricoes-para-programa-de-estagio-2022\/"},"author":{"name":"Canal Dana","@id":"https:\/\/dana.com.br\/canaldana\/#\/schema\/person\/3c21f22f56fcf3bc46b94bc60ea4fef6"},"headline":"General Motors abre inscri\u00e7\u00f5es para programa de est\u00e1gio 2022","datePublished":"2021-11-12T11:46:07+00:00","mainEntityOfPage":{"@id":"https:\/\/dana.com.br\/canaldana\/2021\/11\/12\/general-motors-abre-inscricoes-para-programa-de-estagio-2022\/"},"wordCount":760,"articleSection":["Oportunidade"],"inLanguage":"pt-BR"},{"@type":"WebPage","@id":"https:\/\/dana.com.br\/canaldana\/2021\/11\/12\/general-motors-abre-inscricoes-para-programa-de-estagio-2022\/","url":"https:\/\/dana.com.br\/canaldana\/2021\/11\/12\/general-motors-abre-inscricoes-para-programa-de-estagio-2022\/","name":"General Motors abre inscri\u00e7\u00f5es para programa de est\u00e1gio 2022 - Canal Dana","isPartOf":{"@id":"https:\/\/dana.com.br\/canaldana\/#website"},"datePublished":"2021-11-12T11:46:07+00:00","author":{"@id":"https:\/\/dana.com.br\/canaldana\/#\/schema\/person\/3c21f22f56fcf3bc46b94bc60ea4fef6"},"breadcrumb":{"@id":"https:\/\/dana.com.br\/canaldana\/2021\/11\/12\/general-motors-abre-inscricoes-para-programa-de-estagio-2022\/#breadcrumb"},"inLanguage":"pt-BR","potentialAction":[{"@type":"ReadAction","target":["https:\/\/dana.com.br\/canaldana\/2021\/11\/12\/general-motors-abre-inscricoes-para-programa-de-estagio-2022\/"]}]},{"@type":"BreadcrumbList","@id":"https:\/\/dana.com.br\/canaldana\/2021\/11\/12\/general-motors-abre-inscricoes-para-programa-de-estagio-2022\/#breadcrumb","itemListElement":[{"@type":"ListItem","position":1,"name":"Home","item":"https:\/\/dana.com.br\/canaldana\/"},{"@type":"ListItem","position":2,"name":"Oportunidade","item":"https:\/\/dana.com.br\/canaldana\/oportunidade\/"},{"@type":"ListItem","position":3,"name":"General Motors abre inscri\u00e7\u00f5es para programa de est\u00e1gio 2022"}]},{"@type":"WebSite","@id":"https:\/\/dana.com.br\/canaldana\/#website","url":"https:\/\/dana.com.br\/canaldana\/","name":"Canal Dana","description":"Informativo com as principais not\u00edcias da ind\u00fastria automotiva","potentialAction":[{"@type":"SearchAction","target":{"@type":"EntryPoint","urlTemplate":"https:\/\/dana.com.br\/canaldana\/?s={search_term_string}"},"query-input":{"@type":"PropertyValueSpecification","valueRequired":true,"valueName":"search_term_string"}}],"inLanguage":"pt-BR"},{"@type":"Person","@id":"https:\/\/dana.com.br\/canaldana\/#\/schema\/person\/3c21f22f56fcf3bc46b94bc60ea4fef6","name":"Canal Dana","image":{"@type":"ImageObject","inLanguage":"pt-BR","@id":"https:\/\/secure.gravatar.com\/avatar\/420aaf9278582877d9018637c6817617705899d2858d7572ef0fe59a6b6454b4?s=96&d=mm&r=g","url":"https:\/\/secure.gravatar.com\/avatar\/420aaf9278582877d9018637c6817617705899d2858d7572ef0fe59a6b6454b4?s=96&d=mm&r=g","contentUrl":"https:\/\/secure.gravatar.com\/avatar\/420aaf9278582877d9018637c6817617705899d2858d7572ef0fe59a6b6454b4?s=96&d=mm&r=g","caption":"Canal Dana"},"url":"https:\/\/dana.com.br\/canaldana\/author\/cdeditor\/"}]}},"_links":{"self":[{"href":"https:\/\/dana.com.br\/canaldana\/wp-json\/wp\/v2\/posts\/54238","targetHints":{"allow":["GET"]}}],"collection":[{"href":"https:\/\/dana.com.br\/canaldana\/wp-json\/wp\/v2\/posts"}],"about":[{"href":"https:\/\/dana.com.br\/canaldana\/wp-json\/wp\/v2\/types\/post"}],"author":[{"embeddable":true,"href":"https:\/\/dana.com.br\/canaldana\/wp-json\/wp\/v2\/users\/3"}],"replies":[{"embeddable":true,"href":"https:\/\/dana.com.br\/canaldana\/wp-json\/wp\/v2\/comments?post=54238"}],"version-history":[{"count":0,"href":"https:\/\/dana.com.br\/canaldana\/wp-json\/wp\/v2\/posts\/54238\/revisions"}],"wp:attachment":[{"href":"https:\/\/dana.com.br\/canaldana\/wp-json\/wp\/v2\/media?parent=54238"}],"wp:term":[{"taxonomy":"category","embeddable":true,"href":"https:\/\/dana.com.br\/canaldana\/wp-json\/wp\/v2\/categories?post=54238"},{"taxonomy":"post_tag","embeddable":true,"href":"https:\/\/dana.com.br\/canaldana\/wp-json\/wp\/v2\/tags?post=54238"}],"curies":[{"name":"wp","href":"https:\/\/api.w.org\/{rel}","templated":true}]}}