{"id":53964,"date":"2021-11-01T08:36:19","date_gmt":"2021-11-01T11:36:19","guid":{"rendered":"https:\/\/dana.com.br\/canaldana\/?p=53964"},"modified":"2021-11-01T08:36:19","modified_gmt":"2021-11-01T11:36:19","slug":"volkswagen-lidera-o-mercado-de-caminhoes-no-uruguai-que-cresceu-838-em-2021","status":"publish","type":"post","link":"https:\/\/dana.com.br\/canaldana\/2021\/11\/01\/volkswagen-lidera-o-mercado-de-caminhoes-no-uruguai-que-cresceu-838-em-2021\/","title":{"rendered":"Volkswagen lidera o mercado de caminh\u00f5es no Uruguai, que cresceu 83,8% em 2021"},"content":{"rendered":"<p><em>Truck &amp; Bus Builder America do Sul<\/em><\/p>\n<p>&nbsp;<\/p>\n<p>Nos primeiros nove meses deste ano, segundo a ACAU \u2013 Associa\u00e7\u00e3o do Com\u00e9rcio Automotivo do Uruguai, o mercado uruguaio de caminh\u00f5es vendeu 2.069 unidades, 83,8% acima das 1.127 unidades vendidas no mesmo per\u00edodo. Como em quase todos os demais pa\u00edses da Am\u00e9rica do Sul, a recupera\u00e7\u00e3o da economia em diversos segmentos aumentou a demanda por ve\u00edculos comerciais.<\/p>\n<p>&nbsp;<\/p>\n<p>A Volkswagen Caminh\u00f5es e \u00d4nibus assumiu a lideran\u00e7a, com a venda de 477 unidades e uma participa\u00e7\u00e3o de 23,0, seguida pela JAC, com apenas sete ve\u00edculos a menos (470) que a fabricante brasileira e 22,7% de market share, e pela JMC, com 364 unidades e 17,6% de participa\u00e7\u00e3o.<\/p>\n<p>&nbsp;<\/p>\n<p>Em 2020, a primeira posi\u00e7\u00e3o nas vendas de janeiro a setembro era da Hyundai, com 261 ve\u00edculos, seguida da JMC, com 239. A Volkswagen ocupava a terceira posi\u00e7\u00e3o, com 193 ve\u00edculos.<\/p>\n<p>&nbsp;<\/p>\n<p>Na categoria mini\u00f4nibus, foram vendidas 140 unidades, um aumento de 62,8% sobre as 86 unidades vendidas de janeiro a setembro de 2020. A Hyundai foi a l\u00edder, com 73 ve\u00edculos e 52,1% de market-share, \u00e0 frente da JAC, com 34 unidades e 24,3 % de participa\u00e7\u00e3o, e Mercedes-Benz, com 18 unidades e 12,9% do mercado.<\/p>\n<p>&nbsp;<\/p>\n<p>O segmento de \u00f4nibus teve um resultado muito fraco, com apenas 8 unidades nos nove meses do ano e queda de 89,0% ante 73 unidades vendidas no mesmo per\u00edodo de 2020. Marcas brasileiras dominaram o mercado, Scania e Volvo na lideran\u00e7a, ambos com 3 ve\u00edculos vendidos e Volkswagen, com duas unidades. (Truck &amp; Bus Builder America do Sul)<\/p>\n","protected":false},"excerpt":{"rendered":"<p>Truck &amp; Bus Builder America do Sul &nbsp; Nos primeiros nove meses deste ano, segundo a ACAU \u2013 Associa\u00e7\u00e3o do Com\u00e9rcio Automotivo do Uruguai, o mercado uruguaio de caminh\u00f5es vendeu 2.069 unidades, 83,8% acima das 1.127 unidades vendidas no mesmo per\u00edodo. Como em quase todos os demais pa\u00edses da Am\u00e9rica do Sul, a recupera\u00e7\u00e3o da\u2026 <a class=\"readmore\" href=\"https:\/\/dana.com.br\/canaldana\/2021\/11\/01\/volkswagen-lidera-o-mercado-de-caminhoes-no-uruguai-que-cresceu-838-em-2021\/\">Leia mais \u00bb<\/a><\/p>\n","protected":false},"author":3,"featured_media":0,"comment_status":"closed","ping_status":"closed","sticky":false,"template":"","format":"standard","meta":{"_acf_changed":false,"footnotes":""},"categories":[79],"tags":[],"class_list":["post-53964","post","type-post","status-publish","format-standard","hentry","category-mercado"],"acf":[],"yoast_head":"<!-- This site is optimized with the Yoast SEO plugin v27.3 - https:\/\/yoast.com\/product\/yoast-seo-wordpress\/ -->\n<title>Volkswagen lidera o mercado de caminh\u00f5es no Uruguai, que cresceu 83,8% em 2021 - Canal Dana<\/title>\n<meta name=\"robots\" content=\"index, follow, max-snippet:-1, max-image-preview:large, max-video-preview:-1\" \/>\n<link rel=\"canonical\" href=\"https:\/\/dana.com.br\/canaldana\/2021\/11\/01\/volkswagen-lidera-o-mercado-de-caminhoes-no-uruguai-que-cresceu-838-em-2021\/\" \/>\n<meta property=\"og:locale\" content=\"pt_BR\" \/>\n<meta property=\"og:type\" content=\"article\" \/>\n<meta property=\"og:title\" content=\"Volkswagen lidera o mercado de caminh\u00f5es no Uruguai, que cresceu 83,8% em 2021 - Canal Dana\" \/>\n<meta property=\"og:description\" content=\"Truck &amp; Bus Builder America do Sul &nbsp; Nos primeiros nove meses deste ano, segundo a ACAU \u2013 Associa\u00e7\u00e3o do Com\u00e9rcio Automotivo do Uruguai, o mercado uruguaio de caminh\u00f5es vendeu 2.069 unidades, 83,8% acima das 1.127 unidades vendidas no mesmo per\u00edodo. Como em quase todos os demais pa\u00edses da Am\u00e9rica do Sul, a recupera\u00e7\u00e3o da\u2026 Leia mais \u00bb\" \/>\n<meta property=\"og:url\" content=\"https:\/\/dana.com.br\/canaldana\/2021\/11\/01\/volkswagen-lidera-o-mercado-de-caminhoes-no-uruguai-que-cresceu-838-em-2021\/\" \/>\n<meta property=\"og:site_name\" content=\"Canal Dana\" \/>\n<meta property=\"article:published_time\" content=\"2021-11-01T11:36:19+00:00\" \/>\n<meta name=\"author\" content=\"Canal Dana\" \/>\n<meta name=\"twitter:card\" content=\"summary_large_image\" \/>\n<meta name=\"twitter:label1\" content=\"Escrito por\" \/>\n\t<meta name=\"twitter:data1\" content=\"Canal Dana\" \/>\n\t<meta name=\"twitter:label2\" content=\"Est. tempo de leitura\" \/>\n\t<meta name=\"twitter:data2\" content=\"1 minuto\" \/>\n<script type=\"application\/ld+json\" class=\"yoast-schema-graph\">{\"@context\":\"https:\\\/\\\/schema.org\",\"@graph\":[{\"@type\":\"Article\",\"@id\":\"https:\\\/\\\/dana.com.br\\\/canaldana\\\/2021\\\/11\\\/01\\\/volkswagen-lidera-o-mercado-de-caminhoes-no-uruguai-que-cresceu-838-em-2021\\\/#article\",\"isPartOf\":{\"@id\":\"https:\\\/\\\/dana.com.br\\\/canaldana\\\/2021\\\/11\\\/01\\\/volkswagen-lidera-o-mercado-de-caminhoes-no-uruguai-que-cresceu-838-em-2021\\\/\"},\"author\":{\"name\":\"Canal Dana\",\"@id\":\"https:\\\/\\\/dana.com.br\\\/canaldana\\\/#\\\/schema\\\/person\\\/3c21f22f56fcf3bc46b94bc60ea4fef6\"},\"headline\":\"Volkswagen lidera o mercado de caminh\u00f5es no Uruguai, que cresceu 83,8% em 2021\",\"datePublished\":\"2021-11-01T11:36:19+00:00\",\"mainEntityOfPage\":{\"@id\":\"https:\\\/\\\/dana.com.br\\\/canaldana\\\/2021\\\/11\\\/01\\\/volkswagen-lidera-o-mercado-de-caminhoes-no-uruguai-que-cresceu-838-em-2021\\\/\"},\"wordCount\":266,\"articleSection\":[\"Mercado\"],\"inLanguage\":\"pt-BR\"},{\"@type\":\"WebPage\",\"@id\":\"https:\\\/\\\/dana.com.br\\\/canaldana\\\/2021\\\/11\\\/01\\\/volkswagen-lidera-o-mercado-de-caminhoes-no-uruguai-que-cresceu-838-em-2021\\\/\",\"url\":\"https:\\\/\\\/dana.com.br\\\/canaldana\\\/2021\\\/11\\\/01\\\/volkswagen-lidera-o-mercado-de-caminhoes-no-uruguai-que-cresceu-838-em-2021\\\/\",\"name\":\"Volkswagen lidera o mercado de caminh\u00f5es no Uruguai, que cresceu 83,8% em 2021 - Canal Dana\",\"isPartOf\":{\"@id\":\"https:\\\/\\\/dana.com.br\\\/canaldana\\\/#website\"},\"datePublished\":\"2021-11-01T11:36:19+00:00\",\"author\":{\"@id\":\"https:\\\/\\\/dana.com.br\\\/canaldana\\\/#\\\/schema\\\/person\\\/3c21f22f56fcf3bc46b94bc60ea4fef6\"},\"breadcrumb\":{\"@id\":\"https:\\\/\\\/dana.com.br\\\/canaldana\\\/2021\\\/11\\\/01\\\/volkswagen-lidera-o-mercado-de-caminhoes-no-uruguai-que-cresceu-838-em-2021\\\/#breadcrumb\"},\"inLanguage\":\"pt-BR\",\"potentialAction\":[{\"@type\":\"ReadAction\",\"target\":[\"https:\\\/\\\/dana.com.br\\\/canaldana\\\/2021\\\/11\\\/01\\\/volkswagen-lidera-o-mercado-de-caminhoes-no-uruguai-que-cresceu-838-em-2021\\\/\"]}]},{\"@type\":\"BreadcrumbList\",\"@id\":\"https:\\\/\\\/dana.com.br\\\/canaldana\\\/2021\\\/11\\\/01\\\/volkswagen-lidera-o-mercado-de-caminhoes-no-uruguai-que-cresceu-838-em-2021\\\/#breadcrumb\",\"itemListElement\":[{\"@type\":\"ListItem\",\"position\":1,\"name\":\"Home\",\"item\":\"https:\\\/\\\/dana.com.br\\\/canaldana\\\/\"},{\"@type\":\"ListItem\",\"position\":2,\"name\":\"Mercado\",\"item\":\"https:\\\/\\\/dana.com.br\\\/canaldana\\\/mercado\\\/\"},{\"@type\":\"ListItem\",\"position\":3,\"name\":\"Volkswagen lidera o mercado de caminh\u00f5es no Uruguai, que cresceu 83,8% em 2021\"}]},{\"@type\":\"WebSite\",\"@id\":\"https:\\\/\\\/dana.com.br\\\/canaldana\\\/#website\",\"url\":\"https:\\\/\\\/dana.com.br\\\/canaldana\\\/\",\"name\":\"Canal Dana\",\"description\":\"Informativo com as principais not\u00edcias da ind\u00fastria automotiva\",\"potentialAction\":[{\"@type\":\"SearchAction\",\"target\":{\"@type\":\"EntryPoint\",\"urlTemplate\":\"https:\\\/\\\/dana.com.br\\\/canaldana\\\/?s={search_term_string}\"},\"query-input\":{\"@type\":\"PropertyValueSpecification\",\"valueRequired\":true,\"valueName\":\"search_term_string\"}}],\"inLanguage\":\"pt-BR\"},{\"@type\":\"Person\",\"@id\":\"https:\\\/\\\/dana.com.br\\\/canaldana\\\/#\\\/schema\\\/person\\\/3c21f22f56fcf3bc46b94bc60ea4fef6\",\"name\":\"Canal Dana\",\"image\":{\"@type\":\"ImageObject\",\"inLanguage\":\"pt-BR\",\"@id\":\"https:\\\/\\\/secure.gravatar.com\\\/avatar\\\/420aaf9278582877d9018637c6817617705899d2858d7572ef0fe59a6b6454b4?s=96&d=mm&r=g\",\"url\":\"https:\\\/\\\/secure.gravatar.com\\\/avatar\\\/420aaf9278582877d9018637c6817617705899d2858d7572ef0fe59a6b6454b4?s=96&d=mm&r=g\",\"contentUrl\":\"https:\\\/\\\/secure.gravatar.com\\\/avatar\\\/420aaf9278582877d9018637c6817617705899d2858d7572ef0fe59a6b6454b4?s=96&d=mm&r=g\",\"caption\":\"Canal Dana\"},\"url\":\"https:\\\/\\\/dana.com.br\\\/canaldana\\\/author\\\/cdeditor\\\/\"}]}<\/script>\n<!-- \/ Yoast SEO plugin. -->","yoast_head_json":{"title":"Volkswagen lidera o mercado de caminh\u00f5es no Uruguai, que cresceu 83,8% em 2021 - Canal Dana","robots":{"index":"index","follow":"follow","max-snippet":"max-snippet:-1","max-image-preview":"max-image-preview:large","max-video-preview":"max-video-preview:-1"},"canonical":"https:\/\/dana.com.br\/canaldana\/2021\/11\/01\/volkswagen-lidera-o-mercado-de-caminhoes-no-uruguai-que-cresceu-838-em-2021\/","og_locale":"pt_BR","og_type":"article","og_title":"Volkswagen lidera o mercado de caminh\u00f5es no Uruguai, que cresceu 83,8% em 2021 - Canal Dana","og_description":"Truck &amp; Bus Builder America do Sul &nbsp; Nos primeiros nove meses deste ano, segundo a ACAU \u2013 Associa\u00e7\u00e3o do Com\u00e9rcio Automotivo do Uruguai, o mercado uruguaio de caminh\u00f5es vendeu 2.069 unidades, 83,8% acima das 1.127 unidades vendidas no mesmo per\u00edodo. Como em quase todos os demais pa\u00edses da Am\u00e9rica do Sul, a recupera\u00e7\u00e3o da\u2026 Leia mais \u00bb","og_url":"https:\/\/dana.com.br\/canaldana\/2021\/11\/01\/volkswagen-lidera-o-mercado-de-caminhoes-no-uruguai-que-cresceu-838-em-2021\/","og_site_name":"Canal Dana","article_published_time":"2021-11-01T11:36:19+00:00","author":"Canal Dana","twitter_card":"summary_large_image","twitter_misc":{"Escrito por":"Canal Dana","Est. tempo de leitura":"1 minuto"},"schema":{"@context":"https:\/\/schema.org","@graph":[{"@type":"Article","@id":"https:\/\/dana.com.br\/canaldana\/2021\/11\/01\/volkswagen-lidera-o-mercado-de-caminhoes-no-uruguai-que-cresceu-838-em-2021\/#article","isPartOf":{"@id":"https:\/\/dana.com.br\/canaldana\/2021\/11\/01\/volkswagen-lidera-o-mercado-de-caminhoes-no-uruguai-que-cresceu-838-em-2021\/"},"author":{"name":"Canal Dana","@id":"https:\/\/dana.com.br\/canaldana\/#\/schema\/person\/3c21f22f56fcf3bc46b94bc60ea4fef6"},"headline":"Volkswagen lidera o mercado de caminh\u00f5es no Uruguai, que cresceu 83,8% em 2021","datePublished":"2021-11-01T11:36:19+00:00","mainEntityOfPage":{"@id":"https:\/\/dana.com.br\/canaldana\/2021\/11\/01\/volkswagen-lidera-o-mercado-de-caminhoes-no-uruguai-que-cresceu-838-em-2021\/"},"wordCount":266,"articleSection":["Mercado"],"inLanguage":"pt-BR"},{"@type":"WebPage","@id":"https:\/\/dana.com.br\/canaldana\/2021\/11\/01\/volkswagen-lidera-o-mercado-de-caminhoes-no-uruguai-que-cresceu-838-em-2021\/","url":"https:\/\/dana.com.br\/canaldana\/2021\/11\/01\/volkswagen-lidera-o-mercado-de-caminhoes-no-uruguai-que-cresceu-838-em-2021\/","name":"Volkswagen lidera o mercado de caminh\u00f5es no Uruguai, que cresceu 83,8% em 2021 - Canal Dana","isPartOf":{"@id":"https:\/\/dana.com.br\/canaldana\/#website"},"datePublished":"2021-11-01T11:36:19+00:00","author":{"@id":"https:\/\/dana.com.br\/canaldana\/#\/schema\/person\/3c21f22f56fcf3bc46b94bc60ea4fef6"},"breadcrumb":{"@id":"https:\/\/dana.com.br\/canaldana\/2021\/11\/01\/volkswagen-lidera-o-mercado-de-caminhoes-no-uruguai-que-cresceu-838-em-2021\/#breadcrumb"},"inLanguage":"pt-BR","potentialAction":[{"@type":"ReadAction","target":["https:\/\/dana.com.br\/canaldana\/2021\/11\/01\/volkswagen-lidera-o-mercado-de-caminhoes-no-uruguai-que-cresceu-838-em-2021\/"]}]},{"@type":"BreadcrumbList","@id":"https:\/\/dana.com.br\/canaldana\/2021\/11\/01\/volkswagen-lidera-o-mercado-de-caminhoes-no-uruguai-que-cresceu-838-em-2021\/#breadcrumb","itemListElement":[{"@type":"ListItem","position":1,"name":"Home","item":"https:\/\/dana.com.br\/canaldana\/"},{"@type":"ListItem","position":2,"name":"Mercado","item":"https:\/\/dana.com.br\/canaldana\/mercado\/"},{"@type":"ListItem","position":3,"name":"Volkswagen lidera o mercado de caminh\u00f5es no Uruguai, que cresceu 83,8% em 2021"}]},{"@type":"WebSite","@id":"https:\/\/dana.com.br\/canaldana\/#website","url":"https:\/\/dana.com.br\/canaldana\/","name":"Canal Dana","description":"Informativo com as principais not\u00edcias da ind\u00fastria automotiva","potentialAction":[{"@type":"SearchAction","target":{"@type":"EntryPoint","urlTemplate":"https:\/\/dana.com.br\/canaldana\/?s={search_term_string}"},"query-input":{"@type":"PropertyValueSpecification","valueRequired":true,"valueName":"search_term_string"}}],"inLanguage":"pt-BR"},{"@type":"Person","@id":"https:\/\/dana.com.br\/canaldana\/#\/schema\/person\/3c21f22f56fcf3bc46b94bc60ea4fef6","name":"Canal Dana","image":{"@type":"ImageObject","inLanguage":"pt-BR","@id":"https:\/\/secure.gravatar.com\/avatar\/420aaf9278582877d9018637c6817617705899d2858d7572ef0fe59a6b6454b4?s=96&d=mm&r=g","url":"https:\/\/secure.gravatar.com\/avatar\/420aaf9278582877d9018637c6817617705899d2858d7572ef0fe59a6b6454b4?s=96&d=mm&r=g","contentUrl":"https:\/\/secure.gravatar.com\/avatar\/420aaf9278582877d9018637c6817617705899d2858d7572ef0fe59a6b6454b4?s=96&d=mm&r=g","caption":"Canal Dana"},"url":"https:\/\/dana.com.br\/canaldana\/author\/cdeditor\/"}]}},"_links":{"self":[{"href":"https:\/\/dana.com.br\/canaldana\/wp-json\/wp\/v2\/posts\/53964","targetHints":{"allow":["GET"]}}],"collection":[{"href":"https:\/\/dana.com.br\/canaldana\/wp-json\/wp\/v2\/posts"}],"about":[{"href":"https:\/\/dana.com.br\/canaldana\/wp-json\/wp\/v2\/types\/post"}],"author":[{"embeddable":true,"href":"https:\/\/dana.com.br\/canaldana\/wp-json\/wp\/v2\/users\/3"}],"replies":[{"embeddable":true,"href":"https:\/\/dana.com.br\/canaldana\/wp-json\/wp\/v2\/comments?post=53964"}],"version-history":[{"count":0,"href":"https:\/\/dana.com.br\/canaldana\/wp-json\/wp\/v2\/posts\/53964\/revisions"}],"wp:attachment":[{"href":"https:\/\/dana.com.br\/canaldana\/wp-json\/wp\/v2\/media?parent=53964"}],"wp:term":[{"taxonomy":"category","embeddable":true,"href":"https:\/\/dana.com.br\/canaldana\/wp-json\/wp\/v2\/categories?post=53964"},{"taxonomy":"post_tag","embeddable":true,"href":"https:\/\/dana.com.br\/canaldana\/wp-json\/wp\/v2\/tags?post=53964"}],"curies":[{"name":"wp","href":"https:\/\/api.w.org\/{rel}","templated":true}]}}