{"id":53955,"date":"2021-11-01T08:33:47","date_gmt":"2021-11-01T11:33:47","guid":{"rendered":"https:\/\/dana.com.br\/canaldana\/?p=53955"},"modified":"2021-11-01T08:33:47","modified_gmt":"2021-11-01T11:33:47","slug":"toyota-divulga-detalhes-de-seu-novo-veiculo-eletrico-bz4x","status":"publish","type":"post","link":"https:\/\/dana.com.br\/canaldana\/2021\/11\/01\/toyota-divulga-detalhes-de-seu-novo-veiculo-eletrico-bz4x\/","title":{"rendered":"Toyota divulga detalhes de seu novo ve\u00edculo el\u00e9trico bZ4X"},"content":{"rendered":"<p><em>Coisas de Agora<\/em><\/p>\n<p>&nbsp;<\/p>\n<p>Modelo contribui com objetivos ODS e refor\u00e7a a abordagem da Toyota rumo a neutralidade de carbono como \u201cpr\u00e1tica e sustent\u00e1vel\u201d, reduzindo emiss\u00f5es de CO2 por meio de produtos f\u00e1ceis de usar e altamente atrativos<\/p>\n<p>&nbsp;<\/p>\n<p>A Toyota anunciou nesta sexta-feira, 29 de outubro, detalhes do bZ4X, prot\u00f3tipo de seu novo modelo eletrificado com a tecnologia BEV (Battery Electric Vehicle). Com uma abordagem focada na neutralidade de carbono de forma \u201cpr\u00e1tica e sustent\u00e1vel\u201d, a marca est\u00e1 trabalhando para trazer solu\u00e7\u00f5es e assim apoiar o desenvolvimento de uma sociedade sustent\u00e1vel, garantindo um futuro melhor para o planeta e as futuras gera\u00e7\u00f5es.<\/p>\n<p>&nbsp;<\/p>\n<p>Para contribuir com o alcance dos ODS (Objetivos de Desenvolvimento Sustent\u00e1vel) e com o desafio urgente em escala global de redu\u00e7\u00e3o das emiss\u00f5es de carbono, a Toyota fomenta iniciativas diversas para alcan\u00e7ar a neutralidade de carbono at\u00e9 2050. E, para isso, a empresa v\u00ea como significativa a populariza\u00e7\u00e3o de ve\u00edculos ecol\u00f3gicos que contribuam com essas metas.<\/p>\n<p>&nbsp;<\/p>\n<p>Por este motivo, a empresa acredita na ideia de \u201cintroduzir ve\u00edculos sustent\u00e1veis na pr\u00e1tica\u201d e est\u00e1 desenvolvendo uma linha completa de eletrificados \u2013 incluindo HEVs, PHEVs, BEVs e FCEVs \u2013 em prepara\u00e7\u00e3o para oferecer aos clientes uma ampla gama de op\u00e7\u00f5es.<\/p>\n<p>&nbsp;<\/p>\n<p>A nova s\u00e9rie de ve\u00edculos 100% el\u00e9tricos Toyota bZ tamb\u00e9m se baseia nesta premissa. O objetivo \u00e9 obter a aceita\u00e7\u00e3o de muitos clientes em regi\u00f5es com grande demanda por BEVs e suprimento abundante de eletricidade a partir de energia renov\u00e1vel, como China, EUA, Europa e Jap\u00e3o, e lan\u00e7ar sete modelos Toyota bZ at\u00e9 2025.<\/p>\n<p>&nbsp;<\/p>\n<p>Com a introdu\u00e7\u00e3o da nova s\u00e9rie bZ, a Toyota estabeleceu quatro valores-alvo principais<\/p>\n<p>&nbsp;<\/p>\n<p><strong>1) Voc\u00ea e outros<\/strong><\/p>\n<p>Al\u00e9m de cabines confort\u00e1veis, o Toyota bZ oferece um novo estilo de vida e a oportunidade de aproveitar um tempo precioso com a fam\u00edlia e amigos.<\/p>\n<p>&nbsp;<\/p>\n<p><strong>2) Voc\u00ea e seu carro<\/strong><\/p>\n<p>O Toyota bZ oferece prazer \u00fanico de conduzir do BEV e a empolga\u00e7\u00e3o com as possibilidades previstas.<\/p>\n<p>&nbsp;<\/p>\n<p><strong>3) Voc\u00ea e o meio ambiente<\/strong><\/p>\n<p>O Toyota bZ n\u00e3o s\u00f3 reduzir\u00e1 o CO2 e outras emiss\u00f5es, como tamb\u00e9m visa contribuir positivamente com o meio ambiente.<\/p>\n<p>&nbsp;<\/p>\n<p><strong>4) Voc\u00ea e a sociedade<\/strong><\/p>\n<p>O Toyota bZ tem como objetivo criar uma sociedade mais segura, onde todos tenham mais paz de esp\u00edrito.<\/p>\n<p>&nbsp;<\/p>\n<p>O bZ4X foi desenvolvido com base nestes pilares, como um SUV de segmento m\u00e9dio do tipo BEV e projetado como o primeiro modelo da s\u00e9rie Toyota bZ. O ve\u00edculo segue um conceito de carros que s\u00e3o mais do que um meio de transporte, com o conceito de \u201ccentro de atividades\u201d. Essa iniciativa inaugura uma nova era, incorporando a inten\u00e7\u00e3o de desempenhar um papel na constru\u00e7\u00e3o de \u201cv\u00ednculos\u201d, sendo capaz de fornecer momentos e espa\u00e7os agrad\u00e1veis para o motorista e passageiros. A Toyota tem dedicado esfor\u00e7os para inovar em todas as \u00e1reas, incluindo interior, estilo, sensa\u00e7\u00e3o de dire\u00e7\u00e3o e desempenho, com o objetivo de criar carros empolgantes.<\/p>\n<p>&nbsp;<\/p>\n<p>O Toyota bZ4X adota uma plataforma BEV dedicada, in\u00e9dita para a Toyota, baseada na filosofia e-TNGA, para alcan\u00e7ar melhor desempenho de dire\u00e7\u00e3o por meio de um centro de gravidade baixo e maior rigidez.<\/p>\n<p>&nbsp;<\/p>\n<p>Desenvolvida em conjunto com a Subaru Corporation (Subaru), essa plataforma incorpora os requisitos exclusivos de BEVs com baixo centro de gravidade e maior rigidez, desempenho off-road exigido de SUVs, al\u00e9m de dire\u00e7\u00e3o atrativa, suave e intuitiva, n\u00e3o apenas para um BEV, mas para qualquer carro.<\/p>\n<p>&nbsp;<\/p>\n<p>A Toyota est\u00e1 determinada a oferecer desempenho com foco na prote\u00e7\u00e3o e confiabilidade para os novos propriet\u00e1rios, como acontece com todos os ve\u00edculos da marca. Desta forma, buscou um BEV que possa ser dirigido com seguran\u00e7a e conveni\u00eancia por muitos anos, considerando a vida \u00fatil da bateria.<\/p>\n<p>&nbsp;<\/p>\n<p>Em termos de seguran\u00e7a, al\u00e9m de considerar um elevado grau de seguran\u00e7a da c\u00e9lula da bateria, foi adotado o mais recente pacote Toyota Safety Sense, estrutura de carroceria adaptada para colis\u00f5es de qualquer dire\u00e7\u00e3o e um conjunto de baterias que contribui para garantir o desempenho de prote\u00e7\u00e3o em uma colis\u00e3o.<\/p>\n<p>&nbsp;<\/p>\n<p><strong>Experi\u00eancia \u00fanica de conforto<\/strong><\/p>\n<p>&nbsp;<\/p>\n<p>Al\u00e9m de cabines confort\u00e1veis, o Toyota bZ4X oferece um novo estilo de vida e a oportunidade de passar tempo precioso com a fam\u00edlia e amigos. O modelo conta com interior espa\u00e7oso, silencioso e relaxante em qualquer assento:<\/p>\n<p>&nbsp;<\/p>\n<p>\u2013 Espa\u00e7o de cabine extra-largo, gra\u00e7as \u00e0 plataforma BEV dedicada<\/p>\n<p>\u2013 Garantindo um espa\u00e7o interno equivalente a um sed\u00e3 de grande porte<\/p>\n<p>\u2013 Um SUV de segmento m\u00e9dio, com o maior espa\u00e7o para as pernas da categoria para assentos dianteiros e traseiros<\/p>\n<p>\u2013 Conforto caseiro, com uma sensa\u00e7\u00e3o libertadora devido ao painel de instrumentos baixo e grande teto panor\u00e2mico (ve\u00edculos especialmente equipados)<\/p>\n<p>\u2013 Painel de instrumentos estofado para criar um interior calmo e sofisticado<\/p>\n<p>\u2013 Espa\u00e7o tranquilo que estimula a conversa, pois o vidro com alto isolamento sonoro e a redu\u00e7\u00e3o do ru\u00eddo do vento proporcionam extremo silencio<\/p>\n<p>&nbsp;<\/p>\n<p><strong>Desempenho e condu\u00e7\u00e3o<\/strong><\/p>\n<p>&nbsp;<\/p>\n<p>O desempenho de BEV est\u00e1 focado na dire\u00e7\u00e3o segura e conveniente. Mesmo sendo um carro completamente novo, o modelo garante o melhor desempenho de economia de energia e alcance de cruzeiro durante a condu\u00e7\u00e3o para uso pr\u00e1tico (particularmente em condi\u00e7\u00f5es de inverno).<\/p>\n<p>&nbsp;<\/p>\n<p>Na busca por performance aerodin\u00e2mica, al\u00e9m de iluminar a unidade corporal, os seguintes sistemas e equipamentos foram adotados para reduzir o consumo de energia, exceto ao dirigir, especialmente em rela\u00e7\u00e3o a energia usada para aquecimento em condi\u00e7\u00f5es de inverno:<\/p>\n<p>&nbsp;<\/p>\n<p>\u2013 Ar-condicionado por bomba de calor<\/p>\n<p>\u2013 Aquecedores de assento e volante, e aquecimento irradiado dos p\u00e9s do assento dianteiro (novidade para a Toyota)<\/p>\n<p>\u2013 Tempo de carregamento curto<\/p>\n<p>\u2013 Compatibilidade com carregadores de alta pot\u00eancia do mundo inteiro<\/p>\n<p>(Coisas de Agora)<\/p>\n","protected":false},"excerpt":{"rendered":"<p>Coisas de Agora &nbsp; Modelo contribui com objetivos ODS e refor\u00e7a a abordagem da Toyota rumo a neutralidade de carbono como \u201cpr\u00e1tica e sustent\u00e1vel\u201d, reduzindo emiss\u00f5es de CO2 por meio de produtos f\u00e1ceis de usar e altamente atrativos &nbsp; A Toyota anunciou nesta sexta-feira, 29 de outubro, detalhes do bZ4X, prot\u00f3tipo de seu novo modelo\u2026 <a class=\"readmore\" href=\"https:\/\/dana.com.br\/canaldana\/2021\/11\/01\/toyota-divulga-detalhes-de-seu-novo-veiculo-eletrico-bz4x\/\">Leia mais \u00bb<\/a><\/p>\n","protected":false},"author":3,"featured_media":0,"comment_status":"closed","ping_status":"closed","sticky":false,"template":"","format":"standard","meta":{"_acf_changed":false,"footnotes":""},"categories":[110],"tags":[],"class_list":["post-53955","post","type-post","status-publish","format-standard","hentry","category-eletricos"],"acf":[],"yoast_head":"<!-- This site is optimized with the Yoast SEO plugin v27.3 - https:\/\/yoast.com\/product\/yoast-seo-wordpress\/ -->\n<title>Toyota divulga detalhes de seu novo ve\u00edculo el\u00e9trico bZ4X - Canal Dana<\/title>\n<meta name=\"robots\" content=\"index, follow, max-snippet:-1, max-image-preview:large, max-video-preview:-1\" \/>\n<link rel=\"canonical\" href=\"https:\/\/dana.com.br\/canaldana\/2021\/11\/01\/toyota-divulga-detalhes-de-seu-novo-veiculo-eletrico-bz4x\/\" \/>\n<meta property=\"og:locale\" content=\"pt_BR\" \/>\n<meta property=\"og:type\" content=\"article\" \/>\n<meta property=\"og:title\" content=\"Toyota divulga detalhes de seu novo ve\u00edculo el\u00e9trico bZ4X - Canal Dana\" \/>\n<meta property=\"og:description\" content=\"Coisas de Agora &nbsp; Modelo contribui com objetivos ODS e refor\u00e7a a abordagem da Toyota rumo a neutralidade de carbono como \u201cpr\u00e1tica e sustent\u00e1vel\u201d, reduzindo emiss\u00f5es de CO2 por meio de produtos f\u00e1ceis de usar e altamente atrativos &nbsp; A Toyota anunciou nesta sexta-feira, 29 de outubro, detalhes do bZ4X, prot\u00f3tipo de seu novo modelo\u2026 Leia mais \u00bb\" \/>\n<meta property=\"og:url\" content=\"https:\/\/dana.com.br\/canaldana\/2021\/11\/01\/toyota-divulga-detalhes-de-seu-novo-veiculo-eletrico-bz4x\/\" \/>\n<meta property=\"og:site_name\" content=\"Canal Dana\" \/>\n<meta property=\"article:published_time\" content=\"2021-11-01T11:33:47+00:00\" \/>\n<meta name=\"author\" content=\"Canal Dana\" \/>\n<meta name=\"twitter:card\" content=\"summary_large_image\" \/>\n<meta name=\"twitter:label1\" content=\"Escrito por\" \/>\n\t<meta name=\"twitter:data1\" content=\"Canal Dana\" \/>\n\t<meta name=\"twitter:label2\" content=\"Est. tempo de leitura\" \/>\n\t<meta name=\"twitter:data2\" content=\"5 minutos\" \/>\n<script type=\"application\/ld+json\" class=\"yoast-schema-graph\">{\"@context\":\"https:\\\/\\\/schema.org\",\"@graph\":[{\"@type\":\"Article\",\"@id\":\"https:\\\/\\\/dana.com.br\\\/canaldana\\\/2021\\\/11\\\/01\\\/toyota-divulga-detalhes-de-seu-novo-veiculo-eletrico-bz4x\\\/#article\",\"isPartOf\":{\"@id\":\"https:\\\/\\\/dana.com.br\\\/canaldana\\\/2021\\\/11\\\/01\\\/toyota-divulga-detalhes-de-seu-novo-veiculo-eletrico-bz4x\\\/\"},\"author\":{\"name\":\"Canal Dana\",\"@id\":\"https:\\\/\\\/dana.com.br\\\/canaldana\\\/#\\\/schema\\\/person\\\/3c21f22f56fcf3bc46b94bc60ea4fef6\"},\"headline\":\"Toyota divulga detalhes de seu novo ve\u00edculo el\u00e9trico bZ4X\",\"datePublished\":\"2021-11-01T11:33:47+00:00\",\"mainEntityOfPage\":{\"@id\":\"https:\\\/\\\/dana.com.br\\\/canaldana\\\/2021\\\/11\\\/01\\\/toyota-divulga-detalhes-de-seu-novo-veiculo-eletrico-bz4x\\\/\"},\"wordCount\":1028,\"articleSection\":[\"El\u00e9tricos\"],\"inLanguage\":\"pt-BR\"},{\"@type\":\"WebPage\",\"@id\":\"https:\\\/\\\/dana.com.br\\\/canaldana\\\/2021\\\/11\\\/01\\\/toyota-divulga-detalhes-de-seu-novo-veiculo-eletrico-bz4x\\\/\",\"url\":\"https:\\\/\\\/dana.com.br\\\/canaldana\\\/2021\\\/11\\\/01\\\/toyota-divulga-detalhes-de-seu-novo-veiculo-eletrico-bz4x\\\/\",\"name\":\"Toyota divulga detalhes de seu novo ve\u00edculo el\u00e9trico bZ4X - Canal Dana\",\"isPartOf\":{\"@id\":\"https:\\\/\\\/dana.com.br\\\/canaldana\\\/#website\"},\"datePublished\":\"2021-11-01T11:33:47+00:00\",\"author\":{\"@id\":\"https:\\\/\\\/dana.com.br\\\/canaldana\\\/#\\\/schema\\\/person\\\/3c21f22f56fcf3bc46b94bc60ea4fef6\"},\"breadcrumb\":{\"@id\":\"https:\\\/\\\/dana.com.br\\\/canaldana\\\/2021\\\/11\\\/01\\\/toyota-divulga-detalhes-de-seu-novo-veiculo-eletrico-bz4x\\\/#breadcrumb\"},\"inLanguage\":\"pt-BR\",\"potentialAction\":[{\"@type\":\"ReadAction\",\"target\":[\"https:\\\/\\\/dana.com.br\\\/canaldana\\\/2021\\\/11\\\/01\\\/toyota-divulga-detalhes-de-seu-novo-veiculo-eletrico-bz4x\\\/\"]}]},{\"@type\":\"BreadcrumbList\",\"@id\":\"https:\\\/\\\/dana.com.br\\\/canaldana\\\/2021\\\/11\\\/01\\\/toyota-divulga-detalhes-de-seu-novo-veiculo-eletrico-bz4x\\\/#breadcrumb\",\"itemListElement\":[{\"@type\":\"ListItem\",\"position\":1,\"name\":\"Home\",\"item\":\"https:\\\/\\\/dana.com.br\\\/canaldana\\\/\"},{\"@type\":\"ListItem\",\"position\":2,\"name\":\"El\u00e9tricos\",\"item\":\"https:\\\/\\\/dana.com.br\\\/canaldana\\\/eletricos\\\/\"},{\"@type\":\"ListItem\",\"position\":3,\"name\":\"Toyota divulga detalhes de seu novo ve\u00edculo el\u00e9trico bZ4X\"}]},{\"@type\":\"WebSite\",\"@id\":\"https:\\\/\\\/dana.com.br\\\/canaldana\\\/#website\",\"url\":\"https:\\\/\\\/dana.com.br\\\/canaldana\\\/\",\"name\":\"Canal Dana\",\"description\":\"Informativo com as principais not\u00edcias da ind\u00fastria automotiva\",\"potentialAction\":[{\"@type\":\"SearchAction\",\"target\":{\"@type\":\"EntryPoint\",\"urlTemplate\":\"https:\\\/\\\/dana.com.br\\\/canaldana\\\/?s={search_term_string}\"},\"query-input\":{\"@type\":\"PropertyValueSpecification\",\"valueRequired\":true,\"valueName\":\"search_term_string\"}}],\"inLanguage\":\"pt-BR\"},{\"@type\":\"Person\",\"@id\":\"https:\\\/\\\/dana.com.br\\\/canaldana\\\/#\\\/schema\\\/person\\\/3c21f22f56fcf3bc46b94bc60ea4fef6\",\"name\":\"Canal Dana\",\"image\":{\"@type\":\"ImageObject\",\"inLanguage\":\"pt-BR\",\"@id\":\"https:\\\/\\\/secure.gravatar.com\\\/avatar\\\/420aaf9278582877d9018637c6817617705899d2858d7572ef0fe59a6b6454b4?s=96&d=mm&r=g\",\"url\":\"https:\\\/\\\/secure.gravatar.com\\\/avatar\\\/420aaf9278582877d9018637c6817617705899d2858d7572ef0fe59a6b6454b4?s=96&d=mm&r=g\",\"contentUrl\":\"https:\\\/\\\/secure.gravatar.com\\\/avatar\\\/420aaf9278582877d9018637c6817617705899d2858d7572ef0fe59a6b6454b4?s=96&d=mm&r=g\",\"caption\":\"Canal Dana\"},\"url\":\"https:\\\/\\\/dana.com.br\\\/canaldana\\\/author\\\/cdeditor\\\/\"}]}<\/script>\n<!-- \/ Yoast SEO plugin. -->","yoast_head_json":{"title":"Toyota divulga detalhes de seu novo ve\u00edculo el\u00e9trico bZ4X - Canal Dana","robots":{"index":"index","follow":"follow","max-snippet":"max-snippet:-1","max-image-preview":"max-image-preview:large","max-video-preview":"max-video-preview:-1"},"canonical":"https:\/\/dana.com.br\/canaldana\/2021\/11\/01\/toyota-divulga-detalhes-de-seu-novo-veiculo-eletrico-bz4x\/","og_locale":"pt_BR","og_type":"article","og_title":"Toyota divulga detalhes de seu novo ve\u00edculo el\u00e9trico bZ4X - Canal Dana","og_description":"Coisas de Agora &nbsp; Modelo contribui com objetivos ODS e refor\u00e7a a abordagem da Toyota rumo a neutralidade de carbono como \u201cpr\u00e1tica e sustent\u00e1vel\u201d, reduzindo emiss\u00f5es de CO2 por meio de produtos f\u00e1ceis de usar e altamente atrativos &nbsp; A Toyota anunciou nesta sexta-feira, 29 de outubro, detalhes do bZ4X, prot\u00f3tipo de seu novo modelo\u2026 Leia mais \u00bb","og_url":"https:\/\/dana.com.br\/canaldana\/2021\/11\/01\/toyota-divulga-detalhes-de-seu-novo-veiculo-eletrico-bz4x\/","og_site_name":"Canal Dana","article_published_time":"2021-11-01T11:33:47+00:00","author":"Canal Dana","twitter_card":"summary_large_image","twitter_misc":{"Escrito por":"Canal Dana","Est. tempo de leitura":"5 minutos"},"schema":{"@context":"https:\/\/schema.org","@graph":[{"@type":"Article","@id":"https:\/\/dana.com.br\/canaldana\/2021\/11\/01\/toyota-divulga-detalhes-de-seu-novo-veiculo-eletrico-bz4x\/#article","isPartOf":{"@id":"https:\/\/dana.com.br\/canaldana\/2021\/11\/01\/toyota-divulga-detalhes-de-seu-novo-veiculo-eletrico-bz4x\/"},"author":{"name":"Canal Dana","@id":"https:\/\/dana.com.br\/canaldana\/#\/schema\/person\/3c21f22f56fcf3bc46b94bc60ea4fef6"},"headline":"Toyota divulga detalhes de seu novo ve\u00edculo el\u00e9trico bZ4X","datePublished":"2021-11-01T11:33:47+00:00","mainEntityOfPage":{"@id":"https:\/\/dana.com.br\/canaldana\/2021\/11\/01\/toyota-divulga-detalhes-de-seu-novo-veiculo-eletrico-bz4x\/"},"wordCount":1028,"articleSection":["El\u00e9tricos"],"inLanguage":"pt-BR"},{"@type":"WebPage","@id":"https:\/\/dana.com.br\/canaldana\/2021\/11\/01\/toyota-divulga-detalhes-de-seu-novo-veiculo-eletrico-bz4x\/","url":"https:\/\/dana.com.br\/canaldana\/2021\/11\/01\/toyota-divulga-detalhes-de-seu-novo-veiculo-eletrico-bz4x\/","name":"Toyota divulga detalhes de seu novo ve\u00edculo el\u00e9trico bZ4X - Canal Dana","isPartOf":{"@id":"https:\/\/dana.com.br\/canaldana\/#website"},"datePublished":"2021-11-01T11:33:47+00:00","author":{"@id":"https:\/\/dana.com.br\/canaldana\/#\/schema\/person\/3c21f22f56fcf3bc46b94bc60ea4fef6"},"breadcrumb":{"@id":"https:\/\/dana.com.br\/canaldana\/2021\/11\/01\/toyota-divulga-detalhes-de-seu-novo-veiculo-eletrico-bz4x\/#breadcrumb"},"inLanguage":"pt-BR","potentialAction":[{"@type":"ReadAction","target":["https:\/\/dana.com.br\/canaldana\/2021\/11\/01\/toyota-divulga-detalhes-de-seu-novo-veiculo-eletrico-bz4x\/"]}]},{"@type":"BreadcrumbList","@id":"https:\/\/dana.com.br\/canaldana\/2021\/11\/01\/toyota-divulga-detalhes-de-seu-novo-veiculo-eletrico-bz4x\/#breadcrumb","itemListElement":[{"@type":"ListItem","position":1,"name":"Home","item":"https:\/\/dana.com.br\/canaldana\/"},{"@type":"ListItem","position":2,"name":"El\u00e9tricos","item":"https:\/\/dana.com.br\/canaldana\/eletricos\/"},{"@type":"ListItem","position":3,"name":"Toyota divulga detalhes de seu novo ve\u00edculo el\u00e9trico bZ4X"}]},{"@type":"WebSite","@id":"https:\/\/dana.com.br\/canaldana\/#website","url":"https:\/\/dana.com.br\/canaldana\/","name":"Canal Dana","description":"Informativo com as principais not\u00edcias da ind\u00fastria automotiva","potentialAction":[{"@type":"SearchAction","target":{"@type":"EntryPoint","urlTemplate":"https:\/\/dana.com.br\/canaldana\/?s={search_term_string}"},"query-input":{"@type":"PropertyValueSpecification","valueRequired":true,"valueName":"search_term_string"}}],"inLanguage":"pt-BR"},{"@type":"Person","@id":"https:\/\/dana.com.br\/canaldana\/#\/schema\/person\/3c21f22f56fcf3bc46b94bc60ea4fef6","name":"Canal Dana","image":{"@type":"ImageObject","inLanguage":"pt-BR","@id":"https:\/\/secure.gravatar.com\/avatar\/420aaf9278582877d9018637c6817617705899d2858d7572ef0fe59a6b6454b4?s=96&d=mm&r=g","url":"https:\/\/secure.gravatar.com\/avatar\/420aaf9278582877d9018637c6817617705899d2858d7572ef0fe59a6b6454b4?s=96&d=mm&r=g","contentUrl":"https:\/\/secure.gravatar.com\/avatar\/420aaf9278582877d9018637c6817617705899d2858d7572ef0fe59a6b6454b4?s=96&d=mm&r=g","caption":"Canal Dana"},"url":"https:\/\/dana.com.br\/canaldana\/author\/cdeditor\/"}]}},"_links":{"self":[{"href":"https:\/\/dana.com.br\/canaldana\/wp-json\/wp\/v2\/posts\/53955","targetHints":{"allow":["GET"]}}],"collection":[{"href":"https:\/\/dana.com.br\/canaldana\/wp-json\/wp\/v2\/posts"}],"about":[{"href":"https:\/\/dana.com.br\/canaldana\/wp-json\/wp\/v2\/types\/post"}],"author":[{"embeddable":true,"href":"https:\/\/dana.com.br\/canaldana\/wp-json\/wp\/v2\/users\/3"}],"replies":[{"embeddable":true,"href":"https:\/\/dana.com.br\/canaldana\/wp-json\/wp\/v2\/comments?post=53955"}],"version-history":[{"count":0,"href":"https:\/\/dana.com.br\/canaldana\/wp-json\/wp\/v2\/posts\/53955\/revisions"}],"wp:attachment":[{"href":"https:\/\/dana.com.br\/canaldana\/wp-json\/wp\/v2\/media?parent=53955"}],"wp:term":[{"taxonomy":"category","embeddable":true,"href":"https:\/\/dana.com.br\/canaldana\/wp-json\/wp\/v2\/categories?post=53955"},{"taxonomy":"post_tag","embeddable":true,"href":"https:\/\/dana.com.br\/canaldana\/wp-json\/wp\/v2\/tags?post=53955"}],"curies":[{"name":"wp","href":"https:\/\/api.w.org\/{rel}","templated":true}]}}