{"id":53908,"date":"2021-10-28T08:45:42","date_gmt":"2021-10-28T11:45:42","guid":{"rendered":"https:\/\/dana.com.br\/canaldana\/?p=53908"},"modified":"2021-10-28T08:45:42","modified_gmt":"2021-10-28T11:45:42","slug":"selic-aumenta-15-ponto-e-vai-a-775","status":"publish","type":"post","link":"https:\/\/dana.com.br\/canaldana\/2021\/10\/28\/selic-aumenta-15-ponto-e-vai-a-775\/","title":{"rendered":"Selic aumenta 1,5 ponto e vai a 7,75%"},"content":{"rendered":"<p><em>O Estado de S. Paulo <\/em><\/p>\n<p>&nbsp;<\/p>\n<p>O Comit\u00ea de Pol\u00edtica Monet\u00e1ria (Copom) do Banco Central elevou em 1,5 ponto porcentual a taxa b\u00e1sica de juros da economia, para 7,75% ao ano, o maior n\u00edvel desde outubro de 2017. Os principais fatores que levaram \u00e0 decis\u00e3o foram a infla\u00e7\u00e3o persistente e o aumento do risco fiscal, com a tentativa do governo de alterar o teto de gastos \u2013 regra que limita as despesas \u00e0 infla\u00e7\u00e3o. A Selic n\u00e3o subia tanto em uma reuni\u00e3o desde dezembro de 2002, quando passou de 22% para 25%. O Copom indicou que deve fazer um ajuste da mesma magnitude em dezembro.<\/p>\n<p>&nbsp;<\/p>\n<p>A infla\u00e7\u00e3o persistente e o aumento do risco fiscal, com a manobra do governo para tentar alterar o teto de gastos (regra que limita as despesas \u00e0 infla\u00e7\u00e3o), levaram o Comit\u00ea de Pol\u00edtica Monet\u00e1ria (Copom) do Banco Central a acelerar o ritmo de corre\u00e7\u00e3o da Selic, que subiu 1,5 ponto porcentual e foi de 6,25% para 7,75% ao ano.<\/p>\n<p>&nbsp;<\/p>\n<p>A taxa b\u00e1sica de juros n\u00e3o subia tanto em uma \u00fanica reuni\u00e3o do Copom desde dezembro de 2002, quando passou de 22% para 25% ao ano. Com o an\u00fancio de ontem, chegou agora a seu maior patamar desde outubro de 2017 (7,5%).<\/p>\n<p>&nbsp;<\/p>\n<p>Em comunicado, o Copom j\u00e1 indicou que deve fazer um novo ajuste da mesma magnitude na sua pr\u00f3xima reuni\u00e3o, em dezembro. Assim, a Selic encerraria o ano em 9,25%.<\/p>\n<p>&nbsp;<\/p>\n<p>Um dos principais objetivos do BC \u00e9 manter a infla\u00e7\u00e3o sob controle, e o instrumento usado para alcan\u00e7ar isso \u00e9 a taxa de juros. Historicamente, juros altos ajudam a esfriar a economia. Mas a disparada dos pre\u00e7os n\u00e3o tem dado tr\u00e9gua, e a previs\u00e3o \u00e9 de que a infla\u00e7\u00e3o feche o ano pr\u00f3xima de 9% \u2013 acima do teto da meta (de 5,25%).<\/p>\n<p>&nbsp;<\/p>\n<p>O Copom fala disso no seu comunicado, ao repetir que \u201cos passos futuros da pol\u00edtica monet\u00e1ria poder\u00e3o ser ajustados para assegurar o cumprimento da meta de infla\u00e7\u00e3o\u201d. Um outro componente, por\u00e9m, entrou na conta: a tentativa de mexer no teto de gastos, abrindo espa\u00e7o para mais despesas do governo em 2022 \u2013 ano de elei\u00e7\u00f5es.<\/p>\n<p>&nbsp;<\/p>\n<p>Para o BC, a manobra pesou na deteriora\u00e7\u00e3o das expectativas de infla\u00e7\u00e3o, mesmo com os principais indicadores das contas p\u00fablicas apresentando melhora nos \u00faltimos meses. \u201cO Comit\u00ea avalia que recentes questionamentos em rela\u00e7\u00e3o ao arcabou\u00e7o fiscal elevaram o risco de desancoragem das expectativas de infla\u00e7\u00e3o, aumentando a assimetria altista no balan\u00e7o de riscos\u201d. (O Estado de S. Paulo\/Tha\u00eds barcellos e Eduardo Rodrigues)<\/p>\n","protected":false},"excerpt":{"rendered":"<p>O Estado de S. Paulo &nbsp; O Comit\u00ea de Pol\u00edtica Monet\u00e1ria (Copom) do Banco Central elevou em 1,5 ponto porcentual a taxa b\u00e1sica de juros da economia, para 7,75% ao ano, o maior n\u00edvel desde outubro de 2017. Os principais fatores que levaram \u00e0 decis\u00e3o foram a infla\u00e7\u00e3o persistente e o aumento do risco fiscal,\u2026 <a class=\"readmore\" href=\"https:\/\/dana.com.br\/canaldana\/2021\/10\/28\/selic-aumenta-15-ponto-e-vai-a-775\/\">Leia mais \u00bb<\/a><\/p>\n","protected":false},"author":3,"featured_media":0,"comment_status":"closed","ping_status":"closed","sticky":false,"template":"","format":"standard","meta":{"_acf_changed":false,"footnotes":""},"categories":[79],"tags":[],"class_list":["post-53908","post","type-post","status-publish","format-standard","hentry","category-mercado"],"acf":[],"yoast_head":"<!-- This site is optimized with the Yoast SEO plugin v27.3 - https:\/\/yoast.com\/product\/yoast-seo-wordpress\/ -->\n<title>Selic aumenta 1,5 ponto e vai a 7,75% - Canal Dana<\/title>\n<meta name=\"robots\" content=\"index, follow, max-snippet:-1, max-image-preview:large, max-video-preview:-1\" \/>\n<link rel=\"canonical\" href=\"https:\/\/dana.com.br\/canaldana\/2021\/10\/28\/selic-aumenta-15-ponto-e-vai-a-775\/\" \/>\n<meta property=\"og:locale\" content=\"pt_BR\" \/>\n<meta property=\"og:type\" content=\"article\" \/>\n<meta property=\"og:title\" content=\"Selic aumenta 1,5 ponto e vai a 7,75% - Canal Dana\" \/>\n<meta property=\"og:description\" content=\"O Estado de S. Paulo &nbsp; O Comit\u00ea de Pol\u00edtica Monet\u00e1ria (Copom) do Banco Central elevou em 1,5 ponto porcentual a taxa b\u00e1sica de juros da economia, para 7,75% ao ano, o maior n\u00edvel desde outubro de 2017. Os principais fatores que levaram \u00e0 decis\u00e3o foram a infla\u00e7\u00e3o persistente e o aumento do risco fiscal,\u2026 Leia mais \u00bb\" \/>\n<meta property=\"og:url\" content=\"https:\/\/dana.com.br\/canaldana\/2021\/10\/28\/selic-aumenta-15-ponto-e-vai-a-775\/\" \/>\n<meta property=\"og:site_name\" content=\"Canal Dana\" \/>\n<meta property=\"article:published_time\" content=\"2021-10-28T11:45:42+00:00\" \/>\n<meta name=\"author\" content=\"Canal Dana\" \/>\n<meta name=\"twitter:card\" content=\"summary_large_image\" \/>\n<meta name=\"twitter:label1\" content=\"Escrito por\" \/>\n\t<meta name=\"twitter:data1\" content=\"Canal Dana\" \/>\n\t<meta name=\"twitter:label2\" content=\"Est. tempo de leitura\" \/>\n\t<meta name=\"twitter:data2\" content=\"2 minutos\" \/>\n<script type=\"application\/ld+json\" class=\"yoast-schema-graph\">{\"@context\":\"https:\\\/\\\/schema.org\",\"@graph\":[{\"@type\":\"Article\",\"@id\":\"https:\\\/\\\/dana.com.br\\\/canaldana\\\/2021\\\/10\\\/28\\\/selic-aumenta-15-ponto-e-vai-a-775\\\/#article\",\"isPartOf\":{\"@id\":\"https:\\\/\\\/dana.com.br\\\/canaldana\\\/2021\\\/10\\\/28\\\/selic-aumenta-15-ponto-e-vai-a-775\\\/\"},\"author\":{\"name\":\"Canal Dana\",\"@id\":\"https:\\\/\\\/dana.com.br\\\/canaldana\\\/#\\\/schema\\\/person\\\/3c21f22f56fcf3bc46b94bc60ea4fef6\"},\"headline\":\"Selic aumenta 1,5 ponto e vai a 7,75%\",\"datePublished\":\"2021-10-28T11:45:42+00:00\",\"mainEntityOfPage\":{\"@id\":\"https:\\\/\\\/dana.com.br\\\/canaldana\\\/2021\\\/10\\\/28\\\/selic-aumenta-15-ponto-e-vai-a-775\\\/\"},\"wordCount\":444,\"articleSection\":[\"Mercado\"],\"inLanguage\":\"pt-BR\"},{\"@type\":\"WebPage\",\"@id\":\"https:\\\/\\\/dana.com.br\\\/canaldana\\\/2021\\\/10\\\/28\\\/selic-aumenta-15-ponto-e-vai-a-775\\\/\",\"url\":\"https:\\\/\\\/dana.com.br\\\/canaldana\\\/2021\\\/10\\\/28\\\/selic-aumenta-15-ponto-e-vai-a-775\\\/\",\"name\":\"Selic aumenta 1,5 ponto e vai a 7,75% - Canal Dana\",\"isPartOf\":{\"@id\":\"https:\\\/\\\/dana.com.br\\\/canaldana\\\/#website\"},\"datePublished\":\"2021-10-28T11:45:42+00:00\",\"author\":{\"@id\":\"https:\\\/\\\/dana.com.br\\\/canaldana\\\/#\\\/schema\\\/person\\\/3c21f22f56fcf3bc46b94bc60ea4fef6\"},\"breadcrumb\":{\"@id\":\"https:\\\/\\\/dana.com.br\\\/canaldana\\\/2021\\\/10\\\/28\\\/selic-aumenta-15-ponto-e-vai-a-775\\\/#breadcrumb\"},\"inLanguage\":\"pt-BR\",\"potentialAction\":[{\"@type\":\"ReadAction\",\"target\":[\"https:\\\/\\\/dana.com.br\\\/canaldana\\\/2021\\\/10\\\/28\\\/selic-aumenta-15-ponto-e-vai-a-775\\\/\"]}]},{\"@type\":\"BreadcrumbList\",\"@id\":\"https:\\\/\\\/dana.com.br\\\/canaldana\\\/2021\\\/10\\\/28\\\/selic-aumenta-15-ponto-e-vai-a-775\\\/#breadcrumb\",\"itemListElement\":[{\"@type\":\"ListItem\",\"position\":1,\"name\":\"Home\",\"item\":\"https:\\\/\\\/dana.com.br\\\/canaldana\\\/\"},{\"@type\":\"ListItem\",\"position\":2,\"name\":\"Mercado\",\"item\":\"https:\\\/\\\/dana.com.br\\\/canaldana\\\/mercado\\\/\"},{\"@type\":\"ListItem\",\"position\":3,\"name\":\"Selic aumenta 1,5 ponto e vai a 7,75%\"}]},{\"@type\":\"WebSite\",\"@id\":\"https:\\\/\\\/dana.com.br\\\/canaldana\\\/#website\",\"url\":\"https:\\\/\\\/dana.com.br\\\/canaldana\\\/\",\"name\":\"Canal Dana\",\"description\":\"Informativo com as principais not\u00edcias da ind\u00fastria automotiva\",\"potentialAction\":[{\"@type\":\"SearchAction\",\"target\":{\"@type\":\"EntryPoint\",\"urlTemplate\":\"https:\\\/\\\/dana.com.br\\\/canaldana\\\/?s={search_term_string}\"},\"query-input\":{\"@type\":\"PropertyValueSpecification\",\"valueRequired\":true,\"valueName\":\"search_term_string\"}}],\"inLanguage\":\"pt-BR\"},{\"@type\":\"Person\",\"@id\":\"https:\\\/\\\/dana.com.br\\\/canaldana\\\/#\\\/schema\\\/person\\\/3c21f22f56fcf3bc46b94bc60ea4fef6\",\"name\":\"Canal Dana\",\"image\":{\"@type\":\"ImageObject\",\"inLanguage\":\"pt-BR\",\"@id\":\"https:\\\/\\\/secure.gravatar.com\\\/avatar\\\/420aaf9278582877d9018637c6817617705899d2858d7572ef0fe59a6b6454b4?s=96&d=mm&r=g\",\"url\":\"https:\\\/\\\/secure.gravatar.com\\\/avatar\\\/420aaf9278582877d9018637c6817617705899d2858d7572ef0fe59a6b6454b4?s=96&d=mm&r=g\",\"contentUrl\":\"https:\\\/\\\/secure.gravatar.com\\\/avatar\\\/420aaf9278582877d9018637c6817617705899d2858d7572ef0fe59a6b6454b4?s=96&d=mm&r=g\",\"caption\":\"Canal Dana\"},\"url\":\"https:\\\/\\\/dana.com.br\\\/canaldana\\\/author\\\/cdeditor\\\/\"}]}<\/script>\n<!-- \/ Yoast SEO plugin. -->","yoast_head_json":{"title":"Selic aumenta 1,5 ponto e vai a 7,75% - Canal Dana","robots":{"index":"index","follow":"follow","max-snippet":"max-snippet:-1","max-image-preview":"max-image-preview:large","max-video-preview":"max-video-preview:-1"},"canonical":"https:\/\/dana.com.br\/canaldana\/2021\/10\/28\/selic-aumenta-15-ponto-e-vai-a-775\/","og_locale":"pt_BR","og_type":"article","og_title":"Selic aumenta 1,5 ponto e vai a 7,75% - Canal Dana","og_description":"O Estado de S. Paulo &nbsp; O Comit\u00ea de Pol\u00edtica Monet\u00e1ria (Copom) do Banco Central elevou em 1,5 ponto porcentual a taxa b\u00e1sica de juros da economia, para 7,75% ao ano, o maior n\u00edvel desde outubro de 2017. Os principais fatores que levaram \u00e0 decis\u00e3o foram a infla\u00e7\u00e3o persistente e o aumento do risco fiscal,\u2026 Leia mais \u00bb","og_url":"https:\/\/dana.com.br\/canaldana\/2021\/10\/28\/selic-aumenta-15-ponto-e-vai-a-775\/","og_site_name":"Canal Dana","article_published_time":"2021-10-28T11:45:42+00:00","author":"Canal Dana","twitter_card":"summary_large_image","twitter_misc":{"Escrito por":"Canal Dana","Est. tempo de leitura":"2 minutos"},"schema":{"@context":"https:\/\/schema.org","@graph":[{"@type":"Article","@id":"https:\/\/dana.com.br\/canaldana\/2021\/10\/28\/selic-aumenta-15-ponto-e-vai-a-775\/#article","isPartOf":{"@id":"https:\/\/dana.com.br\/canaldana\/2021\/10\/28\/selic-aumenta-15-ponto-e-vai-a-775\/"},"author":{"name":"Canal Dana","@id":"https:\/\/dana.com.br\/canaldana\/#\/schema\/person\/3c21f22f56fcf3bc46b94bc60ea4fef6"},"headline":"Selic aumenta 1,5 ponto e vai a 7,75%","datePublished":"2021-10-28T11:45:42+00:00","mainEntityOfPage":{"@id":"https:\/\/dana.com.br\/canaldana\/2021\/10\/28\/selic-aumenta-15-ponto-e-vai-a-775\/"},"wordCount":444,"articleSection":["Mercado"],"inLanguage":"pt-BR"},{"@type":"WebPage","@id":"https:\/\/dana.com.br\/canaldana\/2021\/10\/28\/selic-aumenta-15-ponto-e-vai-a-775\/","url":"https:\/\/dana.com.br\/canaldana\/2021\/10\/28\/selic-aumenta-15-ponto-e-vai-a-775\/","name":"Selic aumenta 1,5 ponto e vai a 7,75% - Canal Dana","isPartOf":{"@id":"https:\/\/dana.com.br\/canaldana\/#website"},"datePublished":"2021-10-28T11:45:42+00:00","author":{"@id":"https:\/\/dana.com.br\/canaldana\/#\/schema\/person\/3c21f22f56fcf3bc46b94bc60ea4fef6"},"breadcrumb":{"@id":"https:\/\/dana.com.br\/canaldana\/2021\/10\/28\/selic-aumenta-15-ponto-e-vai-a-775\/#breadcrumb"},"inLanguage":"pt-BR","potentialAction":[{"@type":"ReadAction","target":["https:\/\/dana.com.br\/canaldana\/2021\/10\/28\/selic-aumenta-15-ponto-e-vai-a-775\/"]}]},{"@type":"BreadcrumbList","@id":"https:\/\/dana.com.br\/canaldana\/2021\/10\/28\/selic-aumenta-15-ponto-e-vai-a-775\/#breadcrumb","itemListElement":[{"@type":"ListItem","position":1,"name":"Home","item":"https:\/\/dana.com.br\/canaldana\/"},{"@type":"ListItem","position":2,"name":"Mercado","item":"https:\/\/dana.com.br\/canaldana\/mercado\/"},{"@type":"ListItem","position":3,"name":"Selic aumenta 1,5 ponto e vai a 7,75%"}]},{"@type":"WebSite","@id":"https:\/\/dana.com.br\/canaldana\/#website","url":"https:\/\/dana.com.br\/canaldana\/","name":"Canal Dana","description":"Informativo com as principais not\u00edcias da ind\u00fastria automotiva","potentialAction":[{"@type":"SearchAction","target":{"@type":"EntryPoint","urlTemplate":"https:\/\/dana.com.br\/canaldana\/?s={search_term_string}"},"query-input":{"@type":"PropertyValueSpecification","valueRequired":true,"valueName":"search_term_string"}}],"inLanguage":"pt-BR"},{"@type":"Person","@id":"https:\/\/dana.com.br\/canaldana\/#\/schema\/person\/3c21f22f56fcf3bc46b94bc60ea4fef6","name":"Canal Dana","image":{"@type":"ImageObject","inLanguage":"pt-BR","@id":"https:\/\/secure.gravatar.com\/avatar\/420aaf9278582877d9018637c6817617705899d2858d7572ef0fe59a6b6454b4?s=96&d=mm&r=g","url":"https:\/\/secure.gravatar.com\/avatar\/420aaf9278582877d9018637c6817617705899d2858d7572ef0fe59a6b6454b4?s=96&d=mm&r=g","contentUrl":"https:\/\/secure.gravatar.com\/avatar\/420aaf9278582877d9018637c6817617705899d2858d7572ef0fe59a6b6454b4?s=96&d=mm&r=g","caption":"Canal Dana"},"url":"https:\/\/dana.com.br\/canaldana\/author\/cdeditor\/"}]}},"_links":{"self":[{"href":"https:\/\/dana.com.br\/canaldana\/wp-json\/wp\/v2\/posts\/53908","targetHints":{"allow":["GET"]}}],"collection":[{"href":"https:\/\/dana.com.br\/canaldana\/wp-json\/wp\/v2\/posts"}],"about":[{"href":"https:\/\/dana.com.br\/canaldana\/wp-json\/wp\/v2\/types\/post"}],"author":[{"embeddable":true,"href":"https:\/\/dana.com.br\/canaldana\/wp-json\/wp\/v2\/users\/3"}],"replies":[{"embeddable":true,"href":"https:\/\/dana.com.br\/canaldana\/wp-json\/wp\/v2\/comments?post=53908"}],"version-history":[{"count":0,"href":"https:\/\/dana.com.br\/canaldana\/wp-json\/wp\/v2\/posts\/53908\/revisions"}],"wp:attachment":[{"href":"https:\/\/dana.com.br\/canaldana\/wp-json\/wp\/v2\/media?parent=53908"}],"wp:term":[{"taxonomy":"category","embeddable":true,"href":"https:\/\/dana.com.br\/canaldana\/wp-json\/wp\/v2\/categories?post=53908"},{"taxonomy":"post_tag","embeddable":true,"href":"https:\/\/dana.com.br\/canaldana\/wp-json\/wp\/v2\/tags?post=53908"}],"curies":[{"name":"wp","href":"https:\/\/api.w.org\/{rel}","templated":true}]}}