{"id":53894,"date":"2021-10-28T08:41:09","date_gmt":"2021-10-28T11:41:09","guid":{"rendered":"https:\/\/dana.com.br\/canaldana\/?p=53894"},"modified":"2021-10-28T08:41:09","modified_gmt":"2021-10-28T11:41:09","slug":"no-equador-vendas-de-veiculos-comerciais-crescem-431","status":"publish","type":"post","link":"https:\/\/dana.com.br\/canaldana\/2021\/10\/28\/no-equador-vendas-de-veiculos-comerciais-crescem-431\/","title":{"rendered":"No Equador, vendas de ve\u00edculos comerciais crescem 43,1%"},"content":{"rendered":"<p><em>Truck &amp; Bus Builder America do Sul<\/em><\/p>\n<p>&nbsp;<\/p>\n<p>O Equador completou o terceiro trimestre deste ano com a venda de 7.407 ve\u00edculos comerciais pesados, resultado 43,1% superior ao total registrado no mesmo per\u00edodo de 2020 (5,176 unidades) e 24,7% em compara\u00e7\u00e3o com os nove primeiros meses de 2019 (5.940 unidades). A Aeade (Associa\u00e7\u00e3o de Empresas Automotivas do Equador) considerou o resultado hist\u00f3rico, por superar as marcas obtidas nos \u00faltimos dois anos.<\/p>\n<p>&nbsp;<\/p>\n<p>O resultado foi composto por 6.668 caminh\u00f5es r\u00edgidos e 739 unidades de tractocaminh\u00f5es (cavalos mec\u00e2nicos) que tamb\u00e9m registraram os melhores resultados dos dois \u00faltimos anos.<\/p>\n<p>&nbsp;<\/p>\n<p>No segmento de caminh\u00f5es r\u00edgidos o total de unidades vendidas nos nove primeiros meses deste ano, 6.6668 ve\u00edculos foi 44,9% superior aos 4.601 licenciados em igual per\u00edodo de 2020 e 28,3% acima das 5.119 unidades comercializadas em 2019.<\/p>\n<p>&nbsp;<\/p>\n<p>No segmento de cavalos mec\u00e2nicos, o total de vendas dos nove primeiros meses deste ano (739 unidades) foi 28,5% superior \u00e0s 575 unidades acumuladas no mesmo per\u00edodo de 2020.<\/p>\n<p>&nbsp;<\/p>\n<p>O segmento de \u00f4nibus n\u00e3o acompanhou as vendas dos caminh\u00f5es e apresentou queda de 35,3%, com 218 ve\u00edculos no acumulado de janeiro a setembro, contra 337 unidades no mesmo per\u00edodo de 2020. No segmento de \u00f4nibus convencionais (acima de 15 mil quilos de PBT) foram 196 unidades, 24,0% abaixo dos 258 ve\u00edculos vendidos no ano anterior e 83,5% inferior ao acumulado no mesmo per\u00edodo de 2019, quando atingiu 1.188 unidades.<\/p>\n<p>&nbsp;<\/p>\n<p>O mesmo ocorreu com as vendas de mini\u00f4nibus, com apenas 22 unidades acumuladas nos nove meses deste ano. Esse volume ficou abaixo 72,2% dos 79 ve\u00edculos vendidos em 2020 e 87,6% inferior \u00e0s 178 unidades acumuladas no mesmo per\u00edodo de 2019. (Truck &amp; Bus Builder America do Sul)<\/p>\n","protected":false},"excerpt":{"rendered":"<p>Truck &amp; Bus Builder America do Sul &nbsp; O Equador completou o terceiro trimestre deste ano com a venda de 7.407 ve\u00edculos comerciais pesados, resultado 43,1% superior ao total registrado no mesmo per\u00edodo de 2020 (5,176 unidades) e 24,7% em compara\u00e7\u00e3o com os nove primeiros meses de 2019 (5.940 unidades). A Aeade (Associa\u00e7\u00e3o de Empresas\u2026 <a class=\"readmore\" href=\"https:\/\/dana.com.br\/canaldana\/2021\/10\/28\/no-equador-vendas-de-veiculos-comerciais-crescem-431\/\">Leia mais \u00bb<\/a><\/p>\n","protected":false},"author":3,"featured_media":0,"comment_status":"closed","ping_status":"closed","sticky":false,"template":"","format":"standard","meta":{"_acf_changed":false,"footnotes":""},"categories":[79],"tags":[],"class_list":["post-53894","post","type-post","status-publish","format-standard","hentry","category-mercado"],"acf":[],"yoast_head":"<!-- This site is optimized with the Yoast SEO plugin v27.3 - https:\/\/yoast.com\/product\/yoast-seo-wordpress\/ -->\n<title>No Equador, vendas de ve\u00edculos comerciais crescem 43,1% - Canal Dana<\/title>\n<meta name=\"robots\" content=\"index, follow, max-snippet:-1, max-image-preview:large, max-video-preview:-1\" \/>\n<link rel=\"canonical\" href=\"https:\/\/dana.com.br\/canaldana\/2021\/10\/28\/no-equador-vendas-de-veiculos-comerciais-crescem-431\/\" \/>\n<meta property=\"og:locale\" content=\"pt_BR\" \/>\n<meta property=\"og:type\" content=\"article\" \/>\n<meta property=\"og:title\" content=\"No Equador, vendas de ve\u00edculos comerciais crescem 43,1% - Canal Dana\" \/>\n<meta property=\"og:description\" content=\"Truck &amp; Bus Builder America do Sul &nbsp; O Equador completou o terceiro trimestre deste ano com a venda de 7.407 ve\u00edculos comerciais pesados, resultado 43,1% superior ao total registrado no mesmo per\u00edodo de 2020 (5,176 unidades) e 24,7% em compara\u00e7\u00e3o com os nove primeiros meses de 2019 (5.940 unidades). A Aeade (Associa\u00e7\u00e3o de Empresas\u2026 Leia mais \u00bb\" \/>\n<meta property=\"og:url\" content=\"https:\/\/dana.com.br\/canaldana\/2021\/10\/28\/no-equador-vendas-de-veiculos-comerciais-crescem-431\/\" \/>\n<meta property=\"og:site_name\" content=\"Canal Dana\" \/>\n<meta property=\"article:published_time\" content=\"2021-10-28T11:41:09+00:00\" \/>\n<meta name=\"author\" content=\"Canal Dana\" \/>\n<meta name=\"twitter:card\" content=\"summary_large_image\" \/>\n<meta name=\"twitter:label1\" content=\"Escrito por\" \/>\n\t<meta name=\"twitter:data1\" content=\"Canal Dana\" \/>\n\t<meta name=\"twitter:label2\" content=\"Est. tempo de leitura\" \/>\n\t<meta name=\"twitter:data2\" content=\"1 minuto\" \/>\n<script type=\"application\/ld+json\" class=\"yoast-schema-graph\">{\"@context\":\"https:\\\/\\\/schema.org\",\"@graph\":[{\"@type\":\"Article\",\"@id\":\"https:\\\/\\\/dana.com.br\\\/canaldana\\\/2021\\\/10\\\/28\\\/no-equador-vendas-de-veiculos-comerciais-crescem-431\\\/#article\",\"isPartOf\":{\"@id\":\"https:\\\/\\\/dana.com.br\\\/canaldana\\\/2021\\\/10\\\/28\\\/no-equador-vendas-de-veiculos-comerciais-crescem-431\\\/\"},\"author\":{\"name\":\"Canal Dana\",\"@id\":\"https:\\\/\\\/dana.com.br\\\/canaldana\\\/#\\\/schema\\\/person\\\/3c21f22f56fcf3bc46b94bc60ea4fef6\"},\"headline\":\"No Equador, vendas de ve\u00edculos comerciais crescem 43,1%\",\"datePublished\":\"2021-10-28T11:41:09+00:00\",\"mainEntityOfPage\":{\"@id\":\"https:\\\/\\\/dana.com.br\\\/canaldana\\\/2021\\\/10\\\/28\\\/no-equador-vendas-de-veiculos-comerciais-crescem-431\\\/\"},\"wordCount\":281,\"articleSection\":[\"Mercado\"],\"inLanguage\":\"pt-BR\"},{\"@type\":\"WebPage\",\"@id\":\"https:\\\/\\\/dana.com.br\\\/canaldana\\\/2021\\\/10\\\/28\\\/no-equador-vendas-de-veiculos-comerciais-crescem-431\\\/\",\"url\":\"https:\\\/\\\/dana.com.br\\\/canaldana\\\/2021\\\/10\\\/28\\\/no-equador-vendas-de-veiculos-comerciais-crescem-431\\\/\",\"name\":\"No Equador, vendas de ve\u00edculos comerciais crescem 43,1% - Canal Dana\",\"isPartOf\":{\"@id\":\"https:\\\/\\\/dana.com.br\\\/canaldana\\\/#website\"},\"datePublished\":\"2021-10-28T11:41:09+00:00\",\"author\":{\"@id\":\"https:\\\/\\\/dana.com.br\\\/canaldana\\\/#\\\/schema\\\/person\\\/3c21f22f56fcf3bc46b94bc60ea4fef6\"},\"breadcrumb\":{\"@id\":\"https:\\\/\\\/dana.com.br\\\/canaldana\\\/2021\\\/10\\\/28\\\/no-equador-vendas-de-veiculos-comerciais-crescem-431\\\/#breadcrumb\"},\"inLanguage\":\"pt-BR\",\"potentialAction\":[{\"@type\":\"ReadAction\",\"target\":[\"https:\\\/\\\/dana.com.br\\\/canaldana\\\/2021\\\/10\\\/28\\\/no-equador-vendas-de-veiculos-comerciais-crescem-431\\\/\"]}]},{\"@type\":\"BreadcrumbList\",\"@id\":\"https:\\\/\\\/dana.com.br\\\/canaldana\\\/2021\\\/10\\\/28\\\/no-equador-vendas-de-veiculos-comerciais-crescem-431\\\/#breadcrumb\",\"itemListElement\":[{\"@type\":\"ListItem\",\"position\":1,\"name\":\"Home\",\"item\":\"https:\\\/\\\/dana.com.br\\\/canaldana\\\/\"},{\"@type\":\"ListItem\",\"position\":2,\"name\":\"Mercado\",\"item\":\"https:\\\/\\\/dana.com.br\\\/canaldana\\\/mercado\\\/\"},{\"@type\":\"ListItem\",\"position\":3,\"name\":\"No Equador, vendas de ve\u00edculos comerciais crescem 43,1%\"}]},{\"@type\":\"WebSite\",\"@id\":\"https:\\\/\\\/dana.com.br\\\/canaldana\\\/#website\",\"url\":\"https:\\\/\\\/dana.com.br\\\/canaldana\\\/\",\"name\":\"Canal Dana\",\"description\":\"Informativo com as principais not\u00edcias da ind\u00fastria automotiva\",\"potentialAction\":[{\"@type\":\"SearchAction\",\"target\":{\"@type\":\"EntryPoint\",\"urlTemplate\":\"https:\\\/\\\/dana.com.br\\\/canaldana\\\/?s={search_term_string}\"},\"query-input\":{\"@type\":\"PropertyValueSpecification\",\"valueRequired\":true,\"valueName\":\"search_term_string\"}}],\"inLanguage\":\"pt-BR\"},{\"@type\":\"Person\",\"@id\":\"https:\\\/\\\/dana.com.br\\\/canaldana\\\/#\\\/schema\\\/person\\\/3c21f22f56fcf3bc46b94bc60ea4fef6\",\"name\":\"Canal Dana\",\"image\":{\"@type\":\"ImageObject\",\"inLanguage\":\"pt-BR\",\"@id\":\"https:\\\/\\\/secure.gravatar.com\\\/avatar\\\/420aaf9278582877d9018637c6817617705899d2858d7572ef0fe59a6b6454b4?s=96&d=mm&r=g\",\"url\":\"https:\\\/\\\/secure.gravatar.com\\\/avatar\\\/420aaf9278582877d9018637c6817617705899d2858d7572ef0fe59a6b6454b4?s=96&d=mm&r=g\",\"contentUrl\":\"https:\\\/\\\/secure.gravatar.com\\\/avatar\\\/420aaf9278582877d9018637c6817617705899d2858d7572ef0fe59a6b6454b4?s=96&d=mm&r=g\",\"caption\":\"Canal Dana\"},\"url\":\"https:\\\/\\\/dana.com.br\\\/canaldana\\\/author\\\/cdeditor\\\/\"}]}<\/script>\n<!-- \/ Yoast SEO plugin. -->","yoast_head_json":{"title":"No Equador, vendas de ve\u00edculos comerciais crescem 43,1% - Canal Dana","robots":{"index":"index","follow":"follow","max-snippet":"max-snippet:-1","max-image-preview":"max-image-preview:large","max-video-preview":"max-video-preview:-1"},"canonical":"https:\/\/dana.com.br\/canaldana\/2021\/10\/28\/no-equador-vendas-de-veiculos-comerciais-crescem-431\/","og_locale":"pt_BR","og_type":"article","og_title":"No Equador, vendas de ve\u00edculos comerciais crescem 43,1% - Canal Dana","og_description":"Truck &amp; Bus Builder America do Sul &nbsp; O Equador completou o terceiro trimestre deste ano com a venda de 7.407 ve\u00edculos comerciais pesados, resultado 43,1% superior ao total registrado no mesmo per\u00edodo de 2020 (5,176 unidades) e 24,7% em compara\u00e7\u00e3o com os nove primeiros meses de 2019 (5.940 unidades). A Aeade (Associa\u00e7\u00e3o de Empresas\u2026 Leia mais \u00bb","og_url":"https:\/\/dana.com.br\/canaldana\/2021\/10\/28\/no-equador-vendas-de-veiculos-comerciais-crescem-431\/","og_site_name":"Canal Dana","article_published_time":"2021-10-28T11:41:09+00:00","author":"Canal Dana","twitter_card":"summary_large_image","twitter_misc":{"Escrito por":"Canal Dana","Est. tempo de leitura":"1 minuto"},"schema":{"@context":"https:\/\/schema.org","@graph":[{"@type":"Article","@id":"https:\/\/dana.com.br\/canaldana\/2021\/10\/28\/no-equador-vendas-de-veiculos-comerciais-crescem-431\/#article","isPartOf":{"@id":"https:\/\/dana.com.br\/canaldana\/2021\/10\/28\/no-equador-vendas-de-veiculos-comerciais-crescem-431\/"},"author":{"name":"Canal Dana","@id":"https:\/\/dana.com.br\/canaldana\/#\/schema\/person\/3c21f22f56fcf3bc46b94bc60ea4fef6"},"headline":"No Equador, vendas de ve\u00edculos comerciais crescem 43,1%","datePublished":"2021-10-28T11:41:09+00:00","mainEntityOfPage":{"@id":"https:\/\/dana.com.br\/canaldana\/2021\/10\/28\/no-equador-vendas-de-veiculos-comerciais-crescem-431\/"},"wordCount":281,"articleSection":["Mercado"],"inLanguage":"pt-BR"},{"@type":"WebPage","@id":"https:\/\/dana.com.br\/canaldana\/2021\/10\/28\/no-equador-vendas-de-veiculos-comerciais-crescem-431\/","url":"https:\/\/dana.com.br\/canaldana\/2021\/10\/28\/no-equador-vendas-de-veiculos-comerciais-crescem-431\/","name":"No Equador, vendas de ve\u00edculos comerciais crescem 43,1% - Canal Dana","isPartOf":{"@id":"https:\/\/dana.com.br\/canaldana\/#website"},"datePublished":"2021-10-28T11:41:09+00:00","author":{"@id":"https:\/\/dana.com.br\/canaldana\/#\/schema\/person\/3c21f22f56fcf3bc46b94bc60ea4fef6"},"breadcrumb":{"@id":"https:\/\/dana.com.br\/canaldana\/2021\/10\/28\/no-equador-vendas-de-veiculos-comerciais-crescem-431\/#breadcrumb"},"inLanguage":"pt-BR","potentialAction":[{"@type":"ReadAction","target":["https:\/\/dana.com.br\/canaldana\/2021\/10\/28\/no-equador-vendas-de-veiculos-comerciais-crescem-431\/"]}]},{"@type":"BreadcrumbList","@id":"https:\/\/dana.com.br\/canaldana\/2021\/10\/28\/no-equador-vendas-de-veiculos-comerciais-crescem-431\/#breadcrumb","itemListElement":[{"@type":"ListItem","position":1,"name":"Home","item":"https:\/\/dana.com.br\/canaldana\/"},{"@type":"ListItem","position":2,"name":"Mercado","item":"https:\/\/dana.com.br\/canaldana\/mercado\/"},{"@type":"ListItem","position":3,"name":"No Equador, vendas de ve\u00edculos comerciais crescem 43,1%"}]},{"@type":"WebSite","@id":"https:\/\/dana.com.br\/canaldana\/#website","url":"https:\/\/dana.com.br\/canaldana\/","name":"Canal Dana","description":"Informativo com as principais not\u00edcias da ind\u00fastria automotiva","potentialAction":[{"@type":"SearchAction","target":{"@type":"EntryPoint","urlTemplate":"https:\/\/dana.com.br\/canaldana\/?s={search_term_string}"},"query-input":{"@type":"PropertyValueSpecification","valueRequired":true,"valueName":"search_term_string"}}],"inLanguage":"pt-BR"},{"@type":"Person","@id":"https:\/\/dana.com.br\/canaldana\/#\/schema\/person\/3c21f22f56fcf3bc46b94bc60ea4fef6","name":"Canal Dana","image":{"@type":"ImageObject","inLanguage":"pt-BR","@id":"https:\/\/secure.gravatar.com\/avatar\/420aaf9278582877d9018637c6817617705899d2858d7572ef0fe59a6b6454b4?s=96&d=mm&r=g","url":"https:\/\/secure.gravatar.com\/avatar\/420aaf9278582877d9018637c6817617705899d2858d7572ef0fe59a6b6454b4?s=96&d=mm&r=g","contentUrl":"https:\/\/secure.gravatar.com\/avatar\/420aaf9278582877d9018637c6817617705899d2858d7572ef0fe59a6b6454b4?s=96&d=mm&r=g","caption":"Canal Dana"},"url":"https:\/\/dana.com.br\/canaldana\/author\/cdeditor\/"}]}},"_links":{"self":[{"href":"https:\/\/dana.com.br\/canaldana\/wp-json\/wp\/v2\/posts\/53894","targetHints":{"allow":["GET"]}}],"collection":[{"href":"https:\/\/dana.com.br\/canaldana\/wp-json\/wp\/v2\/posts"}],"about":[{"href":"https:\/\/dana.com.br\/canaldana\/wp-json\/wp\/v2\/types\/post"}],"author":[{"embeddable":true,"href":"https:\/\/dana.com.br\/canaldana\/wp-json\/wp\/v2\/users\/3"}],"replies":[{"embeddable":true,"href":"https:\/\/dana.com.br\/canaldana\/wp-json\/wp\/v2\/comments?post=53894"}],"version-history":[{"count":0,"href":"https:\/\/dana.com.br\/canaldana\/wp-json\/wp\/v2\/posts\/53894\/revisions"}],"wp:attachment":[{"href":"https:\/\/dana.com.br\/canaldana\/wp-json\/wp\/v2\/media?parent=53894"}],"wp:term":[{"taxonomy":"category","embeddable":true,"href":"https:\/\/dana.com.br\/canaldana\/wp-json\/wp\/v2\/categories?post=53894"},{"taxonomy":"post_tag","embeddable":true,"href":"https:\/\/dana.com.br\/canaldana\/wp-json\/wp\/v2\/tags?post=53894"}],"curies":[{"name":"wp","href":"https:\/\/api.w.org\/{rel}","templated":true}]}}