{"id":53825,"date":"2021-10-26T08:32:51","date_gmt":"2021-10-26T11:32:51","guid":{"rendered":"https:\/\/dana.com.br\/canaldana\/?p=53825"},"modified":"2021-10-26T08:32:51","modified_gmt":"2021-10-26T11:32:51","slug":"mundo-motor-brasil-e-novo-evento-semanal-de-veiculos-em-sao-paulo","status":"publish","type":"post","link":"https:\/\/dana.com.br\/canaldana\/2021\/10\/26\/mundo-motor-brasil-e-novo-evento-semanal-de-veiculos-em-sao-paulo\/","title":{"rendered":"Mundo Motor Brasil \u00e9 novo evento semanal de ve\u00edculos em S\u00e3o Paulo"},"content":{"rendered":"<p><em>DL News<\/em><\/p>\n<p>&nbsp;<\/p>\n<p>No Pavilh\u00e3o do Samb\u00f3dromo do Anhembi, o encontro acontece \u00e0s ter\u00e7as-feiras e estima receber mais de 500 modelos entre carros antigos, cl\u00e1ssicos, preparados, pick-ups, de competi\u00e7\u00f5es, supercarros, off road, dift, motocicletas e caminh\u00f5es<\/p>\n<p>&nbsp;<\/p>\n<p>Os autom\u00f3veis s\u00e3o paix\u00e3o entre os brasileiros, especialmente os cl\u00e1ssicos, considerados verdadeiras rel\u00edquias, mas com a pandemia, os eventos que re\u00fanem colecionadores, compradores e visitantes foram cancelados. Agora com a retomada gradual de eventos e feiras, um novo encontro de ve\u00edculos, o Mundo Motor Brasil, inicia a retomada do setor, seguindo todos os protocolos de seguran\u00e7a.<\/p>\n<p>&nbsp;<\/p>\n<p>Com encontro semanal, sempre \u00e0s ter\u00e7as-feiras, a partir de 17h30, no Pavilh\u00e3o do Samb\u00f3dromo do Anhembi, o Mundo Motor Brasil estima receber em m\u00e9dia 500 ve\u00edculos para visita\u00e7\u00e3o, com modelos de diversas categorias, como antigos, hots, superesportivos, drifts, motocicletas, caminh\u00f5es, customizados e modificados, 4&#215;4, entre outros.<\/p>\n<p>&nbsp;<\/p>\n<p>Al\u00e9m de exposi\u00e7\u00e3o dos carros, competi\u00e7\u00f5es, feira de pe\u00e7as, acess\u00f3rios automotivos e antiguidades, o evento conta com uma \u00e1rea onde ve\u00edculos \u00e0 venda. O Mundo Motor Brasil tamb\u00e9m conta com a participa\u00e7\u00e3o de alguns clubes, como o Clube das Pick-ups, Chrysler Club do Brasil, entre outros, que costumam sempre participar de encontros de ve\u00edculos.<\/p>\n<p>&nbsp;<\/p>\n<p>O evento \u00e9 organizado por Junior Abonante da Relic\u00e1rio Autos Antigos, mesmo criador do Encontro Brasileiro de Autos Antigos (EBAA), de \u00c1guas de Lind\u00f3ia, em parceria com Andr\u00e9 Takeda, da Restaurakar. Ambos s\u00e3o refer\u00eancia no mercado de ve\u00edculos antigos no Brasil.<\/p>\n<p>&nbsp;<\/p>\n<p>&#8220;O Mundo Motor Brasil re\u00fane carros cl\u00e1ssicos, originais, restaurados e at\u00e9 caminh\u00f5es gigantes antigos expostos para visita\u00e7\u00e3o. E \u00e9 uma alegria voltar aos poucos depois de tanto tempo parado. Quem gosta de carro sentiu falta dos eventos e da intera\u00e7\u00e3o&#8221;, diz Junior, que ressalta o cumprimento de todos os protocolos de seguran\u00e7a, como o uso de m\u00e1scara obrigat\u00f3rio.<\/p>\n<p>&nbsp;<\/p>\n<p>J\u00e1 Takeda mostra a expectativa pela retomada com o encontro, &#8220;Ser\u00e1 uma enorme experi\u00eancia com esse grande evento automotivo, sendo um novo recome\u00e7o p\u00f3s-pandemia, onde a expectativa est\u00e1 muito grande em rever os amigos e seus bel\u00edssimos carros. Acredito numa grande volta. Estava sentindo muita falta!&#8221;<\/p>\n<p>&nbsp;<\/p>\n<p>O espa\u00e7o do Pavilh\u00e3o do Samb\u00f3dromo do Anhembi \u00e9 coberto e conta com pra\u00e7a de alimenta\u00e7\u00e3o. Os valores dos ingressos, que ser\u00e3o vendidos na hora, variam de acordo com o meio de transporte que levar\u00e1 o p\u00fablico ao evento.<\/p>\n<p>&nbsp;<\/p>\n<p><strong>Servi\u00e7o<\/strong><\/p>\n<p><strong>\u00a0<\/strong><\/p>\n<p><strong>Mundo Motor Brasil<\/strong><\/p>\n<p><strong>Data:<\/strong> ter\u00e7as-feiras &#8211; a partir de 26 de outubro, \u00e0s 17h30.<\/p>\n<p><strong>Local:<\/strong> Pavilh\u00e3o coberto do Samb\u00f3dromo do Anhembi (Av. Olavo Fontoura, 267, S\u00e3o Paulo &#8211; SP).<\/p>\n<p><strong>Entrada:<\/strong> R$40 para ve\u00edculos, R$20 para motos e R$10 para pedestres. Ingressos na hora.<\/p>\n<p>(DL News)<\/p>\n","protected":false},"excerpt":{"rendered":"<p>DL News &nbsp; No Pavilh\u00e3o do Samb\u00f3dromo do Anhembi, o encontro acontece \u00e0s ter\u00e7as-feiras e estima receber mais de 500 modelos entre carros antigos, cl\u00e1ssicos, preparados, pick-ups, de competi\u00e7\u00f5es, supercarros, off road, dift, motocicletas e caminh\u00f5es &nbsp; Os autom\u00f3veis s\u00e3o paix\u00e3o entre os brasileiros, especialmente os cl\u00e1ssicos, considerados verdadeiras rel\u00edquias, mas com a pandemia, os\u2026 <a class=\"readmore\" href=\"https:\/\/dana.com.br\/canaldana\/2021\/10\/26\/mundo-motor-brasil-e-novo-evento-semanal-de-veiculos-em-sao-paulo\/\">Leia mais \u00bb<\/a><\/p>\n","protected":false},"author":3,"featured_media":0,"comment_status":"closed","ping_status":"closed","sticky":false,"template":"","format":"standard","meta":{"_acf_changed":false,"footnotes":""},"categories":[82],"tags":[],"class_list":["post-53825","post","type-post","status-publish","format-standard","hentry","category-eventos"],"acf":[],"yoast_head":"<!-- This site is optimized with the Yoast SEO plugin v27.3 - https:\/\/yoast.com\/product\/yoast-seo-wordpress\/ -->\n<title>Mundo Motor Brasil \u00e9 novo evento semanal de ve\u00edculos em S\u00e3o Paulo - Canal Dana<\/title>\n<meta name=\"robots\" content=\"index, follow, max-snippet:-1, max-image-preview:large, max-video-preview:-1\" \/>\n<link rel=\"canonical\" href=\"https:\/\/dana.com.br\/canaldana\/2021\/10\/26\/mundo-motor-brasil-e-novo-evento-semanal-de-veiculos-em-sao-paulo\/\" \/>\n<meta property=\"og:locale\" content=\"pt_BR\" \/>\n<meta property=\"og:type\" content=\"article\" \/>\n<meta property=\"og:title\" content=\"Mundo Motor Brasil \u00e9 novo evento semanal de ve\u00edculos em S\u00e3o Paulo - Canal Dana\" \/>\n<meta property=\"og:description\" content=\"DL News &nbsp; No Pavilh\u00e3o do Samb\u00f3dromo do Anhembi, o encontro acontece \u00e0s ter\u00e7as-feiras e estima receber mais de 500 modelos entre carros antigos, cl\u00e1ssicos, preparados, pick-ups, de competi\u00e7\u00f5es, supercarros, off road, dift, motocicletas e caminh\u00f5es &nbsp; Os autom\u00f3veis s\u00e3o paix\u00e3o entre os brasileiros, especialmente os cl\u00e1ssicos, considerados verdadeiras rel\u00edquias, mas com a pandemia, os\u2026 Leia mais \u00bb\" \/>\n<meta property=\"og:url\" content=\"https:\/\/dana.com.br\/canaldana\/2021\/10\/26\/mundo-motor-brasil-e-novo-evento-semanal-de-veiculos-em-sao-paulo\/\" \/>\n<meta property=\"og:site_name\" content=\"Canal Dana\" \/>\n<meta property=\"article:published_time\" content=\"2021-10-26T11:32:51+00:00\" \/>\n<meta name=\"author\" content=\"Canal Dana\" \/>\n<meta name=\"twitter:card\" content=\"summary_large_image\" \/>\n<meta name=\"twitter:label1\" content=\"Escrito por\" \/>\n\t<meta name=\"twitter:data1\" content=\"Canal Dana\" \/>\n\t<meta name=\"twitter:label2\" content=\"Est. tempo de leitura\" \/>\n\t<meta name=\"twitter:data2\" content=\"2 minutos\" \/>\n<script type=\"application\/ld+json\" class=\"yoast-schema-graph\">{\"@context\":\"https:\\\/\\\/schema.org\",\"@graph\":[{\"@type\":\"Article\",\"@id\":\"https:\\\/\\\/dana.com.br\\\/canaldana\\\/2021\\\/10\\\/26\\\/mundo-motor-brasil-e-novo-evento-semanal-de-veiculos-em-sao-paulo\\\/#article\",\"isPartOf\":{\"@id\":\"https:\\\/\\\/dana.com.br\\\/canaldana\\\/2021\\\/10\\\/26\\\/mundo-motor-brasil-e-novo-evento-semanal-de-veiculos-em-sao-paulo\\\/\"},\"author\":{\"name\":\"Canal Dana\",\"@id\":\"https:\\\/\\\/dana.com.br\\\/canaldana\\\/#\\\/schema\\\/person\\\/3c21f22f56fcf3bc46b94bc60ea4fef6\"},\"headline\":\"Mundo Motor Brasil \u00e9 novo evento semanal de ve\u00edculos em S\u00e3o Paulo\",\"datePublished\":\"2021-10-26T11:32:51+00:00\",\"mainEntityOfPage\":{\"@id\":\"https:\\\/\\\/dana.com.br\\\/canaldana\\\/2021\\\/10\\\/26\\\/mundo-motor-brasil-e-novo-evento-semanal-de-veiculos-em-sao-paulo\\\/\"},\"wordCount\":495,\"articleSection\":[\"Eventos\"],\"inLanguage\":\"pt-BR\"},{\"@type\":\"WebPage\",\"@id\":\"https:\\\/\\\/dana.com.br\\\/canaldana\\\/2021\\\/10\\\/26\\\/mundo-motor-brasil-e-novo-evento-semanal-de-veiculos-em-sao-paulo\\\/\",\"url\":\"https:\\\/\\\/dana.com.br\\\/canaldana\\\/2021\\\/10\\\/26\\\/mundo-motor-brasil-e-novo-evento-semanal-de-veiculos-em-sao-paulo\\\/\",\"name\":\"Mundo Motor Brasil \u00e9 novo evento semanal de ve\u00edculos em S\u00e3o Paulo - Canal Dana\",\"isPartOf\":{\"@id\":\"https:\\\/\\\/dana.com.br\\\/canaldana\\\/#website\"},\"datePublished\":\"2021-10-26T11:32:51+00:00\",\"author\":{\"@id\":\"https:\\\/\\\/dana.com.br\\\/canaldana\\\/#\\\/schema\\\/person\\\/3c21f22f56fcf3bc46b94bc60ea4fef6\"},\"breadcrumb\":{\"@id\":\"https:\\\/\\\/dana.com.br\\\/canaldana\\\/2021\\\/10\\\/26\\\/mundo-motor-brasil-e-novo-evento-semanal-de-veiculos-em-sao-paulo\\\/#breadcrumb\"},\"inLanguage\":\"pt-BR\",\"potentialAction\":[{\"@type\":\"ReadAction\",\"target\":[\"https:\\\/\\\/dana.com.br\\\/canaldana\\\/2021\\\/10\\\/26\\\/mundo-motor-brasil-e-novo-evento-semanal-de-veiculos-em-sao-paulo\\\/\"]}]},{\"@type\":\"BreadcrumbList\",\"@id\":\"https:\\\/\\\/dana.com.br\\\/canaldana\\\/2021\\\/10\\\/26\\\/mundo-motor-brasil-e-novo-evento-semanal-de-veiculos-em-sao-paulo\\\/#breadcrumb\",\"itemListElement\":[{\"@type\":\"ListItem\",\"position\":1,\"name\":\"Home\",\"item\":\"https:\\\/\\\/dana.com.br\\\/canaldana\\\/\"},{\"@type\":\"ListItem\",\"position\":2,\"name\":\"Eventos\",\"item\":\"https:\\\/\\\/dana.com.br\\\/canaldana\\\/eventos\\\/\"},{\"@type\":\"ListItem\",\"position\":3,\"name\":\"Mundo Motor Brasil \u00e9 novo evento semanal de ve\u00edculos em S\u00e3o Paulo\"}]},{\"@type\":\"WebSite\",\"@id\":\"https:\\\/\\\/dana.com.br\\\/canaldana\\\/#website\",\"url\":\"https:\\\/\\\/dana.com.br\\\/canaldana\\\/\",\"name\":\"Canal Dana\",\"description\":\"Informativo com as principais not\u00edcias da ind\u00fastria automotiva\",\"potentialAction\":[{\"@type\":\"SearchAction\",\"target\":{\"@type\":\"EntryPoint\",\"urlTemplate\":\"https:\\\/\\\/dana.com.br\\\/canaldana\\\/?s={search_term_string}\"},\"query-input\":{\"@type\":\"PropertyValueSpecification\",\"valueRequired\":true,\"valueName\":\"search_term_string\"}}],\"inLanguage\":\"pt-BR\"},{\"@type\":\"Person\",\"@id\":\"https:\\\/\\\/dana.com.br\\\/canaldana\\\/#\\\/schema\\\/person\\\/3c21f22f56fcf3bc46b94bc60ea4fef6\",\"name\":\"Canal Dana\",\"image\":{\"@type\":\"ImageObject\",\"inLanguage\":\"pt-BR\",\"@id\":\"https:\\\/\\\/secure.gravatar.com\\\/avatar\\\/420aaf9278582877d9018637c6817617705899d2858d7572ef0fe59a6b6454b4?s=96&d=mm&r=g\",\"url\":\"https:\\\/\\\/secure.gravatar.com\\\/avatar\\\/420aaf9278582877d9018637c6817617705899d2858d7572ef0fe59a6b6454b4?s=96&d=mm&r=g\",\"contentUrl\":\"https:\\\/\\\/secure.gravatar.com\\\/avatar\\\/420aaf9278582877d9018637c6817617705899d2858d7572ef0fe59a6b6454b4?s=96&d=mm&r=g\",\"caption\":\"Canal Dana\"},\"url\":\"https:\\\/\\\/dana.com.br\\\/canaldana\\\/author\\\/cdeditor\\\/\"}]}<\/script>\n<!-- \/ Yoast SEO plugin. -->","yoast_head_json":{"title":"Mundo Motor Brasil \u00e9 novo evento semanal de ve\u00edculos em S\u00e3o Paulo - Canal Dana","robots":{"index":"index","follow":"follow","max-snippet":"max-snippet:-1","max-image-preview":"max-image-preview:large","max-video-preview":"max-video-preview:-1"},"canonical":"https:\/\/dana.com.br\/canaldana\/2021\/10\/26\/mundo-motor-brasil-e-novo-evento-semanal-de-veiculos-em-sao-paulo\/","og_locale":"pt_BR","og_type":"article","og_title":"Mundo Motor Brasil \u00e9 novo evento semanal de ve\u00edculos em S\u00e3o Paulo - Canal Dana","og_description":"DL News &nbsp; No Pavilh\u00e3o do Samb\u00f3dromo do Anhembi, o encontro acontece \u00e0s ter\u00e7as-feiras e estima receber mais de 500 modelos entre carros antigos, cl\u00e1ssicos, preparados, pick-ups, de competi\u00e7\u00f5es, supercarros, off road, dift, motocicletas e caminh\u00f5es &nbsp; Os autom\u00f3veis s\u00e3o paix\u00e3o entre os brasileiros, especialmente os cl\u00e1ssicos, considerados verdadeiras rel\u00edquias, mas com a pandemia, os\u2026 Leia mais \u00bb","og_url":"https:\/\/dana.com.br\/canaldana\/2021\/10\/26\/mundo-motor-brasil-e-novo-evento-semanal-de-veiculos-em-sao-paulo\/","og_site_name":"Canal Dana","article_published_time":"2021-10-26T11:32:51+00:00","author":"Canal Dana","twitter_card":"summary_large_image","twitter_misc":{"Escrito por":"Canal Dana","Est. tempo de leitura":"2 minutos"},"schema":{"@context":"https:\/\/schema.org","@graph":[{"@type":"Article","@id":"https:\/\/dana.com.br\/canaldana\/2021\/10\/26\/mundo-motor-brasil-e-novo-evento-semanal-de-veiculos-em-sao-paulo\/#article","isPartOf":{"@id":"https:\/\/dana.com.br\/canaldana\/2021\/10\/26\/mundo-motor-brasil-e-novo-evento-semanal-de-veiculos-em-sao-paulo\/"},"author":{"name":"Canal Dana","@id":"https:\/\/dana.com.br\/canaldana\/#\/schema\/person\/3c21f22f56fcf3bc46b94bc60ea4fef6"},"headline":"Mundo Motor Brasil \u00e9 novo evento semanal de ve\u00edculos em S\u00e3o Paulo","datePublished":"2021-10-26T11:32:51+00:00","mainEntityOfPage":{"@id":"https:\/\/dana.com.br\/canaldana\/2021\/10\/26\/mundo-motor-brasil-e-novo-evento-semanal-de-veiculos-em-sao-paulo\/"},"wordCount":495,"articleSection":["Eventos"],"inLanguage":"pt-BR"},{"@type":"WebPage","@id":"https:\/\/dana.com.br\/canaldana\/2021\/10\/26\/mundo-motor-brasil-e-novo-evento-semanal-de-veiculos-em-sao-paulo\/","url":"https:\/\/dana.com.br\/canaldana\/2021\/10\/26\/mundo-motor-brasil-e-novo-evento-semanal-de-veiculos-em-sao-paulo\/","name":"Mundo Motor Brasil \u00e9 novo evento semanal de ve\u00edculos em S\u00e3o Paulo - Canal Dana","isPartOf":{"@id":"https:\/\/dana.com.br\/canaldana\/#website"},"datePublished":"2021-10-26T11:32:51+00:00","author":{"@id":"https:\/\/dana.com.br\/canaldana\/#\/schema\/person\/3c21f22f56fcf3bc46b94bc60ea4fef6"},"breadcrumb":{"@id":"https:\/\/dana.com.br\/canaldana\/2021\/10\/26\/mundo-motor-brasil-e-novo-evento-semanal-de-veiculos-em-sao-paulo\/#breadcrumb"},"inLanguage":"pt-BR","potentialAction":[{"@type":"ReadAction","target":["https:\/\/dana.com.br\/canaldana\/2021\/10\/26\/mundo-motor-brasil-e-novo-evento-semanal-de-veiculos-em-sao-paulo\/"]}]},{"@type":"BreadcrumbList","@id":"https:\/\/dana.com.br\/canaldana\/2021\/10\/26\/mundo-motor-brasil-e-novo-evento-semanal-de-veiculos-em-sao-paulo\/#breadcrumb","itemListElement":[{"@type":"ListItem","position":1,"name":"Home","item":"https:\/\/dana.com.br\/canaldana\/"},{"@type":"ListItem","position":2,"name":"Eventos","item":"https:\/\/dana.com.br\/canaldana\/eventos\/"},{"@type":"ListItem","position":3,"name":"Mundo Motor Brasil \u00e9 novo evento semanal de ve\u00edculos em S\u00e3o Paulo"}]},{"@type":"WebSite","@id":"https:\/\/dana.com.br\/canaldana\/#website","url":"https:\/\/dana.com.br\/canaldana\/","name":"Canal Dana","description":"Informativo com as principais not\u00edcias da ind\u00fastria automotiva","potentialAction":[{"@type":"SearchAction","target":{"@type":"EntryPoint","urlTemplate":"https:\/\/dana.com.br\/canaldana\/?s={search_term_string}"},"query-input":{"@type":"PropertyValueSpecification","valueRequired":true,"valueName":"search_term_string"}}],"inLanguage":"pt-BR"},{"@type":"Person","@id":"https:\/\/dana.com.br\/canaldana\/#\/schema\/person\/3c21f22f56fcf3bc46b94bc60ea4fef6","name":"Canal Dana","image":{"@type":"ImageObject","inLanguage":"pt-BR","@id":"https:\/\/secure.gravatar.com\/avatar\/420aaf9278582877d9018637c6817617705899d2858d7572ef0fe59a6b6454b4?s=96&d=mm&r=g","url":"https:\/\/secure.gravatar.com\/avatar\/420aaf9278582877d9018637c6817617705899d2858d7572ef0fe59a6b6454b4?s=96&d=mm&r=g","contentUrl":"https:\/\/secure.gravatar.com\/avatar\/420aaf9278582877d9018637c6817617705899d2858d7572ef0fe59a6b6454b4?s=96&d=mm&r=g","caption":"Canal Dana"},"url":"https:\/\/dana.com.br\/canaldana\/author\/cdeditor\/"}]}},"_links":{"self":[{"href":"https:\/\/dana.com.br\/canaldana\/wp-json\/wp\/v2\/posts\/53825","targetHints":{"allow":["GET"]}}],"collection":[{"href":"https:\/\/dana.com.br\/canaldana\/wp-json\/wp\/v2\/posts"}],"about":[{"href":"https:\/\/dana.com.br\/canaldana\/wp-json\/wp\/v2\/types\/post"}],"author":[{"embeddable":true,"href":"https:\/\/dana.com.br\/canaldana\/wp-json\/wp\/v2\/users\/3"}],"replies":[{"embeddable":true,"href":"https:\/\/dana.com.br\/canaldana\/wp-json\/wp\/v2\/comments?post=53825"}],"version-history":[{"count":0,"href":"https:\/\/dana.com.br\/canaldana\/wp-json\/wp\/v2\/posts\/53825\/revisions"}],"wp:attachment":[{"href":"https:\/\/dana.com.br\/canaldana\/wp-json\/wp\/v2\/media?parent=53825"}],"wp:term":[{"taxonomy":"category","embeddable":true,"href":"https:\/\/dana.com.br\/canaldana\/wp-json\/wp\/v2\/categories?post=53825"},{"taxonomy":"post_tag","embeddable":true,"href":"https:\/\/dana.com.br\/canaldana\/wp-json\/wp\/v2\/tags?post=53825"}],"curies":[{"name":"wp","href":"https:\/\/api.w.org\/{rel}","templated":true}]}}