{"id":53822,"date":"2021-10-26T08:31:56","date_gmt":"2021-10-26T11:31:56","guid":{"rendered":"https:\/\/dana.com.br\/canaldana\/?p=53822"},"modified":"2021-10-26T08:31:56","modified_gmt":"2021-10-26T11:31:56","slug":"quatorze-montadoras-fizeram-recall-no-terceiro-trimestre-deste-ano","status":"publish","type":"post","link":"https:\/\/dana.com.br\/canaldana\/2021\/10\/26\/quatorze-montadoras-fizeram-recall-no-terceiro-trimestre-deste-ano\/","title":{"rendered":"Quatorze montadoras fizeram recall no terceiro trimestre deste ano"},"content":{"rendered":"<p><em>Portal Veja <\/em><\/p>\n<p>&nbsp;<\/p>\n<p>Ao menos 14 montadoras fizeram campanhas de recall de ve\u00edculos no terceiro trimestre deste ano, mostra um levantamento feito pelo Papa Recall, aplicativo que monitora os modelos de carros que precisam voltar para as f\u00e1bricas para corrigir problemas de produ\u00e7\u00e3o.<\/p>\n<p>&nbsp;<\/p>\n<p>S\u00f3 no per\u00edodo mencionado, houve 21 campanhas de recall de 124 modelos de carros diferentes. O volume de modelos envolvidos em chamamentos no terceiro trimestre foi 106% maior do que o observado em igual per\u00edodo de 2020.<\/p>\n<p>&nbsp;<\/p>\n<p>As montadoras que mais tiveram que recolher carros de propriet\u00e1rios foram Porsche, com quatro campanhas de recall no per\u00edodo, Volkswagen, com tr\u00eas campanhas, Audi e Land Rover, com duas campanhas cada.<\/p>\n<p>&nbsp;<\/p>\n<p>Se a quantidade de modelos de carros com recall mais que dobrou, o n\u00famero de campanhas em si foi 16% menor no terceiro trimestre deste ano em rela\u00e7\u00e3o a igual per\u00edodo do ano passado. Os principais motivos que levaram \u00e0s campanhas foram problemas com airbag, freio, combust\u00edvel, sistema el\u00e9trico, suspens\u00e3o, software, motor, transmiss\u00e3o, banco e dire\u00e7\u00e3o. (Portal Veja\/Lucas Vettorazzo)<\/p>\n","protected":false},"excerpt":{"rendered":"<p>Portal Veja &nbsp; Ao menos 14 montadoras fizeram campanhas de recall de ve\u00edculos no terceiro trimestre deste ano, mostra um levantamento feito pelo Papa Recall, aplicativo que monitora os modelos de carros que precisam voltar para as f\u00e1bricas para corrigir problemas de produ\u00e7\u00e3o. &nbsp; S\u00f3 no per\u00edodo mencionado, houve 21 campanhas de recall de 124\u2026 <a class=\"readmore\" href=\"https:\/\/dana.com.br\/canaldana\/2021\/10\/26\/quatorze-montadoras-fizeram-recall-no-terceiro-trimestre-deste-ano\/\">Leia mais \u00bb<\/a><\/p>\n","protected":false},"author":3,"featured_media":0,"comment_status":"closed","ping_status":"closed","sticky":false,"template":"","format":"standard","meta":{"_acf_changed":false,"footnotes":""},"categories":[81],"tags":[],"class_list":["post-53822","post","type-post","status-publish","format-standard","hentry","category-recall"],"acf":[],"yoast_head":"<!-- This site is optimized with the Yoast SEO plugin v27.3 - https:\/\/yoast.com\/product\/yoast-seo-wordpress\/ -->\n<title>Quatorze montadoras fizeram recall no terceiro trimestre deste ano - Canal Dana<\/title>\n<meta name=\"robots\" content=\"index, follow, max-snippet:-1, max-image-preview:large, max-video-preview:-1\" \/>\n<link rel=\"canonical\" href=\"https:\/\/dana.com.br\/canaldana\/2021\/10\/26\/quatorze-montadoras-fizeram-recall-no-terceiro-trimestre-deste-ano\/\" \/>\n<meta property=\"og:locale\" content=\"pt_BR\" \/>\n<meta property=\"og:type\" content=\"article\" \/>\n<meta property=\"og:title\" content=\"Quatorze montadoras fizeram recall no terceiro trimestre deste ano - Canal Dana\" \/>\n<meta property=\"og:description\" content=\"Portal Veja &nbsp; Ao menos 14 montadoras fizeram campanhas de recall de ve\u00edculos no terceiro trimestre deste ano, mostra um levantamento feito pelo Papa Recall, aplicativo que monitora os modelos de carros que precisam voltar para as f\u00e1bricas para corrigir problemas de produ\u00e7\u00e3o. &nbsp; S\u00f3 no per\u00edodo mencionado, houve 21 campanhas de recall de 124\u2026 Leia mais \u00bb\" \/>\n<meta property=\"og:url\" content=\"https:\/\/dana.com.br\/canaldana\/2021\/10\/26\/quatorze-montadoras-fizeram-recall-no-terceiro-trimestre-deste-ano\/\" \/>\n<meta property=\"og:site_name\" content=\"Canal Dana\" \/>\n<meta property=\"article:published_time\" content=\"2021-10-26T11:31:56+00:00\" \/>\n<meta name=\"author\" content=\"Canal Dana\" \/>\n<meta name=\"twitter:card\" content=\"summary_large_image\" \/>\n<meta name=\"twitter:label1\" content=\"Escrito por\" \/>\n\t<meta name=\"twitter:data1\" content=\"Canal Dana\" \/>\n\t<meta name=\"twitter:label2\" content=\"Est. tempo de leitura\" \/>\n\t<meta name=\"twitter:data2\" content=\"1 minuto\" \/>\n<script type=\"application\/ld+json\" class=\"yoast-schema-graph\">{\"@context\":\"https:\\\/\\\/schema.org\",\"@graph\":[{\"@type\":\"Article\",\"@id\":\"https:\\\/\\\/dana.com.br\\\/canaldana\\\/2021\\\/10\\\/26\\\/quatorze-montadoras-fizeram-recall-no-terceiro-trimestre-deste-ano\\\/#article\",\"isPartOf\":{\"@id\":\"https:\\\/\\\/dana.com.br\\\/canaldana\\\/2021\\\/10\\\/26\\\/quatorze-montadoras-fizeram-recall-no-terceiro-trimestre-deste-ano\\\/\"},\"author\":{\"name\":\"Canal Dana\",\"@id\":\"https:\\\/\\\/dana.com.br\\\/canaldana\\\/#\\\/schema\\\/person\\\/3c21f22f56fcf3bc46b94bc60ea4fef6\"},\"headline\":\"Quatorze montadoras fizeram recall no terceiro trimestre deste ano\",\"datePublished\":\"2021-10-26T11:31:56+00:00\",\"mainEntityOfPage\":{\"@id\":\"https:\\\/\\\/dana.com.br\\\/canaldana\\\/2021\\\/10\\\/26\\\/quatorze-montadoras-fizeram-recall-no-terceiro-trimestre-deste-ano\\\/\"},\"wordCount\":193,\"articleSection\":[\"Recall\"],\"inLanguage\":\"pt-BR\"},{\"@type\":\"WebPage\",\"@id\":\"https:\\\/\\\/dana.com.br\\\/canaldana\\\/2021\\\/10\\\/26\\\/quatorze-montadoras-fizeram-recall-no-terceiro-trimestre-deste-ano\\\/\",\"url\":\"https:\\\/\\\/dana.com.br\\\/canaldana\\\/2021\\\/10\\\/26\\\/quatorze-montadoras-fizeram-recall-no-terceiro-trimestre-deste-ano\\\/\",\"name\":\"Quatorze montadoras fizeram recall no terceiro trimestre deste ano - Canal Dana\",\"isPartOf\":{\"@id\":\"https:\\\/\\\/dana.com.br\\\/canaldana\\\/#website\"},\"datePublished\":\"2021-10-26T11:31:56+00:00\",\"author\":{\"@id\":\"https:\\\/\\\/dana.com.br\\\/canaldana\\\/#\\\/schema\\\/person\\\/3c21f22f56fcf3bc46b94bc60ea4fef6\"},\"breadcrumb\":{\"@id\":\"https:\\\/\\\/dana.com.br\\\/canaldana\\\/2021\\\/10\\\/26\\\/quatorze-montadoras-fizeram-recall-no-terceiro-trimestre-deste-ano\\\/#breadcrumb\"},\"inLanguage\":\"pt-BR\",\"potentialAction\":[{\"@type\":\"ReadAction\",\"target\":[\"https:\\\/\\\/dana.com.br\\\/canaldana\\\/2021\\\/10\\\/26\\\/quatorze-montadoras-fizeram-recall-no-terceiro-trimestre-deste-ano\\\/\"]}]},{\"@type\":\"BreadcrumbList\",\"@id\":\"https:\\\/\\\/dana.com.br\\\/canaldana\\\/2021\\\/10\\\/26\\\/quatorze-montadoras-fizeram-recall-no-terceiro-trimestre-deste-ano\\\/#breadcrumb\",\"itemListElement\":[{\"@type\":\"ListItem\",\"position\":1,\"name\":\"Home\",\"item\":\"https:\\\/\\\/dana.com.br\\\/canaldana\\\/\"},{\"@type\":\"ListItem\",\"position\":2,\"name\":\"Recall\",\"item\":\"https:\\\/\\\/dana.com.br\\\/canaldana\\\/recall\\\/\"},{\"@type\":\"ListItem\",\"position\":3,\"name\":\"Quatorze montadoras fizeram recall no terceiro trimestre deste ano\"}]},{\"@type\":\"WebSite\",\"@id\":\"https:\\\/\\\/dana.com.br\\\/canaldana\\\/#website\",\"url\":\"https:\\\/\\\/dana.com.br\\\/canaldana\\\/\",\"name\":\"Canal Dana\",\"description\":\"Informativo com as principais not\u00edcias da ind\u00fastria automotiva\",\"potentialAction\":[{\"@type\":\"SearchAction\",\"target\":{\"@type\":\"EntryPoint\",\"urlTemplate\":\"https:\\\/\\\/dana.com.br\\\/canaldana\\\/?s={search_term_string}\"},\"query-input\":{\"@type\":\"PropertyValueSpecification\",\"valueRequired\":true,\"valueName\":\"search_term_string\"}}],\"inLanguage\":\"pt-BR\"},{\"@type\":\"Person\",\"@id\":\"https:\\\/\\\/dana.com.br\\\/canaldana\\\/#\\\/schema\\\/person\\\/3c21f22f56fcf3bc46b94bc60ea4fef6\",\"name\":\"Canal Dana\",\"image\":{\"@type\":\"ImageObject\",\"inLanguage\":\"pt-BR\",\"@id\":\"https:\\\/\\\/secure.gravatar.com\\\/avatar\\\/420aaf9278582877d9018637c6817617705899d2858d7572ef0fe59a6b6454b4?s=96&d=mm&r=g\",\"url\":\"https:\\\/\\\/secure.gravatar.com\\\/avatar\\\/420aaf9278582877d9018637c6817617705899d2858d7572ef0fe59a6b6454b4?s=96&d=mm&r=g\",\"contentUrl\":\"https:\\\/\\\/secure.gravatar.com\\\/avatar\\\/420aaf9278582877d9018637c6817617705899d2858d7572ef0fe59a6b6454b4?s=96&d=mm&r=g\",\"caption\":\"Canal Dana\"},\"url\":\"https:\\\/\\\/dana.com.br\\\/canaldana\\\/author\\\/cdeditor\\\/\"}]}<\/script>\n<!-- \/ Yoast SEO plugin. -->","yoast_head_json":{"title":"Quatorze montadoras fizeram recall no terceiro trimestre deste ano - Canal Dana","robots":{"index":"index","follow":"follow","max-snippet":"max-snippet:-1","max-image-preview":"max-image-preview:large","max-video-preview":"max-video-preview:-1"},"canonical":"https:\/\/dana.com.br\/canaldana\/2021\/10\/26\/quatorze-montadoras-fizeram-recall-no-terceiro-trimestre-deste-ano\/","og_locale":"pt_BR","og_type":"article","og_title":"Quatorze montadoras fizeram recall no terceiro trimestre deste ano - Canal Dana","og_description":"Portal Veja &nbsp; Ao menos 14 montadoras fizeram campanhas de recall de ve\u00edculos no terceiro trimestre deste ano, mostra um levantamento feito pelo Papa Recall, aplicativo que monitora os modelos de carros que precisam voltar para as f\u00e1bricas para corrigir problemas de produ\u00e7\u00e3o. &nbsp; S\u00f3 no per\u00edodo mencionado, houve 21 campanhas de recall de 124\u2026 Leia mais \u00bb","og_url":"https:\/\/dana.com.br\/canaldana\/2021\/10\/26\/quatorze-montadoras-fizeram-recall-no-terceiro-trimestre-deste-ano\/","og_site_name":"Canal Dana","article_published_time":"2021-10-26T11:31:56+00:00","author":"Canal Dana","twitter_card":"summary_large_image","twitter_misc":{"Escrito por":"Canal Dana","Est. tempo de leitura":"1 minuto"},"schema":{"@context":"https:\/\/schema.org","@graph":[{"@type":"Article","@id":"https:\/\/dana.com.br\/canaldana\/2021\/10\/26\/quatorze-montadoras-fizeram-recall-no-terceiro-trimestre-deste-ano\/#article","isPartOf":{"@id":"https:\/\/dana.com.br\/canaldana\/2021\/10\/26\/quatorze-montadoras-fizeram-recall-no-terceiro-trimestre-deste-ano\/"},"author":{"name":"Canal Dana","@id":"https:\/\/dana.com.br\/canaldana\/#\/schema\/person\/3c21f22f56fcf3bc46b94bc60ea4fef6"},"headline":"Quatorze montadoras fizeram recall no terceiro trimestre deste ano","datePublished":"2021-10-26T11:31:56+00:00","mainEntityOfPage":{"@id":"https:\/\/dana.com.br\/canaldana\/2021\/10\/26\/quatorze-montadoras-fizeram-recall-no-terceiro-trimestre-deste-ano\/"},"wordCount":193,"articleSection":["Recall"],"inLanguage":"pt-BR"},{"@type":"WebPage","@id":"https:\/\/dana.com.br\/canaldana\/2021\/10\/26\/quatorze-montadoras-fizeram-recall-no-terceiro-trimestre-deste-ano\/","url":"https:\/\/dana.com.br\/canaldana\/2021\/10\/26\/quatorze-montadoras-fizeram-recall-no-terceiro-trimestre-deste-ano\/","name":"Quatorze montadoras fizeram recall no terceiro trimestre deste ano - Canal Dana","isPartOf":{"@id":"https:\/\/dana.com.br\/canaldana\/#website"},"datePublished":"2021-10-26T11:31:56+00:00","author":{"@id":"https:\/\/dana.com.br\/canaldana\/#\/schema\/person\/3c21f22f56fcf3bc46b94bc60ea4fef6"},"breadcrumb":{"@id":"https:\/\/dana.com.br\/canaldana\/2021\/10\/26\/quatorze-montadoras-fizeram-recall-no-terceiro-trimestre-deste-ano\/#breadcrumb"},"inLanguage":"pt-BR","potentialAction":[{"@type":"ReadAction","target":["https:\/\/dana.com.br\/canaldana\/2021\/10\/26\/quatorze-montadoras-fizeram-recall-no-terceiro-trimestre-deste-ano\/"]}]},{"@type":"BreadcrumbList","@id":"https:\/\/dana.com.br\/canaldana\/2021\/10\/26\/quatorze-montadoras-fizeram-recall-no-terceiro-trimestre-deste-ano\/#breadcrumb","itemListElement":[{"@type":"ListItem","position":1,"name":"Home","item":"https:\/\/dana.com.br\/canaldana\/"},{"@type":"ListItem","position":2,"name":"Recall","item":"https:\/\/dana.com.br\/canaldana\/recall\/"},{"@type":"ListItem","position":3,"name":"Quatorze montadoras fizeram recall no terceiro trimestre deste ano"}]},{"@type":"WebSite","@id":"https:\/\/dana.com.br\/canaldana\/#website","url":"https:\/\/dana.com.br\/canaldana\/","name":"Canal Dana","description":"Informativo com as principais not\u00edcias da ind\u00fastria automotiva","potentialAction":[{"@type":"SearchAction","target":{"@type":"EntryPoint","urlTemplate":"https:\/\/dana.com.br\/canaldana\/?s={search_term_string}"},"query-input":{"@type":"PropertyValueSpecification","valueRequired":true,"valueName":"search_term_string"}}],"inLanguage":"pt-BR"},{"@type":"Person","@id":"https:\/\/dana.com.br\/canaldana\/#\/schema\/person\/3c21f22f56fcf3bc46b94bc60ea4fef6","name":"Canal Dana","image":{"@type":"ImageObject","inLanguage":"pt-BR","@id":"https:\/\/secure.gravatar.com\/avatar\/420aaf9278582877d9018637c6817617705899d2858d7572ef0fe59a6b6454b4?s=96&d=mm&r=g","url":"https:\/\/secure.gravatar.com\/avatar\/420aaf9278582877d9018637c6817617705899d2858d7572ef0fe59a6b6454b4?s=96&d=mm&r=g","contentUrl":"https:\/\/secure.gravatar.com\/avatar\/420aaf9278582877d9018637c6817617705899d2858d7572ef0fe59a6b6454b4?s=96&d=mm&r=g","caption":"Canal Dana"},"url":"https:\/\/dana.com.br\/canaldana\/author\/cdeditor\/"}]}},"_links":{"self":[{"href":"https:\/\/dana.com.br\/canaldana\/wp-json\/wp\/v2\/posts\/53822","targetHints":{"allow":["GET"]}}],"collection":[{"href":"https:\/\/dana.com.br\/canaldana\/wp-json\/wp\/v2\/posts"}],"about":[{"href":"https:\/\/dana.com.br\/canaldana\/wp-json\/wp\/v2\/types\/post"}],"author":[{"embeddable":true,"href":"https:\/\/dana.com.br\/canaldana\/wp-json\/wp\/v2\/users\/3"}],"replies":[{"embeddable":true,"href":"https:\/\/dana.com.br\/canaldana\/wp-json\/wp\/v2\/comments?post=53822"}],"version-history":[{"count":0,"href":"https:\/\/dana.com.br\/canaldana\/wp-json\/wp\/v2\/posts\/53822\/revisions"}],"wp:attachment":[{"href":"https:\/\/dana.com.br\/canaldana\/wp-json\/wp\/v2\/media?parent=53822"}],"wp:term":[{"taxonomy":"category","embeddable":true,"href":"https:\/\/dana.com.br\/canaldana\/wp-json\/wp\/v2\/categories?post=53822"},{"taxonomy":"post_tag","embeddable":true,"href":"https:\/\/dana.com.br\/canaldana\/wp-json\/wp\/v2\/tags?post=53822"}],"curies":[{"name":"wp","href":"https:\/\/api.w.org\/{rel}","templated":true}]}}