{"id":53812,"date":"2021-10-25T09:16:47","date_gmt":"2021-10-25T12:16:47","guid":{"rendered":"https:\/\/dana.com.br\/canaldana\/?p=53812"},"modified":"2021-10-25T09:16:47","modified_gmt":"2021-10-25T12:16:47","slug":"governo-e-camara-travam-isencao-para-pessoa-com-deficiencia-comprar-carro","status":"publish","type":"post","link":"https:\/\/dana.com.br\/canaldana\/2021\/10\/25\/governo-e-camara-travam-isencao-para-pessoa-com-deficiencia-comprar-carro\/","title":{"rendered":"Governo e C\u00e2mara travam isen\u00e7\u00e3o para pessoa com defici\u00eancia comprar carro"},"content":{"rendered":"<p><em>O Estado de S. Paulo <\/em><\/p>\n<p>&nbsp;<\/p>\n<p>A isen\u00e7\u00e3o de IPI e de ICMS para pessoa com defici\u00eancia na compra de carro 0KM pode acabar no \u00faltimo dia deste ano. Em julho, por meio da Lei n\u00ba 14.183\/2021, o prazo do abatimento do Imposto sobre Produtos Industrializados, uma taxa federal, foi ampliado at\u00e9 o pr\u00f3ximo dia 31 de dezembro, mas isso precisa ser renovado.<\/p>\n<p>&nbsp;<\/p>\n<p>A isen\u00e7\u00e3o do IPI \u00e9 a primeira etapa no processo de aquisi\u00e7\u00e3o do ve\u00edculo. Somente ap\u00f3s essa aprova\u00e7\u00e3o \u00e9 poss\u00edvel dar sequ\u00eancia no pedido para desconto do Imposto sobre Circula\u00e7\u00e3o de Mercadorias e Servi\u00e7os, que \u00e9 estadual. Sem isen\u00e7\u00e3o de IPI n\u00e3o h\u00e1 isen\u00e7\u00e3o de ICMS.<\/p>\n<p>&nbsp;<\/p>\n<p>J\u00e1 foi aprovado pelo Senado e est\u00e1 em tr\u00e2mite na C\u00e2mara o Projeto de Lei n\u00ba 5.149\/2020, da senadora Mara Gabrilli (PSDB-SP), que renova o prazo de isen\u00e7\u00e3o do IPI para 2026 e tamb\u00e9m estende o direito para pessoas com defici\u00eancia auditiva, mas o PL est\u00e1 parado desde agosto na Comiss\u00e3o de Finan\u00e7as e Tributa\u00e7\u00e3o (CFT), com relatoria do deputado federal Tiago Dimas (SOLIDARIEDADE-TO).<\/p>\n<p>&nbsp;<\/p>\n<p>O blog Vencer Limites apurou que o relator enviou no m\u00eas passado ao Minist\u00e9rio da Economia um pedido de an\u00e1lise do ministro Paulo Guedes sobre o impacto or\u00e7ament\u00e1rio do PL. Ainda n\u00e3o houve resposta.<\/p>\n<p>&nbsp;<\/p>\n<p>\u201cAs isen\u00e7\u00f5es s\u00e3o uma forma do governo compensar a falta de acessibilidade no sistema de transporte p\u00fablico do Pa\u00eds\u201d, declarou Mara Gabrilli. \u201cSem os descontos, mais brasileiros com defici\u00eancia ter\u00e3o tolhidos o seu direito de ir e vir. Al\u00e9m disso, milhares de pais e m\u00e3es ter\u00e3o mais dificuldades para levar seus filhos com defici\u00eancia a atividades de reabilita\u00e7\u00e3o, escola e de lazer\u201d, ponderou a senadora.<\/p>\n<p>&nbsp;<\/p>\n<p>De acordo com dados da Abridef (Associa\u00e7\u00e3o Brasileira da Ind\u00fastria, Com\u00e9rcio e Servi\u00e7os de Tecnologia Assistiva), a venda de ve\u00edculos com isen\u00e7\u00e3o de impostos para pessoas com defici\u00eancia mant\u00e9m um mercado do qual fazem parte montadoras, concession\u00e1rias e seus servi\u00e7os especializados, autoescolas e cursos espec\u00edficos, despachantes especialistas, feiras, eventos, publica\u00e7\u00f5es como revistas e websites, empresas que fazem adapta\u00e7\u00f5es nos ve\u00edculos, empreendedores que criam novas tecnologias para o setor e outros profissionais. Em 2019, essa estrutura movimentou R$ 15 bilh\u00f5es.<\/p>\n<p>&nbsp;<\/p>\n<p>\u201cNo ano passado, com crise provocada pela pandemia, esse movimento n\u00e3o chegou a 20%\u201d, afirma Rodrigo Rosso, ex-presidente da Abridef. \u201cO mercado est\u00e1 parado e vai acabar se a renova\u00e7\u00e3o n\u00e3o for aprovada. Haver\u00e1 muito desemprego, at\u00e9 nas f\u00e1bricas, que v\u00e3o eliminar turnos. Nas concession\u00e1rias, os servi\u00e7os de vendas especiais ser\u00e3o encerrados e empresas adaptadoras de ve\u00edculos v\u00e3o fechar\u201d, diz<\/p>\n<p>&nbsp;<\/p>\n<p>A pr\u00f3pria Abridef tamb\u00e9m precisou encerrar suas atividades no ano passado. \u201cEra patronal, mas as empresas pararam na pandemia, suspenderam o pagamento das mensalidades. Aguentamos o m\u00e1ximo. Cheguei a bancar do bolso por algum tempo, mas a diretoria achou por bem encerrar. N\u00e3o teve jeito\u201d, comenta Rosso.<\/p>\n<p>&nbsp;<\/p>\n<p>Outro problema do setor \u00e9 o valor m\u00e1ximo do carro que tem isen\u00e7\u00e3o de IPI e ICMS. Em julho, o presidente Jair Bolsonaro sancionou a lei N\u00ba 14.183, que eleva de R$ 70 mil para R$ 140 mil o teto para isen\u00e7\u00e3o do Imposto sobre Produtos Industrializados.<\/p>\n<p>&nbsp;<\/p>\n<p>Al\u00e9m do aumento desse, a nova lei diminui de quatro para tr\u00eas anos o prazo para a troca do ve\u00edculo adquirido com isen\u00e7\u00f5es. Bolsonaro vetou o artigo que inclu\u00eda pessoas com defici\u00eancia auditiva como benefici\u00e1rios.<\/p>\n<p>&nbsp;<\/p>\n<p>O CONFAZ (Conselho Nacional Fazend\u00e1rio), do Minist\u00e9rio da Economia, mant\u00e9m paradas as discuss\u00f5es sobre o aumento do teto do ICMS, atualmente fixado em R% 70 mil. O benef\u00edcio foi postergado at\u00e9 30 de mar\u00e7o de 2022, mas esse valor n\u00e3o \u00e9 corrigido h\u00e1 12 anos. (O Estado de S. Paulo\/Luiz Alexandre Souza Ventura)<\/p>\n","protected":false},"excerpt":{"rendered":"<p>O Estado de S. Paulo &nbsp; A isen\u00e7\u00e3o de IPI e de ICMS para pessoa com defici\u00eancia na compra de carro 0KM pode acabar no \u00faltimo dia deste ano. Em julho, por meio da Lei n\u00ba 14.183\/2021, o prazo do abatimento do Imposto sobre Produtos Industrializados, uma taxa federal, foi ampliado at\u00e9 o pr\u00f3ximo dia\u2026 <a class=\"readmore\" href=\"https:\/\/dana.com.br\/canaldana\/2021\/10\/25\/governo-e-camara-travam-isencao-para-pessoa-com-deficiencia-comprar-carro\/\">Leia mais \u00bb<\/a><\/p>\n","protected":false},"author":3,"featured_media":0,"comment_status":"closed","ping_status":"closed","sticky":false,"template":"","format":"standard","meta":{"_acf_changed":false,"footnotes":""},"categories":[61],"tags":[],"class_list":["post-53812","post","type-post","status-publish","format-standard","hentry","category-destaques"],"acf":[],"yoast_head":"<!-- This site is optimized with the Yoast SEO plugin v27.3 - https:\/\/yoast.com\/product\/yoast-seo-wordpress\/ -->\n<title>Governo e C\u00e2mara travam isen\u00e7\u00e3o para pessoa com defici\u00eancia comprar carro - Canal Dana<\/title>\n<meta name=\"robots\" content=\"index, follow, max-snippet:-1, max-image-preview:large, max-video-preview:-1\" \/>\n<link rel=\"canonical\" href=\"https:\/\/dana.com.br\/canaldana\/2021\/10\/25\/governo-e-camara-travam-isencao-para-pessoa-com-deficiencia-comprar-carro\/\" \/>\n<meta property=\"og:locale\" content=\"pt_BR\" \/>\n<meta property=\"og:type\" content=\"article\" \/>\n<meta property=\"og:title\" content=\"Governo e C\u00e2mara travam isen\u00e7\u00e3o para pessoa com defici\u00eancia comprar carro - Canal Dana\" \/>\n<meta property=\"og:description\" content=\"O Estado de S. Paulo &nbsp; A isen\u00e7\u00e3o de IPI e de ICMS para pessoa com defici\u00eancia na compra de carro 0KM pode acabar no \u00faltimo dia deste ano. Em julho, por meio da Lei n\u00ba 14.183\/2021, o prazo do abatimento do Imposto sobre Produtos Industrializados, uma taxa federal, foi ampliado at\u00e9 o pr\u00f3ximo dia\u2026 Leia mais \u00bb\" \/>\n<meta property=\"og:url\" content=\"https:\/\/dana.com.br\/canaldana\/2021\/10\/25\/governo-e-camara-travam-isencao-para-pessoa-com-deficiencia-comprar-carro\/\" \/>\n<meta property=\"og:site_name\" content=\"Canal Dana\" \/>\n<meta property=\"article:published_time\" content=\"2021-10-25T12:16:47+00:00\" \/>\n<meta name=\"author\" content=\"Canal Dana\" \/>\n<meta name=\"twitter:card\" content=\"summary_large_image\" \/>\n<meta name=\"twitter:label1\" content=\"Escrito por\" \/>\n\t<meta name=\"twitter:data1\" content=\"Canal Dana\" \/>\n\t<meta name=\"twitter:label2\" content=\"Est. tempo de leitura\" \/>\n\t<meta name=\"twitter:data2\" content=\"3 minutos\" \/>\n<script type=\"application\/ld+json\" class=\"yoast-schema-graph\">{\"@context\":\"https:\\\/\\\/schema.org\",\"@graph\":[{\"@type\":\"Article\",\"@id\":\"https:\\\/\\\/dana.com.br\\\/canaldana\\\/2021\\\/10\\\/25\\\/governo-e-camara-travam-isencao-para-pessoa-com-deficiencia-comprar-carro\\\/#article\",\"isPartOf\":{\"@id\":\"https:\\\/\\\/dana.com.br\\\/canaldana\\\/2021\\\/10\\\/25\\\/governo-e-camara-travam-isencao-para-pessoa-com-deficiencia-comprar-carro\\\/\"},\"author\":{\"name\":\"Canal Dana\",\"@id\":\"https:\\\/\\\/dana.com.br\\\/canaldana\\\/#\\\/schema\\\/person\\\/3c21f22f56fcf3bc46b94bc60ea4fef6\"},\"headline\":\"Governo e C\u00e2mara travam isen\u00e7\u00e3o para pessoa com defici\u00eancia comprar carro\",\"datePublished\":\"2021-10-25T12:16:47+00:00\",\"mainEntityOfPage\":{\"@id\":\"https:\\\/\\\/dana.com.br\\\/canaldana\\\/2021\\\/10\\\/25\\\/governo-e-camara-travam-isencao-para-pessoa-com-deficiencia-comprar-carro\\\/\"},\"wordCount\":685,\"articleSection\":[\"Destaques\"],\"inLanguage\":\"pt-BR\"},{\"@type\":\"WebPage\",\"@id\":\"https:\\\/\\\/dana.com.br\\\/canaldana\\\/2021\\\/10\\\/25\\\/governo-e-camara-travam-isencao-para-pessoa-com-deficiencia-comprar-carro\\\/\",\"url\":\"https:\\\/\\\/dana.com.br\\\/canaldana\\\/2021\\\/10\\\/25\\\/governo-e-camara-travam-isencao-para-pessoa-com-deficiencia-comprar-carro\\\/\",\"name\":\"Governo e C\u00e2mara travam isen\u00e7\u00e3o para pessoa com defici\u00eancia comprar carro - Canal Dana\",\"isPartOf\":{\"@id\":\"https:\\\/\\\/dana.com.br\\\/canaldana\\\/#website\"},\"datePublished\":\"2021-10-25T12:16:47+00:00\",\"author\":{\"@id\":\"https:\\\/\\\/dana.com.br\\\/canaldana\\\/#\\\/schema\\\/person\\\/3c21f22f56fcf3bc46b94bc60ea4fef6\"},\"breadcrumb\":{\"@id\":\"https:\\\/\\\/dana.com.br\\\/canaldana\\\/2021\\\/10\\\/25\\\/governo-e-camara-travam-isencao-para-pessoa-com-deficiencia-comprar-carro\\\/#breadcrumb\"},\"inLanguage\":\"pt-BR\",\"potentialAction\":[{\"@type\":\"ReadAction\",\"target\":[\"https:\\\/\\\/dana.com.br\\\/canaldana\\\/2021\\\/10\\\/25\\\/governo-e-camara-travam-isencao-para-pessoa-com-deficiencia-comprar-carro\\\/\"]}]},{\"@type\":\"BreadcrumbList\",\"@id\":\"https:\\\/\\\/dana.com.br\\\/canaldana\\\/2021\\\/10\\\/25\\\/governo-e-camara-travam-isencao-para-pessoa-com-deficiencia-comprar-carro\\\/#breadcrumb\",\"itemListElement\":[{\"@type\":\"ListItem\",\"position\":1,\"name\":\"Home\",\"item\":\"https:\\\/\\\/dana.com.br\\\/canaldana\\\/\"},{\"@type\":\"ListItem\",\"position\":2,\"name\":\"Destaques\",\"item\":\"https:\\\/\\\/dana.com.br\\\/canaldana\\\/destaques\\\/\"},{\"@type\":\"ListItem\",\"position\":3,\"name\":\"Governo e C\u00e2mara travam isen\u00e7\u00e3o para pessoa com defici\u00eancia comprar carro\"}]},{\"@type\":\"WebSite\",\"@id\":\"https:\\\/\\\/dana.com.br\\\/canaldana\\\/#website\",\"url\":\"https:\\\/\\\/dana.com.br\\\/canaldana\\\/\",\"name\":\"Canal Dana\",\"description\":\"Informativo com as principais not\u00edcias da ind\u00fastria automotiva\",\"potentialAction\":[{\"@type\":\"SearchAction\",\"target\":{\"@type\":\"EntryPoint\",\"urlTemplate\":\"https:\\\/\\\/dana.com.br\\\/canaldana\\\/?s={search_term_string}\"},\"query-input\":{\"@type\":\"PropertyValueSpecification\",\"valueRequired\":true,\"valueName\":\"search_term_string\"}}],\"inLanguage\":\"pt-BR\"},{\"@type\":\"Person\",\"@id\":\"https:\\\/\\\/dana.com.br\\\/canaldana\\\/#\\\/schema\\\/person\\\/3c21f22f56fcf3bc46b94bc60ea4fef6\",\"name\":\"Canal Dana\",\"image\":{\"@type\":\"ImageObject\",\"inLanguage\":\"pt-BR\",\"@id\":\"https:\\\/\\\/secure.gravatar.com\\\/avatar\\\/420aaf9278582877d9018637c6817617705899d2858d7572ef0fe59a6b6454b4?s=96&d=mm&r=g\",\"url\":\"https:\\\/\\\/secure.gravatar.com\\\/avatar\\\/420aaf9278582877d9018637c6817617705899d2858d7572ef0fe59a6b6454b4?s=96&d=mm&r=g\",\"contentUrl\":\"https:\\\/\\\/secure.gravatar.com\\\/avatar\\\/420aaf9278582877d9018637c6817617705899d2858d7572ef0fe59a6b6454b4?s=96&d=mm&r=g\",\"caption\":\"Canal Dana\"},\"url\":\"https:\\\/\\\/dana.com.br\\\/canaldana\\\/author\\\/cdeditor\\\/\"}]}<\/script>\n<!-- \/ Yoast SEO plugin. -->","yoast_head_json":{"title":"Governo e C\u00e2mara travam isen\u00e7\u00e3o para pessoa com defici\u00eancia comprar carro - Canal Dana","robots":{"index":"index","follow":"follow","max-snippet":"max-snippet:-1","max-image-preview":"max-image-preview:large","max-video-preview":"max-video-preview:-1"},"canonical":"https:\/\/dana.com.br\/canaldana\/2021\/10\/25\/governo-e-camara-travam-isencao-para-pessoa-com-deficiencia-comprar-carro\/","og_locale":"pt_BR","og_type":"article","og_title":"Governo e C\u00e2mara travam isen\u00e7\u00e3o para pessoa com defici\u00eancia comprar carro - Canal Dana","og_description":"O Estado de S. Paulo &nbsp; A isen\u00e7\u00e3o de IPI e de ICMS para pessoa com defici\u00eancia na compra de carro 0KM pode acabar no \u00faltimo dia deste ano. Em julho, por meio da Lei n\u00ba 14.183\/2021, o prazo do abatimento do Imposto sobre Produtos Industrializados, uma taxa federal, foi ampliado at\u00e9 o pr\u00f3ximo dia\u2026 Leia mais \u00bb","og_url":"https:\/\/dana.com.br\/canaldana\/2021\/10\/25\/governo-e-camara-travam-isencao-para-pessoa-com-deficiencia-comprar-carro\/","og_site_name":"Canal Dana","article_published_time":"2021-10-25T12:16:47+00:00","author":"Canal Dana","twitter_card":"summary_large_image","twitter_misc":{"Escrito por":"Canal Dana","Est. tempo de leitura":"3 minutos"},"schema":{"@context":"https:\/\/schema.org","@graph":[{"@type":"Article","@id":"https:\/\/dana.com.br\/canaldana\/2021\/10\/25\/governo-e-camara-travam-isencao-para-pessoa-com-deficiencia-comprar-carro\/#article","isPartOf":{"@id":"https:\/\/dana.com.br\/canaldana\/2021\/10\/25\/governo-e-camara-travam-isencao-para-pessoa-com-deficiencia-comprar-carro\/"},"author":{"name":"Canal Dana","@id":"https:\/\/dana.com.br\/canaldana\/#\/schema\/person\/3c21f22f56fcf3bc46b94bc60ea4fef6"},"headline":"Governo e C\u00e2mara travam isen\u00e7\u00e3o para pessoa com defici\u00eancia comprar carro","datePublished":"2021-10-25T12:16:47+00:00","mainEntityOfPage":{"@id":"https:\/\/dana.com.br\/canaldana\/2021\/10\/25\/governo-e-camara-travam-isencao-para-pessoa-com-deficiencia-comprar-carro\/"},"wordCount":685,"articleSection":["Destaques"],"inLanguage":"pt-BR"},{"@type":"WebPage","@id":"https:\/\/dana.com.br\/canaldana\/2021\/10\/25\/governo-e-camara-travam-isencao-para-pessoa-com-deficiencia-comprar-carro\/","url":"https:\/\/dana.com.br\/canaldana\/2021\/10\/25\/governo-e-camara-travam-isencao-para-pessoa-com-deficiencia-comprar-carro\/","name":"Governo e C\u00e2mara travam isen\u00e7\u00e3o para pessoa com defici\u00eancia comprar carro - Canal Dana","isPartOf":{"@id":"https:\/\/dana.com.br\/canaldana\/#website"},"datePublished":"2021-10-25T12:16:47+00:00","author":{"@id":"https:\/\/dana.com.br\/canaldana\/#\/schema\/person\/3c21f22f56fcf3bc46b94bc60ea4fef6"},"breadcrumb":{"@id":"https:\/\/dana.com.br\/canaldana\/2021\/10\/25\/governo-e-camara-travam-isencao-para-pessoa-com-deficiencia-comprar-carro\/#breadcrumb"},"inLanguage":"pt-BR","potentialAction":[{"@type":"ReadAction","target":["https:\/\/dana.com.br\/canaldana\/2021\/10\/25\/governo-e-camara-travam-isencao-para-pessoa-com-deficiencia-comprar-carro\/"]}]},{"@type":"BreadcrumbList","@id":"https:\/\/dana.com.br\/canaldana\/2021\/10\/25\/governo-e-camara-travam-isencao-para-pessoa-com-deficiencia-comprar-carro\/#breadcrumb","itemListElement":[{"@type":"ListItem","position":1,"name":"Home","item":"https:\/\/dana.com.br\/canaldana\/"},{"@type":"ListItem","position":2,"name":"Destaques","item":"https:\/\/dana.com.br\/canaldana\/destaques\/"},{"@type":"ListItem","position":3,"name":"Governo e C\u00e2mara travam isen\u00e7\u00e3o para pessoa com defici\u00eancia comprar carro"}]},{"@type":"WebSite","@id":"https:\/\/dana.com.br\/canaldana\/#website","url":"https:\/\/dana.com.br\/canaldana\/","name":"Canal Dana","description":"Informativo com as principais not\u00edcias da ind\u00fastria automotiva","potentialAction":[{"@type":"SearchAction","target":{"@type":"EntryPoint","urlTemplate":"https:\/\/dana.com.br\/canaldana\/?s={search_term_string}"},"query-input":{"@type":"PropertyValueSpecification","valueRequired":true,"valueName":"search_term_string"}}],"inLanguage":"pt-BR"},{"@type":"Person","@id":"https:\/\/dana.com.br\/canaldana\/#\/schema\/person\/3c21f22f56fcf3bc46b94bc60ea4fef6","name":"Canal Dana","image":{"@type":"ImageObject","inLanguage":"pt-BR","@id":"https:\/\/secure.gravatar.com\/avatar\/420aaf9278582877d9018637c6817617705899d2858d7572ef0fe59a6b6454b4?s=96&d=mm&r=g","url":"https:\/\/secure.gravatar.com\/avatar\/420aaf9278582877d9018637c6817617705899d2858d7572ef0fe59a6b6454b4?s=96&d=mm&r=g","contentUrl":"https:\/\/secure.gravatar.com\/avatar\/420aaf9278582877d9018637c6817617705899d2858d7572ef0fe59a6b6454b4?s=96&d=mm&r=g","caption":"Canal Dana"},"url":"https:\/\/dana.com.br\/canaldana\/author\/cdeditor\/"}]}},"_links":{"self":[{"href":"https:\/\/dana.com.br\/canaldana\/wp-json\/wp\/v2\/posts\/53812","targetHints":{"allow":["GET"]}}],"collection":[{"href":"https:\/\/dana.com.br\/canaldana\/wp-json\/wp\/v2\/posts"}],"about":[{"href":"https:\/\/dana.com.br\/canaldana\/wp-json\/wp\/v2\/types\/post"}],"author":[{"embeddable":true,"href":"https:\/\/dana.com.br\/canaldana\/wp-json\/wp\/v2\/users\/3"}],"replies":[{"embeddable":true,"href":"https:\/\/dana.com.br\/canaldana\/wp-json\/wp\/v2\/comments?post=53812"}],"version-history":[{"count":0,"href":"https:\/\/dana.com.br\/canaldana\/wp-json\/wp\/v2\/posts\/53812\/revisions"}],"wp:attachment":[{"href":"https:\/\/dana.com.br\/canaldana\/wp-json\/wp\/v2\/media?parent=53812"}],"wp:term":[{"taxonomy":"category","embeddable":true,"href":"https:\/\/dana.com.br\/canaldana\/wp-json\/wp\/v2\/categories?post=53812"},{"taxonomy":"post_tag","embeddable":true,"href":"https:\/\/dana.com.br\/canaldana\/wp-json\/wp\/v2\/tags?post=53812"}],"curies":[{"name":"wp","href":"https:\/\/api.w.org\/{rel}","templated":true}]}}