{"id":53631,"date":"2021-10-15T08:48:57","date_gmt":"2021-10-15T11:48:57","guid":{"rendered":"https:\/\/dana.com.br\/canaldana\/?p=53631"},"modified":"2021-10-15T08:48:57","modified_gmt":"2021-10-15T11:48:57","slug":"industria-automotiva-esta-em-transformacao-sem-precedentes","status":"publish","type":"post","link":"https:\/\/dana.com.br\/canaldana\/2021\/10\/15\/industria-automotiva-esta-em-transformacao-sem-precedentes\/","title":{"rendered":"Ind\u00fastria automotiva est\u00e1 em &#8220;transforma\u00e7\u00e3o sem precedentes&#8221;"},"content":{"rendered":"<p><em>O Estado de S. Paulo<\/em><\/p>\n<p>&nbsp;<\/p>\n<p>O pacto global para zerar a emiss\u00e3o de di\u00f3xido de carbono (CO2) at\u00e9 2050 \u00e9 ambiciosa, imp\u00f5e desafios e uma transforma\u00e7\u00e3o sem precedentes na ind\u00fastria automotiva. A descarboniza\u00e7\u00e3o implica mudan\u00e7as na economia e requer atua\u00e7\u00e3o conjunta dos atores envolvidos: governo, ind\u00fastria e sociedade.<\/p>\n<p>&nbsp;<\/p>\n<p>\u201cA redu\u00e7\u00e3o do carbono \u00e9 um caminho sem volta\u201d, disse o presidente da Toyota do Brasil, Rafael Chang. \u201cOlhando todo o ciclo de vida, da produ\u00e7\u00e3o ao destino final, nossa ind\u00fastria tem uma transforma\u00e7\u00e3o sem precedentes.\u201d<\/p>\n<p>&nbsp;<\/p>\n<p>As declara\u00e7\u00f5es de Chang foram feitas durante evento produzido pelo Estad\u00e3o Blue Studio e patrocinado pela Toyota com o tema \u201cNeutralidade de carbono: metas e desafios da nova era da mobilidade\u201d. Tamb\u00e9m estiveram presentes no primeiro painel o presidente da Bosch na Am\u00e9rica Latina, Besaliel Botelho, e o diretor-presidente da Uni\u00e3o da Ind\u00fastria de Cana-de-A\u00e7\u00facar (Unica), Evandro Gussi.<\/p>\n<p>&nbsp;<\/p>\n<p>Os tr\u00eas falaram sobre os desafios da descarboniza\u00e7\u00e3o no transporte e das necessidades de apostar em solu\u00e7\u00f5es \u201cpr\u00e1ticas e sustent\u00e1veis\u201d. Tamb\u00e9m discutiram formas de investir no setor e de regulamentar para o desenvolvimento de novas tecnologias.<\/p>\n<p>&nbsp;<\/p>\n<p><strong>Matriz energ\u00e9tica <\/strong><\/p>\n<p>&nbsp;<\/p>\n<p>No setor automotivo, a meta de descarboniza\u00e7\u00e3o vai al\u00e9m da eletrifica\u00e7\u00e3o dos ve\u00edculos e do fim dos motores movidos a combust\u00edvel f\u00f3ssil. Envolve tamb\u00e9m mudan\u00e7as na matriz energ\u00e9tica, na infraestrutura e no comportamento das pessoas.<\/p>\n<p>&nbsp;<\/p>\n<p>\u201cN\u00e3o adianta resolver o problema do setor da mobilidade do transporte sem resolver o problema de uma forma ampla, que \u00e9 a gera\u00e7\u00e3o de energia. Temos de olhar para o todo, n\u00e3o s\u00f3 para aquilo que sai do escapamento do ve\u00edculo\u201d, afirma Botelho.<\/p>\n<p>&nbsp;<\/p>\n<p>O presidente da Bosch na Am\u00e9rica Latina acrescentou que o impacto do transporte nas emiss\u00f5es de CO2 por aqui \u00e9 pequeno, de 13%, enquanto a energia corresponde a 17%. O Brasil, segundo os tr\u00eas empres\u00e1rios, re\u00fane condi\u00e7\u00f5es para ser refer\u00eancia nesse desafio sustent\u00e1vel.<\/p>\n<p>&nbsp;<\/p>\n<p>\u201cTemos uma das matrizes energ\u00e9ticas mais limpas do mundo. Incluindo, sobretudo, o etanol. Mais do que potencial, somos uma realidade\u201d, comentou Chang.<\/p>\n<p>&nbsp;<\/p>\n<p>O diretor-presidente da Unica disse que o Pa\u00eds j\u00e1 tem mobilidade de baixo carbono. \u201cNossos ve\u00edculos a etanol emitem cerca de 35 miligramas de CO2 por quil\u00f4metro, enquanto o melhor el\u00e9trico europeu emite mais de 50. O Corolla h\u00edbrido flex, segundo os nossos c\u00e1lculos, gira em torno de 29 miligramas de CO2 por quil\u00f4metro rodado. N\u00e3o tem nenhum carro no mundo que fa\u00e7a isso hoje\u201d. (O Estado de S. Paulo)<\/p>\n","protected":false},"excerpt":{"rendered":"<p>O Estado de S. Paulo &nbsp; O pacto global para zerar a emiss\u00e3o de di\u00f3xido de carbono (CO2) at\u00e9 2050 \u00e9 ambiciosa, imp\u00f5e desafios e uma transforma\u00e7\u00e3o sem precedentes na ind\u00fastria automotiva. A descarboniza\u00e7\u00e3o implica mudan\u00e7as na economia e requer atua\u00e7\u00e3o conjunta dos atores envolvidos: governo, ind\u00fastria e sociedade. &nbsp; \u201cA redu\u00e7\u00e3o do carbono \u00e9\u2026 <a class=\"readmore\" href=\"https:\/\/dana.com.br\/canaldana\/2021\/10\/15\/industria-automotiva-esta-em-transformacao-sem-precedentes\/\">Leia mais \u00bb<\/a><\/p>\n","protected":false},"author":3,"featured_media":0,"comment_status":"closed","ping_status":"closed","sticky":false,"template":"","format":"standard","meta":{"_acf_changed":false,"footnotes":""},"categories":[61],"tags":[],"class_list":["post-53631","post","type-post","status-publish","format-standard","hentry","category-destaques"],"acf":[],"yoast_head":"<!-- This site is optimized with the Yoast SEO plugin v27.3 - https:\/\/yoast.com\/product\/yoast-seo-wordpress\/ -->\n<title>Ind\u00fastria automotiva est\u00e1 em &quot;transforma\u00e7\u00e3o sem precedentes&quot; - Canal Dana<\/title>\n<meta name=\"robots\" content=\"index, follow, max-snippet:-1, max-image-preview:large, max-video-preview:-1\" \/>\n<link rel=\"canonical\" href=\"https:\/\/dana.com.br\/canaldana\/2021\/10\/15\/industria-automotiva-esta-em-transformacao-sem-precedentes\/\" \/>\n<meta property=\"og:locale\" content=\"pt_BR\" \/>\n<meta property=\"og:type\" content=\"article\" \/>\n<meta property=\"og:title\" content=\"Ind\u00fastria automotiva est\u00e1 em &quot;transforma\u00e7\u00e3o sem precedentes&quot; - Canal Dana\" \/>\n<meta property=\"og:description\" content=\"O Estado de S. Paulo &nbsp; O pacto global para zerar a emiss\u00e3o de di\u00f3xido de carbono (CO2) at\u00e9 2050 \u00e9 ambiciosa, imp\u00f5e desafios e uma transforma\u00e7\u00e3o sem precedentes na ind\u00fastria automotiva. A descarboniza\u00e7\u00e3o implica mudan\u00e7as na economia e requer atua\u00e7\u00e3o conjunta dos atores envolvidos: governo, ind\u00fastria e sociedade. &nbsp; \u201cA redu\u00e7\u00e3o do carbono \u00e9\u2026 Leia mais \u00bb\" \/>\n<meta property=\"og:url\" content=\"https:\/\/dana.com.br\/canaldana\/2021\/10\/15\/industria-automotiva-esta-em-transformacao-sem-precedentes\/\" \/>\n<meta property=\"og:site_name\" content=\"Canal Dana\" \/>\n<meta property=\"article:published_time\" content=\"2021-10-15T11:48:57+00:00\" \/>\n<meta name=\"author\" content=\"Canal Dana\" \/>\n<meta name=\"twitter:card\" content=\"summary_large_image\" \/>\n<meta name=\"twitter:label1\" content=\"Escrito por\" \/>\n\t<meta name=\"twitter:data1\" content=\"Canal Dana\" \/>\n\t<meta name=\"twitter:label2\" content=\"Est. tempo de leitura\" \/>\n\t<meta name=\"twitter:data2\" content=\"2 minutos\" \/>\n<script type=\"application\/ld+json\" class=\"yoast-schema-graph\">{\"@context\":\"https:\\\/\\\/schema.org\",\"@graph\":[{\"@type\":\"Article\",\"@id\":\"https:\\\/\\\/dana.com.br\\\/canaldana\\\/2021\\\/10\\\/15\\\/industria-automotiva-esta-em-transformacao-sem-precedentes\\\/#article\",\"isPartOf\":{\"@id\":\"https:\\\/\\\/dana.com.br\\\/canaldana\\\/2021\\\/10\\\/15\\\/industria-automotiva-esta-em-transformacao-sem-precedentes\\\/\"},\"author\":{\"name\":\"Canal Dana\",\"@id\":\"https:\\\/\\\/dana.com.br\\\/canaldana\\\/#\\\/schema\\\/person\\\/3c21f22f56fcf3bc46b94bc60ea4fef6\"},\"headline\":\"Ind\u00fastria automotiva est\u00e1 em &#8220;transforma\u00e7\u00e3o sem precedentes&#8221;\",\"datePublished\":\"2021-10-15T11:48:57+00:00\",\"mainEntityOfPage\":{\"@id\":\"https:\\\/\\\/dana.com.br\\\/canaldana\\\/2021\\\/10\\\/15\\\/industria-automotiva-esta-em-transformacao-sem-precedentes\\\/\"},\"wordCount\":460,\"articleSection\":[\"Destaques\"],\"inLanguage\":\"pt-BR\"},{\"@type\":\"WebPage\",\"@id\":\"https:\\\/\\\/dana.com.br\\\/canaldana\\\/2021\\\/10\\\/15\\\/industria-automotiva-esta-em-transformacao-sem-precedentes\\\/\",\"url\":\"https:\\\/\\\/dana.com.br\\\/canaldana\\\/2021\\\/10\\\/15\\\/industria-automotiva-esta-em-transformacao-sem-precedentes\\\/\",\"name\":\"Ind\u00fastria automotiva est\u00e1 em \\\"transforma\u00e7\u00e3o sem precedentes\\\" - Canal Dana\",\"isPartOf\":{\"@id\":\"https:\\\/\\\/dana.com.br\\\/canaldana\\\/#website\"},\"datePublished\":\"2021-10-15T11:48:57+00:00\",\"author\":{\"@id\":\"https:\\\/\\\/dana.com.br\\\/canaldana\\\/#\\\/schema\\\/person\\\/3c21f22f56fcf3bc46b94bc60ea4fef6\"},\"breadcrumb\":{\"@id\":\"https:\\\/\\\/dana.com.br\\\/canaldana\\\/2021\\\/10\\\/15\\\/industria-automotiva-esta-em-transformacao-sem-precedentes\\\/#breadcrumb\"},\"inLanguage\":\"pt-BR\",\"potentialAction\":[{\"@type\":\"ReadAction\",\"target\":[\"https:\\\/\\\/dana.com.br\\\/canaldana\\\/2021\\\/10\\\/15\\\/industria-automotiva-esta-em-transformacao-sem-precedentes\\\/\"]}]},{\"@type\":\"BreadcrumbList\",\"@id\":\"https:\\\/\\\/dana.com.br\\\/canaldana\\\/2021\\\/10\\\/15\\\/industria-automotiva-esta-em-transformacao-sem-precedentes\\\/#breadcrumb\",\"itemListElement\":[{\"@type\":\"ListItem\",\"position\":1,\"name\":\"Home\",\"item\":\"https:\\\/\\\/dana.com.br\\\/canaldana\\\/\"},{\"@type\":\"ListItem\",\"position\":2,\"name\":\"Destaques\",\"item\":\"https:\\\/\\\/dana.com.br\\\/canaldana\\\/destaques\\\/\"},{\"@type\":\"ListItem\",\"position\":3,\"name\":\"Ind\u00fastria automotiva est\u00e1 em &#8220;transforma\u00e7\u00e3o sem precedentes&#8221;\"}]},{\"@type\":\"WebSite\",\"@id\":\"https:\\\/\\\/dana.com.br\\\/canaldana\\\/#website\",\"url\":\"https:\\\/\\\/dana.com.br\\\/canaldana\\\/\",\"name\":\"Canal Dana\",\"description\":\"Informativo com as principais not\u00edcias da ind\u00fastria automotiva\",\"potentialAction\":[{\"@type\":\"SearchAction\",\"target\":{\"@type\":\"EntryPoint\",\"urlTemplate\":\"https:\\\/\\\/dana.com.br\\\/canaldana\\\/?s={search_term_string}\"},\"query-input\":{\"@type\":\"PropertyValueSpecification\",\"valueRequired\":true,\"valueName\":\"search_term_string\"}}],\"inLanguage\":\"pt-BR\"},{\"@type\":\"Person\",\"@id\":\"https:\\\/\\\/dana.com.br\\\/canaldana\\\/#\\\/schema\\\/person\\\/3c21f22f56fcf3bc46b94bc60ea4fef6\",\"name\":\"Canal Dana\",\"image\":{\"@type\":\"ImageObject\",\"inLanguage\":\"pt-BR\",\"@id\":\"https:\\\/\\\/secure.gravatar.com\\\/avatar\\\/420aaf9278582877d9018637c6817617705899d2858d7572ef0fe59a6b6454b4?s=96&d=mm&r=g\",\"url\":\"https:\\\/\\\/secure.gravatar.com\\\/avatar\\\/420aaf9278582877d9018637c6817617705899d2858d7572ef0fe59a6b6454b4?s=96&d=mm&r=g\",\"contentUrl\":\"https:\\\/\\\/secure.gravatar.com\\\/avatar\\\/420aaf9278582877d9018637c6817617705899d2858d7572ef0fe59a6b6454b4?s=96&d=mm&r=g\",\"caption\":\"Canal Dana\"},\"url\":\"https:\\\/\\\/dana.com.br\\\/canaldana\\\/author\\\/cdeditor\\\/\"}]}<\/script>\n<!-- \/ Yoast SEO plugin. -->","yoast_head_json":{"title":"Ind\u00fastria automotiva est\u00e1 em \"transforma\u00e7\u00e3o sem precedentes\" - Canal Dana","robots":{"index":"index","follow":"follow","max-snippet":"max-snippet:-1","max-image-preview":"max-image-preview:large","max-video-preview":"max-video-preview:-1"},"canonical":"https:\/\/dana.com.br\/canaldana\/2021\/10\/15\/industria-automotiva-esta-em-transformacao-sem-precedentes\/","og_locale":"pt_BR","og_type":"article","og_title":"Ind\u00fastria automotiva est\u00e1 em \"transforma\u00e7\u00e3o sem precedentes\" - Canal Dana","og_description":"O Estado de S. Paulo &nbsp; O pacto global para zerar a emiss\u00e3o de di\u00f3xido de carbono (CO2) at\u00e9 2050 \u00e9 ambiciosa, imp\u00f5e desafios e uma transforma\u00e7\u00e3o sem precedentes na ind\u00fastria automotiva. A descarboniza\u00e7\u00e3o implica mudan\u00e7as na economia e requer atua\u00e7\u00e3o conjunta dos atores envolvidos: governo, ind\u00fastria e sociedade. &nbsp; \u201cA redu\u00e7\u00e3o do carbono \u00e9\u2026 Leia mais \u00bb","og_url":"https:\/\/dana.com.br\/canaldana\/2021\/10\/15\/industria-automotiva-esta-em-transformacao-sem-precedentes\/","og_site_name":"Canal Dana","article_published_time":"2021-10-15T11:48:57+00:00","author":"Canal Dana","twitter_card":"summary_large_image","twitter_misc":{"Escrito por":"Canal Dana","Est. tempo de leitura":"2 minutos"},"schema":{"@context":"https:\/\/schema.org","@graph":[{"@type":"Article","@id":"https:\/\/dana.com.br\/canaldana\/2021\/10\/15\/industria-automotiva-esta-em-transformacao-sem-precedentes\/#article","isPartOf":{"@id":"https:\/\/dana.com.br\/canaldana\/2021\/10\/15\/industria-automotiva-esta-em-transformacao-sem-precedentes\/"},"author":{"name":"Canal Dana","@id":"https:\/\/dana.com.br\/canaldana\/#\/schema\/person\/3c21f22f56fcf3bc46b94bc60ea4fef6"},"headline":"Ind\u00fastria automotiva est\u00e1 em &#8220;transforma\u00e7\u00e3o sem precedentes&#8221;","datePublished":"2021-10-15T11:48:57+00:00","mainEntityOfPage":{"@id":"https:\/\/dana.com.br\/canaldana\/2021\/10\/15\/industria-automotiva-esta-em-transformacao-sem-precedentes\/"},"wordCount":460,"articleSection":["Destaques"],"inLanguage":"pt-BR"},{"@type":"WebPage","@id":"https:\/\/dana.com.br\/canaldana\/2021\/10\/15\/industria-automotiva-esta-em-transformacao-sem-precedentes\/","url":"https:\/\/dana.com.br\/canaldana\/2021\/10\/15\/industria-automotiva-esta-em-transformacao-sem-precedentes\/","name":"Ind\u00fastria automotiva est\u00e1 em \"transforma\u00e7\u00e3o sem precedentes\" - Canal Dana","isPartOf":{"@id":"https:\/\/dana.com.br\/canaldana\/#website"},"datePublished":"2021-10-15T11:48:57+00:00","author":{"@id":"https:\/\/dana.com.br\/canaldana\/#\/schema\/person\/3c21f22f56fcf3bc46b94bc60ea4fef6"},"breadcrumb":{"@id":"https:\/\/dana.com.br\/canaldana\/2021\/10\/15\/industria-automotiva-esta-em-transformacao-sem-precedentes\/#breadcrumb"},"inLanguage":"pt-BR","potentialAction":[{"@type":"ReadAction","target":["https:\/\/dana.com.br\/canaldana\/2021\/10\/15\/industria-automotiva-esta-em-transformacao-sem-precedentes\/"]}]},{"@type":"BreadcrumbList","@id":"https:\/\/dana.com.br\/canaldana\/2021\/10\/15\/industria-automotiva-esta-em-transformacao-sem-precedentes\/#breadcrumb","itemListElement":[{"@type":"ListItem","position":1,"name":"Home","item":"https:\/\/dana.com.br\/canaldana\/"},{"@type":"ListItem","position":2,"name":"Destaques","item":"https:\/\/dana.com.br\/canaldana\/destaques\/"},{"@type":"ListItem","position":3,"name":"Ind\u00fastria automotiva est\u00e1 em &#8220;transforma\u00e7\u00e3o sem precedentes&#8221;"}]},{"@type":"WebSite","@id":"https:\/\/dana.com.br\/canaldana\/#website","url":"https:\/\/dana.com.br\/canaldana\/","name":"Canal Dana","description":"Informativo com as principais not\u00edcias da ind\u00fastria automotiva","potentialAction":[{"@type":"SearchAction","target":{"@type":"EntryPoint","urlTemplate":"https:\/\/dana.com.br\/canaldana\/?s={search_term_string}"},"query-input":{"@type":"PropertyValueSpecification","valueRequired":true,"valueName":"search_term_string"}}],"inLanguage":"pt-BR"},{"@type":"Person","@id":"https:\/\/dana.com.br\/canaldana\/#\/schema\/person\/3c21f22f56fcf3bc46b94bc60ea4fef6","name":"Canal Dana","image":{"@type":"ImageObject","inLanguage":"pt-BR","@id":"https:\/\/secure.gravatar.com\/avatar\/420aaf9278582877d9018637c6817617705899d2858d7572ef0fe59a6b6454b4?s=96&d=mm&r=g","url":"https:\/\/secure.gravatar.com\/avatar\/420aaf9278582877d9018637c6817617705899d2858d7572ef0fe59a6b6454b4?s=96&d=mm&r=g","contentUrl":"https:\/\/secure.gravatar.com\/avatar\/420aaf9278582877d9018637c6817617705899d2858d7572ef0fe59a6b6454b4?s=96&d=mm&r=g","caption":"Canal Dana"},"url":"https:\/\/dana.com.br\/canaldana\/author\/cdeditor\/"}]}},"_links":{"self":[{"href":"https:\/\/dana.com.br\/canaldana\/wp-json\/wp\/v2\/posts\/53631","targetHints":{"allow":["GET"]}}],"collection":[{"href":"https:\/\/dana.com.br\/canaldana\/wp-json\/wp\/v2\/posts"}],"about":[{"href":"https:\/\/dana.com.br\/canaldana\/wp-json\/wp\/v2\/types\/post"}],"author":[{"embeddable":true,"href":"https:\/\/dana.com.br\/canaldana\/wp-json\/wp\/v2\/users\/3"}],"replies":[{"embeddable":true,"href":"https:\/\/dana.com.br\/canaldana\/wp-json\/wp\/v2\/comments?post=53631"}],"version-history":[{"count":0,"href":"https:\/\/dana.com.br\/canaldana\/wp-json\/wp\/v2\/posts\/53631\/revisions"}],"wp:attachment":[{"href":"https:\/\/dana.com.br\/canaldana\/wp-json\/wp\/v2\/media?parent=53631"}],"wp:term":[{"taxonomy":"category","embeddable":true,"href":"https:\/\/dana.com.br\/canaldana\/wp-json\/wp\/v2\/categories?post=53631"},{"taxonomy":"post_tag","embeddable":true,"href":"https:\/\/dana.com.br\/canaldana\/wp-json\/wp\/v2\/tags?post=53631"}],"curies":[{"name":"wp","href":"https:\/\/api.w.org\/{rel}","templated":true}]}}