{"id":53612,"date":"2021-10-15T08:40:37","date_gmt":"2021-10-15T11:40:37","guid":{"rendered":"https:\/\/dana.com.br\/canaldana\/?p=53612"},"modified":"2021-10-15T08:40:37","modified_gmt":"2021-10-15T11:40:37","slug":"magalu-inicia-operacoes-com-caminhoes-eletricos","status":"publish","type":"post","link":"https:\/\/dana.com.br\/canaldana\/2021\/10\/15\/magalu-inicia-operacoes-com-caminhoes-eletricos\/","title":{"rendered":"Magalu inicia opera\u00e7\u00f5es com caminh\u00f5es el\u00e9tricos"},"content":{"rendered":"<p><em>Frota &amp; Cia <\/em><\/p>\n<p>&nbsp;<\/p>\n<p>O Magalu, um dos gigantes do e-commerce brasileiro, come\u00e7ou a eletrificar sua frota de caminh\u00f5es. Os 23 primeiros ve\u00edculos urbanos de carga (VUC) el\u00e9tricos j\u00e1 come\u00e7aram a circular este m\u00eas em cidades dos estados de S\u00e3o Paulo, Para\u00edba e\u00a0 Bahia. At\u00e9 dezembro, a frota chegar\u00e1 a 51 ve\u00edculos com emiss\u00e3o zero de gases do efeito estufa. A iniciativa faz parte de uma s\u00e9rie de a\u00e7\u00f5es da companhia, com objetivo de diminuir o impacto de sua opera\u00e7\u00e3o sobre o meio ambiente.<\/p>\n<p>&nbsp;<\/p>\n<p>\u201cA eletrifica\u00e7\u00e3o das frotas ainda \u00e9 incipiente no mundo inteiro, mas \u00e9 um caminho sem volta, porque todas as empresas ter\u00e3o de reduzir suas emiss\u00f5es de gases do efeito estufa\u201d, afirma Grasiella Nascimento, gerente de Transportes do Magalu. \u201cEstamos dando o primeiro passo aqui, mas queremos estimular que os transportadores que trabalham conosco migrem cada vez mais para ve\u00edculos el\u00e9tricos.\u201d<\/p>\n<p>&nbsp;<\/p>\n<p>O projeto da frota el\u00e9trica \u00e9 uma parceria das \u00e1reas de Log\u00edstica e de Sustentabilidade do Magalu com transportadores parceiros que adquiriram os 51 VUCs da montadora JAC Motors. Os ve\u00edculos ficar\u00e3o a servi\u00e7o exclusivo do Magalu por tr\u00eas anos e ser\u00e3o usados para abastecer lojas e para entregas de produtos de maior porte, como m\u00f3veis e eletrodom\u00e9sticos.<\/p>\n<p>&nbsp;<\/p>\n<p>Atualmente, a estrutura de log\u00edstica do Magalu conta com 23 centros de distribui\u00e7\u00e3o espalhados pelo Brasil e cerca de 8 000 ve\u00edculos de diversos portes. Cerca de 220 lojas j\u00e1 funcionam com energia solar. (Frota &amp; Cia\/Andr\u00e9 Garcia)<\/p>\n","protected":false},"excerpt":{"rendered":"<p>Frota &amp; Cia &nbsp; O Magalu, um dos gigantes do e-commerce brasileiro, come\u00e7ou a eletrificar sua frota de caminh\u00f5es. Os 23 primeiros ve\u00edculos urbanos de carga (VUC) el\u00e9tricos j\u00e1 come\u00e7aram a circular este m\u00eas em cidades dos estados de S\u00e3o Paulo, Para\u00edba e\u00a0 Bahia. At\u00e9 dezembro, a frota chegar\u00e1 a 51 ve\u00edculos com emiss\u00e3o zero\u2026 <a class=\"readmore\" href=\"https:\/\/dana.com.br\/canaldana\/2021\/10\/15\/magalu-inicia-operacoes-com-caminhoes-eletricos\/\">Leia mais \u00bb<\/a><\/p>\n","protected":false},"author":3,"featured_media":0,"comment_status":"closed","ping_status":"closed","sticky":false,"template":"","format":"standard","meta":{"_acf_changed":false,"footnotes":""},"categories":[110],"tags":[],"class_list":["post-53612","post","type-post","status-publish","format-standard","hentry","category-eletricos"],"acf":[],"yoast_head":"<!-- This site is optimized with the Yoast SEO plugin v27.3 - https:\/\/yoast.com\/product\/yoast-seo-wordpress\/ -->\n<title>Magalu inicia opera\u00e7\u00f5es com caminh\u00f5es el\u00e9tricos - Canal Dana<\/title>\n<meta name=\"robots\" content=\"index, follow, max-snippet:-1, max-image-preview:large, max-video-preview:-1\" \/>\n<link rel=\"canonical\" href=\"https:\/\/dana.com.br\/canaldana\/2021\/10\/15\/magalu-inicia-operacoes-com-caminhoes-eletricos\/\" \/>\n<meta property=\"og:locale\" content=\"pt_BR\" \/>\n<meta property=\"og:type\" content=\"article\" \/>\n<meta property=\"og:title\" content=\"Magalu inicia opera\u00e7\u00f5es com caminh\u00f5es el\u00e9tricos - Canal Dana\" \/>\n<meta property=\"og:description\" content=\"Frota &amp; Cia &nbsp; O Magalu, um dos gigantes do e-commerce brasileiro, come\u00e7ou a eletrificar sua frota de caminh\u00f5es. Os 23 primeiros ve\u00edculos urbanos de carga (VUC) el\u00e9tricos j\u00e1 come\u00e7aram a circular este m\u00eas em cidades dos estados de S\u00e3o Paulo, Para\u00edba e\u00a0 Bahia. At\u00e9 dezembro, a frota chegar\u00e1 a 51 ve\u00edculos com emiss\u00e3o zero\u2026 Leia mais \u00bb\" \/>\n<meta property=\"og:url\" content=\"https:\/\/dana.com.br\/canaldana\/2021\/10\/15\/magalu-inicia-operacoes-com-caminhoes-eletricos\/\" \/>\n<meta property=\"og:site_name\" content=\"Canal Dana\" \/>\n<meta property=\"article:published_time\" content=\"2021-10-15T11:40:37+00:00\" \/>\n<meta name=\"author\" content=\"Canal Dana\" \/>\n<meta name=\"twitter:card\" content=\"summary_large_image\" \/>\n<meta name=\"twitter:label1\" content=\"Escrito por\" \/>\n\t<meta name=\"twitter:data1\" content=\"Canal Dana\" \/>\n\t<meta name=\"twitter:label2\" content=\"Est. tempo de leitura\" \/>\n\t<meta name=\"twitter:data2\" content=\"1 minuto\" \/>\n<script type=\"application\/ld+json\" class=\"yoast-schema-graph\">{\"@context\":\"https:\\\/\\\/schema.org\",\"@graph\":[{\"@type\":\"Article\",\"@id\":\"https:\\\/\\\/dana.com.br\\\/canaldana\\\/2021\\\/10\\\/15\\\/magalu-inicia-operacoes-com-caminhoes-eletricos\\\/#article\",\"isPartOf\":{\"@id\":\"https:\\\/\\\/dana.com.br\\\/canaldana\\\/2021\\\/10\\\/15\\\/magalu-inicia-operacoes-com-caminhoes-eletricos\\\/\"},\"author\":{\"name\":\"Canal Dana\",\"@id\":\"https:\\\/\\\/dana.com.br\\\/canaldana\\\/#\\\/schema\\\/person\\\/3c21f22f56fcf3bc46b94bc60ea4fef6\"},\"headline\":\"Magalu inicia opera\u00e7\u00f5es com caminh\u00f5es el\u00e9tricos\",\"datePublished\":\"2021-10-15T11:40:37+00:00\",\"mainEntityOfPage\":{\"@id\":\"https:\\\/\\\/dana.com.br\\\/canaldana\\\/2021\\\/10\\\/15\\\/magalu-inicia-operacoes-com-caminhoes-eletricos\\\/\"},\"wordCount\":273,\"articleSection\":[\"El\u00e9tricos\"],\"inLanguage\":\"pt-BR\"},{\"@type\":\"WebPage\",\"@id\":\"https:\\\/\\\/dana.com.br\\\/canaldana\\\/2021\\\/10\\\/15\\\/magalu-inicia-operacoes-com-caminhoes-eletricos\\\/\",\"url\":\"https:\\\/\\\/dana.com.br\\\/canaldana\\\/2021\\\/10\\\/15\\\/magalu-inicia-operacoes-com-caminhoes-eletricos\\\/\",\"name\":\"Magalu inicia opera\u00e7\u00f5es com caminh\u00f5es el\u00e9tricos - Canal Dana\",\"isPartOf\":{\"@id\":\"https:\\\/\\\/dana.com.br\\\/canaldana\\\/#website\"},\"datePublished\":\"2021-10-15T11:40:37+00:00\",\"author\":{\"@id\":\"https:\\\/\\\/dana.com.br\\\/canaldana\\\/#\\\/schema\\\/person\\\/3c21f22f56fcf3bc46b94bc60ea4fef6\"},\"breadcrumb\":{\"@id\":\"https:\\\/\\\/dana.com.br\\\/canaldana\\\/2021\\\/10\\\/15\\\/magalu-inicia-operacoes-com-caminhoes-eletricos\\\/#breadcrumb\"},\"inLanguage\":\"pt-BR\",\"potentialAction\":[{\"@type\":\"ReadAction\",\"target\":[\"https:\\\/\\\/dana.com.br\\\/canaldana\\\/2021\\\/10\\\/15\\\/magalu-inicia-operacoes-com-caminhoes-eletricos\\\/\"]}]},{\"@type\":\"BreadcrumbList\",\"@id\":\"https:\\\/\\\/dana.com.br\\\/canaldana\\\/2021\\\/10\\\/15\\\/magalu-inicia-operacoes-com-caminhoes-eletricos\\\/#breadcrumb\",\"itemListElement\":[{\"@type\":\"ListItem\",\"position\":1,\"name\":\"Home\",\"item\":\"https:\\\/\\\/dana.com.br\\\/canaldana\\\/\"},{\"@type\":\"ListItem\",\"position\":2,\"name\":\"El\u00e9tricos\",\"item\":\"https:\\\/\\\/dana.com.br\\\/canaldana\\\/eletricos\\\/\"},{\"@type\":\"ListItem\",\"position\":3,\"name\":\"Magalu inicia opera\u00e7\u00f5es com caminh\u00f5es el\u00e9tricos\"}]},{\"@type\":\"WebSite\",\"@id\":\"https:\\\/\\\/dana.com.br\\\/canaldana\\\/#website\",\"url\":\"https:\\\/\\\/dana.com.br\\\/canaldana\\\/\",\"name\":\"Canal Dana\",\"description\":\"Informativo com as principais not\u00edcias da ind\u00fastria automotiva\",\"potentialAction\":[{\"@type\":\"SearchAction\",\"target\":{\"@type\":\"EntryPoint\",\"urlTemplate\":\"https:\\\/\\\/dana.com.br\\\/canaldana\\\/?s={search_term_string}\"},\"query-input\":{\"@type\":\"PropertyValueSpecification\",\"valueRequired\":true,\"valueName\":\"search_term_string\"}}],\"inLanguage\":\"pt-BR\"},{\"@type\":\"Person\",\"@id\":\"https:\\\/\\\/dana.com.br\\\/canaldana\\\/#\\\/schema\\\/person\\\/3c21f22f56fcf3bc46b94bc60ea4fef6\",\"name\":\"Canal Dana\",\"image\":{\"@type\":\"ImageObject\",\"inLanguage\":\"pt-BR\",\"@id\":\"https:\\\/\\\/secure.gravatar.com\\\/avatar\\\/420aaf9278582877d9018637c6817617705899d2858d7572ef0fe59a6b6454b4?s=96&d=mm&r=g\",\"url\":\"https:\\\/\\\/secure.gravatar.com\\\/avatar\\\/420aaf9278582877d9018637c6817617705899d2858d7572ef0fe59a6b6454b4?s=96&d=mm&r=g\",\"contentUrl\":\"https:\\\/\\\/secure.gravatar.com\\\/avatar\\\/420aaf9278582877d9018637c6817617705899d2858d7572ef0fe59a6b6454b4?s=96&d=mm&r=g\",\"caption\":\"Canal Dana\"},\"url\":\"https:\\\/\\\/dana.com.br\\\/canaldana\\\/author\\\/cdeditor\\\/\"}]}<\/script>\n<!-- \/ Yoast SEO plugin. -->","yoast_head_json":{"title":"Magalu inicia opera\u00e7\u00f5es com caminh\u00f5es el\u00e9tricos - Canal Dana","robots":{"index":"index","follow":"follow","max-snippet":"max-snippet:-1","max-image-preview":"max-image-preview:large","max-video-preview":"max-video-preview:-1"},"canonical":"https:\/\/dana.com.br\/canaldana\/2021\/10\/15\/magalu-inicia-operacoes-com-caminhoes-eletricos\/","og_locale":"pt_BR","og_type":"article","og_title":"Magalu inicia opera\u00e7\u00f5es com caminh\u00f5es el\u00e9tricos - Canal Dana","og_description":"Frota &amp; Cia &nbsp; O Magalu, um dos gigantes do e-commerce brasileiro, come\u00e7ou a eletrificar sua frota de caminh\u00f5es. Os 23 primeiros ve\u00edculos urbanos de carga (VUC) el\u00e9tricos j\u00e1 come\u00e7aram a circular este m\u00eas em cidades dos estados de S\u00e3o Paulo, Para\u00edba e\u00a0 Bahia. At\u00e9 dezembro, a frota chegar\u00e1 a 51 ve\u00edculos com emiss\u00e3o zero\u2026 Leia mais \u00bb","og_url":"https:\/\/dana.com.br\/canaldana\/2021\/10\/15\/magalu-inicia-operacoes-com-caminhoes-eletricos\/","og_site_name":"Canal Dana","article_published_time":"2021-10-15T11:40:37+00:00","author":"Canal Dana","twitter_card":"summary_large_image","twitter_misc":{"Escrito por":"Canal Dana","Est. tempo de leitura":"1 minuto"},"schema":{"@context":"https:\/\/schema.org","@graph":[{"@type":"Article","@id":"https:\/\/dana.com.br\/canaldana\/2021\/10\/15\/magalu-inicia-operacoes-com-caminhoes-eletricos\/#article","isPartOf":{"@id":"https:\/\/dana.com.br\/canaldana\/2021\/10\/15\/magalu-inicia-operacoes-com-caminhoes-eletricos\/"},"author":{"name":"Canal Dana","@id":"https:\/\/dana.com.br\/canaldana\/#\/schema\/person\/3c21f22f56fcf3bc46b94bc60ea4fef6"},"headline":"Magalu inicia opera\u00e7\u00f5es com caminh\u00f5es el\u00e9tricos","datePublished":"2021-10-15T11:40:37+00:00","mainEntityOfPage":{"@id":"https:\/\/dana.com.br\/canaldana\/2021\/10\/15\/magalu-inicia-operacoes-com-caminhoes-eletricos\/"},"wordCount":273,"articleSection":["El\u00e9tricos"],"inLanguage":"pt-BR"},{"@type":"WebPage","@id":"https:\/\/dana.com.br\/canaldana\/2021\/10\/15\/magalu-inicia-operacoes-com-caminhoes-eletricos\/","url":"https:\/\/dana.com.br\/canaldana\/2021\/10\/15\/magalu-inicia-operacoes-com-caminhoes-eletricos\/","name":"Magalu inicia opera\u00e7\u00f5es com caminh\u00f5es el\u00e9tricos - Canal Dana","isPartOf":{"@id":"https:\/\/dana.com.br\/canaldana\/#website"},"datePublished":"2021-10-15T11:40:37+00:00","author":{"@id":"https:\/\/dana.com.br\/canaldana\/#\/schema\/person\/3c21f22f56fcf3bc46b94bc60ea4fef6"},"breadcrumb":{"@id":"https:\/\/dana.com.br\/canaldana\/2021\/10\/15\/magalu-inicia-operacoes-com-caminhoes-eletricos\/#breadcrumb"},"inLanguage":"pt-BR","potentialAction":[{"@type":"ReadAction","target":["https:\/\/dana.com.br\/canaldana\/2021\/10\/15\/magalu-inicia-operacoes-com-caminhoes-eletricos\/"]}]},{"@type":"BreadcrumbList","@id":"https:\/\/dana.com.br\/canaldana\/2021\/10\/15\/magalu-inicia-operacoes-com-caminhoes-eletricos\/#breadcrumb","itemListElement":[{"@type":"ListItem","position":1,"name":"Home","item":"https:\/\/dana.com.br\/canaldana\/"},{"@type":"ListItem","position":2,"name":"El\u00e9tricos","item":"https:\/\/dana.com.br\/canaldana\/eletricos\/"},{"@type":"ListItem","position":3,"name":"Magalu inicia opera\u00e7\u00f5es com caminh\u00f5es el\u00e9tricos"}]},{"@type":"WebSite","@id":"https:\/\/dana.com.br\/canaldana\/#website","url":"https:\/\/dana.com.br\/canaldana\/","name":"Canal Dana","description":"Informativo com as principais not\u00edcias da ind\u00fastria automotiva","potentialAction":[{"@type":"SearchAction","target":{"@type":"EntryPoint","urlTemplate":"https:\/\/dana.com.br\/canaldana\/?s={search_term_string}"},"query-input":{"@type":"PropertyValueSpecification","valueRequired":true,"valueName":"search_term_string"}}],"inLanguage":"pt-BR"},{"@type":"Person","@id":"https:\/\/dana.com.br\/canaldana\/#\/schema\/person\/3c21f22f56fcf3bc46b94bc60ea4fef6","name":"Canal Dana","image":{"@type":"ImageObject","inLanguage":"pt-BR","@id":"https:\/\/secure.gravatar.com\/avatar\/420aaf9278582877d9018637c6817617705899d2858d7572ef0fe59a6b6454b4?s=96&d=mm&r=g","url":"https:\/\/secure.gravatar.com\/avatar\/420aaf9278582877d9018637c6817617705899d2858d7572ef0fe59a6b6454b4?s=96&d=mm&r=g","contentUrl":"https:\/\/secure.gravatar.com\/avatar\/420aaf9278582877d9018637c6817617705899d2858d7572ef0fe59a6b6454b4?s=96&d=mm&r=g","caption":"Canal Dana"},"url":"https:\/\/dana.com.br\/canaldana\/author\/cdeditor\/"}]}},"_links":{"self":[{"href":"https:\/\/dana.com.br\/canaldana\/wp-json\/wp\/v2\/posts\/53612","targetHints":{"allow":["GET"]}}],"collection":[{"href":"https:\/\/dana.com.br\/canaldana\/wp-json\/wp\/v2\/posts"}],"about":[{"href":"https:\/\/dana.com.br\/canaldana\/wp-json\/wp\/v2\/types\/post"}],"author":[{"embeddable":true,"href":"https:\/\/dana.com.br\/canaldana\/wp-json\/wp\/v2\/users\/3"}],"replies":[{"embeddable":true,"href":"https:\/\/dana.com.br\/canaldana\/wp-json\/wp\/v2\/comments?post=53612"}],"version-history":[{"count":0,"href":"https:\/\/dana.com.br\/canaldana\/wp-json\/wp\/v2\/posts\/53612\/revisions"}],"wp:attachment":[{"href":"https:\/\/dana.com.br\/canaldana\/wp-json\/wp\/v2\/media?parent=53612"}],"wp:term":[{"taxonomy":"category","embeddable":true,"href":"https:\/\/dana.com.br\/canaldana\/wp-json\/wp\/v2\/categories?post=53612"},{"taxonomy":"post_tag","embeddable":true,"href":"https:\/\/dana.com.br\/canaldana\/wp-json\/wp\/v2\/tags?post=53612"}],"curies":[{"name":"wp","href":"https:\/\/api.w.org\/{rel}","templated":true}]}}