{"id":53595,"date":"2021-10-14T08:22:46","date_gmt":"2021-10-14T11:22:46","guid":{"rendered":"https:\/\/dana.com.br\/canaldana\/?p=53595"},"modified":"2021-10-14T08:22:46","modified_gmt":"2021-10-14T11:22:46","slug":"camara-aprova-projeto-de-icms-sobre-combustivel","status":"publish","type":"post","link":"https:\/\/dana.com.br\/canaldana\/2021\/10\/14\/camara-aprova-projeto-de-icms-sobre-combustivel\/","title":{"rendered":"C\u00e2mara aprova projeto de ICMS sobre combust\u00edvel"},"content":{"rendered":"<p><em>O Estado de S. Paulo<\/em><\/p>\n<p>&nbsp;<\/p>\n<p>A C\u00e2mara aprovou projeto que muda o ICMS sobre combust\u00edveis. Pelo texto, a cobran\u00e7a ter\u00e1 como base um valor fixo por litro. Governadores s\u00e3o contra e v\u00e3o tentar derrubar a mudan\u00e7a no Senado.<\/p>\n<p>&nbsp;<\/p>\n<p>A C\u00e2mara concluiu a vota\u00e7\u00e3o do projeto que muda a incid\u00eancia de ICMS sobre combust\u00edveis e estabelece um valor fixo por litro para o imposto. O texto-base foi aprovado por 392 votos a 71. J\u00e1 os cinco destaques \u2013 sugest\u00f5es que poderiam alterar o teor do texto \u2013 apresentados pela oposi\u00e7\u00e3o foram rejeitados. A proposta segue agora para o Senado, onde tem poucas chances de avan\u00e7ar em raz\u00e3o da resist\u00eancia dos Estados, que temem perder arrecada\u00e7\u00e3o.<\/p>\n<p>&nbsp;<\/p>\n<p>Pelo texto aprovado na C\u00e2mara, a cobran\u00e7a passa a ser com base em um valor fixo por litro \u2013 a exemplo de impostos federais PIS, Cofins e Cide \u2013, modelo conhecido como \u201cad rem\u201d. Ele substitui a cobran\u00e7a atual, que utiliza um porcentual sobre o valor o pre\u00e7o de venda.<\/p>\n<p>&nbsp;<\/p>\n<p>O ICMS hoje incide sobre o pre\u00e7o m\u00e9dio ponderado ao consumidor, atualizado a cada 15 dias. Quando a Petrobras reajusta o combust\u00edvel, a arrecada\u00e7\u00e3o dos Estados tamb\u00e9m cresce, mesmo que as al\u00edquotas permane\u00e7am inalteradas.<\/p>\n<p>&nbsp;<\/p>\n<p>O ICMS sobre gasolina varia hoje de 25% a 34% \u2013 em S\u00e3o Paulo, por exemplo, \u00e9 de 25%, e no Rio de Janeiro, de 34%. Sobre o diesel, as al\u00edquotas variam de 12% a 25%; sobre o etanol, de 12% a 30%; e sobre o g\u00e1s de cozinha, de 12% a 25%.<\/p>\n<p>&nbsp;<\/p>\n<p>A proposta ganhou for\u00e7a ap\u00f3s o presidente Jair Bolsonaro expor o ICMS como um vil\u00e3o do aumento dos combust\u00edveis e do g\u00e1s de cozinha. A desvaloriza\u00e7\u00e3o do real frente ao d\u00f3lar e o aumento do pre\u00e7o do barril de petr\u00f3leo, por\u00e9m, s\u00e3o as principais causas do aumento dos pre\u00e7os. A Petrobras tem posi\u00e7\u00e3o dominante de mercado: \u00e9 praticamente a \u00fanica fornecedora do Pa\u00eds e detinha 98% do mercado de refino at\u00e9 2019. Quase 7% da gasolina consumida no Pa\u00eds entre janeiro e junho deste ano foi importada.<\/p>\n<p>&nbsp;<\/p>\n<p>Conforme o relator, Dr Jaziel (PL-CE), as mudan\u00e7as aprovadas ontem, se confirmadas no Senado, podem reduzir o pre\u00e7o ao consumidor em 8% para a gasolina, 7% para o etanol e 3,7% para o diesel.<\/p>\n<p>&nbsp;<\/p>\n<p>Diferentemente do projeto enviado por Bolsonaro ao Legislativo no in\u00edcio do ano, o texto aprovado ontem mant\u00e9m a autoridade de cada Estado para fixar o ICMS. A proposta enviada pelo governo em fevereiro, rejeitada pelos l\u00edderes, determinava que as al\u00edquotas seriam iguais em todos os Estados.<\/p>\n<p>&nbsp;<\/p>\n<p>Pelo texto aprovado, as al\u00edquotas definidas dever\u00e3o ser mantidas por 12 meses sem altera\u00e7\u00e3o. Haver\u00e1, ainda, um teto para esse valor: ele n\u00e3o poder\u00e1 ser superior \u00e0 al\u00edquota praticada nos dois \u00faltimos anos. J\u00e1 na primeira vez em que elas forem definidas, elas dever\u00e3o ser inferiores \u00e0s praticadas no per\u00edodo entre janeiro de 2019 e dezembro de 2020.<\/p>\n<p>&nbsp;<\/p>\n<p>Os Estados se posicionaram contra o texto. Os secret\u00e1rios estaduais de Fazenda calculam uma perda de R$ 24 bilh\u00f5es para as finan\u00e7as estaduais e de R$ 6 bilh\u00f5es para os munic\u00edpios. (O Estado de S. Paulo\/Anne Warth)<\/p>\n","protected":false},"excerpt":{"rendered":"<p>O Estado de S. Paulo &nbsp; A C\u00e2mara aprovou projeto que muda o ICMS sobre combust\u00edveis. Pelo texto, a cobran\u00e7a ter\u00e1 como base um valor fixo por litro. Governadores s\u00e3o contra e v\u00e3o tentar derrubar a mudan\u00e7a no Senado. &nbsp; A C\u00e2mara concluiu a vota\u00e7\u00e3o do projeto que muda a incid\u00eancia de ICMS sobre combust\u00edveis\u2026 <a class=\"readmore\" href=\"https:\/\/dana.com.br\/canaldana\/2021\/10\/14\/camara-aprova-projeto-de-icms-sobre-combustivel\/\">Leia mais \u00bb<\/a><\/p>\n","protected":false},"author":3,"featured_media":0,"comment_status":"closed","ping_status":"closed","sticky":false,"template":"","format":"standard","meta":{"_acf_changed":false,"footnotes":""},"categories":[79],"tags":[],"class_list":["post-53595","post","type-post","status-publish","format-standard","hentry","category-mercado"],"acf":[],"yoast_head":"<!-- This site is optimized with the Yoast SEO plugin v27.3 - https:\/\/yoast.com\/product\/yoast-seo-wordpress\/ -->\n<title>C\u00e2mara aprova projeto de ICMS sobre combust\u00edvel - Canal Dana<\/title>\n<meta name=\"robots\" content=\"index, follow, max-snippet:-1, max-image-preview:large, max-video-preview:-1\" \/>\n<link rel=\"canonical\" href=\"https:\/\/dana.com.br\/canaldana\/2021\/10\/14\/camara-aprova-projeto-de-icms-sobre-combustivel\/\" \/>\n<meta property=\"og:locale\" content=\"pt_BR\" \/>\n<meta property=\"og:type\" content=\"article\" \/>\n<meta property=\"og:title\" content=\"C\u00e2mara aprova projeto de ICMS sobre combust\u00edvel - Canal Dana\" \/>\n<meta property=\"og:description\" content=\"O Estado de S. Paulo &nbsp; A C\u00e2mara aprovou projeto que muda o ICMS sobre combust\u00edveis. Pelo texto, a cobran\u00e7a ter\u00e1 como base um valor fixo por litro. Governadores s\u00e3o contra e v\u00e3o tentar derrubar a mudan\u00e7a no Senado. &nbsp; A C\u00e2mara concluiu a vota\u00e7\u00e3o do projeto que muda a incid\u00eancia de ICMS sobre combust\u00edveis\u2026 Leia mais \u00bb\" \/>\n<meta property=\"og:url\" content=\"https:\/\/dana.com.br\/canaldana\/2021\/10\/14\/camara-aprova-projeto-de-icms-sobre-combustivel\/\" \/>\n<meta property=\"og:site_name\" content=\"Canal Dana\" \/>\n<meta property=\"article:published_time\" content=\"2021-10-14T11:22:46+00:00\" \/>\n<meta name=\"author\" content=\"Canal Dana\" \/>\n<meta name=\"twitter:card\" content=\"summary_large_image\" \/>\n<meta name=\"twitter:label1\" content=\"Escrito por\" \/>\n\t<meta name=\"twitter:data1\" content=\"Canal Dana\" \/>\n\t<meta name=\"twitter:label2\" content=\"Est. tempo de leitura\" \/>\n\t<meta name=\"twitter:data2\" content=\"3 minutos\" \/>\n<script type=\"application\/ld+json\" class=\"yoast-schema-graph\">{\"@context\":\"https:\\\/\\\/schema.org\",\"@graph\":[{\"@type\":\"Article\",\"@id\":\"https:\\\/\\\/dana.com.br\\\/canaldana\\\/2021\\\/10\\\/14\\\/camara-aprova-projeto-de-icms-sobre-combustivel\\\/#article\",\"isPartOf\":{\"@id\":\"https:\\\/\\\/dana.com.br\\\/canaldana\\\/2021\\\/10\\\/14\\\/camara-aprova-projeto-de-icms-sobre-combustivel\\\/\"},\"author\":{\"name\":\"Canal Dana\",\"@id\":\"https:\\\/\\\/dana.com.br\\\/canaldana\\\/#\\\/schema\\\/person\\\/3c21f22f56fcf3bc46b94bc60ea4fef6\"},\"headline\":\"C\u00e2mara aprova projeto de ICMS sobre combust\u00edvel\",\"datePublished\":\"2021-10-14T11:22:46+00:00\",\"mainEntityOfPage\":{\"@id\":\"https:\\\/\\\/dana.com.br\\\/canaldana\\\/2021\\\/10\\\/14\\\/camara-aprova-projeto-de-icms-sobre-combustivel\\\/\"},\"wordCount\":564,\"articleSection\":[\"Mercado\"],\"inLanguage\":\"pt-BR\"},{\"@type\":\"WebPage\",\"@id\":\"https:\\\/\\\/dana.com.br\\\/canaldana\\\/2021\\\/10\\\/14\\\/camara-aprova-projeto-de-icms-sobre-combustivel\\\/\",\"url\":\"https:\\\/\\\/dana.com.br\\\/canaldana\\\/2021\\\/10\\\/14\\\/camara-aprova-projeto-de-icms-sobre-combustivel\\\/\",\"name\":\"C\u00e2mara aprova projeto de ICMS sobre combust\u00edvel - Canal Dana\",\"isPartOf\":{\"@id\":\"https:\\\/\\\/dana.com.br\\\/canaldana\\\/#website\"},\"datePublished\":\"2021-10-14T11:22:46+00:00\",\"author\":{\"@id\":\"https:\\\/\\\/dana.com.br\\\/canaldana\\\/#\\\/schema\\\/person\\\/3c21f22f56fcf3bc46b94bc60ea4fef6\"},\"breadcrumb\":{\"@id\":\"https:\\\/\\\/dana.com.br\\\/canaldana\\\/2021\\\/10\\\/14\\\/camara-aprova-projeto-de-icms-sobre-combustivel\\\/#breadcrumb\"},\"inLanguage\":\"pt-BR\",\"potentialAction\":[{\"@type\":\"ReadAction\",\"target\":[\"https:\\\/\\\/dana.com.br\\\/canaldana\\\/2021\\\/10\\\/14\\\/camara-aprova-projeto-de-icms-sobre-combustivel\\\/\"]}]},{\"@type\":\"BreadcrumbList\",\"@id\":\"https:\\\/\\\/dana.com.br\\\/canaldana\\\/2021\\\/10\\\/14\\\/camara-aprova-projeto-de-icms-sobre-combustivel\\\/#breadcrumb\",\"itemListElement\":[{\"@type\":\"ListItem\",\"position\":1,\"name\":\"Home\",\"item\":\"https:\\\/\\\/dana.com.br\\\/canaldana\\\/\"},{\"@type\":\"ListItem\",\"position\":2,\"name\":\"Mercado\",\"item\":\"https:\\\/\\\/dana.com.br\\\/canaldana\\\/mercado\\\/\"},{\"@type\":\"ListItem\",\"position\":3,\"name\":\"C\u00e2mara aprova projeto de ICMS sobre combust\u00edvel\"}]},{\"@type\":\"WebSite\",\"@id\":\"https:\\\/\\\/dana.com.br\\\/canaldana\\\/#website\",\"url\":\"https:\\\/\\\/dana.com.br\\\/canaldana\\\/\",\"name\":\"Canal Dana\",\"description\":\"Informativo com as principais not\u00edcias da ind\u00fastria automotiva\",\"potentialAction\":[{\"@type\":\"SearchAction\",\"target\":{\"@type\":\"EntryPoint\",\"urlTemplate\":\"https:\\\/\\\/dana.com.br\\\/canaldana\\\/?s={search_term_string}\"},\"query-input\":{\"@type\":\"PropertyValueSpecification\",\"valueRequired\":true,\"valueName\":\"search_term_string\"}}],\"inLanguage\":\"pt-BR\"},{\"@type\":\"Person\",\"@id\":\"https:\\\/\\\/dana.com.br\\\/canaldana\\\/#\\\/schema\\\/person\\\/3c21f22f56fcf3bc46b94bc60ea4fef6\",\"name\":\"Canal Dana\",\"image\":{\"@type\":\"ImageObject\",\"inLanguage\":\"pt-BR\",\"@id\":\"https:\\\/\\\/secure.gravatar.com\\\/avatar\\\/420aaf9278582877d9018637c6817617705899d2858d7572ef0fe59a6b6454b4?s=96&d=mm&r=g\",\"url\":\"https:\\\/\\\/secure.gravatar.com\\\/avatar\\\/420aaf9278582877d9018637c6817617705899d2858d7572ef0fe59a6b6454b4?s=96&d=mm&r=g\",\"contentUrl\":\"https:\\\/\\\/secure.gravatar.com\\\/avatar\\\/420aaf9278582877d9018637c6817617705899d2858d7572ef0fe59a6b6454b4?s=96&d=mm&r=g\",\"caption\":\"Canal Dana\"},\"url\":\"https:\\\/\\\/dana.com.br\\\/canaldana\\\/author\\\/cdeditor\\\/\"}]}<\/script>\n<!-- \/ Yoast SEO plugin. -->","yoast_head_json":{"title":"C\u00e2mara aprova projeto de ICMS sobre combust\u00edvel - Canal Dana","robots":{"index":"index","follow":"follow","max-snippet":"max-snippet:-1","max-image-preview":"max-image-preview:large","max-video-preview":"max-video-preview:-1"},"canonical":"https:\/\/dana.com.br\/canaldana\/2021\/10\/14\/camara-aprova-projeto-de-icms-sobre-combustivel\/","og_locale":"pt_BR","og_type":"article","og_title":"C\u00e2mara aprova projeto de ICMS sobre combust\u00edvel - Canal Dana","og_description":"O Estado de S. Paulo &nbsp; A C\u00e2mara aprovou projeto que muda o ICMS sobre combust\u00edveis. Pelo texto, a cobran\u00e7a ter\u00e1 como base um valor fixo por litro. Governadores s\u00e3o contra e v\u00e3o tentar derrubar a mudan\u00e7a no Senado. &nbsp; A C\u00e2mara concluiu a vota\u00e7\u00e3o do projeto que muda a incid\u00eancia de ICMS sobre combust\u00edveis\u2026 Leia mais \u00bb","og_url":"https:\/\/dana.com.br\/canaldana\/2021\/10\/14\/camara-aprova-projeto-de-icms-sobre-combustivel\/","og_site_name":"Canal Dana","article_published_time":"2021-10-14T11:22:46+00:00","author":"Canal Dana","twitter_card":"summary_large_image","twitter_misc":{"Escrito por":"Canal Dana","Est. tempo de leitura":"3 minutos"},"schema":{"@context":"https:\/\/schema.org","@graph":[{"@type":"Article","@id":"https:\/\/dana.com.br\/canaldana\/2021\/10\/14\/camara-aprova-projeto-de-icms-sobre-combustivel\/#article","isPartOf":{"@id":"https:\/\/dana.com.br\/canaldana\/2021\/10\/14\/camara-aprova-projeto-de-icms-sobre-combustivel\/"},"author":{"name":"Canal Dana","@id":"https:\/\/dana.com.br\/canaldana\/#\/schema\/person\/3c21f22f56fcf3bc46b94bc60ea4fef6"},"headline":"C\u00e2mara aprova projeto de ICMS sobre combust\u00edvel","datePublished":"2021-10-14T11:22:46+00:00","mainEntityOfPage":{"@id":"https:\/\/dana.com.br\/canaldana\/2021\/10\/14\/camara-aprova-projeto-de-icms-sobre-combustivel\/"},"wordCount":564,"articleSection":["Mercado"],"inLanguage":"pt-BR"},{"@type":"WebPage","@id":"https:\/\/dana.com.br\/canaldana\/2021\/10\/14\/camara-aprova-projeto-de-icms-sobre-combustivel\/","url":"https:\/\/dana.com.br\/canaldana\/2021\/10\/14\/camara-aprova-projeto-de-icms-sobre-combustivel\/","name":"C\u00e2mara aprova projeto de ICMS sobre combust\u00edvel - Canal Dana","isPartOf":{"@id":"https:\/\/dana.com.br\/canaldana\/#website"},"datePublished":"2021-10-14T11:22:46+00:00","author":{"@id":"https:\/\/dana.com.br\/canaldana\/#\/schema\/person\/3c21f22f56fcf3bc46b94bc60ea4fef6"},"breadcrumb":{"@id":"https:\/\/dana.com.br\/canaldana\/2021\/10\/14\/camara-aprova-projeto-de-icms-sobre-combustivel\/#breadcrumb"},"inLanguage":"pt-BR","potentialAction":[{"@type":"ReadAction","target":["https:\/\/dana.com.br\/canaldana\/2021\/10\/14\/camara-aprova-projeto-de-icms-sobre-combustivel\/"]}]},{"@type":"BreadcrumbList","@id":"https:\/\/dana.com.br\/canaldana\/2021\/10\/14\/camara-aprova-projeto-de-icms-sobre-combustivel\/#breadcrumb","itemListElement":[{"@type":"ListItem","position":1,"name":"Home","item":"https:\/\/dana.com.br\/canaldana\/"},{"@type":"ListItem","position":2,"name":"Mercado","item":"https:\/\/dana.com.br\/canaldana\/mercado\/"},{"@type":"ListItem","position":3,"name":"C\u00e2mara aprova projeto de ICMS sobre combust\u00edvel"}]},{"@type":"WebSite","@id":"https:\/\/dana.com.br\/canaldana\/#website","url":"https:\/\/dana.com.br\/canaldana\/","name":"Canal Dana","description":"Informativo com as principais not\u00edcias da ind\u00fastria automotiva","potentialAction":[{"@type":"SearchAction","target":{"@type":"EntryPoint","urlTemplate":"https:\/\/dana.com.br\/canaldana\/?s={search_term_string}"},"query-input":{"@type":"PropertyValueSpecification","valueRequired":true,"valueName":"search_term_string"}}],"inLanguage":"pt-BR"},{"@type":"Person","@id":"https:\/\/dana.com.br\/canaldana\/#\/schema\/person\/3c21f22f56fcf3bc46b94bc60ea4fef6","name":"Canal Dana","image":{"@type":"ImageObject","inLanguage":"pt-BR","@id":"https:\/\/secure.gravatar.com\/avatar\/420aaf9278582877d9018637c6817617705899d2858d7572ef0fe59a6b6454b4?s=96&d=mm&r=g","url":"https:\/\/secure.gravatar.com\/avatar\/420aaf9278582877d9018637c6817617705899d2858d7572ef0fe59a6b6454b4?s=96&d=mm&r=g","contentUrl":"https:\/\/secure.gravatar.com\/avatar\/420aaf9278582877d9018637c6817617705899d2858d7572ef0fe59a6b6454b4?s=96&d=mm&r=g","caption":"Canal Dana"},"url":"https:\/\/dana.com.br\/canaldana\/author\/cdeditor\/"}]}},"_links":{"self":[{"href":"https:\/\/dana.com.br\/canaldana\/wp-json\/wp\/v2\/posts\/53595","targetHints":{"allow":["GET"]}}],"collection":[{"href":"https:\/\/dana.com.br\/canaldana\/wp-json\/wp\/v2\/posts"}],"about":[{"href":"https:\/\/dana.com.br\/canaldana\/wp-json\/wp\/v2\/types\/post"}],"author":[{"embeddable":true,"href":"https:\/\/dana.com.br\/canaldana\/wp-json\/wp\/v2\/users\/3"}],"replies":[{"embeddable":true,"href":"https:\/\/dana.com.br\/canaldana\/wp-json\/wp\/v2\/comments?post=53595"}],"version-history":[{"count":0,"href":"https:\/\/dana.com.br\/canaldana\/wp-json\/wp\/v2\/posts\/53595\/revisions"}],"wp:attachment":[{"href":"https:\/\/dana.com.br\/canaldana\/wp-json\/wp\/v2\/media?parent=53595"}],"wp:term":[{"taxonomy":"category","embeddable":true,"href":"https:\/\/dana.com.br\/canaldana\/wp-json\/wp\/v2\/categories?post=53595"},{"taxonomy":"post_tag","embeddable":true,"href":"https:\/\/dana.com.br\/canaldana\/wp-json\/wp\/v2\/tags?post=53595"}],"curies":[{"name":"wp","href":"https:\/\/api.w.org\/{rel}","templated":true}]}}