{"id":53540,"date":"2021-10-11T08:41:07","date_gmt":"2021-10-11T11:41:07","guid":{"rendered":"https:\/\/dana.com.br\/canaldana\/?p=53540"},"modified":"2021-10-11T08:41:07","modified_gmt":"2021-10-11T11:41:07","slug":"relacao-de-precos-entre-carros-novos-e-usados-deve-se-normalizar-em-2022","status":"publish","type":"post","link":"https:\/\/dana.com.br\/canaldana\/2021\/10\/11\/relacao-de-precos-entre-carros-novos-e-usados-deve-se-normalizar-em-2022\/","title":{"rendered":"Rela\u00e7\u00e3o de pre\u00e7os entre carros novos e usados deve se normalizar em 2022"},"content":{"rendered":"<p><em>Jornal Cruzeiro do Sul\/Ag\u00eancia Estado<\/em><\/p>\n<p>&nbsp;<\/p>\n<p>A distor\u00e7\u00e3o nos pre\u00e7os de carros usados comparados aos valores de ve\u00edculos novos s\u00f3 deve ser normalizada no segundo semestre do ano que vem, disse na semana passada Luiz Carlos Moraes, presidente da Anfavea, associa\u00e7\u00e3o que representa as montadoras de ve\u00edculos. \u201cEssa distor\u00e7\u00e3o de pre\u00e7o est\u00e1 acontecendo pela limita\u00e7\u00e3o de ve\u00edculos novos, isso aumenta demanda por usados. Isso deve se normalizar quando conseguirmos equilibrar produ\u00e7\u00e3o e voltar a ofertar produtos de ve\u00edculos novos\u201d, comentou.<\/p>\n<p>&nbsp;<\/p>\n<p>Atualmente, falta de pe\u00e7as causada sobretudo por uma crise global na oferta de semicondutores, o que afeta as linhas de montagem, e uma crise log\u00edstica, com a escassez mundial de cont\u00eaineres, afeta a produ\u00e7\u00e3o de novos carros. Com isso, a demanda por ve\u00edculos usados cresceu.<\/p>\n<p>&nbsp;<\/p>\n<p>Segundo Moraes, a propor\u00e7\u00e3o de carros usados vendidos ante os novos, que geralmente \u00e9 de 1 novo ve\u00edculo vendido para cada 2 ou 3 usados, chegou hoje a 1&#215;6. \u201cN\u00e3o \u00e9 normal\u201d, disse.<\/p>\n<p>&nbsp;<\/p>\n<p>O presidente da Anfavea ainda afirmou ser contr\u00e1rio ao projeto de lei 237\/2020, que prev\u00ea a importa\u00e7\u00e3o de carros usados. \u201cIsso n\u00e3o \u00e9 coisa de pa\u00eds moderno\u201d, disse, destacando que, al\u00e9m de causar uma disrup\u00e7\u00e3o no mercado, a importa\u00e7\u00e3o de carros usados ainda teria impactos ambientais que poderiam fugir do controle do governo. (Jornal Cruzeiro do Sul\/Ag\u00eancia Estado)<\/p>\n","protected":false},"excerpt":{"rendered":"<p>Jornal Cruzeiro do Sul\/Ag\u00eancia Estado &nbsp; A distor\u00e7\u00e3o nos pre\u00e7os de carros usados comparados aos valores de ve\u00edculos novos s\u00f3 deve ser normalizada no segundo semestre do ano que vem, disse na semana passada Luiz Carlos Moraes, presidente da Anfavea, associa\u00e7\u00e3o que representa as montadoras de ve\u00edculos. \u201cEssa distor\u00e7\u00e3o de pre\u00e7o est\u00e1 acontecendo pela limita\u00e7\u00e3o\u2026 <a class=\"readmore\" href=\"https:\/\/dana.com.br\/canaldana\/2021\/10\/11\/relacao-de-precos-entre-carros-novos-e-usados-deve-se-normalizar-em-2022\/\">Leia mais \u00bb<\/a><\/p>\n","protected":false},"author":3,"featured_media":0,"comment_status":"closed","ping_status":"closed","sticky":false,"template":"","format":"standard","meta":{"_acf_changed":false,"footnotes":""},"categories":[61],"tags":[],"class_list":["post-53540","post","type-post","status-publish","format-standard","hentry","category-destaques"],"acf":[],"yoast_head":"<!-- This site is optimized with the Yoast SEO plugin v27.3 - https:\/\/yoast.com\/product\/yoast-seo-wordpress\/ -->\n<title>Rela\u00e7\u00e3o de pre\u00e7os entre carros novos e usados deve se normalizar em 2022 - Canal Dana<\/title>\n<meta name=\"robots\" content=\"index, follow, max-snippet:-1, max-image-preview:large, max-video-preview:-1\" \/>\n<link rel=\"canonical\" href=\"https:\/\/dana.com.br\/canaldana\/2021\/10\/11\/relacao-de-precos-entre-carros-novos-e-usados-deve-se-normalizar-em-2022\/\" \/>\n<meta property=\"og:locale\" content=\"pt_BR\" \/>\n<meta property=\"og:type\" content=\"article\" \/>\n<meta property=\"og:title\" content=\"Rela\u00e7\u00e3o de pre\u00e7os entre carros novos e usados deve se normalizar em 2022 - Canal Dana\" \/>\n<meta property=\"og:description\" content=\"Jornal Cruzeiro do Sul\/Ag\u00eancia Estado &nbsp; A distor\u00e7\u00e3o nos pre\u00e7os de carros usados comparados aos valores de ve\u00edculos novos s\u00f3 deve ser normalizada no segundo semestre do ano que vem, disse na semana passada Luiz Carlos Moraes, presidente da Anfavea, associa\u00e7\u00e3o que representa as montadoras de ve\u00edculos. \u201cEssa distor\u00e7\u00e3o de pre\u00e7o est\u00e1 acontecendo pela limita\u00e7\u00e3o\u2026 Leia mais \u00bb\" \/>\n<meta property=\"og:url\" content=\"https:\/\/dana.com.br\/canaldana\/2021\/10\/11\/relacao-de-precos-entre-carros-novos-e-usados-deve-se-normalizar-em-2022\/\" \/>\n<meta property=\"og:site_name\" content=\"Canal Dana\" \/>\n<meta property=\"article:published_time\" content=\"2021-10-11T11:41:07+00:00\" \/>\n<meta name=\"author\" content=\"Canal Dana\" \/>\n<meta name=\"twitter:card\" content=\"summary_large_image\" \/>\n<meta name=\"twitter:label1\" content=\"Escrito por\" \/>\n\t<meta name=\"twitter:data1\" content=\"Canal Dana\" \/>\n\t<meta name=\"twitter:label2\" content=\"Est. tempo de leitura\" \/>\n\t<meta name=\"twitter:data2\" content=\"1 minuto\" \/>\n<script type=\"application\/ld+json\" class=\"yoast-schema-graph\">{\"@context\":\"https:\\\/\\\/schema.org\",\"@graph\":[{\"@type\":\"Article\",\"@id\":\"https:\\\/\\\/dana.com.br\\\/canaldana\\\/2021\\\/10\\\/11\\\/relacao-de-precos-entre-carros-novos-e-usados-deve-se-normalizar-em-2022\\\/#article\",\"isPartOf\":{\"@id\":\"https:\\\/\\\/dana.com.br\\\/canaldana\\\/2021\\\/10\\\/11\\\/relacao-de-precos-entre-carros-novos-e-usados-deve-se-normalizar-em-2022\\\/\"},\"author\":{\"name\":\"Canal Dana\",\"@id\":\"https:\\\/\\\/dana.com.br\\\/canaldana\\\/#\\\/schema\\\/person\\\/3c21f22f56fcf3bc46b94bc60ea4fef6\"},\"headline\":\"Rela\u00e7\u00e3o de pre\u00e7os entre carros novos e usados deve se normalizar em 2022\",\"datePublished\":\"2021-10-11T11:41:07+00:00\",\"mainEntityOfPage\":{\"@id\":\"https:\\\/\\\/dana.com.br\\\/canaldana\\\/2021\\\/10\\\/11\\\/relacao-de-precos-entre-carros-novos-e-usados-deve-se-normalizar-em-2022\\\/\"},\"wordCount\":256,\"articleSection\":[\"Destaques\"],\"inLanguage\":\"pt-BR\"},{\"@type\":\"WebPage\",\"@id\":\"https:\\\/\\\/dana.com.br\\\/canaldana\\\/2021\\\/10\\\/11\\\/relacao-de-precos-entre-carros-novos-e-usados-deve-se-normalizar-em-2022\\\/\",\"url\":\"https:\\\/\\\/dana.com.br\\\/canaldana\\\/2021\\\/10\\\/11\\\/relacao-de-precos-entre-carros-novos-e-usados-deve-se-normalizar-em-2022\\\/\",\"name\":\"Rela\u00e7\u00e3o de pre\u00e7os entre carros novos e usados deve se normalizar em 2022 - Canal Dana\",\"isPartOf\":{\"@id\":\"https:\\\/\\\/dana.com.br\\\/canaldana\\\/#website\"},\"datePublished\":\"2021-10-11T11:41:07+00:00\",\"author\":{\"@id\":\"https:\\\/\\\/dana.com.br\\\/canaldana\\\/#\\\/schema\\\/person\\\/3c21f22f56fcf3bc46b94bc60ea4fef6\"},\"breadcrumb\":{\"@id\":\"https:\\\/\\\/dana.com.br\\\/canaldana\\\/2021\\\/10\\\/11\\\/relacao-de-precos-entre-carros-novos-e-usados-deve-se-normalizar-em-2022\\\/#breadcrumb\"},\"inLanguage\":\"pt-BR\",\"potentialAction\":[{\"@type\":\"ReadAction\",\"target\":[\"https:\\\/\\\/dana.com.br\\\/canaldana\\\/2021\\\/10\\\/11\\\/relacao-de-precos-entre-carros-novos-e-usados-deve-se-normalizar-em-2022\\\/\"]}]},{\"@type\":\"BreadcrumbList\",\"@id\":\"https:\\\/\\\/dana.com.br\\\/canaldana\\\/2021\\\/10\\\/11\\\/relacao-de-precos-entre-carros-novos-e-usados-deve-se-normalizar-em-2022\\\/#breadcrumb\",\"itemListElement\":[{\"@type\":\"ListItem\",\"position\":1,\"name\":\"Home\",\"item\":\"https:\\\/\\\/dana.com.br\\\/canaldana\\\/\"},{\"@type\":\"ListItem\",\"position\":2,\"name\":\"Destaques\",\"item\":\"https:\\\/\\\/dana.com.br\\\/canaldana\\\/destaques\\\/\"},{\"@type\":\"ListItem\",\"position\":3,\"name\":\"Rela\u00e7\u00e3o de pre\u00e7os entre carros novos e usados deve se normalizar em 2022\"}]},{\"@type\":\"WebSite\",\"@id\":\"https:\\\/\\\/dana.com.br\\\/canaldana\\\/#website\",\"url\":\"https:\\\/\\\/dana.com.br\\\/canaldana\\\/\",\"name\":\"Canal Dana\",\"description\":\"Informativo com as principais not\u00edcias da ind\u00fastria automotiva\",\"potentialAction\":[{\"@type\":\"SearchAction\",\"target\":{\"@type\":\"EntryPoint\",\"urlTemplate\":\"https:\\\/\\\/dana.com.br\\\/canaldana\\\/?s={search_term_string}\"},\"query-input\":{\"@type\":\"PropertyValueSpecification\",\"valueRequired\":true,\"valueName\":\"search_term_string\"}}],\"inLanguage\":\"pt-BR\"},{\"@type\":\"Person\",\"@id\":\"https:\\\/\\\/dana.com.br\\\/canaldana\\\/#\\\/schema\\\/person\\\/3c21f22f56fcf3bc46b94bc60ea4fef6\",\"name\":\"Canal Dana\",\"image\":{\"@type\":\"ImageObject\",\"inLanguage\":\"pt-BR\",\"@id\":\"https:\\\/\\\/secure.gravatar.com\\\/avatar\\\/420aaf9278582877d9018637c6817617705899d2858d7572ef0fe59a6b6454b4?s=96&d=mm&r=g\",\"url\":\"https:\\\/\\\/secure.gravatar.com\\\/avatar\\\/420aaf9278582877d9018637c6817617705899d2858d7572ef0fe59a6b6454b4?s=96&d=mm&r=g\",\"contentUrl\":\"https:\\\/\\\/secure.gravatar.com\\\/avatar\\\/420aaf9278582877d9018637c6817617705899d2858d7572ef0fe59a6b6454b4?s=96&d=mm&r=g\",\"caption\":\"Canal Dana\"},\"url\":\"https:\\\/\\\/dana.com.br\\\/canaldana\\\/author\\\/cdeditor\\\/\"}]}<\/script>\n<!-- \/ Yoast SEO plugin. -->","yoast_head_json":{"title":"Rela\u00e7\u00e3o de pre\u00e7os entre carros novos e usados deve se normalizar em 2022 - Canal Dana","robots":{"index":"index","follow":"follow","max-snippet":"max-snippet:-1","max-image-preview":"max-image-preview:large","max-video-preview":"max-video-preview:-1"},"canonical":"https:\/\/dana.com.br\/canaldana\/2021\/10\/11\/relacao-de-precos-entre-carros-novos-e-usados-deve-se-normalizar-em-2022\/","og_locale":"pt_BR","og_type":"article","og_title":"Rela\u00e7\u00e3o de pre\u00e7os entre carros novos e usados deve se normalizar em 2022 - Canal Dana","og_description":"Jornal Cruzeiro do Sul\/Ag\u00eancia Estado &nbsp; A distor\u00e7\u00e3o nos pre\u00e7os de carros usados comparados aos valores de ve\u00edculos novos s\u00f3 deve ser normalizada no segundo semestre do ano que vem, disse na semana passada Luiz Carlos Moraes, presidente da Anfavea, associa\u00e7\u00e3o que representa as montadoras de ve\u00edculos. \u201cEssa distor\u00e7\u00e3o de pre\u00e7o est\u00e1 acontecendo pela limita\u00e7\u00e3o\u2026 Leia mais \u00bb","og_url":"https:\/\/dana.com.br\/canaldana\/2021\/10\/11\/relacao-de-precos-entre-carros-novos-e-usados-deve-se-normalizar-em-2022\/","og_site_name":"Canal Dana","article_published_time":"2021-10-11T11:41:07+00:00","author":"Canal Dana","twitter_card":"summary_large_image","twitter_misc":{"Escrito por":"Canal Dana","Est. tempo de leitura":"1 minuto"},"schema":{"@context":"https:\/\/schema.org","@graph":[{"@type":"Article","@id":"https:\/\/dana.com.br\/canaldana\/2021\/10\/11\/relacao-de-precos-entre-carros-novos-e-usados-deve-se-normalizar-em-2022\/#article","isPartOf":{"@id":"https:\/\/dana.com.br\/canaldana\/2021\/10\/11\/relacao-de-precos-entre-carros-novos-e-usados-deve-se-normalizar-em-2022\/"},"author":{"name":"Canal Dana","@id":"https:\/\/dana.com.br\/canaldana\/#\/schema\/person\/3c21f22f56fcf3bc46b94bc60ea4fef6"},"headline":"Rela\u00e7\u00e3o de pre\u00e7os entre carros novos e usados deve se normalizar em 2022","datePublished":"2021-10-11T11:41:07+00:00","mainEntityOfPage":{"@id":"https:\/\/dana.com.br\/canaldana\/2021\/10\/11\/relacao-de-precos-entre-carros-novos-e-usados-deve-se-normalizar-em-2022\/"},"wordCount":256,"articleSection":["Destaques"],"inLanguage":"pt-BR"},{"@type":"WebPage","@id":"https:\/\/dana.com.br\/canaldana\/2021\/10\/11\/relacao-de-precos-entre-carros-novos-e-usados-deve-se-normalizar-em-2022\/","url":"https:\/\/dana.com.br\/canaldana\/2021\/10\/11\/relacao-de-precos-entre-carros-novos-e-usados-deve-se-normalizar-em-2022\/","name":"Rela\u00e7\u00e3o de pre\u00e7os entre carros novos e usados deve se normalizar em 2022 - Canal Dana","isPartOf":{"@id":"https:\/\/dana.com.br\/canaldana\/#website"},"datePublished":"2021-10-11T11:41:07+00:00","author":{"@id":"https:\/\/dana.com.br\/canaldana\/#\/schema\/person\/3c21f22f56fcf3bc46b94bc60ea4fef6"},"breadcrumb":{"@id":"https:\/\/dana.com.br\/canaldana\/2021\/10\/11\/relacao-de-precos-entre-carros-novos-e-usados-deve-se-normalizar-em-2022\/#breadcrumb"},"inLanguage":"pt-BR","potentialAction":[{"@type":"ReadAction","target":["https:\/\/dana.com.br\/canaldana\/2021\/10\/11\/relacao-de-precos-entre-carros-novos-e-usados-deve-se-normalizar-em-2022\/"]}]},{"@type":"BreadcrumbList","@id":"https:\/\/dana.com.br\/canaldana\/2021\/10\/11\/relacao-de-precos-entre-carros-novos-e-usados-deve-se-normalizar-em-2022\/#breadcrumb","itemListElement":[{"@type":"ListItem","position":1,"name":"Home","item":"https:\/\/dana.com.br\/canaldana\/"},{"@type":"ListItem","position":2,"name":"Destaques","item":"https:\/\/dana.com.br\/canaldana\/destaques\/"},{"@type":"ListItem","position":3,"name":"Rela\u00e7\u00e3o de pre\u00e7os entre carros novos e usados deve se normalizar em 2022"}]},{"@type":"WebSite","@id":"https:\/\/dana.com.br\/canaldana\/#website","url":"https:\/\/dana.com.br\/canaldana\/","name":"Canal Dana","description":"Informativo com as principais not\u00edcias da ind\u00fastria automotiva","potentialAction":[{"@type":"SearchAction","target":{"@type":"EntryPoint","urlTemplate":"https:\/\/dana.com.br\/canaldana\/?s={search_term_string}"},"query-input":{"@type":"PropertyValueSpecification","valueRequired":true,"valueName":"search_term_string"}}],"inLanguage":"pt-BR"},{"@type":"Person","@id":"https:\/\/dana.com.br\/canaldana\/#\/schema\/person\/3c21f22f56fcf3bc46b94bc60ea4fef6","name":"Canal Dana","image":{"@type":"ImageObject","inLanguage":"pt-BR","@id":"https:\/\/secure.gravatar.com\/avatar\/420aaf9278582877d9018637c6817617705899d2858d7572ef0fe59a6b6454b4?s=96&d=mm&r=g","url":"https:\/\/secure.gravatar.com\/avatar\/420aaf9278582877d9018637c6817617705899d2858d7572ef0fe59a6b6454b4?s=96&d=mm&r=g","contentUrl":"https:\/\/secure.gravatar.com\/avatar\/420aaf9278582877d9018637c6817617705899d2858d7572ef0fe59a6b6454b4?s=96&d=mm&r=g","caption":"Canal Dana"},"url":"https:\/\/dana.com.br\/canaldana\/author\/cdeditor\/"}]}},"_links":{"self":[{"href":"https:\/\/dana.com.br\/canaldana\/wp-json\/wp\/v2\/posts\/53540","targetHints":{"allow":["GET"]}}],"collection":[{"href":"https:\/\/dana.com.br\/canaldana\/wp-json\/wp\/v2\/posts"}],"about":[{"href":"https:\/\/dana.com.br\/canaldana\/wp-json\/wp\/v2\/types\/post"}],"author":[{"embeddable":true,"href":"https:\/\/dana.com.br\/canaldana\/wp-json\/wp\/v2\/users\/3"}],"replies":[{"embeddable":true,"href":"https:\/\/dana.com.br\/canaldana\/wp-json\/wp\/v2\/comments?post=53540"}],"version-history":[{"count":0,"href":"https:\/\/dana.com.br\/canaldana\/wp-json\/wp\/v2\/posts\/53540\/revisions"}],"wp:attachment":[{"href":"https:\/\/dana.com.br\/canaldana\/wp-json\/wp\/v2\/media?parent=53540"}],"wp:term":[{"taxonomy":"category","embeddable":true,"href":"https:\/\/dana.com.br\/canaldana\/wp-json\/wp\/v2\/categories?post=53540"},{"taxonomy":"post_tag","embeddable":true,"href":"https:\/\/dana.com.br\/canaldana\/wp-json\/wp\/v2\/tags?post=53540"}],"curies":[{"name":"wp","href":"https:\/\/api.w.org\/{rel}","templated":true}]}}