{"id":53536,"date":"2021-10-11T08:40:02","date_gmt":"2021-10-11T11:40:02","guid":{"rendered":"https:\/\/dana.com.br\/canaldana\/?p=53536"},"modified":"2021-10-11T08:40:02","modified_gmt":"2021-10-11T11:40:02","slug":"plascar-anuncia-unidade-em-cacapava-com-geracao-de-150-vagas-de-emprego","status":"publish","type":"post","link":"https:\/\/dana.com.br\/canaldana\/2021\/10\/11\/plascar-anuncia-unidade-em-cacapava-com-geracao-de-150-vagas-de-emprego\/","title":{"rendered":"Plascar anuncia unidade em Ca\u00e7apava com gera\u00e7\u00e3o de 150 vagas de emprego"},"content":{"rendered":"<p><em>O Vale <\/em><\/p>\n<p>&nbsp;<\/p>\n<p>A empresa Plascar Participa\u00e7\u00f5es Industriais anunciou, na \u00faltima quarta-feira (6), a instala\u00e7\u00e3o de uma nova unidade no munic\u00edpio de Ca\u00e7apava. A ind\u00fastria atua no desenvolvimento de pe\u00e7as para ve\u00edculos automotivos e ir\u00e1 atuar atendendo montadoras do Vale do Para\u00edba.<\/p>\n<p>&nbsp;<\/p>\n<p>Segundo a prefeitura de Ca\u00e7apava, a nova unidade da empresa ir\u00e1 ocupar uma \u00e1rea com mais de 22 mil m\u00b2 e produzir, inicialmente, para-choques para autom\u00f3veis. A previs\u00e3o \u00e9 que as opera\u00e7\u00f5es tenham in\u00edcio no primeiro semestre de 2022.<\/p>\n<p>&nbsp;<\/p>\n<p>Cerca de 150 vagas de emprego devem ser abertas para o in\u00edcio da opera\u00e7\u00e3o, que ainda contar\u00e1 com laborat\u00f3rios e \u00e1rea para tratamento de res\u00edduos. Segundo a empresa, os interessados podem se cadastrar no site da empresa.<\/p>\n<p>&nbsp;<\/p>\n<p>Estiveram presentes na cerim\u00f4nia de an\u00fancio o presidente da empresa, Paulo Silvestri, a Prefeita P\u00e9tala Lacerda (Cidadania), al\u00e9m de secret\u00e1rios municipais e vereadores.<\/p>\n<p>&nbsp;<\/p>\n<p>Segundo o presidente da empresa, as instala\u00e7\u00f5es ser\u00e3o uma das mais modernas do pa\u00eds, \u201cIniciaremos as opera\u00e7\u00f5es com m\u00e1quinas injetoras, uma cabine de pintura autom\u00e1tica e dispositivos de montagem e sequenciamento de para-choques\u201d, informou Paulo Silvestri.<\/p>\n<p>&nbsp;<\/p>\n<p>Ainda segundo Silvestri, a escolha do munic\u00edpio de Ca\u00e7apava se deve, principalmente, a fatores como a localiza\u00e7\u00e3o e a log\u00edstica, de uma regi\u00e3o que concentra um p\u00f3lo de tecnologia e m\u00e3o de obra qualificada.<\/p>\n<p>&nbsp;<\/p>\n<p>Esta ser\u00e1 a quarta unidade operacional da Plascar, que j\u00e1 tem unidades em Jundia\u00ed, Betim (MG) e Varginha (MG). (O Vale\/Douglas Cruz)<\/p>\n","protected":false},"excerpt":{"rendered":"<p>O Vale &nbsp; A empresa Plascar Participa\u00e7\u00f5es Industriais anunciou, na \u00faltima quarta-feira (6), a instala\u00e7\u00e3o de uma nova unidade no munic\u00edpio de Ca\u00e7apava. A ind\u00fastria atua no desenvolvimento de pe\u00e7as para ve\u00edculos automotivos e ir\u00e1 atuar atendendo montadoras do Vale do Para\u00edba. &nbsp; Segundo a prefeitura de Ca\u00e7apava, a nova unidade da empresa ir\u00e1 ocupar\u2026 <a class=\"readmore\" href=\"https:\/\/dana.com.br\/canaldana\/2021\/10\/11\/plascar-anuncia-unidade-em-cacapava-com-geracao-de-150-vagas-de-emprego\/\">Leia mais \u00bb<\/a><\/p>\n","protected":false},"author":3,"featured_media":0,"comment_status":"closed","ping_status":"closed","sticky":false,"template":"","format":"standard","meta":{"_acf_changed":false,"footnotes":""},"categories":[61],"tags":[],"class_list":["post-53536","post","type-post","status-publish","format-standard","hentry","category-destaques"],"acf":[],"yoast_head":"<!-- This site is optimized with the Yoast SEO plugin v27.3 - https:\/\/yoast.com\/product\/yoast-seo-wordpress\/ -->\n<title>Plascar anuncia unidade em Ca\u00e7apava com gera\u00e7\u00e3o de 150 vagas de emprego - Canal Dana<\/title>\n<meta name=\"robots\" content=\"index, follow, max-snippet:-1, max-image-preview:large, max-video-preview:-1\" \/>\n<link rel=\"canonical\" href=\"https:\/\/dana.com.br\/canaldana\/2021\/10\/11\/plascar-anuncia-unidade-em-cacapava-com-geracao-de-150-vagas-de-emprego\/\" \/>\n<meta property=\"og:locale\" content=\"pt_BR\" \/>\n<meta property=\"og:type\" content=\"article\" \/>\n<meta property=\"og:title\" content=\"Plascar anuncia unidade em Ca\u00e7apava com gera\u00e7\u00e3o de 150 vagas de emprego - Canal Dana\" \/>\n<meta property=\"og:description\" content=\"O Vale &nbsp; A empresa Plascar Participa\u00e7\u00f5es Industriais anunciou, na \u00faltima quarta-feira (6), a instala\u00e7\u00e3o de uma nova unidade no munic\u00edpio de Ca\u00e7apava. A ind\u00fastria atua no desenvolvimento de pe\u00e7as para ve\u00edculos automotivos e ir\u00e1 atuar atendendo montadoras do Vale do Para\u00edba. &nbsp; Segundo a prefeitura de Ca\u00e7apava, a nova unidade da empresa ir\u00e1 ocupar\u2026 Leia mais \u00bb\" \/>\n<meta property=\"og:url\" content=\"https:\/\/dana.com.br\/canaldana\/2021\/10\/11\/plascar-anuncia-unidade-em-cacapava-com-geracao-de-150-vagas-de-emprego\/\" \/>\n<meta property=\"og:site_name\" content=\"Canal Dana\" \/>\n<meta property=\"article:published_time\" content=\"2021-10-11T11:40:02+00:00\" \/>\n<meta name=\"author\" content=\"Canal Dana\" \/>\n<meta name=\"twitter:card\" content=\"summary_large_image\" \/>\n<meta name=\"twitter:label1\" content=\"Escrito por\" \/>\n\t<meta name=\"twitter:data1\" content=\"Canal Dana\" \/>\n\t<meta name=\"twitter:label2\" content=\"Est. tempo de leitura\" \/>\n\t<meta name=\"twitter:data2\" content=\"1 minuto\" \/>\n<script type=\"application\/ld+json\" class=\"yoast-schema-graph\">{\"@context\":\"https:\\\/\\\/schema.org\",\"@graph\":[{\"@type\":\"Article\",\"@id\":\"https:\\\/\\\/dana.com.br\\\/canaldana\\\/2021\\\/10\\\/11\\\/plascar-anuncia-unidade-em-cacapava-com-geracao-de-150-vagas-de-emprego\\\/#article\",\"isPartOf\":{\"@id\":\"https:\\\/\\\/dana.com.br\\\/canaldana\\\/2021\\\/10\\\/11\\\/plascar-anuncia-unidade-em-cacapava-com-geracao-de-150-vagas-de-emprego\\\/\"},\"author\":{\"name\":\"Canal Dana\",\"@id\":\"https:\\\/\\\/dana.com.br\\\/canaldana\\\/#\\\/schema\\\/person\\\/3c21f22f56fcf3bc46b94bc60ea4fef6\"},\"headline\":\"Plascar anuncia unidade em Ca\u00e7apava com gera\u00e7\u00e3o de 150 vagas de emprego\",\"datePublished\":\"2021-10-11T11:40:02+00:00\",\"mainEntityOfPage\":{\"@id\":\"https:\\\/\\\/dana.com.br\\\/canaldana\\\/2021\\\/10\\\/11\\\/plascar-anuncia-unidade-em-cacapava-com-geracao-de-150-vagas-de-emprego\\\/\"},\"wordCount\":283,\"articleSection\":[\"Destaques\"],\"inLanguage\":\"pt-BR\"},{\"@type\":\"WebPage\",\"@id\":\"https:\\\/\\\/dana.com.br\\\/canaldana\\\/2021\\\/10\\\/11\\\/plascar-anuncia-unidade-em-cacapava-com-geracao-de-150-vagas-de-emprego\\\/\",\"url\":\"https:\\\/\\\/dana.com.br\\\/canaldana\\\/2021\\\/10\\\/11\\\/plascar-anuncia-unidade-em-cacapava-com-geracao-de-150-vagas-de-emprego\\\/\",\"name\":\"Plascar anuncia unidade em Ca\u00e7apava com gera\u00e7\u00e3o de 150 vagas de emprego - Canal Dana\",\"isPartOf\":{\"@id\":\"https:\\\/\\\/dana.com.br\\\/canaldana\\\/#website\"},\"datePublished\":\"2021-10-11T11:40:02+00:00\",\"author\":{\"@id\":\"https:\\\/\\\/dana.com.br\\\/canaldana\\\/#\\\/schema\\\/person\\\/3c21f22f56fcf3bc46b94bc60ea4fef6\"},\"breadcrumb\":{\"@id\":\"https:\\\/\\\/dana.com.br\\\/canaldana\\\/2021\\\/10\\\/11\\\/plascar-anuncia-unidade-em-cacapava-com-geracao-de-150-vagas-de-emprego\\\/#breadcrumb\"},\"inLanguage\":\"pt-BR\",\"potentialAction\":[{\"@type\":\"ReadAction\",\"target\":[\"https:\\\/\\\/dana.com.br\\\/canaldana\\\/2021\\\/10\\\/11\\\/plascar-anuncia-unidade-em-cacapava-com-geracao-de-150-vagas-de-emprego\\\/\"]}]},{\"@type\":\"BreadcrumbList\",\"@id\":\"https:\\\/\\\/dana.com.br\\\/canaldana\\\/2021\\\/10\\\/11\\\/plascar-anuncia-unidade-em-cacapava-com-geracao-de-150-vagas-de-emprego\\\/#breadcrumb\",\"itemListElement\":[{\"@type\":\"ListItem\",\"position\":1,\"name\":\"Home\",\"item\":\"https:\\\/\\\/dana.com.br\\\/canaldana\\\/\"},{\"@type\":\"ListItem\",\"position\":2,\"name\":\"Destaques\",\"item\":\"https:\\\/\\\/dana.com.br\\\/canaldana\\\/destaques\\\/\"},{\"@type\":\"ListItem\",\"position\":3,\"name\":\"Plascar anuncia unidade em Ca\u00e7apava com gera\u00e7\u00e3o de 150 vagas de emprego\"}]},{\"@type\":\"WebSite\",\"@id\":\"https:\\\/\\\/dana.com.br\\\/canaldana\\\/#website\",\"url\":\"https:\\\/\\\/dana.com.br\\\/canaldana\\\/\",\"name\":\"Canal Dana\",\"description\":\"Informativo com as principais not\u00edcias da ind\u00fastria automotiva\",\"potentialAction\":[{\"@type\":\"SearchAction\",\"target\":{\"@type\":\"EntryPoint\",\"urlTemplate\":\"https:\\\/\\\/dana.com.br\\\/canaldana\\\/?s={search_term_string}\"},\"query-input\":{\"@type\":\"PropertyValueSpecification\",\"valueRequired\":true,\"valueName\":\"search_term_string\"}}],\"inLanguage\":\"pt-BR\"},{\"@type\":\"Person\",\"@id\":\"https:\\\/\\\/dana.com.br\\\/canaldana\\\/#\\\/schema\\\/person\\\/3c21f22f56fcf3bc46b94bc60ea4fef6\",\"name\":\"Canal Dana\",\"image\":{\"@type\":\"ImageObject\",\"inLanguage\":\"pt-BR\",\"@id\":\"https:\\\/\\\/secure.gravatar.com\\\/avatar\\\/420aaf9278582877d9018637c6817617705899d2858d7572ef0fe59a6b6454b4?s=96&d=mm&r=g\",\"url\":\"https:\\\/\\\/secure.gravatar.com\\\/avatar\\\/420aaf9278582877d9018637c6817617705899d2858d7572ef0fe59a6b6454b4?s=96&d=mm&r=g\",\"contentUrl\":\"https:\\\/\\\/secure.gravatar.com\\\/avatar\\\/420aaf9278582877d9018637c6817617705899d2858d7572ef0fe59a6b6454b4?s=96&d=mm&r=g\",\"caption\":\"Canal Dana\"},\"url\":\"https:\\\/\\\/dana.com.br\\\/canaldana\\\/author\\\/cdeditor\\\/\"}]}<\/script>\n<!-- \/ Yoast SEO plugin. -->","yoast_head_json":{"title":"Plascar anuncia unidade em Ca\u00e7apava com gera\u00e7\u00e3o de 150 vagas de emprego - Canal Dana","robots":{"index":"index","follow":"follow","max-snippet":"max-snippet:-1","max-image-preview":"max-image-preview:large","max-video-preview":"max-video-preview:-1"},"canonical":"https:\/\/dana.com.br\/canaldana\/2021\/10\/11\/plascar-anuncia-unidade-em-cacapava-com-geracao-de-150-vagas-de-emprego\/","og_locale":"pt_BR","og_type":"article","og_title":"Plascar anuncia unidade em Ca\u00e7apava com gera\u00e7\u00e3o de 150 vagas de emprego - Canal Dana","og_description":"O Vale &nbsp; A empresa Plascar Participa\u00e7\u00f5es Industriais anunciou, na \u00faltima quarta-feira (6), a instala\u00e7\u00e3o de uma nova unidade no munic\u00edpio de Ca\u00e7apava. A ind\u00fastria atua no desenvolvimento de pe\u00e7as para ve\u00edculos automotivos e ir\u00e1 atuar atendendo montadoras do Vale do Para\u00edba. &nbsp; Segundo a prefeitura de Ca\u00e7apava, a nova unidade da empresa ir\u00e1 ocupar\u2026 Leia mais \u00bb","og_url":"https:\/\/dana.com.br\/canaldana\/2021\/10\/11\/plascar-anuncia-unidade-em-cacapava-com-geracao-de-150-vagas-de-emprego\/","og_site_name":"Canal Dana","article_published_time":"2021-10-11T11:40:02+00:00","author":"Canal Dana","twitter_card":"summary_large_image","twitter_misc":{"Escrito por":"Canal Dana","Est. tempo de leitura":"1 minuto"},"schema":{"@context":"https:\/\/schema.org","@graph":[{"@type":"Article","@id":"https:\/\/dana.com.br\/canaldana\/2021\/10\/11\/plascar-anuncia-unidade-em-cacapava-com-geracao-de-150-vagas-de-emprego\/#article","isPartOf":{"@id":"https:\/\/dana.com.br\/canaldana\/2021\/10\/11\/plascar-anuncia-unidade-em-cacapava-com-geracao-de-150-vagas-de-emprego\/"},"author":{"name":"Canal Dana","@id":"https:\/\/dana.com.br\/canaldana\/#\/schema\/person\/3c21f22f56fcf3bc46b94bc60ea4fef6"},"headline":"Plascar anuncia unidade em Ca\u00e7apava com gera\u00e7\u00e3o de 150 vagas de emprego","datePublished":"2021-10-11T11:40:02+00:00","mainEntityOfPage":{"@id":"https:\/\/dana.com.br\/canaldana\/2021\/10\/11\/plascar-anuncia-unidade-em-cacapava-com-geracao-de-150-vagas-de-emprego\/"},"wordCount":283,"articleSection":["Destaques"],"inLanguage":"pt-BR"},{"@type":"WebPage","@id":"https:\/\/dana.com.br\/canaldana\/2021\/10\/11\/plascar-anuncia-unidade-em-cacapava-com-geracao-de-150-vagas-de-emprego\/","url":"https:\/\/dana.com.br\/canaldana\/2021\/10\/11\/plascar-anuncia-unidade-em-cacapava-com-geracao-de-150-vagas-de-emprego\/","name":"Plascar anuncia unidade em Ca\u00e7apava com gera\u00e7\u00e3o de 150 vagas de emprego - Canal Dana","isPartOf":{"@id":"https:\/\/dana.com.br\/canaldana\/#website"},"datePublished":"2021-10-11T11:40:02+00:00","author":{"@id":"https:\/\/dana.com.br\/canaldana\/#\/schema\/person\/3c21f22f56fcf3bc46b94bc60ea4fef6"},"breadcrumb":{"@id":"https:\/\/dana.com.br\/canaldana\/2021\/10\/11\/plascar-anuncia-unidade-em-cacapava-com-geracao-de-150-vagas-de-emprego\/#breadcrumb"},"inLanguage":"pt-BR","potentialAction":[{"@type":"ReadAction","target":["https:\/\/dana.com.br\/canaldana\/2021\/10\/11\/plascar-anuncia-unidade-em-cacapava-com-geracao-de-150-vagas-de-emprego\/"]}]},{"@type":"BreadcrumbList","@id":"https:\/\/dana.com.br\/canaldana\/2021\/10\/11\/plascar-anuncia-unidade-em-cacapava-com-geracao-de-150-vagas-de-emprego\/#breadcrumb","itemListElement":[{"@type":"ListItem","position":1,"name":"Home","item":"https:\/\/dana.com.br\/canaldana\/"},{"@type":"ListItem","position":2,"name":"Destaques","item":"https:\/\/dana.com.br\/canaldana\/destaques\/"},{"@type":"ListItem","position":3,"name":"Plascar anuncia unidade em Ca\u00e7apava com gera\u00e7\u00e3o de 150 vagas de emprego"}]},{"@type":"WebSite","@id":"https:\/\/dana.com.br\/canaldana\/#website","url":"https:\/\/dana.com.br\/canaldana\/","name":"Canal Dana","description":"Informativo com as principais not\u00edcias da ind\u00fastria automotiva","potentialAction":[{"@type":"SearchAction","target":{"@type":"EntryPoint","urlTemplate":"https:\/\/dana.com.br\/canaldana\/?s={search_term_string}"},"query-input":{"@type":"PropertyValueSpecification","valueRequired":true,"valueName":"search_term_string"}}],"inLanguage":"pt-BR"},{"@type":"Person","@id":"https:\/\/dana.com.br\/canaldana\/#\/schema\/person\/3c21f22f56fcf3bc46b94bc60ea4fef6","name":"Canal Dana","image":{"@type":"ImageObject","inLanguage":"pt-BR","@id":"https:\/\/secure.gravatar.com\/avatar\/420aaf9278582877d9018637c6817617705899d2858d7572ef0fe59a6b6454b4?s=96&d=mm&r=g","url":"https:\/\/secure.gravatar.com\/avatar\/420aaf9278582877d9018637c6817617705899d2858d7572ef0fe59a6b6454b4?s=96&d=mm&r=g","contentUrl":"https:\/\/secure.gravatar.com\/avatar\/420aaf9278582877d9018637c6817617705899d2858d7572ef0fe59a6b6454b4?s=96&d=mm&r=g","caption":"Canal Dana"},"url":"https:\/\/dana.com.br\/canaldana\/author\/cdeditor\/"}]}},"_links":{"self":[{"href":"https:\/\/dana.com.br\/canaldana\/wp-json\/wp\/v2\/posts\/53536","targetHints":{"allow":["GET"]}}],"collection":[{"href":"https:\/\/dana.com.br\/canaldana\/wp-json\/wp\/v2\/posts"}],"about":[{"href":"https:\/\/dana.com.br\/canaldana\/wp-json\/wp\/v2\/types\/post"}],"author":[{"embeddable":true,"href":"https:\/\/dana.com.br\/canaldana\/wp-json\/wp\/v2\/users\/3"}],"replies":[{"embeddable":true,"href":"https:\/\/dana.com.br\/canaldana\/wp-json\/wp\/v2\/comments?post=53536"}],"version-history":[{"count":0,"href":"https:\/\/dana.com.br\/canaldana\/wp-json\/wp\/v2\/posts\/53536\/revisions"}],"wp:attachment":[{"href":"https:\/\/dana.com.br\/canaldana\/wp-json\/wp\/v2\/media?parent=53536"}],"wp:term":[{"taxonomy":"category","embeddable":true,"href":"https:\/\/dana.com.br\/canaldana\/wp-json\/wp\/v2\/categories?post=53536"},{"taxonomy":"post_tag","embeddable":true,"href":"https:\/\/dana.com.br\/canaldana\/wp-json\/wp\/v2\/tags?post=53536"}],"curies":[{"name":"wp","href":"https:\/\/api.w.org\/{rel}","templated":true}]}}