{"id":53534,"date":"2021-10-11T08:39:28","date_gmt":"2021-10-11T11:39:28","guid":{"rendered":"https:\/\/dana.com.br\/canaldana\/?p=53534"},"modified":"2021-10-11T08:39:28","modified_gmt":"2021-10-11T11:39:28","slug":"com-variacao-recorde-em-setembro-inflacao-chega-a-1025-em-12-meses","status":"publish","type":"post","link":"https:\/\/dana.com.br\/canaldana\/2021\/10\/11\/com-variacao-recorde-em-setembro-inflacao-chega-a-1025-em-12-meses\/","title":{"rendered":"Com varia\u00e7\u00e3o recorde em setembro, infla\u00e7\u00e3o chega a 10,25% em 12 meses"},"content":{"rendered":"<p><em>O Estado de S. Paulo <\/em><\/p>\n<p>&nbsp;<\/p>\n<p>Indicador oficial de infla\u00e7\u00e3o do Pa\u00eds, o IPCA teve alta de 1,16% em setembro, maior varia\u00e7\u00e3o para o m\u00eas desde a ado\u00e7\u00e3o do Plano Real, em 1994. Em 12 meses, o acumulado chegou a 10,25%. Habita\u00e7\u00e3o, transportes e alimenta\u00e7\u00e3o foram respons\u00e1veis por 86% do IPCA de setembro. Com pre\u00e7os em alta e baixo crescimento, economistas veem risco de estagfla\u00e7\u00e3o.<\/p>\n<p>&nbsp;<\/p>\n<p><strong>Custo de vida<\/strong><\/p>\n<p>&nbsp;<\/p>\n<p>Indicador oficial de infla\u00e7\u00e3o do Pa\u00eds, IPCA teve alta de 1,16% no m\u00eas passado, a maior varia\u00e7\u00e3o para o per\u00edodo desde a ado\u00e7\u00e3o do Plano Real, em 1994; com reajustes de pre\u00e7os e perspectiva de baixo crescimento, economistas veem risco de estagfla\u00e7\u00e3o<\/p>\n<p>&nbsp;<\/p>\n<p>Sob a press\u00e3o dos aumentos de energia el\u00e9trica, gasolina, passagem a\u00e9rea e botij\u00e3o de g\u00e1s, o IPCA, indicador oficial de infla\u00e7\u00e3o no Pa\u00eds, teve alta de 1,16% em setembro \u2013 o pior resultado para o m\u00eas desde 1994, ano de implanta\u00e7\u00e3o do Plano Real. Com isso, a taxa acumulada em 12 meses rompeu o patamar de dois d\u00edgitos, chegando a 10,25% no m\u00eas passado, ante a meta de 3,75% (com toler\u00e2ncia de 1,5 ponto) perseguida pelo Banco Central neste ano.<\/p>\n<p>&nbsp;<\/p>\n<p>Os reajustes de pre\u00e7os nos grupos habita\u00e7\u00e3o, transportes e alimenta\u00e7\u00e3o responderam por cerca de 86% do IPCA de setembro. Entre os itens de maior impacto, os que mais contribu\u00edram para a infla\u00e7\u00e3o foram energia el\u00e9trica (0,31 ponto porcentual), gasolina (0,14 ponto), passagem a\u00e9rea (0,10 ponto), botij\u00e3o de g\u00e1s (0,05 ponto) e autom\u00f3vel novo (0,05 ponto).<\/p>\n<p>&nbsp;<\/p>\n<p>A gasolina subiu 39,60% nos 12 meses encerrados em setembro, enquanto o etanol variou 64,77%. A energia el\u00e9trica acumula um aumento de 28,82%. J\u00e1 o botij\u00e3o de g\u00e1s aumentou 34,67% em 12 meses, mas vem subindo ininterruptamente h\u00e1 16 meses consecutivos, per\u00edodo em que acumulou uma alta de 39,64%. As carnes ficaram 24,84% mais caras nos 12 meses encerrados em setembro, enquanto as passagens a\u00e9reas subiram 56,81%.<\/p>\n<p>&nbsp;<\/p>\n<p>O cen\u00e1rio de press\u00e3o inflacion\u00e1ria somado a um crescimento econ\u00f4mico baixo aumenta o temor entre economistas de que o Brasil esteja prestes a passar por um per\u00edodo de estagfla\u00e7\u00e3o. Para o economista-chefe da MB Associados, Sergio Vale, o Pa\u00eds j\u00e1 passa por uma moderada estagfla\u00e7\u00e3o, ao considerar que, mesmo que a crise sanit\u00e1ria sinalize um fim, os efeitos ainda v\u00e3o demorar para findar. \u201cOlho a pandemia n\u00e3o a partir de um ano s\u00f3, mas de tr\u00eas. Ainda est\u00e1 presente e ainda estar\u00e1, de certa forma, em grau menor, mesmo com o avan\u00e7o da vacina\u00e7\u00e3o. H\u00e1 d\u00favidas em rela\u00e7\u00e3o a novas cepas. Portando, considerando tr\u00eas anos de pandemia, estamos passando por um per\u00edodo suave de estagfla\u00e7\u00e3o\u201d, afirmou ele, ao estimar uma infla\u00e7\u00e3o acumulada de 18% no per\u00edodo e um PIB per capita caindo para a faixa de 1,3%.<\/p>\n<p>&nbsp;<\/p>\n<p>O encarecimento da cesta de produtos j\u00e1 tem reduzido a demanda por v\u00e1rios itens, esfriando a atividade dom\u00e9stica. Nesta semana, por exemplo, o alerta veio das vendas varejistas de agosto, que ca\u00edram 3,1%, contrariando as expectativas de expans\u00e3o.<\/p>\n<p>&nbsp;<\/p>\n<p>\u201c\u00c9 dif\u00edcil afirmar categoricamente que uma economia est\u00e1 estagnada. N\u00e3o h\u00e1 d\u00favida, por outro lado, de que h\u00e1 infla\u00e7\u00e3o no Brasil. Ent\u00e3o, estagfla\u00e7\u00e3o pode ser um exagero, mas que estamos muito perto disso, se \u00e9 que n\u00e3o estamos nisso, n\u00e3o h\u00e1 d\u00favida\u201d, disse o ex-diretor do Banco Central e chefe do Centro de Estudos Monet\u00e1rios do Instituto Brasileiro de Economia da Funda\u00e7\u00e3o Get\u00falio Vargas (IBRE\/FGV), Jos\u00e9 J\u00falio Senna. (O Estado de S. Paulo\/Daniela amorim, Maria Regina silva e Tha\u00eds Barcellos)<\/p>\n","protected":false},"excerpt":{"rendered":"<p>O Estado de S. Paulo &nbsp; Indicador oficial de infla\u00e7\u00e3o do Pa\u00eds, o IPCA teve alta de 1,16% em setembro, maior varia\u00e7\u00e3o para o m\u00eas desde a ado\u00e7\u00e3o do Plano Real, em 1994. Em 12 meses, o acumulado chegou a 10,25%. Habita\u00e7\u00e3o, transportes e alimenta\u00e7\u00e3o foram respons\u00e1veis por 86% do IPCA de setembro. Com pre\u00e7os\u2026 <a class=\"readmore\" href=\"https:\/\/dana.com.br\/canaldana\/2021\/10\/11\/com-variacao-recorde-em-setembro-inflacao-chega-a-1025-em-12-meses\/\">Leia mais \u00bb<\/a><\/p>\n","protected":false},"author":3,"featured_media":0,"comment_status":"closed","ping_status":"closed","sticky":false,"template":"","format":"standard","meta":{"_acf_changed":false,"footnotes":""},"categories":[79],"tags":[],"class_list":["post-53534","post","type-post","status-publish","format-standard","hentry","category-mercado"],"acf":[],"yoast_head":"<!-- This site is optimized with the Yoast SEO plugin v27.3 - https:\/\/yoast.com\/product\/yoast-seo-wordpress\/ -->\n<title>Com varia\u00e7\u00e3o recorde em setembro, infla\u00e7\u00e3o chega a 10,25% em 12 meses - Canal Dana<\/title>\n<meta name=\"robots\" content=\"index, follow, max-snippet:-1, max-image-preview:large, max-video-preview:-1\" \/>\n<link rel=\"canonical\" href=\"https:\/\/dana.com.br\/canaldana\/2021\/10\/11\/com-variacao-recorde-em-setembro-inflacao-chega-a-1025-em-12-meses\/\" \/>\n<meta property=\"og:locale\" content=\"pt_BR\" \/>\n<meta property=\"og:type\" content=\"article\" \/>\n<meta property=\"og:title\" content=\"Com varia\u00e7\u00e3o recorde em setembro, infla\u00e7\u00e3o chega a 10,25% em 12 meses - Canal Dana\" \/>\n<meta property=\"og:description\" content=\"O Estado de S. Paulo &nbsp; Indicador oficial de infla\u00e7\u00e3o do Pa\u00eds, o IPCA teve alta de 1,16% em setembro, maior varia\u00e7\u00e3o para o m\u00eas desde a ado\u00e7\u00e3o do Plano Real, em 1994. Em 12 meses, o acumulado chegou a 10,25%. Habita\u00e7\u00e3o, transportes e alimenta\u00e7\u00e3o foram respons\u00e1veis por 86% do IPCA de setembro. Com pre\u00e7os\u2026 Leia mais \u00bb\" \/>\n<meta property=\"og:url\" content=\"https:\/\/dana.com.br\/canaldana\/2021\/10\/11\/com-variacao-recorde-em-setembro-inflacao-chega-a-1025-em-12-meses\/\" \/>\n<meta property=\"og:site_name\" content=\"Canal Dana\" \/>\n<meta property=\"article:published_time\" content=\"2021-10-11T11:39:28+00:00\" \/>\n<meta name=\"author\" content=\"Canal Dana\" \/>\n<meta name=\"twitter:card\" content=\"summary_large_image\" \/>\n<meta name=\"twitter:label1\" content=\"Escrito por\" \/>\n\t<meta name=\"twitter:data1\" content=\"Canal Dana\" \/>\n\t<meta name=\"twitter:label2\" content=\"Est. tempo de leitura\" \/>\n\t<meta name=\"twitter:data2\" content=\"3 minutos\" \/>\n<script type=\"application\/ld+json\" class=\"yoast-schema-graph\">{\"@context\":\"https:\\\/\\\/schema.org\",\"@graph\":[{\"@type\":\"Article\",\"@id\":\"https:\\\/\\\/dana.com.br\\\/canaldana\\\/2021\\\/10\\\/11\\\/com-variacao-recorde-em-setembro-inflacao-chega-a-1025-em-12-meses\\\/#article\",\"isPartOf\":{\"@id\":\"https:\\\/\\\/dana.com.br\\\/canaldana\\\/2021\\\/10\\\/11\\\/com-variacao-recorde-em-setembro-inflacao-chega-a-1025-em-12-meses\\\/\"},\"author\":{\"name\":\"Canal Dana\",\"@id\":\"https:\\\/\\\/dana.com.br\\\/canaldana\\\/#\\\/schema\\\/person\\\/3c21f22f56fcf3bc46b94bc60ea4fef6\"},\"headline\":\"Com varia\u00e7\u00e3o recorde em setembro, infla\u00e7\u00e3o chega a 10,25% em 12 meses\",\"datePublished\":\"2021-10-11T11:39:28+00:00\",\"mainEntityOfPage\":{\"@id\":\"https:\\\/\\\/dana.com.br\\\/canaldana\\\/2021\\\/10\\\/11\\\/com-variacao-recorde-em-setembro-inflacao-chega-a-1025-em-12-meses\\\/\"},\"wordCount\":637,\"articleSection\":[\"Mercado\"],\"inLanguage\":\"pt-BR\"},{\"@type\":\"WebPage\",\"@id\":\"https:\\\/\\\/dana.com.br\\\/canaldana\\\/2021\\\/10\\\/11\\\/com-variacao-recorde-em-setembro-inflacao-chega-a-1025-em-12-meses\\\/\",\"url\":\"https:\\\/\\\/dana.com.br\\\/canaldana\\\/2021\\\/10\\\/11\\\/com-variacao-recorde-em-setembro-inflacao-chega-a-1025-em-12-meses\\\/\",\"name\":\"Com varia\u00e7\u00e3o recorde em setembro, infla\u00e7\u00e3o chega a 10,25% em 12 meses - Canal Dana\",\"isPartOf\":{\"@id\":\"https:\\\/\\\/dana.com.br\\\/canaldana\\\/#website\"},\"datePublished\":\"2021-10-11T11:39:28+00:00\",\"author\":{\"@id\":\"https:\\\/\\\/dana.com.br\\\/canaldana\\\/#\\\/schema\\\/person\\\/3c21f22f56fcf3bc46b94bc60ea4fef6\"},\"breadcrumb\":{\"@id\":\"https:\\\/\\\/dana.com.br\\\/canaldana\\\/2021\\\/10\\\/11\\\/com-variacao-recorde-em-setembro-inflacao-chega-a-1025-em-12-meses\\\/#breadcrumb\"},\"inLanguage\":\"pt-BR\",\"potentialAction\":[{\"@type\":\"ReadAction\",\"target\":[\"https:\\\/\\\/dana.com.br\\\/canaldana\\\/2021\\\/10\\\/11\\\/com-variacao-recorde-em-setembro-inflacao-chega-a-1025-em-12-meses\\\/\"]}]},{\"@type\":\"BreadcrumbList\",\"@id\":\"https:\\\/\\\/dana.com.br\\\/canaldana\\\/2021\\\/10\\\/11\\\/com-variacao-recorde-em-setembro-inflacao-chega-a-1025-em-12-meses\\\/#breadcrumb\",\"itemListElement\":[{\"@type\":\"ListItem\",\"position\":1,\"name\":\"Home\",\"item\":\"https:\\\/\\\/dana.com.br\\\/canaldana\\\/\"},{\"@type\":\"ListItem\",\"position\":2,\"name\":\"Mercado\",\"item\":\"https:\\\/\\\/dana.com.br\\\/canaldana\\\/mercado\\\/\"},{\"@type\":\"ListItem\",\"position\":3,\"name\":\"Com varia\u00e7\u00e3o recorde em setembro, infla\u00e7\u00e3o chega a 10,25% em 12 meses\"}]},{\"@type\":\"WebSite\",\"@id\":\"https:\\\/\\\/dana.com.br\\\/canaldana\\\/#website\",\"url\":\"https:\\\/\\\/dana.com.br\\\/canaldana\\\/\",\"name\":\"Canal Dana\",\"description\":\"Informativo com as principais not\u00edcias da ind\u00fastria automotiva\",\"potentialAction\":[{\"@type\":\"SearchAction\",\"target\":{\"@type\":\"EntryPoint\",\"urlTemplate\":\"https:\\\/\\\/dana.com.br\\\/canaldana\\\/?s={search_term_string}\"},\"query-input\":{\"@type\":\"PropertyValueSpecification\",\"valueRequired\":true,\"valueName\":\"search_term_string\"}}],\"inLanguage\":\"pt-BR\"},{\"@type\":\"Person\",\"@id\":\"https:\\\/\\\/dana.com.br\\\/canaldana\\\/#\\\/schema\\\/person\\\/3c21f22f56fcf3bc46b94bc60ea4fef6\",\"name\":\"Canal Dana\",\"image\":{\"@type\":\"ImageObject\",\"inLanguage\":\"pt-BR\",\"@id\":\"https:\\\/\\\/secure.gravatar.com\\\/avatar\\\/420aaf9278582877d9018637c6817617705899d2858d7572ef0fe59a6b6454b4?s=96&d=mm&r=g\",\"url\":\"https:\\\/\\\/secure.gravatar.com\\\/avatar\\\/420aaf9278582877d9018637c6817617705899d2858d7572ef0fe59a6b6454b4?s=96&d=mm&r=g\",\"contentUrl\":\"https:\\\/\\\/secure.gravatar.com\\\/avatar\\\/420aaf9278582877d9018637c6817617705899d2858d7572ef0fe59a6b6454b4?s=96&d=mm&r=g\",\"caption\":\"Canal Dana\"},\"url\":\"https:\\\/\\\/dana.com.br\\\/canaldana\\\/author\\\/cdeditor\\\/\"}]}<\/script>\n<!-- \/ Yoast SEO plugin. -->","yoast_head_json":{"title":"Com varia\u00e7\u00e3o recorde em setembro, infla\u00e7\u00e3o chega a 10,25% em 12 meses - Canal Dana","robots":{"index":"index","follow":"follow","max-snippet":"max-snippet:-1","max-image-preview":"max-image-preview:large","max-video-preview":"max-video-preview:-1"},"canonical":"https:\/\/dana.com.br\/canaldana\/2021\/10\/11\/com-variacao-recorde-em-setembro-inflacao-chega-a-1025-em-12-meses\/","og_locale":"pt_BR","og_type":"article","og_title":"Com varia\u00e7\u00e3o recorde em setembro, infla\u00e7\u00e3o chega a 10,25% em 12 meses - Canal Dana","og_description":"O Estado de S. Paulo &nbsp; Indicador oficial de infla\u00e7\u00e3o do Pa\u00eds, o IPCA teve alta de 1,16% em setembro, maior varia\u00e7\u00e3o para o m\u00eas desde a ado\u00e7\u00e3o do Plano Real, em 1994. Em 12 meses, o acumulado chegou a 10,25%. Habita\u00e7\u00e3o, transportes e alimenta\u00e7\u00e3o foram respons\u00e1veis por 86% do IPCA de setembro. Com pre\u00e7os\u2026 Leia mais \u00bb","og_url":"https:\/\/dana.com.br\/canaldana\/2021\/10\/11\/com-variacao-recorde-em-setembro-inflacao-chega-a-1025-em-12-meses\/","og_site_name":"Canal Dana","article_published_time":"2021-10-11T11:39:28+00:00","author":"Canal Dana","twitter_card":"summary_large_image","twitter_misc":{"Escrito por":"Canal Dana","Est. tempo de leitura":"3 minutos"},"schema":{"@context":"https:\/\/schema.org","@graph":[{"@type":"Article","@id":"https:\/\/dana.com.br\/canaldana\/2021\/10\/11\/com-variacao-recorde-em-setembro-inflacao-chega-a-1025-em-12-meses\/#article","isPartOf":{"@id":"https:\/\/dana.com.br\/canaldana\/2021\/10\/11\/com-variacao-recorde-em-setembro-inflacao-chega-a-1025-em-12-meses\/"},"author":{"name":"Canal Dana","@id":"https:\/\/dana.com.br\/canaldana\/#\/schema\/person\/3c21f22f56fcf3bc46b94bc60ea4fef6"},"headline":"Com varia\u00e7\u00e3o recorde em setembro, infla\u00e7\u00e3o chega a 10,25% em 12 meses","datePublished":"2021-10-11T11:39:28+00:00","mainEntityOfPage":{"@id":"https:\/\/dana.com.br\/canaldana\/2021\/10\/11\/com-variacao-recorde-em-setembro-inflacao-chega-a-1025-em-12-meses\/"},"wordCount":637,"articleSection":["Mercado"],"inLanguage":"pt-BR"},{"@type":"WebPage","@id":"https:\/\/dana.com.br\/canaldana\/2021\/10\/11\/com-variacao-recorde-em-setembro-inflacao-chega-a-1025-em-12-meses\/","url":"https:\/\/dana.com.br\/canaldana\/2021\/10\/11\/com-variacao-recorde-em-setembro-inflacao-chega-a-1025-em-12-meses\/","name":"Com varia\u00e7\u00e3o recorde em setembro, infla\u00e7\u00e3o chega a 10,25% em 12 meses - Canal Dana","isPartOf":{"@id":"https:\/\/dana.com.br\/canaldana\/#website"},"datePublished":"2021-10-11T11:39:28+00:00","author":{"@id":"https:\/\/dana.com.br\/canaldana\/#\/schema\/person\/3c21f22f56fcf3bc46b94bc60ea4fef6"},"breadcrumb":{"@id":"https:\/\/dana.com.br\/canaldana\/2021\/10\/11\/com-variacao-recorde-em-setembro-inflacao-chega-a-1025-em-12-meses\/#breadcrumb"},"inLanguage":"pt-BR","potentialAction":[{"@type":"ReadAction","target":["https:\/\/dana.com.br\/canaldana\/2021\/10\/11\/com-variacao-recorde-em-setembro-inflacao-chega-a-1025-em-12-meses\/"]}]},{"@type":"BreadcrumbList","@id":"https:\/\/dana.com.br\/canaldana\/2021\/10\/11\/com-variacao-recorde-em-setembro-inflacao-chega-a-1025-em-12-meses\/#breadcrumb","itemListElement":[{"@type":"ListItem","position":1,"name":"Home","item":"https:\/\/dana.com.br\/canaldana\/"},{"@type":"ListItem","position":2,"name":"Mercado","item":"https:\/\/dana.com.br\/canaldana\/mercado\/"},{"@type":"ListItem","position":3,"name":"Com varia\u00e7\u00e3o recorde em setembro, infla\u00e7\u00e3o chega a 10,25% em 12 meses"}]},{"@type":"WebSite","@id":"https:\/\/dana.com.br\/canaldana\/#website","url":"https:\/\/dana.com.br\/canaldana\/","name":"Canal Dana","description":"Informativo com as principais not\u00edcias da ind\u00fastria automotiva","potentialAction":[{"@type":"SearchAction","target":{"@type":"EntryPoint","urlTemplate":"https:\/\/dana.com.br\/canaldana\/?s={search_term_string}"},"query-input":{"@type":"PropertyValueSpecification","valueRequired":true,"valueName":"search_term_string"}}],"inLanguage":"pt-BR"},{"@type":"Person","@id":"https:\/\/dana.com.br\/canaldana\/#\/schema\/person\/3c21f22f56fcf3bc46b94bc60ea4fef6","name":"Canal Dana","image":{"@type":"ImageObject","inLanguage":"pt-BR","@id":"https:\/\/secure.gravatar.com\/avatar\/420aaf9278582877d9018637c6817617705899d2858d7572ef0fe59a6b6454b4?s=96&d=mm&r=g","url":"https:\/\/secure.gravatar.com\/avatar\/420aaf9278582877d9018637c6817617705899d2858d7572ef0fe59a6b6454b4?s=96&d=mm&r=g","contentUrl":"https:\/\/secure.gravatar.com\/avatar\/420aaf9278582877d9018637c6817617705899d2858d7572ef0fe59a6b6454b4?s=96&d=mm&r=g","caption":"Canal Dana"},"url":"https:\/\/dana.com.br\/canaldana\/author\/cdeditor\/"}]}},"_links":{"self":[{"href":"https:\/\/dana.com.br\/canaldana\/wp-json\/wp\/v2\/posts\/53534","targetHints":{"allow":["GET"]}}],"collection":[{"href":"https:\/\/dana.com.br\/canaldana\/wp-json\/wp\/v2\/posts"}],"about":[{"href":"https:\/\/dana.com.br\/canaldana\/wp-json\/wp\/v2\/types\/post"}],"author":[{"embeddable":true,"href":"https:\/\/dana.com.br\/canaldana\/wp-json\/wp\/v2\/users\/3"}],"replies":[{"embeddable":true,"href":"https:\/\/dana.com.br\/canaldana\/wp-json\/wp\/v2\/comments?post=53534"}],"version-history":[{"count":0,"href":"https:\/\/dana.com.br\/canaldana\/wp-json\/wp\/v2\/posts\/53534\/revisions"}],"wp:attachment":[{"href":"https:\/\/dana.com.br\/canaldana\/wp-json\/wp\/v2\/media?parent=53534"}],"wp:term":[{"taxonomy":"category","embeddable":true,"href":"https:\/\/dana.com.br\/canaldana\/wp-json\/wp\/v2\/categories?post=53534"},{"taxonomy":"post_tag","embeddable":true,"href":"https:\/\/dana.com.br\/canaldana\/wp-json\/wp\/v2\/tags?post=53534"}],"curies":[{"name":"wp","href":"https:\/\/api.w.org\/{rel}","templated":true}]}}