{"id":53505,"date":"2021-10-08T09:03:50","date_gmt":"2021-10-08T12:03:50","guid":{"rendered":"https:\/\/dana.com.br\/canaldana\/?p=53505"},"modified":"2021-10-08T09:03:50","modified_gmt":"2021-10-08T12:03:50","slug":"exportacoes-de-veiculos-recuam-197","status":"publish","type":"post","link":"https:\/\/dana.com.br\/canaldana\/2021\/10\/08\/exportacoes-de-veiculos-recuam-197\/","title":{"rendered":"Exporta\u00e7\u00f5es de ve\u00edculos recuam 19,7%"},"content":{"rendered":"<p><em>AutoInd\u00fastria <\/em><\/p>\n<p>&nbsp;<\/p>\n<p>Apesar de mercados importantes, como Col\u00f4mbia, Chile e Peru, estarem com demanda aquecida, a ind\u00fastria automotiva brasileira n\u00e3o est\u00e1 conseguindo atender adequadamente seus principais clientes por causa da falta de semicondutores que afeta, tamb\u00e9m, as vendas internas. Com apenas 23,6 mil embarques em setembro, as exporta\u00e7\u00f5es recuaram 19,7% sobre agosto (29,4 mil unidades) e 22,5% no comparativo com o mesmo m\u00eas do ano passado (30,5 mil).<\/p>\n<p>&nbsp;<\/p>\n<p>\u201cE o pior setembro desde 1999\u201d, comentou o presidente da Anfavea, Luiz Carlos Moraes. Com 277 mil ve\u00edculos embarcados em nove meses, o setor tem desempenho positivo no ano, com alta de 33,8%, em rela\u00e7\u00e3o ao per\u00edodo de janeiro a setembro de 2020. Mas como os problemas na \u00e1rea produtiva se mant\u00eam, sem perspectivas de solu\u00e7\u00e3o neste ano, a Anfavea revisou para baixo a meta de crescimento das vendas externas.<\/p>\n<p>&nbsp;<\/p>\n<p>De acordo com o presidente da entidade, Luiz Carlos Moraes, estima-se, agora, que as exporta\u00e7\u00f5es ficar\u00e3o em uma faixa de 357 mil a 377 mil unidades, o que representar\u00e1 crescimento de 10% a 16%, mas sobre uma base baixa considerando que em 2020 o setor ficou parado quase tr\u00eas meses por causa das medidas de isolamento social impostas pela Covid-19. A meta anterior era de expans\u00e3o na faixa de 20%.<\/p>\n<p>&nbsp;<\/p>\n<p>Em valores, as exporta\u00e7\u00f5es atingiram US$ 5,5 bilh\u00f5es no acumulado at\u00e9 setembro, o que representou alta de 49% sobre a receita de US$ 3,7 bilh\u00f5es obtida no mesmo per\u00edodo do ano passado. Essa expans\u00e3o deve-se principalmente \u00e0 mudan\u00e7a no mix de produtos embarcados, ou seja, passaram a seguir para o exterior ve\u00edculos de maior valor agregado. (AutoInd\u00fastria\/Alzira Rodrigues)<\/p>\n","protected":false},"excerpt":{"rendered":"<p>AutoInd\u00fastria &nbsp; Apesar de mercados importantes, como Col\u00f4mbia, Chile e Peru, estarem com demanda aquecida, a ind\u00fastria automotiva brasileira n\u00e3o est\u00e1 conseguindo atender adequadamente seus principais clientes por causa da falta de semicondutores que afeta, tamb\u00e9m, as vendas internas. Com apenas 23,6 mil embarques em setembro, as exporta\u00e7\u00f5es recuaram 19,7% sobre agosto (29,4 mil unidades)\u2026 <a class=\"readmore\" href=\"https:\/\/dana.com.br\/canaldana\/2021\/10\/08\/exportacoes-de-veiculos-recuam-197\/\">Leia mais \u00bb<\/a><\/p>\n","protected":false},"author":3,"featured_media":0,"comment_status":"closed","ping_status":"closed","sticky":false,"template":"","format":"standard","meta":{"_acf_changed":false,"footnotes":""},"categories":[61],"tags":[],"class_list":["post-53505","post","type-post","status-publish","format-standard","hentry","category-destaques"],"acf":[],"yoast_head":"<!-- This site is optimized with the Yoast SEO plugin v27.3 - https:\/\/yoast.com\/product\/yoast-seo-wordpress\/ -->\n<title>Exporta\u00e7\u00f5es de ve\u00edculos recuam 19,7% - Canal Dana<\/title>\n<meta name=\"robots\" content=\"index, follow, max-snippet:-1, max-image-preview:large, max-video-preview:-1\" \/>\n<link rel=\"canonical\" href=\"https:\/\/dana.com.br\/canaldana\/2021\/10\/08\/exportacoes-de-veiculos-recuam-197\/\" \/>\n<meta property=\"og:locale\" content=\"pt_BR\" \/>\n<meta property=\"og:type\" content=\"article\" \/>\n<meta property=\"og:title\" content=\"Exporta\u00e7\u00f5es de ve\u00edculos recuam 19,7% - Canal Dana\" \/>\n<meta property=\"og:description\" content=\"AutoInd\u00fastria &nbsp; Apesar de mercados importantes, como Col\u00f4mbia, Chile e Peru, estarem com demanda aquecida, a ind\u00fastria automotiva brasileira n\u00e3o est\u00e1 conseguindo atender adequadamente seus principais clientes por causa da falta de semicondutores que afeta, tamb\u00e9m, as vendas internas. Com apenas 23,6 mil embarques em setembro, as exporta\u00e7\u00f5es recuaram 19,7% sobre agosto (29,4 mil unidades)\u2026 Leia mais \u00bb\" \/>\n<meta property=\"og:url\" content=\"https:\/\/dana.com.br\/canaldana\/2021\/10\/08\/exportacoes-de-veiculos-recuam-197\/\" \/>\n<meta property=\"og:site_name\" content=\"Canal Dana\" \/>\n<meta property=\"article:published_time\" content=\"2021-10-08T12:03:50+00:00\" \/>\n<meta name=\"author\" content=\"Canal Dana\" \/>\n<meta name=\"twitter:card\" content=\"summary_large_image\" \/>\n<meta name=\"twitter:label1\" content=\"Escrito por\" \/>\n\t<meta name=\"twitter:data1\" content=\"Canal Dana\" \/>\n\t<meta name=\"twitter:label2\" content=\"Est. tempo de leitura\" \/>\n\t<meta name=\"twitter:data2\" content=\"1 minuto\" \/>\n<script type=\"application\/ld+json\" class=\"yoast-schema-graph\">{\"@context\":\"https:\\\/\\\/schema.org\",\"@graph\":[{\"@type\":\"Article\",\"@id\":\"https:\\\/\\\/dana.com.br\\\/canaldana\\\/2021\\\/10\\\/08\\\/exportacoes-de-veiculos-recuam-197\\\/#article\",\"isPartOf\":{\"@id\":\"https:\\\/\\\/dana.com.br\\\/canaldana\\\/2021\\\/10\\\/08\\\/exportacoes-de-veiculos-recuam-197\\\/\"},\"author\":{\"name\":\"Canal Dana\",\"@id\":\"https:\\\/\\\/dana.com.br\\\/canaldana\\\/#\\\/schema\\\/person\\\/3c21f22f56fcf3bc46b94bc60ea4fef6\"},\"headline\":\"Exporta\u00e7\u00f5es de ve\u00edculos recuam 19,7%\",\"datePublished\":\"2021-10-08T12:03:50+00:00\",\"mainEntityOfPage\":{\"@id\":\"https:\\\/\\\/dana.com.br\\\/canaldana\\\/2021\\\/10\\\/08\\\/exportacoes-de-veiculos-recuam-197\\\/\"},\"wordCount\":281,\"articleSection\":[\"Destaques\"],\"inLanguage\":\"pt-BR\"},{\"@type\":\"WebPage\",\"@id\":\"https:\\\/\\\/dana.com.br\\\/canaldana\\\/2021\\\/10\\\/08\\\/exportacoes-de-veiculos-recuam-197\\\/\",\"url\":\"https:\\\/\\\/dana.com.br\\\/canaldana\\\/2021\\\/10\\\/08\\\/exportacoes-de-veiculos-recuam-197\\\/\",\"name\":\"Exporta\u00e7\u00f5es de ve\u00edculos recuam 19,7% - Canal Dana\",\"isPartOf\":{\"@id\":\"https:\\\/\\\/dana.com.br\\\/canaldana\\\/#website\"},\"datePublished\":\"2021-10-08T12:03:50+00:00\",\"author\":{\"@id\":\"https:\\\/\\\/dana.com.br\\\/canaldana\\\/#\\\/schema\\\/person\\\/3c21f22f56fcf3bc46b94bc60ea4fef6\"},\"breadcrumb\":{\"@id\":\"https:\\\/\\\/dana.com.br\\\/canaldana\\\/2021\\\/10\\\/08\\\/exportacoes-de-veiculos-recuam-197\\\/#breadcrumb\"},\"inLanguage\":\"pt-BR\",\"potentialAction\":[{\"@type\":\"ReadAction\",\"target\":[\"https:\\\/\\\/dana.com.br\\\/canaldana\\\/2021\\\/10\\\/08\\\/exportacoes-de-veiculos-recuam-197\\\/\"]}]},{\"@type\":\"BreadcrumbList\",\"@id\":\"https:\\\/\\\/dana.com.br\\\/canaldana\\\/2021\\\/10\\\/08\\\/exportacoes-de-veiculos-recuam-197\\\/#breadcrumb\",\"itemListElement\":[{\"@type\":\"ListItem\",\"position\":1,\"name\":\"Home\",\"item\":\"https:\\\/\\\/dana.com.br\\\/canaldana\\\/\"},{\"@type\":\"ListItem\",\"position\":2,\"name\":\"Destaques\",\"item\":\"https:\\\/\\\/dana.com.br\\\/canaldana\\\/destaques\\\/\"},{\"@type\":\"ListItem\",\"position\":3,\"name\":\"Exporta\u00e7\u00f5es de ve\u00edculos recuam 19,7%\"}]},{\"@type\":\"WebSite\",\"@id\":\"https:\\\/\\\/dana.com.br\\\/canaldana\\\/#website\",\"url\":\"https:\\\/\\\/dana.com.br\\\/canaldana\\\/\",\"name\":\"Canal Dana\",\"description\":\"Informativo com as principais not\u00edcias da ind\u00fastria automotiva\",\"potentialAction\":[{\"@type\":\"SearchAction\",\"target\":{\"@type\":\"EntryPoint\",\"urlTemplate\":\"https:\\\/\\\/dana.com.br\\\/canaldana\\\/?s={search_term_string}\"},\"query-input\":{\"@type\":\"PropertyValueSpecification\",\"valueRequired\":true,\"valueName\":\"search_term_string\"}}],\"inLanguage\":\"pt-BR\"},{\"@type\":\"Person\",\"@id\":\"https:\\\/\\\/dana.com.br\\\/canaldana\\\/#\\\/schema\\\/person\\\/3c21f22f56fcf3bc46b94bc60ea4fef6\",\"name\":\"Canal Dana\",\"image\":{\"@type\":\"ImageObject\",\"inLanguage\":\"pt-BR\",\"@id\":\"https:\\\/\\\/secure.gravatar.com\\\/avatar\\\/420aaf9278582877d9018637c6817617705899d2858d7572ef0fe59a6b6454b4?s=96&d=mm&r=g\",\"url\":\"https:\\\/\\\/secure.gravatar.com\\\/avatar\\\/420aaf9278582877d9018637c6817617705899d2858d7572ef0fe59a6b6454b4?s=96&d=mm&r=g\",\"contentUrl\":\"https:\\\/\\\/secure.gravatar.com\\\/avatar\\\/420aaf9278582877d9018637c6817617705899d2858d7572ef0fe59a6b6454b4?s=96&d=mm&r=g\",\"caption\":\"Canal Dana\"},\"url\":\"https:\\\/\\\/dana.com.br\\\/canaldana\\\/author\\\/cdeditor\\\/\"}]}<\/script>\n<!-- \/ Yoast SEO plugin. -->","yoast_head_json":{"title":"Exporta\u00e7\u00f5es de ve\u00edculos recuam 19,7% - Canal Dana","robots":{"index":"index","follow":"follow","max-snippet":"max-snippet:-1","max-image-preview":"max-image-preview:large","max-video-preview":"max-video-preview:-1"},"canonical":"https:\/\/dana.com.br\/canaldana\/2021\/10\/08\/exportacoes-de-veiculos-recuam-197\/","og_locale":"pt_BR","og_type":"article","og_title":"Exporta\u00e7\u00f5es de ve\u00edculos recuam 19,7% - Canal Dana","og_description":"AutoInd\u00fastria &nbsp; Apesar de mercados importantes, como Col\u00f4mbia, Chile e Peru, estarem com demanda aquecida, a ind\u00fastria automotiva brasileira n\u00e3o est\u00e1 conseguindo atender adequadamente seus principais clientes por causa da falta de semicondutores que afeta, tamb\u00e9m, as vendas internas. Com apenas 23,6 mil embarques em setembro, as exporta\u00e7\u00f5es recuaram 19,7% sobre agosto (29,4 mil unidades)\u2026 Leia mais \u00bb","og_url":"https:\/\/dana.com.br\/canaldana\/2021\/10\/08\/exportacoes-de-veiculos-recuam-197\/","og_site_name":"Canal Dana","article_published_time":"2021-10-08T12:03:50+00:00","author":"Canal Dana","twitter_card":"summary_large_image","twitter_misc":{"Escrito por":"Canal Dana","Est. tempo de leitura":"1 minuto"},"schema":{"@context":"https:\/\/schema.org","@graph":[{"@type":"Article","@id":"https:\/\/dana.com.br\/canaldana\/2021\/10\/08\/exportacoes-de-veiculos-recuam-197\/#article","isPartOf":{"@id":"https:\/\/dana.com.br\/canaldana\/2021\/10\/08\/exportacoes-de-veiculos-recuam-197\/"},"author":{"name":"Canal Dana","@id":"https:\/\/dana.com.br\/canaldana\/#\/schema\/person\/3c21f22f56fcf3bc46b94bc60ea4fef6"},"headline":"Exporta\u00e7\u00f5es de ve\u00edculos recuam 19,7%","datePublished":"2021-10-08T12:03:50+00:00","mainEntityOfPage":{"@id":"https:\/\/dana.com.br\/canaldana\/2021\/10\/08\/exportacoes-de-veiculos-recuam-197\/"},"wordCount":281,"articleSection":["Destaques"],"inLanguage":"pt-BR"},{"@type":"WebPage","@id":"https:\/\/dana.com.br\/canaldana\/2021\/10\/08\/exportacoes-de-veiculos-recuam-197\/","url":"https:\/\/dana.com.br\/canaldana\/2021\/10\/08\/exportacoes-de-veiculos-recuam-197\/","name":"Exporta\u00e7\u00f5es de ve\u00edculos recuam 19,7% - Canal Dana","isPartOf":{"@id":"https:\/\/dana.com.br\/canaldana\/#website"},"datePublished":"2021-10-08T12:03:50+00:00","author":{"@id":"https:\/\/dana.com.br\/canaldana\/#\/schema\/person\/3c21f22f56fcf3bc46b94bc60ea4fef6"},"breadcrumb":{"@id":"https:\/\/dana.com.br\/canaldana\/2021\/10\/08\/exportacoes-de-veiculos-recuam-197\/#breadcrumb"},"inLanguage":"pt-BR","potentialAction":[{"@type":"ReadAction","target":["https:\/\/dana.com.br\/canaldana\/2021\/10\/08\/exportacoes-de-veiculos-recuam-197\/"]}]},{"@type":"BreadcrumbList","@id":"https:\/\/dana.com.br\/canaldana\/2021\/10\/08\/exportacoes-de-veiculos-recuam-197\/#breadcrumb","itemListElement":[{"@type":"ListItem","position":1,"name":"Home","item":"https:\/\/dana.com.br\/canaldana\/"},{"@type":"ListItem","position":2,"name":"Destaques","item":"https:\/\/dana.com.br\/canaldana\/destaques\/"},{"@type":"ListItem","position":3,"name":"Exporta\u00e7\u00f5es de ve\u00edculos recuam 19,7%"}]},{"@type":"WebSite","@id":"https:\/\/dana.com.br\/canaldana\/#website","url":"https:\/\/dana.com.br\/canaldana\/","name":"Canal Dana","description":"Informativo com as principais not\u00edcias da ind\u00fastria automotiva","potentialAction":[{"@type":"SearchAction","target":{"@type":"EntryPoint","urlTemplate":"https:\/\/dana.com.br\/canaldana\/?s={search_term_string}"},"query-input":{"@type":"PropertyValueSpecification","valueRequired":true,"valueName":"search_term_string"}}],"inLanguage":"pt-BR"},{"@type":"Person","@id":"https:\/\/dana.com.br\/canaldana\/#\/schema\/person\/3c21f22f56fcf3bc46b94bc60ea4fef6","name":"Canal Dana","image":{"@type":"ImageObject","inLanguage":"pt-BR","@id":"https:\/\/secure.gravatar.com\/avatar\/420aaf9278582877d9018637c6817617705899d2858d7572ef0fe59a6b6454b4?s=96&d=mm&r=g","url":"https:\/\/secure.gravatar.com\/avatar\/420aaf9278582877d9018637c6817617705899d2858d7572ef0fe59a6b6454b4?s=96&d=mm&r=g","contentUrl":"https:\/\/secure.gravatar.com\/avatar\/420aaf9278582877d9018637c6817617705899d2858d7572ef0fe59a6b6454b4?s=96&d=mm&r=g","caption":"Canal Dana"},"url":"https:\/\/dana.com.br\/canaldana\/author\/cdeditor\/"}]}},"_links":{"self":[{"href":"https:\/\/dana.com.br\/canaldana\/wp-json\/wp\/v2\/posts\/53505","targetHints":{"allow":["GET"]}}],"collection":[{"href":"https:\/\/dana.com.br\/canaldana\/wp-json\/wp\/v2\/posts"}],"about":[{"href":"https:\/\/dana.com.br\/canaldana\/wp-json\/wp\/v2\/types\/post"}],"author":[{"embeddable":true,"href":"https:\/\/dana.com.br\/canaldana\/wp-json\/wp\/v2\/users\/3"}],"replies":[{"embeddable":true,"href":"https:\/\/dana.com.br\/canaldana\/wp-json\/wp\/v2\/comments?post=53505"}],"version-history":[{"count":0,"href":"https:\/\/dana.com.br\/canaldana\/wp-json\/wp\/v2\/posts\/53505\/revisions"}],"wp:attachment":[{"href":"https:\/\/dana.com.br\/canaldana\/wp-json\/wp\/v2\/media?parent=53505"}],"wp:term":[{"taxonomy":"category","embeddable":true,"href":"https:\/\/dana.com.br\/canaldana\/wp-json\/wp\/v2\/categories?post=53505"},{"taxonomy":"post_tag","embeddable":true,"href":"https:\/\/dana.com.br\/canaldana\/wp-json\/wp\/v2\/tags?post=53505"}],"curies":[{"name":"wp","href":"https:\/\/api.w.org\/{rel}","templated":true}]}}