{"id":53503,"date":"2021-10-08T09:03:22","date_gmt":"2021-10-08T12:03:22","guid":{"rendered":"https:\/\/dana.com.br\/canaldana\/?p=53503"},"modified":"2021-10-08T09:03:22","modified_gmt":"2021-10-08T12:03:22","slug":"reducao-de-disponibilidade-de-alguns-modelos-faz-transacoes-de-usados-cairem-em-setembro","status":"publish","type":"post","link":"https:\/\/dana.com.br\/canaldana\/2021\/10\/08\/reducao-de-disponibilidade-de-alguns-modelos-faz-transacoes-de-usados-cairem-em-setembro\/","title":{"rendered":"Redu\u00e7\u00e3o de disponibilidade de alguns modelos faz transa\u00e7\u00f5es de usados ca\u00edrem em setembro"},"content":{"rendered":"<p><em>Revista Torque<\/em><\/p>\n<p>&nbsp;<\/p>\n<p>De acordo com a FENABRAVE \u2013 Federa\u00e7\u00e3o Nacional da Distribui\u00e7\u00e3o de Ve\u00edculos Automotores, as transa\u00e7\u00f5es de ve\u00edculos usados, considerando todos os segmentos, tiveram retra\u00e7\u00e3o de 8,30% em setembro, na compara\u00e7\u00e3o com o m\u00eas anterior. Em rela\u00e7\u00e3o ao m\u00eas de setembro\/2020, a queda foi de 5,18%. No acumulado do ano, no entanto, as transa\u00e7\u00f5es de usados cresceram 39,26% sobre os 9 primeiros meses de 2020, chegando a um total de 11.553.715 unidades comercializadas at\u00e9 o momento, em 2021.<\/p>\n<p>&nbsp;<\/p>\n<p>\u201cHouve um pequeno arrefecimento nas transa\u00e7\u00f5es em setembro, mas n\u00e3o observamos queda de demanda. H\u00e1, sim, uma redu\u00e7\u00e3o de oferta de alguns modelos mais procurados pelos consumidores. Vale lembrar, tamb\u00e9m, que o m\u00eas de setembro teve um dia \u00fatil (21 dias) a menos que setembro (22 dias)\u201d, explica Alarico Assump\u00e7\u00e3o J\u00fanior, Presidente da FENABRAVE.<\/p>\n<p>&nbsp;<\/p>\n<p>Entre os autom\u00f3veis e comerciais leves, os modelos com at\u00e9 3 anos de fabrica\u00e7\u00e3o corresponderam a 13,21% do total de ve\u00edculos transacionados em setembro. No acumulado do ano, estes ve\u00edculos somam 11,49% do total. (Revista Torque)<\/p>\n","protected":false},"excerpt":{"rendered":"<p>Revista Torque &nbsp; De acordo com a FENABRAVE \u2013 Federa\u00e7\u00e3o Nacional da Distribui\u00e7\u00e3o de Ve\u00edculos Automotores, as transa\u00e7\u00f5es de ve\u00edculos usados, considerando todos os segmentos, tiveram retra\u00e7\u00e3o de 8,30% em setembro, na compara\u00e7\u00e3o com o m\u00eas anterior. Em rela\u00e7\u00e3o ao m\u00eas de setembro\/2020, a queda foi de 5,18%. No acumulado do ano, no entanto, as\u2026 <a class=\"readmore\" href=\"https:\/\/dana.com.br\/canaldana\/2021\/10\/08\/reducao-de-disponibilidade-de-alguns-modelos-faz-transacoes-de-usados-cairem-em-setembro\/\">Leia mais \u00bb<\/a><\/p>\n","protected":false},"author":3,"featured_media":0,"comment_status":"closed","ping_status":"closed","sticky":false,"template":"","format":"standard","meta":{"_acf_changed":false,"footnotes":""},"categories":[79],"tags":[],"class_list":["post-53503","post","type-post","status-publish","format-standard","hentry","category-mercado"],"acf":[],"yoast_head":"<!-- This site is optimized with the Yoast SEO plugin v27.3 - https:\/\/yoast.com\/product\/yoast-seo-wordpress\/ -->\n<title>Redu\u00e7\u00e3o de disponibilidade de alguns modelos faz transa\u00e7\u00f5es de usados ca\u00edrem em setembro - Canal Dana<\/title>\n<meta name=\"robots\" content=\"index, follow, max-snippet:-1, max-image-preview:large, max-video-preview:-1\" \/>\n<link rel=\"canonical\" href=\"https:\/\/dana.com.br\/canaldana\/2021\/10\/08\/reducao-de-disponibilidade-de-alguns-modelos-faz-transacoes-de-usados-cairem-em-setembro\/\" \/>\n<meta property=\"og:locale\" content=\"pt_BR\" \/>\n<meta property=\"og:type\" content=\"article\" \/>\n<meta property=\"og:title\" content=\"Redu\u00e7\u00e3o de disponibilidade de alguns modelos faz transa\u00e7\u00f5es de usados ca\u00edrem em setembro - Canal Dana\" \/>\n<meta property=\"og:description\" content=\"Revista Torque &nbsp; De acordo com a FENABRAVE \u2013 Federa\u00e7\u00e3o Nacional da Distribui\u00e7\u00e3o de Ve\u00edculos Automotores, as transa\u00e7\u00f5es de ve\u00edculos usados, considerando todos os segmentos, tiveram retra\u00e7\u00e3o de 8,30% em setembro, na compara\u00e7\u00e3o com o m\u00eas anterior. Em rela\u00e7\u00e3o ao m\u00eas de setembro\/2020, a queda foi de 5,18%. No acumulado do ano, no entanto, as\u2026 Leia mais \u00bb\" \/>\n<meta property=\"og:url\" content=\"https:\/\/dana.com.br\/canaldana\/2021\/10\/08\/reducao-de-disponibilidade-de-alguns-modelos-faz-transacoes-de-usados-cairem-em-setembro\/\" \/>\n<meta property=\"og:site_name\" content=\"Canal Dana\" \/>\n<meta property=\"article:published_time\" content=\"2021-10-08T12:03:22+00:00\" \/>\n<meta name=\"author\" content=\"Canal Dana\" \/>\n<meta name=\"twitter:card\" content=\"summary_large_image\" \/>\n<meta name=\"twitter:label1\" content=\"Escrito por\" \/>\n\t<meta name=\"twitter:data1\" content=\"Canal Dana\" \/>\n\t<meta name=\"twitter:label2\" content=\"Est. tempo de leitura\" \/>\n\t<meta name=\"twitter:data2\" content=\"1 minuto\" \/>\n<script type=\"application\/ld+json\" class=\"yoast-schema-graph\">{\"@context\":\"https:\\\/\\\/schema.org\",\"@graph\":[{\"@type\":\"Article\",\"@id\":\"https:\\\/\\\/dana.com.br\\\/canaldana\\\/2021\\\/10\\\/08\\\/reducao-de-disponibilidade-de-alguns-modelos-faz-transacoes-de-usados-cairem-em-setembro\\\/#article\",\"isPartOf\":{\"@id\":\"https:\\\/\\\/dana.com.br\\\/canaldana\\\/2021\\\/10\\\/08\\\/reducao-de-disponibilidade-de-alguns-modelos-faz-transacoes-de-usados-cairem-em-setembro\\\/\"},\"author\":{\"name\":\"Canal Dana\",\"@id\":\"https:\\\/\\\/dana.com.br\\\/canaldana\\\/#\\\/schema\\\/person\\\/3c21f22f56fcf3bc46b94bc60ea4fef6\"},\"headline\":\"Redu\u00e7\u00e3o de disponibilidade de alguns modelos faz transa\u00e7\u00f5es de usados ca\u00edrem em setembro\",\"datePublished\":\"2021-10-08T12:03:22+00:00\",\"mainEntityOfPage\":{\"@id\":\"https:\\\/\\\/dana.com.br\\\/canaldana\\\/2021\\\/10\\\/08\\\/reducao-de-disponibilidade-de-alguns-modelos-faz-transacoes-de-usados-cairem-em-setembro\\\/\"},\"wordCount\":197,\"articleSection\":[\"Mercado\"],\"inLanguage\":\"pt-BR\"},{\"@type\":\"WebPage\",\"@id\":\"https:\\\/\\\/dana.com.br\\\/canaldana\\\/2021\\\/10\\\/08\\\/reducao-de-disponibilidade-de-alguns-modelos-faz-transacoes-de-usados-cairem-em-setembro\\\/\",\"url\":\"https:\\\/\\\/dana.com.br\\\/canaldana\\\/2021\\\/10\\\/08\\\/reducao-de-disponibilidade-de-alguns-modelos-faz-transacoes-de-usados-cairem-em-setembro\\\/\",\"name\":\"Redu\u00e7\u00e3o de disponibilidade de alguns modelos faz transa\u00e7\u00f5es de usados ca\u00edrem em setembro - Canal Dana\",\"isPartOf\":{\"@id\":\"https:\\\/\\\/dana.com.br\\\/canaldana\\\/#website\"},\"datePublished\":\"2021-10-08T12:03:22+00:00\",\"author\":{\"@id\":\"https:\\\/\\\/dana.com.br\\\/canaldana\\\/#\\\/schema\\\/person\\\/3c21f22f56fcf3bc46b94bc60ea4fef6\"},\"breadcrumb\":{\"@id\":\"https:\\\/\\\/dana.com.br\\\/canaldana\\\/2021\\\/10\\\/08\\\/reducao-de-disponibilidade-de-alguns-modelos-faz-transacoes-de-usados-cairem-em-setembro\\\/#breadcrumb\"},\"inLanguage\":\"pt-BR\",\"potentialAction\":[{\"@type\":\"ReadAction\",\"target\":[\"https:\\\/\\\/dana.com.br\\\/canaldana\\\/2021\\\/10\\\/08\\\/reducao-de-disponibilidade-de-alguns-modelos-faz-transacoes-de-usados-cairem-em-setembro\\\/\"]}]},{\"@type\":\"BreadcrumbList\",\"@id\":\"https:\\\/\\\/dana.com.br\\\/canaldana\\\/2021\\\/10\\\/08\\\/reducao-de-disponibilidade-de-alguns-modelos-faz-transacoes-de-usados-cairem-em-setembro\\\/#breadcrumb\",\"itemListElement\":[{\"@type\":\"ListItem\",\"position\":1,\"name\":\"Home\",\"item\":\"https:\\\/\\\/dana.com.br\\\/canaldana\\\/\"},{\"@type\":\"ListItem\",\"position\":2,\"name\":\"Mercado\",\"item\":\"https:\\\/\\\/dana.com.br\\\/canaldana\\\/mercado\\\/\"},{\"@type\":\"ListItem\",\"position\":3,\"name\":\"Redu\u00e7\u00e3o de disponibilidade de alguns modelos faz transa\u00e7\u00f5es de usados ca\u00edrem em setembro\"}]},{\"@type\":\"WebSite\",\"@id\":\"https:\\\/\\\/dana.com.br\\\/canaldana\\\/#website\",\"url\":\"https:\\\/\\\/dana.com.br\\\/canaldana\\\/\",\"name\":\"Canal Dana\",\"description\":\"Informativo com as principais not\u00edcias da ind\u00fastria automotiva\",\"potentialAction\":[{\"@type\":\"SearchAction\",\"target\":{\"@type\":\"EntryPoint\",\"urlTemplate\":\"https:\\\/\\\/dana.com.br\\\/canaldana\\\/?s={search_term_string}\"},\"query-input\":{\"@type\":\"PropertyValueSpecification\",\"valueRequired\":true,\"valueName\":\"search_term_string\"}}],\"inLanguage\":\"pt-BR\"},{\"@type\":\"Person\",\"@id\":\"https:\\\/\\\/dana.com.br\\\/canaldana\\\/#\\\/schema\\\/person\\\/3c21f22f56fcf3bc46b94bc60ea4fef6\",\"name\":\"Canal Dana\",\"image\":{\"@type\":\"ImageObject\",\"inLanguage\":\"pt-BR\",\"@id\":\"https:\\\/\\\/secure.gravatar.com\\\/avatar\\\/420aaf9278582877d9018637c6817617705899d2858d7572ef0fe59a6b6454b4?s=96&d=mm&r=g\",\"url\":\"https:\\\/\\\/secure.gravatar.com\\\/avatar\\\/420aaf9278582877d9018637c6817617705899d2858d7572ef0fe59a6b6454b4?s=96&d=mm&r=g\",\"contentUrl\":\"https:\\\/\\\/secure.gravatar.com\\\/avatar\\\/420aaf9278582877d9018637c6817617705899d2858d7572ef0fe59a6b6454b4?s=96&d=mm&r=g\",\"caption\":\"Canal Dana\"},\"url\":\"https:\\\/\\\/dana.com.br\\\/canaldana\\\/author\\\/cdeditor\\\/\"}]}<\/script>\n<!-- \/ Yoast SEO plugin. -->","yoast_head_json":{"title":"Redu\u00e7\u00e3o de disponibilidade de alguns modelos faz transa\u00e7\u00f5es de usados ca\u00edrem em setembro - Canal Dana","robots":{"index":"index","follow":"follow","max-snippet":"max-snippet:-1","max-image-preview":"max-image-preview:large","max-video-preview":"max-video-preview:-1"},"canonical":"https:\/\/dana.com.br\/canaldana\/2021\/10\/08\/reducao-de-disponibilidade-de-alguns-modelos-faz-transacoes-de-usados-cairem-em-setembro\/","og_locale":"pt_BR","og_type":"article","og_title":"Redu\u00e7\u00e3o de disponibilidade de alguns modelos faz transa\u00e7\u00f5es de usados ca\u00edrem em setembro - Canal Dana","og_description":"Revista Torque &nbsp; De acordo com a FENABRAVE \u2013 Federa\u00e7\u00e3o Nacional da Distribui\u00e7\u00e3o de Ve\u00edculos Automotores, as transa\u00e7\u00f5es de ve\u00edculos usados, considerando todos os segmentos, tiveram retra\u00e7\u00e3o de 8,30% em setembro, na compara\u00e7\u00e3o com o m\u00eas anterior. Em rela\u00e7\u00e3o ao m\u00eas de setembro\/2020, a queda foi de 5,18%. No acumulado do ano, no entanto, as\u2026 Leia mais \u00bb","og_url":"https:\/\/dana.com.br\/canaldana\/2021\/10\/08\/reducao-de-disponibilidade-de-alguns-modelos-faz-transacoes-de-usados-cairem-em-setembro\/","og_site_name":"Canal Dana","article_published_time":"2021-10-08T12:03:22+00:00","author":"Canal Dana","twitter_card":"summary_large_image","twitter_misc":{"Escrito por":"Canal Dana","Est. tempo de leitura":"1 minuto"},"schema":{"@context":"https:\/\/schema.org","@graph":[{"@type":"Article","@id":"https:\/\/dana.com.br\/canaldana\/2021\/10\/08\/reducao-de-disponibilidade-de-alguns-modelos-faz-transacoes-de-usados-cairem-em-setembro\/#article","isPartOf":{"@id":"https:\/\/dana.com.br\/canaldana\/2021\/10\/08\/reducao-de-disponibilidade-de-alguns-modelos-faz-transacoes-de-usados-cairem-em-setembro\/"},"author":{"name":"Canal Dana","@id":"https:\/\/dana.com.br\/canaldana\/#\/schema\/person\/3c21f22f56fcf3bc46b94bc60ea4fef6"},"headline":"Redu\u00e7\u00e3o de disponibilidade de alguns modelos faz transa\u00e7\u00f5es de usados ca\u00edrem em setembro","datePublished":"2021-10-08T12:03:22+00:00","mainEntityOfPage":{"@id":"https:\/\/dana.com.br\/canaldana\/2021\/10\/08\/reducao-de-disponibilidade-de-alguns-modelos-faz-transacoes-de-usados-cairem-em-setembro\/"},"wordCount":197,"articleSection":["Mercado"],"inLanguage":"pt-BR"},{"@type":"WebPage","@id":"https:\/\/dana.com.br\/canaldana\/2021\/10\/08\/reducao-de-disponibilidade-de-alguns-modelos-faz-transacoes-de-usados-cairem-em-setembro\/","url":"https:\/\/dana.com.br\/canaldana\/2021\/10\/08\/reducao-de-disponibilidade-de-alguns-modelos-faz-transacoes-de-usados-cairem-em-setembro\/","name":"Redu\u00e7\u00e3o de disponibilidade de alguns modelos faz transa\u00e7\u00f5es de usados ca\u00edrem em setembro - Canal Dana","isPartOf":{"@id":"https:\/\/dana.com.br\/canaldana\/#website"},"datePublished":"2021-10-08T12:03:22+00:00","author":{"@id":"https:\/\/dana.com.br\/canaldana\/#\/schema\/person\/3c21f22f56fcf3bc46b94bc60ea4fef6"},"breadcrumb":{"@id":"https:\/\/dana.com.br\/canaldana\/2021\/10\/08\/reducao-de-disponibilidade-de-alguns-modelos-faz-transacoes-de-usados-cairem-em-setembro\/#breadcrumb"},"inLanguage":"pt-BR","potentialAction":[{"@type":"ReadAction","target":["https:\/\/dana.com.br\/canaldana\/2021\/10\/08\/reducao-de-disponibilidade-de-alguns-modelos-faz-transacoes-de-usados-cairem-em-setembro\/"]}]},{"@type":"BreadcrumbList","@id":"https:\/\/dana.com.br\/canaldana\/2021\/10\/08\/reducao-de-disponibilidade-de-alguns-modelos-faz-transacoes-de-usados-cairem-em-setembro\/#breadcrumb","itemListElement":[{"@type":"ListItem","position":1,"name":"Home","item":"https:\/\/dana.com.br\/canaldana\/"},{"@type":"ListItem","position":2,"name":"Mercado","item":"https:\/\/dana.com.br\/canaldana\/mercado\/"},{"@type":"ListItem","position":3,"name":"Redu\u00e7\u00e3o de disponibilidade de alguns modelos faz transa\u00e7\u00f5es de usados ca\u00edrem em setembro"}]},{"@type":"WebSite","@id":"https:\/\/dana.com.br\/canaldana\/#website","url":"https:\/\/dana.com.br\/canaldana\/","name":"Canal Dana","description":"Informativo com as principais not\u00edcias da ind\u00fastria automotiva","potentialAction":[{"@type":"SearchAction","target":{"@type":"EntryPoint","urlTemplate":"https:\/\/dana.com.br\/canaldana\/?s={search_term_string}"},"query-input":{"@type":"PropertyValueSpecification","valueRequired":true,"valueName":"search_term_string"}}],"inLanguage":"pt-BR"},{"@type":"Person","@id":"https:\/\/dana.com.br\/canaldana\/#\/schema\/person\/3c21f22f56fcf3bc46b94bc60ea4fef6","name":"Canal Dana","image":{"@type":"ImageObject","inLanguage":"pt-BR","@id":"https:\/\/secure.gravatar.com\/avatar\/420aaf9278582877d9018637c6817617705899d2858d7572ef0fe59a6b6454b4?s=96&d=mm&r=g","url":"https:\/\/secure.gravatar.com\/avatar\/420aaf9278582877d9018637c6817617705899d2858d7572ef0fe59a6b6454b4?s=96&d=mm&r=g","contentUrl":"https:\/\/secure.gravatar.com\/avatar\/420aaf9278582877d9018637c6817617705899d2858d7572ef0fe59a6b6454b4?s=96&d=mm&r=g","caption":"Canal Dana"},"url":"https:\/\/dana.com.br\/canaldana\/author\/cdeditor\/"}]}},"_links":{"self":[{"href":"https:\/\/dana.com.br\/canaldana\/wp-json\/wp\/v2\/posts\/53503","targetHints":{"allow":["GET"]}}],"collection":[{"href":"https:\/\/dana.com.br\/canaldana\/wp-json\/wp\/v2\/posts"}],"about":[{"href":"https:\/\/dana.com.br\/canaldana\/wp-json\/wp\/v2\/types\/post"}],"author":[{"embeddable":true,"href":"https:\/\/dana.com.br\/canaldana\/wp-json\/wp\/v2\/users\/3"}],"replies":[{"embeddable":true,"href":"https:\/\/dana.com.br\/canaldana\/wp-json\/wp\/v2\/comments?post=53503"}],"version-history":[{"count":0,"href":"https:\/\/dana.com.br\/canaldana\/wp-json\/wp\/v2\/posts\/53503\/revisions"}],"wp:attachment":[{"href":"https:\/\/dana.com.br\/canaldana\/wp-json\/wp\/v2\/media?parent=53503"}],"wp:term":[{"taxonomy":"category","embeddable":true,"href":"https:\/\/dana.com.br\/canaldana\/wp-json\/wp\/v2\/categories?post=53503"},{"taxonomy":"post_tag","embeddable":true,"href":"https:\/\/dana.com.br\/canaldana\/wp-json\/wp\/v2\/tags?post=53503"}],"curies":[{"name":"wp","href":"https:\/\/api.w.org\/{rel}","templated":true}]}}