{"id":53364,"date":"2021-10-04T08:31:09","date_gmt":"2021-10-04T11:31:09","guid":{"rendered":"https:\/\/dana.com.br\/canaldana\/?p=53364"},"modified":"2021-10-04T08:31:09","modified_gmt":"2021-10-04T11:31:09","slug":"nova-concessionaria-da-audi-brasil-e-inaugurada-em-joinville","status":"publish","type":"post","link":"https:\/\/dana.com.br\/canaldana\/2021\/10\/04\/nova-concessionaria-da-audi-brasil-e-inaugurada-em-joinville\/","title":{"rendered":"Nova concession\u00e1ria da Audi Brasil \u00e9 inaugurada em Joinville"},"content":{"rendered":"<p><em>Meio Filtrante<\/em><\/p>\n<p>&nbsp;<\/p>\n<p>A presen\u00e7a da Audi na cidade de Joinville, SC, passou por uma verdadeira revolu\u00e7\u00e3o: na quinta-feira, 30, uma nova loja, constru\u00edda do zero em um bairro nobre do munic\u00edpio, abriu as portas para os clientes da regi\u00e3o. A nova Audi Center \u00e9 administrada pelo Grupo Breitkopf.<\/p>\n<p>&nbsp;<\/p>\n<p>O evento de inaugura\u00e7\u00e3o da concession\u00e1ria, situada \u00e0 Rua Ottokar Doerffel, 899, contou com a presen\u00e7a do Prefeito de Joinville, Adriano Silva, do CEO e presidente da Audi do Brasil, Johannes Roscheck, al\u00e9m de clientes, jornalistas, diretores da empresa, representantes do Grupo Breitkopf e demais convidados. A estrutura possui 1.200 metros quadrados e foi modernizada seguindo o padr\u00e3o arquitet\u00f4nico das Audi Center de todo o Pa\u00eds, incluindo espa\u00e7o exclusivo para vendas de itens da Audi Collection, a grife exclusiva de roupas e acess\u00f3rios da marca.<\/p>\n<p>&nbsp;<\/p>\n<p>Para Johannes Roscheck, CEO e presidente da Audi do Brasil, \u201ca inaugura\u00e7\u00e3o da nova Audi Center Joinville representa muito mais do que uma mudan\u00e7a de endere\u00e7o. Demonstra a preocupa\u00e7\u00e3o da Audi e do Grupo Breitkopf em oferecer servi\u00e7os com cada vez mais excel\u00eancia aos nossos clientes de Santa Catarina, buscando localidades mais estrat\u00e9gicas e mantendo a estrutura e o atendimento modernizados\u201d.<\/p>\n<p>&nbsp;<\/p>\n<p><strong>O Grupo Breitkopf e o Estado de Santa Catarina<\/strong><\/p>\n<p>&nbsp;<\/p>\n<p>O Grupo Breitkopf est\u00e1 h\u00e1 mais de 60 anos em Santa Catarina e possui longa hist\u00f3ria com a marca das quatro argolas. Desde 1995 \u00e9 respons\u00e1vel pela gest\u00e3o das quatro concession\u00e1rias estado: a primeira foi inaugurada em Blumenau, seguidas por Florian\u00f3polis, Joinville e Balne\u00e1rio Cambori\u00fa.<\/p>\n<p>&nbsp;<\/p>\n<p>\u201cO Grupo Breitkopf est\u00e1 com a Audi em Joinville desde 2010. De l\u00e1 pra c\u00e1, deixamos centenas de clientes extremamente satisfeitos com os produtos e com os nossos servi\u00e7os. Entendemos que os nossos colaboradores e clientes merecem uma casa nova, mais moderna, espa\u00e7osa e acolhedora. Esse projeto pretende nos aproximar ainda mais da cidade, trazendo conforto e bem estar para todos. Toda essa regi\u00e3o est\u00e1 sendo pensada e repaginada para ser um bairro sustent\u00e1vel e a Audi Center Joinville est\u00e1 sendo a pioneira nesse grandioso projeto. Estamos muito felizes e orgulhosos de poder entregar essa verdadeira obra de arte para a cidade\u201d, diz \u00canio Sardagna, superintendente do Grupo Breitkopf respons\u00e1vel pela Audi.<\/p>\n<p>&nbsp;<\/p>\n<p>O estado de Santa Catarina \u00e9 hoje, ao lado do Paran\u00e1, o segundo estado com mais Audi Centers no Pa\u00eds, ambos com quatro unidades. Atualmente o fabricante alem\u00e3o possui uma rede de 45 concession\u00e1rias em todo o Pa\u00eds. (Meio Filtrante)<\/p>\n","protected":false},"excerpt":{"rendered":"<p>Meio Filtrante &nbsp; A presen\u00e7a da Audi na cidade de Joinville, SC, passou por uma verdadeira revolu\u00e7\u00e3o: na quinta-feira, 30, uma nova loja, constru\u00edda do zero em um bairro nobre do munic\u00edpio, abriu as portas para os clientes da regi\u00e3o. A nova Audi Center \u00e9 administrada pelo Grupo Breitkopf. &nbsp; O evento de inaugura\u00e7\u00e3o da\u2026 <a class=\"readmore\" href=\"https:\/\/dana.com.br\/canaldana\/2021\/10\/04\/nova-concessionaria-da-audi-brasil-e-inaugurada-em-joinville\/\">Leia mais \u00bb<\/a><\/p>\n","protected":false},"author":3,"featured_media":0,"comment_status":"closed","ping_status":"closed","sticky":false,"template":"","format":"standard","meta":{"_acf_changed":false,"footnotes":""},"categories":[79],"tags":[],"class_list":["post-53364","post","type-post","status-publish","format-standard","hentry","category-mercado"],"acf":[],"yoast_head":"<!-- This site is optimized with the Yoast SEO plugin v27.3 - https:\/\/yoast.com\/product\/yoast-seo-wordpress\/ -->\n<title>Nova concession\u00e1ria da Audi Brasil \u00e9 inaugurada em Joinville - Canal Dana<\/title>\n<meta name=\"robots\" content=\"index, follow, max-snippet:-1, max-image-preview:large, max-video-preview:-1\" \/>\n<link rel=\"canonical\" href=\"https:\/\/dana.com.br\/canaldana\/2021\/10\/04\/nova-concessionaria-da-audi-brasil-e-inaugurada-em-joinville\/\" \/>\n<meta property=\"og:locale\" content=\"pt_BR\" \/>\n<meta property=\"og:type\" content=\"article\" \/>\n<meta property=\"og:title\" content=\"Nova concession\u00e1ria da Audi Brasil \u00e9 inaugurada em Joinville - Canal Dana\" \/>\n<meta property=\"og:description\" content=\"Meio Filtrante &nbsp; A presen\u00e7a da Audi na cidade de Joinville, SC, passou por uma verdadeira revolu\u00e7\u00e3o: na quinta-feira, 30, uma nova loja, constru\u00edda do zero em um bairro nobre do munic\u00edpio, abriu as portas para os clientes da regi\u00e3o. A nova Audi Center \u00e9 administrada pelo Grupo Breitkopf. &nbsp; O evento de inaugura\u00e7\u00e3o da\u2026 Leia mais \u00bb\" \/>\n<meta property=\"og:url\" content=\"https:\/\/dana.com.br\/canaldana\/2021\/10\/04\/nova-concessionaria-da-audi-brasil-e-inaugurada-em-joinville\/\" \/>\n<meta property=\"og:site_name\" content=\"Canal Dana\" \/>\n<meta property=\"article:published_time\" content=\"2021-10-04T11:31:09+00:00\" \/>\n<meta name=\"author\" content=\"Canal Dana\" \/>\n<meta name=\"twitter:card\" content=\"summary_large_image\" \/>\n<meta name=\"twitter:label1\" content=\"Escrito por\" \/>\n\t<meta name=\"twitter:data1\" content=\"Canal Dana\" \/>\n\t<meta name=\"twitter:label2\" content=\"Est. tempo de leitura\" \/>\n\t<meta name=\"twitter:data2\" content=\"2 minutos\" \/>\n<script type=\"application\/ld+json\" class=\"yoast-schema-graph\">{\"@context\":\"https:\\\/\\\/schema.org\",\"@graph\":[{\"@type\":\"Article\",\"@id\":\"https:\\\/\\\/dana.com.br\\\/canaldana\\\/2021\\\/10\\\/04\\\/nova-concessionaria-da-audi-brasil-e-inaugurada-em-joinville\\\/#article\",\"isPartOf\":{\"@id\":\"https:\\\/\\\/dana.com.br\\\/canaldana\\\/2021\\\/10\\\/04\\\/nova-concessionaria-da-audi-brasil-e-inaugurada-em-joinville\\\/\"},\"author\":{\"name\":\"Canal Dana\",\"@id\":\"https:\\\/\\\/dana.com.br\\\/canaldana\\\/#\\\/schema\\\/person\\\/3c21f22f56fcf3bc46b94bc60ea4fef6\"},\"headline\":\"Nova concession\u00e1ria da Audi Brasil \u00e9 inaugurada em Joinville\",\"datePublished\":\"2021-10-04T11:31:09+00:00\",\"mainEntityOfPage\":{\"@id\":\"https:\\\/\\\/dana.com.br\\\/canaldana\\\/2021\\\/10\\\/04\\\/nova-concessionaria-da-audi-brasil-e-inaugurada-em-joinville\\\/\"},\"wordCount\":441,\"articleSection\":[\"Mercado\"],\"inLanguage\":\"pt-BR\"},{\"@type\":\"WebPage\",\"@id\":\"https:\\\/\\\/dana.com.br\\\/canaldana\\\/2021\\\/10\\\/04\\\/nova-concessionaria-da-audi-brasil-e-inaugurada-em-joinville\\\/\",\"url\":\"https:\\\/\\\/dana.com.br\\\/canaldana\\\/2021\\\/10\\\/04\\\/nova-concessionaria-da-audi-brasil-e-inaugurada-em-joinville\\\/\",\"name\":\"Nova concession\u00e1ria da Audi Brasil \u00e9 inaugurada em Joinville - Canal Dana\",\"isPartOf\":{\"@id\":\"https:\\\/\\\/dana.com.br\\\/canaldana\\\/#website\"},\"datePublished\":\"2021-10-04T11:31:09+00:00\",\"author\":{\"@id\":\"https:\\\/\\\/dana.com.br\\\/canaldana\\\/#\\\/schema\\\/person\\\/3c21f22f56fcf3bc46b94bc60ea4fef6\"},\"breadcrumb\":{\"@id\":\"https:\\\/\\\/dana.com.br\\\/canaldana\\\/2021\\\/10\\\/04\\\/nova-concessionaria-da-audi-brasil-e-inaugurada-em-joinville\\\/#breadcrumb\"},\"inLanguage\":\"pt-BR\",\"potentialAction\":[{\"@type\":\"ReadAction\",\"target\":[\"https:\\\/\\\/dana.com.br\\\/canaldana\\\/2021\\\/10\\\/04\\\/nova-concessionaria-da-audi-brasil-e-inaugurada-em-joinville\\\/\"]}]},{\"@type\":\"BreadcrumbList\",\"@id\":\"https:\\\/\\\/dana.com.br\\\/canaldana\\\/2021\\\/10\\\/04\\\/nova-concessionaria-da-audi-brasil-e-inaugurada-em-joinville\\\/#breadcrumb\",\"itemListElement\":[{\"@type\":\"ListItem\",\"position\":1,\"name\":\"Home\",\"item\":\"https:\\\/\\\/dana.com.br\\\/canaldana\\\/\"},{\"@type\":\"ListItem\",\"position\":2,\"name\":\"Mercado\",\"item\":\"https:\\\/\\\/dana.com.br\\\/canaldana\\\/mercado\\\/\"},{\"@type\":\"ListItem\",\"position\":3,\"name\":\"Nova concession\u00e1ria da Audi Brasil \u00e9 inaugurada em Joinville\"}]},{\"@type\":\"WebSite\",\"@id\":\"https:\\\/\\\/dana.com.br\\\/canaldana\\\/#website\",\"url\":\"https:\\\/\\\/dana.com.br\\\/canaldana\\\/\",\"name\":\"Canal Dana\",\"description\":\"Informativo com as principais not\u00edcias da ind\u00fastria automotiva\",\"potentialAction\":[{\"@type\":\"SearchAction\",\"target\":{\"@type\":\"EntryPoint\",\"urlTemplate\":\"https:\\\/\\\/dana.com.br\\\/canaldana\\\/?s={search_term_string}\"},\"query-input\":{\"@type\":\"PropertyValueSpecification\",\"valueRequired\":true,\"valueName\":\"search_term_string\"}}],\"inLanguage\":\"pt-BR\"},{\"@type\":\"Person\",\"@id\":\"https:\\\/\\\/dana.com.br\\\/canaldana\\\/#\\\/schema\\\/person\\\/3c21f22f56fcf3bc46b94bc60ea4fef6\",\"name\":\"Canal Dana\",\"image\":{\"@type\":\"ImageObject\",\"inLanguage\":\"pt-BR\",\"@id\":\"https:\\\/\\\/secure.gravatar.com\\\/avatar\\\/420aaf9278582877d9018637c6817617705899d2858d7572ef0fe59a6b6454b4?s=96&d=mm&r=g\",\"url\":\"https:\\\/\\\/secure.gravatar.com\\\/avatar\\\/420aaf9278582877d9018637c6817617705899d2858d7572ef0fe59a6b6454b4?s=96&d=mm&r=g\",\"contentUrl\":\"https:\\\/\\\/secure.gravatar.com\\\/avatar\\\/420aaf9278582877d9018637c6817617705899d2858d7572ef0fe59a6b6454b4?s=96&d=mm&r=g\",\"caption\":\"Canal Dana\"},\"url\":\"https:\\\/\\\/dana.com.br\\\/canaldana\\\/author\\\/cdeditor\\\/\"}]}<\/script>\n<!-- \/ Yoast SEO plugin. -->","yoast_head_json":{"title":"Nova concession\u00e1ria da Audi Brasil \u00e9 inaugurada em Joinville - Canal Dana","robots":{"index":"index","follow":"follow","max-snippet":"max-snippet:-1","max-image-preview":"max-image-preview:large","max-video-preview":"max-video-preview:-1"},"canonical":"https:\/\/dana.com.br\/canaldana\/2021\/10\/04\/nova-concessionaria-da-audi-brasil-e-inaugurada-em-joinville\/","og_locale":"pt_BR","og_type":"article","og_title":"Nova concession\u00e1ria da Audi Brasil \u00e9 inaugurada em Joinville - Canal Dana","og_description":"Meio Filtrante &nbsp; A presen\u00e7a da Audi na cidade de Joinville, SC, passou por uma verdadeira revolu\u00e7\u00e3o: na quinta-feira, 30, uma nova loja, constru\u00edda do zero em um bairro nobre do munic\u00edpio, abriu as portas para os clientes da regi\u00e3o. A nova Audi Center \u00e9 administrada pelo Grupo Breitkopf. &nbsp; O evento de inaugura\u00e7\u00e3o da\u2026 Leia mais \u00bb","og_url":"https:\/\/dana.com.br\/canaldana\/2021\/10\/04\/nova-concessionaria-da-audi-brasil-e-inaugurada-em-joinville\/","og_site_name":"Canal Dana","article_published_time":"2021-10-04T11:31:09+00:00","author":"Canal Dana","twitter_card":"summary_large_image","twitter_misc":{"Escrito por":"Canal Dana","Est. tempo de leitura":"2 minutos"},"schema":{"@context":"https:\/\/schema.org","@graph":[{"@type":"Article","@id":"https:\/\/dana.com.br\/canaldana\/2021\/10\/04\/nova-concessionaria-da-audi-brasil-e-inaugurada-em-joinville\/#article","isPartOf":{"@id":"https:\/\/dana.com.br\/canaldana\/2021\/10\/04\/nova-concessionaria-da-audi-brasil-e-inaugurada-em-joinville\/"},"author":{"name":"Canal Dana","@id":"https:\/\/dana.com.br\/canaldana\/#\/schema\/person\/3c21f22f56fcf3bc46b94bc60ea4fef6"},"headline":"Nova concession\u00e1ria da Audi Brasil \u00e9 inaugurada em Joinville","datePublished":"2021-10-04T11:31:09+00:00","mainEntityOfPage":{"@id":"https:\/\/dana.com.br\/canaldana\/2021\/10\/04\/nova-concessionaria-da-audi-brasil-e-inaugurada-em-joinville\/"},"wordCount":441,"articleSection":["Mercado"],"inLanguage":"pt-BR"},{"@type":"WebPage","@id":"https:\/\/dana.com.br\/canaldana\/2021\/10\/04\/nova-concessionaria-da-audi-brasil-e-inaugurada-em-joinville\/","url":"https:\/\/dana.com.br\/canaldana\/2021\/10\/04\/nova-concessionaria-da-audi-brasil-e-inaugurada-em-joinville\/","name":"Nova concession\u00e1ria da Audi Brasil \u00e9 inaugurada em Joinville - Canal Dana","isPartOf":{"@id":"https:\/\/dana.com.br\/canaldana\/#website"},"datePublished":"2021-10-04T11:31:09+00:00","author":{"@id":"https:\/\/dana.com.br\/canaldana\/#\/schema\/person\/3c21f22f56fcf3bc46b94bc60ea4fef6"},"breadcrumb":{"@id":"https:\/\/dana.com.br\/canaldana\/2021\/10\/04\/nova-concessionaria-da-audi-brasil-e-inaugurada-em-joinville\/#breadcrumb"},"inLanguage":"pt-BR","potentialAction":[{"@type":"ReadAction","target":["https:\/\/dana.com.br\/canaldana\/2021\/10\/04\/nova-concessionaria-da-audi-brasil-e-inaugurada-em-joinville\/"]}]},{"@type":"BreadcrumbList","@id":"https:\/\/dana.com.br\/canaldana\/2021\/10\/04\/nova-concessionaria-da-audi-brasil-e-inaugurada-em-joinville\/#breadcrumb","itemListElement":[{"@type":"ListItem","position":1,"name":"Home","item":"https:\/\/dana.com.br\/canaldana\/"},{"@type":"ListItem","position":2,"name":"Mercado","item":"https:\/\/dana.com.br\/canaldana\/mercado\/"},{"@type":"ListItem","position":3,"name":"Nova concession\u00e1ria da Audi Brasil \u00e9 inaugurada em Joinville"}]},{"@type":"WebSite","@id":"https:\/\/dana.com.br\/canaldana\/#website","url":"https:\/\/dana.com.br\/canaldana\/","name":"Canal Dana","description":"Informativo com as principais not\u00edcias da ind\u00fastria automotiva","potentialAction":[{"@type":"SearchAction","target":{"@type":"EntryPoint","urlTemplate":"https:\/\/dana.com.br\/canaldana\/?s={search_term_string}"},"query-input":{"@type":"PropertyValueSpecification","valueRequired":true,"valueName":"search_term_string"}}],"inLanguage":"pt-BR"},{"@type":"Person","@id":"https:\/\/dana.com.br\/canaldana\/#\/schema\/person\/3c21f22f56fcf3bc46b94bc60ea4fef6","name":"Canal Dana","image":{"@type":"ImageObject","inLanguage":"pt-BR","@id":"https:\/\/secure.gravatar.com\/avatar\/420aaf9278582877d9018637c6817617705899d2858d7572ef0fe59a6b6454b4?s=96&d=mm&r=g","url":"https:\/\/secure.gravatar.com\/avatar\/420aaf9278582877d9018637c6817617705899d2858d7572ef0fe59a6b6454b4?s=96&d=mm&r=g","contentUrl":"https:\/\/secure.gravatar.com\/avatar\/420aaf9278582877d9018637c6817617705899d2858d7572ef0fe59a6b6454b4?s=96&d=mm&r=g","caption":"Canal Dana"},"url":"https:\/\/dana.com.br\/canaldana\/author\/cdeditor\/"}]}},"_links":{"self":[{"href":"https:\/\/dana.com.br\/canaldana\/wp-json\/wp\/v2\/posts\/53364","targetHints":{"allow":["GET"]}}],"collection":[{"href":"https:\/\/dana.com.br\/canaldana\/wp-json\/wp\/v2\/posts"}],"about":[{"href":"https:\/\/dana.com.br\/canaldana\/wp-json\/wp\/v2\/types\/post"}],"author":[{"embeddable":true,"href":"https:\/\/dana.com.br\/canaldana\/wp-json\/wp\/v2\/users\/3"}],"replies":[{"embeddable":true,"href":"https:\/\/dana.com.br\/canaldana\/wp-json\/wp\/v2\/comments?post=53364"}],"version-history":[{"count":0,"href":"https:\/\/dana.com.br\/canaldana\/wp-json\/wp\/v2\/posts\/53364\/revisions"}],"wp:attachment":[{"href":"https:\/\/dana.com.br\/canaldana\/wp-json\/wp\/v2\/media?parent=53364"}],"wp:term":[{"taxonomy":"category","embeddable":true,"href":"https:\/\/dana.com.br\/canaldana\/wp-json\/wp\/v2\/categories?post=53364"},{"taxonomy":"post_tag","embeddable":true,"href":"https:\/\/dana.com.br\/canaldana\/wp-json\/wp\/v2\/tags?post=53364"}],"curies":[{"name":"wp","href":"https:\/\/api.w.org\/{rel}","templated":true}]}}