{"id":53362,"date":"2021-10-04T08:30:37","date_gmt":"2021-10-04T11:30:37","guid":{"rendered":"https:\/\/dana.com.br\/canaldana\/?p=53362"},"modified":"2021-10-04T08:30:37","modified_gmt":"2021-10-04T11:30:37","slug":"hb20-liderou-mercado-em-setembro","status":"publish","type":"post","link":"https:\/\/dana.com.br\/canaldana\/2021\/10\/04\/hb20-liderou-mercado-em-setembro\/","title":{"rendered":"HB20 liderou mercado em setembro"},"content":{"rendered":"<p><em>AutoInd\u00fastria <\/em><\/p>\n<p>&nbsp;<\/p>\n<p>Depois de um longo per\u00edodo de dom\u00ednio absoluto de modelos Fiat, o mercado interno de autom\u00f3veis e comerciais leves teve um novo l\u00edder em setembro. A hegemonia dos Fiat Strada e Argo estabelecida em fevereiro foi quebrada pelo HB20, que registrou 7.147 emplacamentos. Foi o autom\u00f3vel, dentre os l\u00edderes, que registrou o maior crescimento sobre agosto: 5,2%, num mercado que recuou 10%.<\/p>\n<p>&nbsp;<\/p>\n<p>Outra boa not\u00edcia para a Hyundai: com o resultado de setembro, o hatch alcan\u00e7ou 67,1 mil emplacamentos em 2021 e saltou para a segunda coloca\u00e7\u00e3o no ranking acumulado, ultrapassando o pr\u00f3prio Argo, que ocupava a posi\u00e7\u00e3o at\u00e9 agosto.<\/p>\n<p>&nbsp;<\/p>\n<p>No m\u00eas passado, a Strada ficou somente na quarta coloca\u00e7\u00e3o. Atr\u00e1s ainda de outra picape Fiat, a Toro, com 6.858 licenciamentos, e do Jeep Compass, 6.823 unidades.<\/p>\n<p>&nbsp;<\/p>\n<p>O comercial leve contudo, segue com muita folga na primeira posi\u00e7\u00e3o ap\u00f3s nove meses e encerrar\u00e1 2021 como o autom\u00f3vel mais vendido do Brasil pela primeira vez em sua longa hist\u00f3ria de 23 anos no mercado. De janeiro a setembro, j\u00e1 tem quase 85,4 mil unidades comercializadas.<\/p>\n<p>&nbsp;<\/p>\n<p>A Stellantis, dona das marcas Fiat e Jeep, continuou com amplo dom\u00ednio das vendas. Em setembro, al\u00e9m da Toro, Compass e Strada, ainda viu o Argo (4,9 mil unidades), Mobi (4,6 mil) e Renegade (4,5 mil) relacionados entre os dez ve\u00edculos mais negociados.<\/p>\n<p>&nbsp;<\/p>\n<p>A lista dos dez primeiros teve ainda o Volkswagen T-Cross, com 5,7 mil emplacamentos, o Hyundai Creta no oitavo posto com 4.550 unidades, e a picape Toyota Hilux, na d\u00e9cima posi\u00e7\u00e3o e quase 4,4 mil unidades negociadas. (AutoInd\u00fastria\/George Guimar\u00e3es)<\/p>\n","protected":false},"excerpt":{"rendered":"<p>AutoInd\u00fastria &nbsp; Depois de um longo per\u00edodo de dom\u00ednio absoluto de modelos Fiat, o mercado interno de autom\u00f3veis e comerciais leves teve um novo l\u00edder em setembro. A hegemonia dos Fiat Strada e Argo estabelecida em fevereiro foi quebrada pelo HB20, que registrou 7.147 emplacamentos. Foi o autom\u00f3vel, dentre os l\u00edderes, que registrou o maior\u2026 <a class=\"readmore\" href=\"https:\/\/dana.com.br\/canaldana\/2021\/10\/04\/hb20-liderou-mercado-em-setembro\/\">Leia mais \u00bb<\/a><\/p>\n","protected":false},"author":3,"featured_media":0,"comment_status":"closed","ping_status":"closed","sticky":false,"template":"","format":"standard","meta":{"_acf_changed":false,"footnotes":""},"categories":[79],"tags":[],"class_list":["post-53362","post","type-post","status-publish","format-standard","hentry","category-mercado"],"acf":[],"yoast_head":"<!-- This site is optimized with the Yoast SEO plugin v27.3 - https:\/\/yoast.com\/product\/yoast-seo-wordpress\/ -->\n<title>HB20 liderou mercado em setembro - Canal Dana<\/title>\n<meta name=\"robots\" content=\"index, follow, max-snippet:-1, max-image-preview:large, max-video-preview:-1\" \/>\n<link rel=\"canonical\" href=\"https:\/\/dana.com.br\/canaldana\/2021\/10\/04\/hb20-liderou-mercado-em-setembro\/\" \/>\n<meta property=\"og:locale\" content=\"pt_BR\" \/>\n<meta property=\"og:type\" content=\"article\" \/>\n<meta property=\"og:title\" content=\"HB20 liderou mercado em setembro - Canal Dana\" \/>\n<meta property=\"og:description\" content=\"AutoInd\u00fastria &nbsp; Depois de um longo per\u00edodo de dom\u00ednio absoluto de modelos Fiat, o mercado interno de autom\u00f3veis e comerciais leves teve um novo l\u00edder em setembro. A hegemonia dos Fiat Strada e Argo estabelecida em fevereiro foi quebrada pelo HB20, que registrou 7.147 emplacamentos. Foi o autom\u00f3vel, dentre os l\u00edderes, que registrou o maior\u2026 Leia mais \u00bb\" \/>\n<meta property=\"og:url\" content=\"https:\/\/dana.com.br\/canaldana\/2021\/10\/04\/hb20-liderou-mercado-em-setembro\/\" \/>\n<meta property=\"og:site_name\" content=\"Canal Dana\" \/>\n<meta property=\"article:published_time\" content=\"2021-10-04T11:30:37+00:00\" \/>\n<meta name=\"author\" content=\"Canal Dana\" \/>\n<meta name=\"twitter:card\" content=\"summary_large_image\" \/>\n<meta name=\"twitter:label1\" content=\"Escrito por\" \/>\n\t<meta name=\"twitter:data1\" content=\"Canal Dana\" \/>\n\t<meta name=\"twitter:label2\" content=\"Est. tempo de leitura\" \/>\n\t<meta name=\"twitter:data2\" content=\"1 minuto\" \/>\n<script type=\"application\/ld+json\" class=\"yoast-schema-graph\">{\"@context\":\"https:\\\/\\\/schema.org\",\"@graph\":[{\"@type\":\"Article\",\"@id\":\"https:\\\/\\\/dana.com.br\\\/canaldana\\\/2021\\\/10\\\/04\\\/hb20-liderou-mercado-em-setembro\\\/#article\",\"isPartOf\":{\"@id\":\"https:\\\/\\\/dana.com.br\\\/canaldana\\\/2021\\\/10\\\/04\\\/hb20-liderou-mercado-em-setembro\\\/\"},\"author\":{\"name\":\"Canal Dana\",\"@id\":\"https:\\\/\\\/dana.com.br\\\/canaldana\\\/#\\\/schema\\\/person\\\/3c21f22f56fcf3bc46b94bc60ea4fef6\"},\"headline\":\"HB20 liderou mercado em setembro\",\"datePublished\":\"2021-10-04T11:30:37+00:00\",\"mainEntityOfPage\":{\"@id\":\"https:\\\/\\\/dana.com.br\\\/canaldana\\\/2021\\\/10\\\/04\\\/hb20-liderou-mercado-em-setembro\\\/\"},\"wordCount\":279,\"articleSection\":[\"Mercado\"],\"inLanguage\":\"pt-BR\"},{\"@type\":\"WebPage\",\"@id\":\"https:\\\/\\\/dana.com.br\\\/canaldana\\\/2021\\\/10\\\/04\\\/hb20-liderou-mercado-em-setembro\\\/\",\"url\":\"https:\\\/\\\/dana.com.br\\\/canaldana\\\/2021\\\/10\\\/04\\\/hb20-liderou-mercado-em-setembro\\\/\",\"name\":\"HB20 liderou mercado em setembro - Canal Dana\",\"isPartOf\":{\"@id\":\"https:\\\/\\\/dana.com.br\\\/canaldana\\\/#website\"},\"datePublished\":\"2021-10-04T11:30:37+00:00\",\"author\":{\"@id\":\"https:\\\/\\\/dana.com.br\\\/canaldana\\\/#\\\/schema\\\/person\\\/3c21f22f56fcf3bc46b94bc60ea4fef6\"},\"breadcrumb\":{\"@id\":\"https:\\\/\\\/dana.com.br\\\/canaldana\\\/2021\\\/10\\\/04\\\/hb20-liderou-mercado-em-setembro\\\/#breadcrumb\"},\"inLanguage\":\"pt-BR\",\"potentialAction\":[{\"@type\":\"ReadAction\",\"target\":[\"https:\\\/\\\/dana.com.br\\\/canaldana\\\/2021\\\/10\\\/04\\\/hb20-liderou-mercado-em-setembro\\\/\"]}]},{\"@type\":\"BreadcrumbList\",\"@id\":\"https:\\\/\\\/dana.com.br\\\/canaldana\\\/2021\\\/10\\\/04\\\/hb20-liderou-mercado-em-setembro\\\/#breadcrumb\",\"itemListElement\":[{\"@type\":\"ListItem\",\"position\":1,\"name\":\"Home\",\"item\":\"https:\\\/\\\/dana.com.br\\\/canaldana\\\/\"},{\"@type\":\"ListItem\",\"position\":2,\"name\":\"Mercado\",\"item\":\"https:\\\/\\\/dana.com.br\\\/canaldana\\\/mercado\\\/\"},{\"@type\":\"ListItem\",\"position\":3,\"name\":\"HB20 liderou mercado em setembro\"}]},{\"@type\":\"WebSite\",\"@id\":\"https:\\\/\\\/dana.com.br\\\/canaldana\\\/#website\",\"url\":\"https:\\\/\\\/dana.com.br\\\/canaldana\\\/\",\"name\":\"Canal Dana\",\"description\":\"Informativo com as principais not\u00edcias da ind\u00fastria automotiva\",\"potentialAction\":[{\"@type\":\"SearchAction\",\"target\":{\"@type\":\"EntryPoint\",\"urlTemplate\":\"https:\\\/\\\/dana.com.br\\\/canaldana\\\/?s={search_term_string}\"},\"query-input\":{\"@type\":\"PropertyValueSpecification\",\"valueRequired\":true,\"valueName\":\"search_term_string\"}}],\"inLanguage\":\"pt-BR\"},{\"@type\":\"Person\",\"@id\":\"https:\\\/\\\/dana.com.br\\\/canaldana\\\/#\\\/schema\\\/person\\\/3c21f22f56fcf3bc46b94bc60ea4fef6\",\"name\":\"Canal Dana\",\"image\":{\"@type\":\"ImageObject\",\"inLanguage\":\"pt-BR\",\"@id\":\"https:\\\/\\\/secure.gravatar.com\\\/avatar\\\/420aaf9278582877d9018637c6817617705899d2858d7572ef0fe59a6b6454b4?s=96&d=mm&r=g\",\"url\":\"https:\\\/\\\/secure.gravatar.com\\\/avatar\\\/420aaf9278582877d9018637c6817617705899d2858d7572ef0fe59a6b6454b4?s=96&d=mm&r=g\",\"contentUrl\":\"https:\\\/\\\/secure.gravatar.com\\\/avatar\\\/420aaf9278582877d9018637c6817617705899d2858d7572ef0fe59a6b6454b4?s=96&d=mm&r=g\",\"caption\":\"Canal Dana\"},\"url\":\"https:\\\/\\\/dana.com.br\\\/canaldana\\\/author\\\/cdeditor\\\/\"}]}<\/script>\n<!-- \/ Yoast SEO plugin. -->","yoast_head_json":{"title":"HB20 liderou mercado em setembro - Canal Dana","robots":{"index":"index","follow":"follow","max-snippet":"max-snippet:-1","max-image-preview":"max-image-preview:large","max-video-preview":"max-video-preview:-1"},"canonical":"https:\/\/dana.com.br\/canaldana\/2021\/10\/04\/hb20-liderou-mercado-em-setembro\/","og_locale":"pt_BR","og_type":"article","og_title":"HB20 liderou mercado em setembro - Canal Dana","og_description":"AutoInd\u00fastria &nbsp; Depois de um longo per\u00edodo de dom\u00ednio absoluto de modelos Fiat, o mercado interno de autom\u00f3veis e comerciais leves teve um novo l\u00edder em setembro. A hegemonia dos Fiat Strada e Argo estabelecida em fevereiro foi quebrada pelo HB20, que registrou 7.147 emplacamentos. Foi o autom\u00f3vel, dentre os l\u00edderes, que registrou o maior\u2026 Leia mais \u00bb","og_url":"https:\/\/dana.com.br\/canaldana\/2021\/10\/04\/hb20-liderou-mercado-em-setembro\/","og_site_name":"Canal Dana","article_published_time":"2021-10-04T11:30:37+00:00","author":"Canal Dana","twitter_card":"summary_large_image","twitter_misc":{"Escrito por":"Canal Dana","Est. tempo de leitura":"1 minuto"},"schema":{"@context":"https:\/\/schema.org","@graph":[{"@type":"Article","@id":"https:\/\/dana.com.br\/canaldana\/2021\/10\/04\/hb20-liderou-mercado-em-setembro\/#article","isPartOf":{"@id":"https:\/\/dana.com.br\/canaldana\/2021\/10\/04\/hb20-liderou-mercado-em-setembro\/"},"author":{"name":"Canal Dana","@id":"https:\/\/dana.com.br\/canaldana\/#\/schema\/person\/3c21f22f56fcf3bc46b94bc60ea4fef6"},"headline":"HB20 liderou mercado em setembro","datePublished":"2021-10-04T11:30:37+00:00","mainEntityOfPage":{"@id":"https:\/\/dana.com.br\/canaldana\/2021\/10\/04\/hb20-liderou-mercado-em-setembro\/"},"wordCount":279,"articleSection":["Mercado"],"inLanguage":"pt-BR"},{"@type":"WebPage","@id":"https:\/\/dana.com.br\/canaldana\/2021\/10\/04\/hb20-liderou-mercado-em-setembro\/","url":"https:\/\/dana.com.br\/canaldana\/2021\/10\/04\/hb20-liderou-mercado-em-setembro\/","name":"HB20 liderou mercado em setembro - Canal Dana","isPartOf":{"@id":"https:\/\/dana.com.br\/canaldana\/#website"},"datePublished":"2021-10-04T11:30:37+00:00","author":{"@id":"https:\/\/dana.com.br\/canaldana\/#\/schema\/person\/3c21f22f56fcf3bc46b94bc60ea4fef6"},"breadcrumb":{"@id":"https:\/\/dana.com.br\/canaldana\/2021\/10\/04\/hb20-liderou-mercado-em-setembro\/#breadcrumb"},"inLanguage":"pt-BR","potentialAction":[{"@type":"ReadAction","target":["https:\/\/dana.com.br\/canaldana\/2021\/10\/04\/hb20-liderou-mercado-em-setembro\/"]}]},{"@type":"BreadcrumbList","@id":"https:\/\/dana.com.br\/canaldana\/2021\/10\/04\/hb20-liderou-mercado-em-setembro\/#breadcrumb","itemListElement":[{"@type":"ListItem","position":1,"name":"Home","item":"https:\/\/dana.com.br\/canaldana\/"},{"@type":"ListItem","position":2,"name":"Mercado","item":"https:\/\/dana.com.br\/canaldana\/mercado\/"},{"@type":"ListItem","position":3,"name":"HB20 liderou mercado em setembro"}]},{"@type":"WebSite","@id":"https:\/\/dana.com.br\/canaldana\/#website","url":"https:\/\/dana.com.br\/canaldana\/","name":"Canal Dana","description":"Informativo com as principais not\u00edcias da ind\u00fastria automotiva","potentialAction":[{"@type":"SearchAction","target":{"@type":"EntryPoint","urlTemplate":"https:\/\/dana.com.br\/canaldana\/?s={search_term_string}"},"query-input":{"@type":"PropertyValueSpecification","valueRequired":true,"valueName":"search_term_string"}}],"inLanguage":"pt-BR"},{"@type":"Person","@id":"https:\/\/dana.com.br\/canaldana\/#\/schema\/person\/3c21f22f56fcf3bc46b94bc60ea4fef6","name":"Canal Dana","image":{"@type":"ImageObject","inLanguage":"pt-BR","@id":"https:\/\/secure.gravatar.com\/avatar\/420aaf9278582877d9018637c6817617705899d2858d7572ef0fe59a6b6454b4?s=96&d=mm&r=g","url":"https:\/\/secure.gravatar.com\/avatar\/420aaf9278582877d9018637c6817617705899d2858d7572ef0fe59a6b6454b4?s=96&d=mm&r=g","contentUrl":"https:\/\/secure.gravatar.com\/avatar\/420aaf9278582877d9018637c6817617705899d2858d7572ef0fe59a6b6454b4?s=96&d=mm&r=g","caption":"Canal Dana"},"url":"https:\/\/dana.com.br\/canaldana\/author\/cdeditor\/"}]}},"_links":{"self":[{"href":"https:\/\/dana.com.br\/canaldana\/wp-json\/wp\/v2\/posts\/53362","targetHints":{"allow":["GET"]}}],"collection":[{"href":"https:\/\/dana.com.br\/canaldana\/wp-json\/wp\/v2\/posts"}],"about":[{"href":"https:\/\/dana.com.br\/canaldana\/wp-json\/wp\/v2\/types\/post"}],"author":[{"embeddable":true,"href":"https:\/\/dana.com.br\/canaldana\/wp-json\/wp\/v2\/users\/3"}],"replies":[{"embeddable":true,"href":"https:\/\/dana.com.br\/canaldana\/wp-json\/wp\/v2\/comments?post=53362"}],"version-history":[{"count":0,"href":"https:\/\/dana.com.br\/canaldana\/wp-json\/wp\/v2\/posts\/53362\/revisions"}],"wp:attachment":[{"href":"https:\/\/dana.com.br\/canaldana\/wp-json\/wp\/v2\/media?parent=53362"}],"wp:term":[{"taxonomy":"category","embeddable":true,"href":"https:\/\/dana.com.br\/canaldana\/wp-json\/wp\/v2\/categories?post=53362"},{"taxonomy":"post_tag","embeddable":true,"href":"https:\/\/dana.com.br\/canaldana\/wp-json\/wp\/v2\/tags?post=53362"}],"curies":[{"name":"wp","href":"https:\/\/api.w.org\/{rel}","templated":true}]}}