{"id":53339,"date":"2021-10-01T08:27:20","date_gmt":"2021-10-01T11:27:20","guid":{"rendered":"https:\/\/dana.com.br\/canaldana\/?p=53339"},"modified":"2021-10-01T08:27:20","modified_gmt":"2021-10-01T11:27:20","slug":"com-falta-de-pecas-montadoras-suspendem-contrato-de-trabalho-de-funcionarios","status":"publish","type":"post","link":"https:\/\/dana.com.br\/canaldana\/2021\/10\/01\/com-falta-de-pecas-montadoras-suspendem-contrato-de-trabalho-de-funcionarios\/","title":{"rendered":"Com falta de pe\u00e7as, montadoras suspendem contrato de trabalho de funcion\u00e1rios"},"content":{"rendered":"<p><em>O Estado de S. Paulo <\/em><\/p>\n<p>&nbsp;<\/p>\n<p>A ind\u00fastria automobil\u00edstica brasileira se prepara para um fim de ano de baixa produ\u00e7\u00e3o e f\u00e1bricas fechadas, numa sequ\u00eancia do cen\u00e1rio visto ao longo de 2021 e que poder\u00e1 reduzir a expectativa dos resultados do setor.<\/p>\n<p>&nbsp;<\/p>\n<p>At\u00e9 agora, a maioria das empresas adotou per\u00edodos de f\u00e9rias coletivas, antecipa\u00e7\u00e3o de feriados e folgas aos funcion\u00e1rios para driblar a falta de componentes para a produ\u00e7\u00e3o, em especial de semicondutores.<\/p>\n<p>&nbsp;<\/p>\n<p>Para o fim de ano, contudo, a op\u00e7\u00e3o voltou a ser o lay-off (suspens\u00e3o de contratos de trabalho), que permite per\u00edodos mais longos de dispensas. Tamb\u00e9m est\u00e3o nos acordos com os funcion\u00e1rios programas de demiss\u00e3o volunt\u00e1ria (PDV) e redu\u00e7\u00e3o de jornada e sal\u00e1rios.<\/p>\n<p>&nbsp;<\/p>\n<p>Dona da Fiat, a Stellantis vai colocar em lay-off 1,8 mil funcion\u00e1rios da unidade de Betim (MG) por tr\u00eas meses a partir de segunda-feira. A empresa vem promovendo paralisa\u00e7\u00f5es parciais em linhas de produtos por prazos de dez dias.<\/p>\n<p>&nbsp;<\/p>\n<p>Na f\u00e1brica mineira trabalham 13 mil pessoas, incluindo pessoal administrativo, e s\u00e3o produzidos seis ve\u00edculos, entre os quais a Strada, o Argo e o Mobi, que est\u00e3o entre os quatro modelos mais vendidos neste ano. A picape Strada tem fila de espera de mais de tr\u00eas meses. Tamb\u00e9m acabou de entrar em linha recentemente o Pulse, primeiro SUV da marca produzido no Pa\u00eds e com lan\u00e7amento marcado para 19 de outubro.<\/p>\n<p>&nbsp;<\/p>\n<p>A Renault abriu hoje um PDV para 250 funcion\u00e1rios da f\u00e1brica de S\u00e3o Jos\u00e9 dos Pinhais (PR) e vai colocar outros 300 em lay-off por dois anos. O complexo emprega ao todo 6.450 trabalhadores, cerca de 5 mil deles na \u00e1rea de produ\u00e7\u00e3o.<\/p>\n<p>&nbsp;<\/p>\n<p>Na Volkswagen, a produ\u00e7\u00e3o em S\u00e3o Bernardo do Campo (SP) est\u00e1 suspensa por dez dias a partir da \u00faltima segunda-feira, mas avalia colocar trabalhadores de um turno em lay-off a partir de novembro. Por enquanto, a montadora informa que, no momento, a medida de flexibiliza\u00e7\u00e3o adotada s\u00e3o f\u00e9rias coletivas \u2013 medida que est\u00e1 em uso tamb\u00e9m na unidade de Taubat\u00e9 para um turno de trabalho.<\/p>\n<p>&nbsp;<\/p>\n<p><strong>Preserva\u00e7\u00e3o de empregos<\/strong><\/p>\n<p>&nbsp;<\/p>\n<p>As tr\u00eas fabricantes justificam as medidas como forma de preservar empregos enquanto a produ\u00e7\u00e3o segue em ritmo lento por causa da falta de componentes, problema global que pode se estender at\u00e9 o fim do primeiro semestre de 2022.<\/p>\n<p>&nbsp;<\/p>\n<p>Em nota, a Renault informa que as medidas foram aprovadas ontem em assembleia dos trabalhadores e s\u00e3o resultado dos \u201cimpactos provocados pela covid-19 na fabrica\u00e7\u00e3o de componentes eletr\u00f4nicos e da falta de perspectiva de melhora do cen\u00e1rio global\u201d. Redu\u00e7\u00e3o de jornada e sal\u00e1rios tamb\u00e9m est\u00e1 no pacote.<\/p>\n<p>&nbsp;<\/p>\n<p>Ao todo, a Renault j\u00e1 teve a produ\u00e7\u00e3o suspensa por 41 dias ao longo do ano, porque n\u00e3o havia pe\u00e7as para a produ\u00e7\u00e3o dos modelos Captur, Kwid, Sandero, Logan, Duster, Oroch e Master.<\/p>\n<p>&nbsp;<\/p>\n<p>Nesta semana, retornaram ao trabalho 250 funcion\u00e1rios que estavam com contratos suspensos h\u00e1 um ano. Na sequ\u00eancia, o grupo entrou em f\u00e9rias coletivas porque n\u00e3o h\u00e1 trabalho para essa equipe. Por isso a empresa abriu o PDV, que oferece como incentivo de 10 a 11 sal\u00e1rios extras a quem aderir. Se n\u00e3o atingir a meta, indicar\u00e1 o pessoal a ser demitido.<\/p>\n<p>&nbsp;<\/p>\n<p>O Sindicato dos Metal\u00fargicos da Grande Curitiba afirma que as propostas foram decididas em conjunto com a empresa e que focou ao m\u00e1ximo a preserva\u00e7\u00e3o dos empregos. Os sal\u00e1rios, reduzidos durante o lay-off, ser\u00e3o bancados pela pr\u00f3pria empresa.<\/p>\n<p>&nbsp;<\/p>\n<p>\u201cOs trabalhadores novamente precisam \u2018investir\u2019 para garantir emprego, concedendo INPC em troca de abono, aceitando PDV e redu\u00e7\u00e3o de jornada para deixar a empresa mais competitiva. S\u00e3o os trabalhadores que est\u00e3o buscando as solu\u00e7\u00f5es. Os governos n\u00e3o est\u00e3o fazendo nada\u201d, diz o presidente da entidade, S\u00e9rgio Butka.<\/p>\n<p>&nbsp;<\/p>\n<p>Tamb\u00e9m em nota, a Fiat afirma que o lay-off \u201c\u00e9 decorr\u00eancia do impacto da crise sanit\u00e1ria e de suas consequ\u00eancias sobre a economia, que agravaram a escassez global de insumos, notadamente de componentes eletr\u00f4nicos, comprometendo a capacidade de manter o ritmo e volume de produ\u00e7\u00e3o dentro de padr\u00f5es previs\u00edveis\u201d.<\/p>\n<p>&nbsp;<\/p>\n<p>Durante o per\u00edodo de suspens\u00e3o de contratos na Fiat, parte dos sal\u00e1rios dos funcion\u00e1rios ser\u00e1 complementada com recursos do seguro-desemprego e os funcion\u00e1rios passar\u00e3o por requalifica\u00e7\u00e3o profissional.<\/p>\n<p>&nbsp;<\/p>\n<p><strong>Produ\u00e7\u00e3o deve ser menor do que a prevista<\/strong><\/p>\n<p>&nbsp;<\/p>\n<p>Em julho, a Associa\u00e7\u00e3o Nacional dos Fabricantes de Ve\u00edculos Automotores (Anfavea) projetou para este ano a produ\u00e7\u00e3o de 2,46 milh\u00f5es de ve\u00edculos, o que representaria alta de 22% em rela\u00e7\u00e3o a 2020. Afetado pela pandemia, foi um dos piores anos da hist\u00f3ria do setor.<\/p>\n<p>&nbsp;<\/p>\n<p>Neste ano, at\u00e9 agosto, foram fabricados 1,47 milh\u00e3o de ve\u00edculos e a previs\u00e3o da Anfavea n\u00e3o deve se confirmar. As montadoras empregam atualmente 103 mil funcion\u00e1rios, quase o mesmo n\u00famero de igual per\u00edodo do ano passado. (O Estado de S. Paulo\/Cleide Silva)<\/p>\n","protected":false},"excerpt":{"rendered":"<p>O Estado de S. Paulo &nbsp; A ind\u00fastria automobil\u00edstica brasileira se prepara para um fim de ano de baixa produ\u00e7\u00e3o e f\u00e1bricas fechadas, numa sequ\u00eancia do cen\u00e1rio visto ao longo de 2021 e que poder\u00e1 reduzir a expectativa dos resultados do setor. &nbsp; At\u00e9 agora, a maioria das empresas adotou per\u00edodos de f\u00e9rias coletivas, antecipa\u00e7\u00e3o\u2026 <a class=\"readmore\" href=\"https:\/\/dana.com.br\/canaldana\/2021\/10\/01\/com-falta-de-pecas-montadoras-suspendem-contrato-de-trabalho-de-funcionarios\/\">Leia mais \u00bb<\/a><\/p>\n","protected":false},"author":3,"featured_media":0,"comment_status":"closed","ping_status":"closed","sticky":false,"template":"","format":"standard","meta":{"_acf_changed":false,"footnotes":""},"categories":[61],"tags":[],"class_list":["post-53339","post","type-post","status-publish","format-standard","hentry","category-destaques"],"acf":[],"yoast_head":"<!-- This site is optimized with the Yoast SEO plugin v27.3 - https:\/\/yoast.com\/product\/yoast-seo-wordpress\/ -->\n<title>Com falta de pe\u00e7as, montadoras suspendem contrato de trabalho de funcion\u00e1rios - Canal Dana<\/title>\n<meta name=\"robots\" content=\"index, follow, max-snippet:-1, max-image-preview:large, max-video-preview:-1\" \/>\n<link rel=\"canonical\" href=\"https:\/\/dana.com.br\/canaldana\/2021\/10\/01\/com-falta-de-pecas-montadoras-suspendem-contrato-de-trabalho-de-funcionarios\/\" \/>\n<meta property=\"og:locale\" content=\"pt_BR\" \/>\n<meta property=\"og:type\" content=\"article\" \/>\n<meta property=\"og:title\" content=\"Com falta de pe\u00e7as, montadoras suspendem contrato de trabalho de funcion\u00e1rios - Canal Dana\" \/>\n<meta property=\"og:description\" content=\"O Estado de S. Paulo &nbsp; A ind\u00fastria automobil\u00edstica brasileira se prepara para um fim de ano de baixa produ\u00e7\u00e3o e f\u00e1bricas fechadas, numa sequ\u00eancia do cen\u00e1rio visto ao longo de 2021 e que poder\u00e1 reduzir a expectativa dos resultados do setor. &nbsp; At\u00e9 agora, a maioria das empresas adotou per\u00edodos de f\u00e9rias coletivas, antecipa\u00e7\u00e3o\u2026 Leia mais \u00bb\" \/>\n<meta property=\"og:url\" content=\"https:\/\/dana.com.br\/canaldana\/2021\/10\/01\/com-falta-de-pecas-montadoras-suspendem-contrato-de-trabalho-de-funcionarios\/\" \/>\n<meta property=\"og:site_name\" content=\"Canal Dana\" \/>\n<meta property=\"article:published_time\" content=\"2021-10-01T11:27:20+00:00\" \/>\n<meta name=\"author\" content=\"Canal Dana\" \/>\n<meta name=\"twitter:card\" content=\"summary_large_image\" \/>\n<meta name=\"twitter:label1\" content=\"Escrito por\" \/>\n\t<meta name=\"twitter:data1\" content=\"Canal Dana\" \/>\n\t<meta name=\"twitter:label2\" content=\"Est. tempo de leitura\" \/>\n\t<meta name=\"twitter:data2\" content=\"4 minutos\" \/>\n<script type=\"application\/ld+json\" class=\"yoast-schema-graph\">{\"@context\":\"https:\\\/\\\/schema.org\",\"@graph\":[{\"@type\":\"Article\",\"@id\":\"https:\\\/\\\/dana.com.br\\\/canaldana\\\/2021\\\/10\\\/01\\\/com-falta-de-pecas-montadoras-suspendem-contrato-de-trabalho-de-funcionarios\\\/#article\",\"isPartOf\":{\"@id\":\"https:\\\/\\\/dana.com.br\\\/canaldana\\\/2021\\\/10\\\/01\\\/com-falta-de-pecas-montadoras-suspendem-contrato-de-trabalho-de-funcionarios\\\/\"},\"author\":{\"name\":\"Canal Dana\",\"@id\":\"https:\\\/\\\/dana.com.br\\\/canaldana\\\/#\\\/schema\\\/person\\\/3c21f22f56fcf3bc46b94bc60ea4fef6\"},\"headline\":\"Com falta de pe\u00e7as, montadoras suspendem contrato de trabalho de funcion\u00e1rios\",\"datePublished\":\"2021-10-01T11:27:20+00:00\",\"mainEntityOfPage\":{\"@id\":\"https:\\\/\\\/dana.com.br\\\/canaldana\\\/2021\\\/10\\\/01\\\/com-falta-de-pecas-montadoras-suspendem-contrato-de-trabalho-de-funcionarios\\\/\"},\"wordCount\":888,\"articleSection\":[\"Destaques\"],\"inLanguage\":\"pt-BR\"},{\"@type\":\"WebPage\",\"@id\":\"https:\\\/\\\/dana.com.br\\\/canaldana\\\/2021\\\/10\\\/01\\\/com-falta-de-pecas-montadoras-suspendem-contrato-de-trabalho-de-funcionarios\\\/\",\"url\":\"https:\\\/\\\/dana.com.br\\\/canaldana\\\/2021\\\/10\\\/01\\\/com-falta-de-pecas-montadoras-suspendem-contrato-de-trabalho-de-funcionarios\\\/\",\"name\":\"Com falta de pe\u00e7as, montadoras suspendem contrato de trabalho de funcion\u00e1rios - Canal Dana\",\"isPartOf\":{\"@id\":\"https:\\\/\\\/dana.com.br\\\/canaldana\\\/#website\"},\"datePublished\":\"2021-10-01T11:27:20+00:00\",\"author\":{\"@id\":\"https:\\\/\\\/dana.com.br\\\/canaldana\\\/#\\\/schema\\\/person\\\/3c21f22f56fcf3bc46b94bc60ea4fef6\"},\"breadcrumb\":{\"@id\":\"https:\\\/\\\/dana.com.br\\\/canaldana\\\/2021\\\/10\\\/01\\\/com-falta-de-pecas-montadoras-suspendem-contrato-de-trabalho-de-funcionarios\\\/#breadcrumb\"},\"inLanguage\":\"pt-BR\",\"potentialAction\":[{\"@type\":\"ReadAction\",\"target\":[\"https:\\\/\\\/dana.com.br\\\/canaldana\\\/2021\\\/10\\\/01\\\/com-falta-de-pecas-montadoras-suspendem-contrato-de-trabalho-de-funcionarios\\\/\"]}]},{\"@type\":\"BreadcrumbList\",\"@id\":\"https:\\\/\\\/dana.com.br\\\/canaldana\\\/2021\\\/10\\\/01\\\/com-falta-de-pecas-montadoras-suspendem-contrato-de-trabalho-de-funcionarios\\\/#breadcrumb\",\"itemListElement\":[{\"@type\":\"ListItem\",\"position\":1,\"name\":\"Home\",\"item\":\"https:\\\/\\\/dana.com.br\\\/canaldana\\\/\"},{\"@type\":\"ListItem\",\"position\":2,\"name\":\"Destaques\",\"item\":\"https:\\\/\\\/dana.com.br\\\/canaldana\\\/destaques\\\/\"},{\"@type\":\"ListItem\",\"position\":3,\"name\":\"Com falta de pe\u00e7as, montadoras suspendem contrato de trabalho de funcion\u00e1rios\"}]},{\"@type\":\"WebSite\",\"@id\":\"https:\\\/\\\/dana.com.br\\\/canaldana\\\/#website\",\"url\":\"https:\\\/\\\/dana.com.br\\\/canaldana\\\/\",\"name\":\"Canal Dana\",\"description\":\"Informativo com as principais not\u00edcias da ind\u00fastria automotiva\",\"potentialAction\":[{\"@type\":\"SearchAction\",\"target\":{\"@type\":\"EntryPoint\",\"urlTemplate\":\"https:\\\/\\\/dana.com.br\\\/canaldana\\\/?s={search_term_string}\"},\"query-input\":{\"@type\":\"PropertyValueSpecification\",\"valueRequired\":true,\"valueName\":\"search_term_string\"}}],\"inLanguage\":\"pt-BR\"},{\"@type\":\"Person\",\"@id\":\"https:\\\/\\\/dana.com.br\\\/canaldana\\\/#\\\/schema\\\/person\\\/3c21f22f56fcf3bc46b94bc60ea4fef6\",\"name\":\"Canal Dana\",\"image\":{\"@type\":\"ImageObject\",\"inLanguage\":\"pt-BR\",\"@id\":\"https:\\\/\\\/secure.gravatar.com\\\/avatar\\\/420aaf9278582877d9018637c6817617705899d2858d7572ef0fe59a6b6454b4?s=96&d=mm&r=g\",\"url\":\"https:\\\/\\\/secure.gravatar.com\\\/avatar\\\/420aaf9278582877d9018637c6817617705899d2858d7572ef0fe59a6b6454b4?s=96&d=mm&r=g\",\"contentUrl\":\"https:\\\/\\\/secure.gravatar.com\\\/avatar\\\/420aaf9278582877d9018637c6817617705899d2858d7572ef0fe59a6b6454b4?s=96&d=mm&r=g\",\"caption\":\"Canal Dana\"},\"url\":\"https:\\\/\\\/dana.com.br\\\/canaldana\\\/author\\\/cdeditor\\\/\"}]}<\/script>\n<!-- \/ Yoast SEO plugin. -->","yoast_head_json":{"title":"Com falta de pe\u00e7as, montadoras suspendem contrato de trabalho de funcion\u00e1rios - Canal Dana","robots":{"index":"index","follow":"follow","max-snippet":"max-snippet:-1","max-image-preview":"max-image-preview:large","max-video-preview":"max-video-preview:-1"},"canonical":"https:\/\/dana.com.br\/canaldana\/2021\/10\/01\/com-falta-de-pecas-montadoras-suspendem-contrato-de-trabalho-de-funcionarios\/","og_locale":"pt_BR","og_type":"article","og_title":"Com falta de pe\u00e7as, montadoras suspendem contrato de trabalho de funcion\u00e1rios - Canal Dana","og_description":"O Estado de S. Paulo &nbsp; A ind\u00fastria automobil\u00edstica brasileira se prepara para um fim de ano de baixa produ\u00e7\u00e3o e f\u00e1bricas fechadas, numa sequ\u00eancia do cen\u00e1rio visto ao longo de 2021 e que poder\u00e1 reduzir a expectativa dos resultados do setor. &nbsp; At\u00e9 agora, a maioria das empresas adotou per\u00edodos de f\u00e9rias coletivas, antecipa\u00e7\u00e3o\u2026 Leia mais \u00bb","og_url":"https:\/\/dana.com.br\/canaldana\/2021\/10\/01\/com-falta-de-pecas-montadoras-suspendem-contrato-de-trabalho-de-funcionarios\/","og_site_name":"Canal Dana","article_published_time":"2021-10-01T11:27:20+00:00","author":"Canal Dana","twitter_card":"summary_large_image","twitter_misc":{"Escrito por":"Canal Dana","Est. tempo de leitura":"4 minutos"},"schema":{"@context":"https:\/\/schema.org","@graph":[{"@type":"Article","@id":"https:\/\/dana.com.br\/canaldana\/2021\/10\/01\/com-falta-de-pecas-montadoras-suspendem-contrato-de-trabalho-de-funcionarios\/#article","isPartOf":{"@id":"https:\/\/dana.com.br\/canaldana\/2021\/10\/01\/com-falta-de-pecas-montadoras-suspendem-contrato-de-trabalho-de-funcionarios\/"},"author":{"name":"Canal Dana","@id":"https:\/\/dana.com.br\/canaldana\/#\/schema\/person\/3c21f22f56fcf3bc46b94bc60ea4fef6"},"headline":"Com falta de pe\u00e7as, montadoras suspendem contrato de trabalho de funcion\u00e1rios","datePublished":"2021-10-01T11:27:20+00:00","mainEntityOfPage":{"@id":"https:\/\/dana.com.br\/canaldana\/2021\/10\/01\/com-falta-de-pecas-montadoras-suspendem-contrato-de-trabalho-de-funcionarios\/"},"wordCount":888,"articleSection":["Destaques"],"inLanguage":"pt-BR"},{"@type":"WebPage","@id":"https:\/\/dana.com.br\/canaldana\/2021\/10\/01\/com-falta-de-pecas-montadoras-suspendem-contrato-de-trabalho-de-funcionarios\/","url":"https:\/\/dana.com.br\/canaldana\/2021\/10\/01\/com-falta-de-pecas-montadoras-suspendem-contrato-de-trabalho-de-funcionarios\/","name":"Com falta de pe\u00e7as, montadoras suspendem contrato de trabalho de funcion\u00e1rios - Canal Dana","isPartOf":{"@id":"https:\/\/dana.com.br\/canaldana\/#website"},"datePublished":"2021-10-01T11:27:20+00:00","author":{"@id":"https:\/\/dana.com.br\/canaldana\/#\/schema\/person\/3c21f22f56fcf3bc46b94bc60ea4fef6"},"breadcrumb":{"@id":"https:\/\/dana.com.br\/canaldana\/2021\/10\/01\/com-falta-de-pecas-montadoras-suspendem-contrato-de-trabalho-de-funcionarios\/#breadcrumb"},"inLanguage":"pt-BR","potentialAction":[{"@type":"ReadAction","target":["https:\/\/dana.com.br\/canaldana\/2021\/10\/01\/com-falta-de-pecas-montadoras-suspendem-contrato-de-trabalho-de-funcionarios\/"]}]},{"@type":"BreadcrumbList","@id":"https:\/\/dana.com.br\/canaldana\/2021\/10\/01\/com-falta-de-pecas-montadoras-suspendem-contrato-de-trabalho-de-funcionarios\/#breadcrumb","itemListElement":[{"@type":"ListItem","position":1,"name":"Home","item":"https:\/\/dana.com.br\/canaldana\/"},{"@type":"ListItem","position":2,"name":"Destaques","item":"https:\/\/dana.com.br\/canaldana\/destaques\/"},{"@type":"ListItem","position":3,"name":"Com falta de pe\u00e7as, montadoras suspendem contrato de trabalho de funcion\u00e1rios"}]},{"@type":"WebSite","@id":"https:\/\/dana.com.br\/canaldana\/#website","url":"https:\/\/dana.com.br\/canaldana\/","name":"Canal Dana","description":"Informativo com as principais not\u00edcias da ind\u00fastria automotiva","potentialAction":[{"@type":"SearchAction","target":{"@type":"EntryPoint","urlTemplate":"https:\/\/dana.com.br\/canaldana\/?s={search_term_string}"},"query-input":{"@type":"PropertyValueSpecification","valueRequired":true,"valueName":"search_term_string"}}],"inLanguage":"pt-BR"},{"@type":"Person","@id":"https:\/\/dana.com.br\/canaldana\/#\/schema\/person\/3c21f22f56fcf3bc46b94bc60ea4fef6","name":"Canal Dana","image":{"@type":"ImageObject","inLanguage":"pt-BR","@id":"https:\/\/secure.gravatar.com\/avatar\/420aaf9278582877d9018637c6817617705899d2858d7572ef0fe59a6b6454b4?s=96&d=mm&r=g","url":"https:\/\/secure.gravatar.com\/avatar\/420aaf9278582877d9018637c6817617705899d2858d7572ef0fe59a6b6454b4?s=96&d=mm&r=g","contentUrl":"https:\/\/secure.gravatar.com\/avatar\/420aaf9278582877d9018637c6817617705899d2858d7572ef0fe59a6b6454b4?s=96&d=mm&r=g","caption":"Canal Dana"},"url":"https:\/\/dana.com.br\/canaldana\/author\/cdeditor\/"}]}},"_links":{"self":[{"href":"https:\/\/dana.com.br\/canaldana\/wp-json\/wp\/v2\/posts\/53339","targetHints":{"allow":["GET"]}}],"collection":[{"href":"https:\/\/dana.com.br\/canaldana\/wp-json\/wp\/v2\/posts"}],"about":[{"href":"https:\/\/dana.com.br\/canaldana\/wp-json\/wp\/v2\/types\/post"}],"author":[{"embeddable":true,"href":"https:\/\/dana.com.br\/canaldana\/wp-json\/wp\/v2\/users\/3"}],"replies":[{"embeddable":true,"href":"https:\/\/dana.com.br\/canaldana\/wp-json\/wp\/v2\/comments?post=53339"}],"version-history":[{"count":0,"href":"https:\/\/dana.com.br\/canaldana\/wp-json\/wp\/v2\/posts\/53339\/revisions"}],"wp:attachment":[{"href":"https:\/\/dana.com.br\/canaldana\/wp-json\/wp\/v2\/media?parent=53339"}],"wp:term":[{"taxonomy":"category","embeddable":true,"href":"https:\/\/dana.com.br\/canaldana\/wp-json\/wp\/v2\/categories?post=53339"},{"taxonomy":"post_tag","embeddable":true,"href":"https:\/\/dana.com.br\/canaldana\/wp-json\/wp\/v2\/tags?post=53339"}],"curies":[{"name":"wp","href":"https:\/\/api.w.org\/{rel}","templated":true}]}}