{"id":53276,"date":"2021-09-29T08:40:44","date_gmt":"2021-09-29T11:40:44","guid":{"rendered":"https:\/\/dana.com.br\/canaldana\/?p=53276"},"modified":"2021-09-29T08:40:44","modified_gmt":"2021-09-29T11:40:44","slug":"mesmo-com-instabilidades-do-pais-mercedes-benz-ja-pensa-em-novo-programa-de-investimentos-para-2023","status":"publish","type":"post","link":"https:\/\/dana.com.br\/canaldana\/2021\/09\/29\/mesmo-com-instabilidades-do-pais-mercedes-benz-ja-pensa-em-novo-programa-de-investimentos-para-2023\/","title":{"rendered":"Mesmo com instabilidades do Pa\u00eds, Mercedes-Benz j\u00e1 pensa em novo programa de investimentos para 2023"},"content":{"rendered":"<p><em>O Estado de S. Paulo <\/em><\/p>\n<p>&nbsp;<\/p>\n<p>\u00c0 frente da divis\u00e3o mundial da Mercedes-Benz Caminh\u00f5es h\u00e1 quase oito meses, Karin Radstr\u00f6m diz que a filial brasileira tem situa\u00e7\u00e3o financeira \u201cboa\u201d e que o grupo j\u00e1 come\u00e7ou a avaliar um novo programa de investimento para o Pa\u00eds a partir de 2023. Ela \u00e9 respons\u00e1vel pelos neg\u00f3cios do grupo na Europa e na Am\u00e9rica Latina.<\/p>\n<p>&nbsp;<\/p>\n<p>O plano atual de aportes de R$ 2,4 bilh\u00f5es iniciado em 2018 termina no pr\u00f3ximo ano, mas ela afirma que o mercado brasileiro, segundo maior da marca, atr\u00e1s da Alemanha, segue sendo \u201cextremamente importante\u201d para o grupo, apesar de suas volatilidades.<\/p>\n<p>&nbsp;<\/p>\n<p>\u201cO Brasil apresenta mais volatilidade e incertezas que outros mercados, mas isso n\u00e3o \u00e9 impeditivo para realizarmos investimentos\u201d, afirmou a executiva nesta manh\u00e3, 28, em conversa por meio virtual com um grupo de jornalistas brasileiros. A companhia completa hoje 65 anos de atua\u00e7\u00e3o no Pa\u00eds e promete um novo produto em cerca de um m\u00eas.<\/p>\n<p>&nbsp;<\/p>\n<p>Em evento comemorativo \u00e0 data realizado na noite de hoje, a montadora lan\u00e7ou uma s\u00e9rie especial do Novo Actros, caminh\u00e3o top da marca. Batizado de \u201cCora\u00e7\u00e3o Estradeiro\u201d, a s\u00e9rie \u00e9 limitada a 65 unidades, em alus\u00e3o ao marco da empresa, e as vendas ser\u00e3o apenas online.<\/p>\n<p>&nbsp;<\/p>\n<p>A sueca Karin, de 42 anos, atuou na \u00e1rea de caminh\u00f5es da Scania entre 2004 &#8211; quando entrou no grupo como estagi\u00e1ria &#8211; at\u00e9 o ano passado, quando era diretora de pr\u00e9-vendas e marketing, para assumir o novo posto na concorrente Mercedes-Benz.<\/p>\n<p>&nbsp;<\/p>\n<p>Em vez de olhar para as fragilidades econ\u00f4micas e pol\u00edticas do Brasil, a executiva afirma que foca nas oportunidades de um pa\u00eds que tem grande depend\u00eancia das rodovias para o transporte de cargas, uma frota de caminh\u00f5es que precisa ser renovada e uma grande demanda de setores como agropecu\u00e1ria e constru\u00e7\u00e3o civil.<\/p>\n<p>&nbsp;<\/p>\n<p>\u201cSeria muito mais f\u00e1cil se o Brasil fosse mais estruturado econ\u00f4mica e politicamente, mais previs\u00edvel em rela\u00e7\u00e3o \u00e0 quest\u00e3o cambial, mas isso nunca foi e n\u00e3o ser\u00e1 um impeditivo para n\u00f3s\u201d, afirmou. O Brasil representa 25% das vendas globais de caminh\u00f5es da marca alem\u00e3.<\/p>\n<p>&nbsp;<\/p>\n<p><strong>\u00d4nibus el\u00e9trico a caminho<\/strong><\/p>\n<p>&nbsp;<\/p>\n<p>No Brasil, a Mercedes-Benz est\u00e1 em segundo lugar no ranking de vendas de caminh\u00f5es, com 22.096 unidades vendidas at\u00e9 agosto. A l\u00edder atual \u00e9 a Volkswagen Caminh\u00f5es e \u00d4nibus (VWCO), com 23.891. \u201cEstamos no caminho para recuperar participa\u00e7\u00e3o, mas o importante \u00e9 que temos resultados financeiros s\u00f3lidos\u201d, afirma Karin.<\/p>\n<p>&nbsp;<\/p>\n<p>Segundo a executiva, a falta de semicondutores atrapalhou o mercado global de ve\u00edculos e ela acredita que as empresas v\u00e3o buscar novas formas de produ\u00e7\u00e3o, com maior previsibilidade e sem muita depend\u00eancia de poucos fornecedores.<\/p>\n<p>&nbsp;<\/p>\n<p>Karl Deppen, presidente da Mercedes-Benz do Brasil e Am\u00e9rica Latina, se despede do cargo que ocupou por pouco mais de um ano para assumir como membro do Conselho de Administra\u00e7\u00e3o respons\u00e1vel por caminh\u00f5es na China, Jap\u00e3o e \u00cdndia. Seu substituto ainda n\u00e3o foi anunciado.<\/p>\n<p>&nbsp;<\/p>\n<p>O executivo afirmou que os ve\u00edculos da marca estar\u00e3o preparados para atender as normas mais rigorosas de consumo e emiss\u00f5es previstas para entrar em vigor em janeiro de 2023 e ressaltou que a filial brasileira exporta produtos para 50 pa\u00edses, especialmente motores e cabines.<\/p>\n<p>&nbsp;<\/p>\n<p>No m\u00eas passado, a empresa anunciou a produ\u00e7\u00e3o local de chassis para \u00f4nibus urbano el\u00e9trico a partir de 2022. O eO500U foi 100% desenvolvido pela equipe de engenharia brasileira com foco na realidade da mobilidade e do transporte de passageiros do Pa\u00eds.<\/p>\n<p>&nbsp;<\/p>\n<p>O produto deve atender tamb\u00e9m demandas de pa\u00edses da Am\u00e9rica Latina, Europa e Oceania. J\u00e1 a chegada de caminh\u00f5es com essa tecnologia vai depender da demanda do mercado, disse Deppen. No segmento de \u00f4nibus, a marca \u00e9 l\u00edder em vendas desde sua chegada ao Pa\u00eds.<\/p>\n<p>&nbsp;<\/p>\n<p><strong>Projetos com autom\u00f3veis n\u00e3o deram certo<\/strong><\/p>\n<p>&nbsp;<\/p>\n<p>J\u00e1 no segmento de autom\u00f3veis de luxo, o grupo alem\u00e3o fez duas tentativas de produ\u00e7\u00e3o local, mas n\u00e3o conseguiu levar o projeto adiante em ambas. A primeira foi em 1999, com uma f\u00e1brica em Juiz de Fora (MG), que deixou de produzir autom\u00f3veis em 2010, e passou a fazer caminh\u00f5es.<\/p>\n<p>&nbsp;<\/p>\n<p>A segunda tentativa ocorreu em 2016, com uma f\u00e1brica compacta e moderna constru\u00edda em Iracem\u00e1polis (SP), que acabou fechando as portas no final de 2020. Recentemente a instala\u00e7\u00e3o foi vendida para a chinesa Great Wall, que iniciar\u00e1 produ\u00e7\u00e3o local em 2023. (O Estado de S. Paulo\/Cleide Silva)<\/p>\n","protected":false},"excerpt":{"rendered":"<p>O Estado de S. Paulo &nbsp; \u00c0 frente da divis\u00e3o mundial da Mercedes-Benz Caminh\u00f5es h\u00e1 quase oito meses, Karin Radstr\u00f6m diz que a filial brasileira tem situa\u00e7\u00e3o financeira \u201cboa\u201d e que o grupo j\u00e1 come\u00e7ou a avaliar um novo programa de investimento para o Pa\u00eds a partir de 2023. Ela \u00e9 respons\u00e1vel pelos neg\u00f3cios do\u2026 <a class=\"readmore\" href=\"https:\/\/dana.com.br\/canaldana\/2021\/09\/29\/mesmo-com-instabilidades-do-pais-mercedes-benz-ja-pensa-em-novo-programa-de-investimentos-para-2023\/\">Leia mais \u00bb<\/a><\/p>\n","protected":false},"author":3,"featured_media":0,"comment_status":"closed","ping_status":"closed","sticky":false,"template":"","format":"standard","meta":{"_acf_changed":false,"footnotes":""},"categories":[61],"tags":[],"class_list":["post-53276","post","type-post","status-publish","format-standard","hentry","category-destaques"],"acf":[],"yoast_head":"<!-- This site is optimized with the Yoast SEO plugin v27.3 - https:\/\/yoast.com\/product\/yoast-seo-wordpress\/ -->\n<title>Mesmo com instabilidades do Pa\u00eds, Mercedes-Benz j\u00e1 pensa em novo programa de investimentos para 2023 - Canal Dana<\/title>\n<meta name=\"robots\" content=\"index, follow, max-snippet:-1, max-image-preview:large, max-video-preview:-1\" \/>\n<link rel=\"canonical\" href=\"https:\/\/dana.com.br\/canaldana\/2021\/09\/29\/mesmo-com-instabilidades-do-pais-mercedes-benz-ja-pensa-em-novo-programa-de-investimentos-para-2023\/\" \/>\n<meta property=\"og:locale\" content=\"pt_BR\" \/>\n<meta property=\"og:type\" content=\"article\" \/>\n<meta property=\"og:title\" content=\"Mesmo com instabilidades do Pa\u00eds, Mercedes-Benz j\u00e1 pensa em novo programa de investimentos para 2023 - Canal Dana\" \/>\n<meta property=\"og:description\" content=\"O Estado de S. Paulo &nbsp; \u00c0 frente da divis\u00e3o mundial da Mercedes-Benz Caminh\u00f5es h\u00e1 quase oito meses, Karin Radstr\u00f6m diz que a filial brasileira tem situa\u00e7\u00e3o financeira \u201cboa\u201d e que o grupo j\u00e1 come\u00e7ou a avaliar um novo programa de investimento para o Pa\u00eds a partir de 2023. Ela \u00e9 respons\u00e1vel pelos neg\u00f3cios do\u2026 Leia mais \u00bb\" \/>\n<meta property=\"og:url\" content=\"https:\/\/dana.com.br\/canaldana\/2021\/09\/29\/mesmo-com-instabilidades-do-pais-mercedes-benz-ja-pensa-em-novo-programa-de-investimentos-para-2023\/\" \/>\n<meta property=\"og:site_name\" content=\"Canal Dana\" \/>\n<meta property=\"article:published_time\" content=\"2021-09-29T11:40:44+00:00\" \/>\n<meta name=\"author\" content=\"Canal Dana\" \/>\n<meta name=\"twitter:card\" content=\"summary_large_image\" \/>\n<meta name=\"twitter:label1\" content=\"Escrito por\" \/>\n\t<meta name=\"twitter:data1\" content=\"Canal Dana\" \/>\n\t<meta name=\"twitter:label2\" content=\"Est. tempo de leitura\" \/>\n\t<meta name=\"twitter:data2\" content=\"4 minutos\" \/>\n<script type=\"application\/ld+json\" class=\"yoast-schema-graph\">{\"@context\":\"https:\\\/\\\/schema.org\",\"@graph\":[{\"@type\":\"Article\",\"@id\":\"https:\\\/\\\/dana.com.br\\\/canaldana\\\/2021\\\/09\\\/29\\\/mesmo-com-instabilidades-do-pais-mercedes-benz-ja-pensa-em-novo-programa-de-investimentos-para-2023\\\/#article\",\"isPartOf\":{\"@id\":\"https:\\\/\\\/dana.com.br\\\/canaldana\\\/2021\\\/09\\\/29\\\/mesmo-com-instabilidades-do-pais-mercedes-benz-ja-pensa-em-novo-programa-de-investimentos-para-2023\\\/\"},\"author\":{\"name\":\"Canal Dana\",\"@id\":\"https:\\\/\\\/dana.com.br\\\/canaldana\\\/#\\\/schema\\\/person\\\/3c21f22f56fcf3bc46b94bc60ea4fef6\"},\"headline\":\"Mesmo com instabilidades do Pa\u00eds, Mercedes-Benz j\u00e1 pensa em novo programa de investimentos para 2023\",\"datePublished\":\"2021-09-29T11:40:44+00:00\",\"mainEntityOfPage\":{\"@id\":\"https:\\\/\\\/dana.com.br\\\/canaldana\\\/2021\\\/09\\\/29\\\/mesmo-com-instabilidades-do-pais-mercedes-benz-ja-pensa-em-novo-programa-de-investimentos-para-2023\\\/\"},\"wordCount\":797,\"articleSection\":[\"Destaques\"],\"inLanguage\":\"pt-BR\"},{\"@type\":\"WebPage\",\"@id\":\"https:\\\/\\\/dana.com.br\\\/canaldana\\\/2021\\\/09\\\/29\\\/mesmo-com-instabilidades-do-pais-mercedes-benz-ja-pensa-em-novo-programa-de-investimentos-para-2023\\\/\",\"url\":\"https:\\\/\\\/dana.com.br\\\/canaldana\\\/2021\\\/09\\\/29\\\/mesmo-com-instabilidades-do-pais-mercedes-benz-ja-pensa-em-novo-programa-de-investimentos-para-2023\\\/\",\"name\":\"Mesmo com instabilidades do Pa\u00eds, Mercedes-Benz j\u00e1 pensa em novo programa de investimentos para 2023 - Canal Dana\",\"isPartOf\":{\"@id\":\"https:\\\/\\\/dana.com.br\\\/canaldana\\\/#website\"},\"datePublished\":\"2021-09-29T11:40:44+00:00\",\"author\":{\"@id\":\"https:\\\/\\\/dana.com.br\\\/canaldana\\\/#\\\/schema\\\/person\\\/3c21f22f56fcf3bc46b94bc60ea4fef6\"},\"breadcrumb\":{\"@id\":\"https:\\\/\\\/dana.com.br\\\/canaldana\\\/2021\\\/09\\\/29\\\/mesmo-com-instabilidades-do-pais-mercedes-benz-ja-pensa-em-novo-programa-de-investimentos-para-2023\\\/#breadcrumb\"},\"inLanguage\":\"pt-BR\",\"potentialAction\":[{\"@type\":\"ReadAction\",\"target\":[\"https:\\\/\\\/dana.com.br\\\/canaldana\\\/2021\\\/09\\\/29\\\/mesmo-com-instabilidades-do-pais-mercedes-benz-ja-pensa-em-novo-programa-de-investimentos-para-2023\\\/\"]}]},{\"@type\":\"BreadcrumbList\",\"@id\":\"https:\\\/\\\/dana.com.br\\\/canaldana\\\/2021\\\/09\\\/29\\\/mesmo-com-instabilidades-do-pais-mercedes-benz-ja-pensa-em-novo-programa-de-investimentos-para-2023\\\/#breadcrumb\",\"itemListElement\":[{\"@type\":\"ListItem\",\"position\":1,\"name\":\"Home\",\"item\":\"https:\\\/\\\/dana.com.br\\\/canaldana\\\/\"},{\"@type\":\"ListItem\",\"position\":2,\"name\":\"Destaques\",\"item\":\"https:\\\/\\\/dana.com.br\\\/canaldana\\\/destaques\\\/\"},{\"@type\":\"ListItem\",\"position\":3,\"name\":\"Mesmo com instabilidades do Pa\u00eds, Mercedes-Benz j\u00e1 pensa em novo programa de investimentos para 2023\"}]},{\"@type\":\"WebSite\",\"@id\":\"https:\\\/\\\/dana.com.br\\\/canaldana\\\/#website\",\"url\":\"https:\\\/\\\/dana.com.br\\\/canaldana\\\/\",\"name\":\"Canal Dana\",\"description\":\"Informativo com as principais not\u00edcias da ind\u00fastria automotiva\",\"potentialAction\":[{\"@type\":\"SearchAction\",\"target\":{\"@type\":\"EntryPoint\",\"urlTemplate\":\"https:\\\/\\\/dana.com.br\\\/canaldana\\\/?s={search_term_string}\"},\"query-input\":{\"@type\":\"PropertyValueSpecification\",\"valueRequired\":true,\"valueName\":\"search_term_string\"}}],\"inLanguage\":\"pt-BR\"},{\"@type\":\"Person\",\"@id\":\"https:\\\/\\\/dana.com.br\\\/canaldana\\\/#\\\/schema\\\/person\\\/3c21f22f56fcf3bc46b94bc60ea4fef6\",\"name\":\"Canal Dana\",\"image\":{\"@type\":\"ImageObject\",\"inLanguage\":\"pt-BR\",\"@id\":\"https:\\\/\\\/secure.gravatar.com\\\/avatar\\\/420aaf9278582877d9018637c6817617705899d2858d7572ef0fe59a6b6454b4?s=96&d=mm&r=g\",\"url\":\"https:\\\/\\\/secure.gravatar.com\\\/avatar\\\/420aaf9278582877d9018637c6817617705899d2858d7572ef0fe59a6b6454b4?s=96&d=mm&r=g\",\"contentUrl\":\"https:\\\/\\\/secure.gravatar.com\\\/avatar\\\/420aaf9278582877d9018637c6817617705899d2858d7572ef0fe59a6b6454b4?s=96&d=mm&r=g\",\"caption\":\"Canal Dana\"},\"url\":\"https:\\\/\\\/dana.com.br\\\/canaldana\\\/author\\\/cdeditor\\\/\"}]}<\/script>\n<!-- \/ Yoast SEO plugin. -->","yoast_head_json":{"title":"Mesmo com instabilidades do Pa\u00eds, Mercedes-Benz j\u00e1 pensa em novo programa de investimentos para 2023 - Canal Dana","robots":{"index":"index","follow":"follow","max-snippet":"max-snippet:-1","max-image-preview":"max-image-preview:large","max-video-preview":"max-video-preview:-1"},"canonical":"https:\/\/dana.com.br\/canaldana\/2021\/09\/29\/mesmo-com-instabilidades-do-pais-mercedes-benz-ja-pensa-em-novo-programa-de-investimentos-para-2023\/","og_locale":"pt_BR","og_type":"article","og_title":"Mesmo com instabilidades do Pa\u00eds, Mercedes-Benz j\u00e1 pensa em novo programa de investimentos para 2023 - Canal Dana","og_description":"O Estado de S. Paulo &nbsp; \u00c0 frente da divis\u00e3o mundial da Mercedes-Benz Caminh\u00f5es h\u00e1 quase oito meses, Karin Radstr\u00f6m diz que a filial brasileira tem situa\u00e7\u00e3o financeira \u201cboa\u201d e que o grupo j\u00e1 come\u00e7ou a avaliar um novo programa de investimento para o Pa\u00eds a partir de 2023. Ela \u00e9 respons\u00e1vel pelos neg\u00f3cios do\u2026 Leia mais \u00bb","og_url":"https:\/\/dana.com.br\/canaldana\/2021\/09\/29\/mesmo-com-instabilidades-do-pais-mercedes-benz-ja-pensa-em-novo-programa-de-investimentos-para-2023\/","og_site_name":"Canal Dana","article_published_time":"2021-09-29T11:40:44+00:00","author":"Canal Dana","twitter_card":"summary_large_image","twitter_misc":{"Escrito por":"Canal Dana","Est. tempo de leitura":"4 minutos"},"schema":{"@context":"https:\/\/schema.org","@graph":[{"@type":"Article","@id":"https:\/\/dana.com.br\/canaldana\/2021\/09\/29\/mesmo-com-instabilidades-do-pais-mercedes-benz-ja-pensa-em-novo-programa-de-investimentos-para-2023\/#article","isPartOf":{"@id":"https:\/\/dana.com.br\/canaldana\/2021\/09\/29\/mesmo-com-instabilidades-do-pais-mercedes-benz-ja-pensa-em-novo-programa-de-investimentos-para-2023\/"},"author":{"name":"Canal Dana","@id":"https:\/\/dana.com.br\/canaldana\/#\/schema\/person\/3c21f22f56fcf3bc46b94bc60ea4fef6"},"headline":"Mesmo com instabilidades do Pa\u00eds, Mercedes-Benz j\u00e1 pensa em novo programa de investimentos para 2023","datePublished":"2021-09-29T11:40:44+00:00","mainEntityOfPage":{"@id":"https:\/\/dana.com.br\/canaldana\/2021\/09\/29\/mesmo-com-instabilidades-do-pais-mercedes-benz-ja-pensa-em-novo-programa-de-investimentos-para-2023\/"},"wordCount":797,"articleSection":["Destaques"],"inLanguage":"pt-BR"},{"@type":"WebPage","@id":"https:\/\/dana.com.br\/canaldana\/2021\/09\/29\/mesmo-com-instabilidades-do-pais-mercedes-benz-ja-pensa-em-novo-programa-de-investimentos-para-2023\/","url":"https:\/\/dana.com.br\/canaldana\/2021\/09\/29\/mesmo-com-instabilidades-do-pais-mercedes-benz-ja-pensa-em-novo-programa-de-investimentos-para-2023\/","name":"Mesmo com instabilidades do Pa\u00eds, Mercedes-Benz j\u00e1 pensa em novo programa de investimentos para 2023 - Canal Dana","isPartOf":{"@id":"https:\/\/dana.com.br\/canaldana\/#website"},"datePublished":"2021-09-29T11:40:44+00:00","author":{"@id":"https:\/\/dana.com.br\/canaldana\/#\/schema\/person\/3c21f22f56fcf3bc46b94bc60ea4fef6"},"breadcrumb":{"@id":"https:\/\/dana.com.br\/canaldana\/2021\/09\/29\/mesmo-com-instabilidades-do-pais-mercedes-benz-ja-pensa-em-novo-programa-de-investimentos-para-2023\/#breadcrumb"},"inLanguage":"pt-BR","potentialAction":[{"@type":"ReadAction","target":["https:\/\/dana.com.br\/canaldana\/2021\/09\/29\/mesmo-com-instabilidades-do-pais-mercedes-benz-ja-pensa-em-novo-programa-de-investimentos-para-2023\/"]}]},{"@type":"BreadcrumbList","@id":"https:\/\/dana.com.br\/canaldana\/2021\/09\/29\/mesmo-com-instabilidades-do-pais-mercedes-benz-ja-pensa-em-novo-programa-de-investimentos-para-2023\/#breadcrumb","itemListElement":[{"@type":"ListItem","position":1,"name":"Home","item":"https:\/\/dana.com.br\/canaldana\/"},{"@type":"ListItem","position":2,"name":"Destaques","item":"https:\/\/dana.com.br\/canaldana\/destaques\/"},{"@type":"ListItem","position":3,"name":"Mesmo com instabilidades do Pa\u00eds, Mercedes-Benz j\u00e1 pensa em novo programa de investimentos para 2023"}]},{"@type":"WebSite","@id":"https:\/\/dana.com.br\/canaldana\/#website","url":"https:\/\/dana.com.br\/canaldana\/","name":"Canal Dana","description":"Informativo com as principais not\u00edcias da ind\u00fastria automotiva","potentialAction":[{"@type":"SearchAction","target":{"@type":"EntryPoint","urlTemplate":"https:\/\/dana.com.br\/canaldana\/?s={search_term_string}"},"query-input":{"@type":"PropertyValueSpecification","valueRequired":true,"valueName":"search_term_string"}}],"inLanguage":"pt-BR"},{"@type":"Person","@id":"https:\/\/dana.com.br\/canaldana\/#\/schema\/person\/3c21f22f56fcf3bc46b94bc60ea4fef6","name":"Canal Dana","image":{"@type":"ImageObject","inLanguage":"pt-BR","@id":"https:\/\/secure.gravatar.com\/avatar\/420aaf9278582877d9018637c6817617705899d2858d7572ef0fe59a6b6454b4?s=96&d=mm&r=g","url":"https:\/\/secure.gravatar.com\/avatar\/420aaf9278582877d9018637c6817617705899d2858d7572ef0fe59a6b6454b4?s=96&d=mm&r=g","contentUrl":"https:\/\/secure.gravatar.com\/avatar\/420aaf9278582877d9018637c6817617705899d2858d7572ef0fe59a6b6454b4?s=96&d=mm&r=g","caption":"Canal Dana"},"url":"https:\/\/dana.com.br\/canaldana\/author\/cdeditor\/"}]}},"_links":{"self":[{"href":"https:\/\/dana.com.br\/canaldana\/wp-json\/wp\/v2\/posts\/53276","targetHints":{"allow":["GET"]}}],"collection":[{"href":"https:\/\/dana.com.br\/canaldana\/wp-json\/wp\/v2\/posts"}],"about":[{"href":"https:\/\/dana.com.br\/canaldana\/wp-json\/wp\/v2\/types\/post"}],"author":[{"embeddable":true,"href":"https:\/\/dana.com.br\/canaldana\/wp-json\/wp\/v2\/users\/3"}],"replies":[{"embeddable":true,"href":"https:\/\/dana.com.br\/canaldana\/wp-json\/wp\/v2\/comments?post=53276"}],"version-history":[{"count":0,"href":"https:\/\/dana.com.br\/canaldana\/wp-json\/wp\/v2\/posts\/53276\/revisions"}],"wp:attachment":[{"href":"https:\/\/dana.com.br\/canaldana\/wp-json\/wp\/v2\/media?parent=53276"}],"wp:term":[{"taxonomy":"category","embeddable":true,"href":"https:\/\/dana.com.br\/canaldana\/wp-json\/wp\/v2\/categories?post=53276"},{"taxonomy":"post_tag","embeddable":true,"href":"https:\/\/dana.com.br\/canaldana\/wp-json\/wp\/v2\/tags?post=53276"}],"curies":[{"name":"wp","href":"https:\/\/api.w.org\/{rel}","templated":true}]}}