{"id":53252,"date":"2021-09-29T08:32:35","date_gmt":"2021-09-29T11:32:35","guid":{"rendered":"https:\/\/dana.com.br\/canaldana\/?p=53252"},"modified":"2021-09-29T08:32:35","modified_gmt":"2021-09-29T11:32:35","slug":"byd-faz-primeira-entrega-de-onibus-eletricos-em-ancona-na-italia","status":"publish","type":"post","link":"https:\/\/dana.com.br\/canaldana\/2021\/09\/29\/byd-faz-primeira-entrega-de-onibus-eletricos-em-ancona-na-italia\/","title":{"rendered":"BYD faz primeira entrega de \u00f4nibus el\u00e9tricos em Ancona, na It\u00e1lia."},"content":{"rendered":"<p><em>Coisas de Agora<\/em><\/p>\n<p>&nbsp;<\/p>\n<p>A BYD, a maior fabricante de \u00f4nibus el\u00e9tricos do mundo, entregou dois \u00f4nibus 100% el\u00e9tricos em Ancona, capital da regi\u00e3o de Marche, na It\u00e1lia. Os dois ve\u00edculos foram destinados \u00e0 Conerobus, principal operadora de transporte p\u00fablico de Ancona.<\/p>\n<p>&nbsp;<\/p>\n<p>Al\u00e9m de ser o primeiro pedido de \u00f4nibus el\u00e9tricos BYD da Ancona, eles tamb\u00e9m ser\u00e3o os primeiros \u00f4nibus 100% el\u00e9tricos a operar na Regi\u00e3o de Marche. Estes \u00f4nibus ser\u00e3o especialmente importantes para as pessoas que vivem e viajam na regi\u00e3o, pois proporcionar\u00e3o um ambiente mais limpo e saud\u00e1vel.<\/p>\n<p>&nbsp;<\/p>\n<p>Uma cerim\u00f4nia de apresenta\u00e7\u00e3o marcou a entrega oficial dos \u00f4nibus, na hist\u00f3rica Piazza Cavour, perto do Palazzo del Polpolo, com a presen\u00e7a de governantes locais do Munic\u00edpio de Ancona, juntamente com altos executivos da Conerobus e da BYD Europa.<\/p>\n<p>&nbsp;<\/p>\n<p>A Prefeita de Ancona, Val\u00e9ria Mancinelli, esteve presente, acompanhada por Ida Simonella, Vereadora de Transportes do Munic\u00edpio de Ancona, Stefano Foresi, Vereador pela Participa\u00e7\u00e3o Democr\u00e1tica do Munic\u00edpio de Ancona, e Muzio Papaveri, Presidente e CEO da Conerobus.<\/p>\n<p>&nbsp;<\/p>\n<p>Durante seu discurso, a prefeita de Ancona, Valeria Mancinelli, comentou: Temos pol\u00edticas de sustentabilidade muito elevadas em nossa agenda. O progresso foi constru\u00eddo ao longo do tempo e hoje demos um passo positivo. Ao longo dos anos, desenvolvemos um sistema que nos proporcionou um transporte p\u00fablico cada vez mais verde. Temos uma s\u00e9rie de projetos que nos permitir\u00e3o fortalecer ainda mais a sustentabilidade da mobilidade urbana, ao mesmo tempo em que apoiamos a moderniza\u00e7\u00e3o e a intermodalidade funcional. Esses fatores combinados levar\u00e3o a um ambiente mais saud\u00e1vel e proporcionar\u00e3o uma maneira ainda melhor de vivenciar a cidade.\u201d<\/p>\n<p>&nbsp;<\/p>\n<p>A BYD apoia a estrat\u00e9gia da Conerobus de introduzir ve\u00edculos n\u00e3o poluentes \u00e0 sua frota, ao mesmo tempo em que oferece aos clientes altos n\u00edveis de conforto em suas viagens. Um dos \u00f4nibus ser\u00e1 usado no movimentado porto mar\u00edtimo que serve o Mar Adri\u00e1tico, principalmente para rotas tur\u00edsticas, enquanto o outro entrar\u00e1 em opera\u00e7\u00e3o no movimentado centro da cidade de Ancona.<\/p>\n<p>&nbsp;<\/p>\n<p>O presidente e CEO da Conerobus, Muzio Papaveri, disse: \u201cH\u00e1 muito tempo estamos comprometidos em construir um transporte p\u00fablico cada vez mais sustent\u00e1vel. Os novos ve\u00edculos el\u00e9tricos s\u00e3o apenas os mais recentes de uma s\u00e9rie de iniciativas que nos permitem entregar um servi\u00e7o dedicado \u00e0 inova\u00e7\u00e3o com baixo impacto ambiental. Os novos tr\u00f3lebus e \u00f4nibus el\u00e9tricos representam a fase final de um projeto maior com foco na transi\u00e7\u00e3o energ\u00e9tica.\u201d<\/p>\n<p>&nbsp;<\/p>\n<p>O \u00f4nibus da BYD tem capacidade para 58 passageiros, proporcionando um interior elegante e relaxante, com ilumina\u00e7\u00e3o ambiente e assentos bem projetados, para tornar as viagens uma experi\u00eancia confort\u00e1vel e prazerosa. Cada um foi projetado para acomodar o acesso \u00e0 cadeira de rodas. A seguran\u00e7a \u00e9 uma caracter\u00edstica fundamental do design. O sistema de gerenciamento t\u00e9rmico de bateria BYD n\u00e3o s\u00f3 maximiza a vida \u00fatil da bateria para uma longa autonomia, mas tamb\u00e9m fornece n\u00edveis \u00f3timos de seguran\u00e7a. O design compacto e a manobrabilidade fazem do Midibus da BYD a escolha perfeita para navegar em ambientes do centro da cidade.<\/p>\n<p>&nbsp;<\/p>\n<p>O Diretor Executivo da BYD Europe, Isbrand Ho, disse: \u201cEstamos muito satisfeitos de entregar nossos primeiros \u00f4nibus el\u00e9tricos para Ancona. Saber que os ve\u00edculos BYD foram selecionados como os primeiros \u00f4nibus totalmente el\u00e9tricos para o Munic\u00edpio de Ancona torna isso ainda mais especial. Nossos \u00f4nibus t\u00eam uma presen\u00e7a cada vez maior em cidades da Europa e esta \u00faltima entrega \u00e0 Ancona \u00e9 resultado de nossa parceria estreita e h\u00e1 muito tempo estabelecida com operadores e autoridades locais de transporte p\u00fablico.\u201d<\/p>\n<p>&nbsp;<\/p>\n<p>Mais de 100 \u00f4nibus el\u00e9tricos BYD est\u00e3o atualmente encomendados ou em opera\u00e7\u00e3o em toda a It\u00e1lia, fornecendo um servi\u00e7o seguro, confi\u00e1vel e ambientalmente limpo em rotas intensivas nas cidades de Turim, Novara, Alessandria, Mil\u00e3o, P\u00e1dua e Messina, e outras cidades menores. S\u00f3 na It\u00e1lia, eles viajaram mais de 7 milh\u00f5es de quil\u00f4metros, reduzindo cerca de 7.000 toneladas de emiss\u00f5es de CO2 comparado aos ve\u00edculos movidos a diesel equivalentes.<\/p>\n<p>&nbsp;<\/p>\n<p><strong>BYD<\/strong><\/p>\n<p>&nbsp;<\/p>\n<p>No Brasil, a BYD abriu sua primeira f\u00e1brica em 2015 para produ\u00e7\u00e3o de chassis de \u00f4nibus el\u00e9tricos e comercializa\u00e7\u00e3o de ve\u00edculos e empilhadeiras em Campinas, interior de S\u00e3o Paulo. Em abril de 2017, inaugurou sua segunda planta, para produ\u00e7\u00e3o de m\u00f3dulos fotovoltaicos, consolidando-se como uma das l\u00edderes desse importante mercado no Brasil. Em 2020, a BYD iniciou a opera\u00e7\u00e3o de sua terceira planta fabril no Pa\u00eds, em Manaus, para a produ\u00e7\u00e3o de baterias. A BYD tamb\u00e9m \u00e9 respons\u00e1vel por dois projetos de SkyRail (monotrilho) no pa\u00eds: Em Salvador, com o VLT do Sub\u00farbio, e na cidade de S\u00e3o Paulo, com a Linha 17 \u2013 Ouro. A BYD Brasil emprega 365 funcion\u00e1rios nas cidades de Campinas, S\u00e3o Paulo, Salvador, Manaus, Vit\u00f3ria, Curitiba e Rio de Janeiro. Em abril de 2021, a BYD Brasil passou a integrar o Pacto Global, iniciativa da Na\u00e7\u00f5es Unidas (ONU) para mobilizar a comunidade empresarial na ado\u00e7\u00e3o e promo\u00e7\u00e3o, em suas pr\u00e1ticas de neg\u00f3cios, de Dez Princ\u00edpios universalmente aceitos nas \u00e1reas de direitos humanos, trabalho, meio ambiente e combate \u00e0 corrup\u00e7\u00e3o. (Coisas de Agora)<\/p>\n","protected":false},"excerpt":{"rendered":"<p>Coisas de Agora &nbsp; A BYD, a maior fabricante de \u00f4nibus el\u00e9tricos do mundo, entregou dois \u00f4nibus 100% el\u00e9tricos em Ancona, capital da regi\u00e3o de Marche, na It\u00e1lia. Os dois ve\u00edculos foram destinados \u00e0 Conerobus, principal operadora de transporte p\u00fablico de Ancona. &nbsp; Al\u00e9m de ser o primeiro pedido de \u00f4nibus el\u00e9tricos BYD da Ancona,\u2026 <a class=\"readmore\" href=\"https:\/\/dana.com.br\/canaldana\/2021\/09\/29\/byd-faz-primeira-entrega-de-onibus-eletricos-em-ancona-na-italia\/\">Leia mais \u00bb<\/a><\/p>\n","protected":false},"author":3,"featured_media":0,"comment_status":"closed","ping_status":"closed","sticky":false,"template":"","format":"standard","meta":{"_acf_changed":false,"footnotes":""},"categories":[110],"tags":[],"class_list":["post-53252","post","type-post","status-publish","format-standard","hentry","category-eletricos"],"acf":[],"yoast_head":"<!-- This site is optimized with the Yoast SEO plugin v27.3 - https:\/\/yoast.com\/product\/yoast-seo-wordpress\/ -->\n<title>BYD faz primeira entrega de \u00f4nibus el\u00e9tricos em Ancona, na It\u00e1lia. - Canal Dana<\/title>\n<meta name=\"robots\" content=\"index, follow, max-snippet:-1, max-image-preview:large, max-video-preview:-1\" \/>\n<link rel=\"canonical\" href=\"https:\/\/dana.com.br\/canaldana\/2021\/09\/29\/byd-faz-primeira-entrega-de-onibus-eletricos-em-ancona-na-italia\/\" \/>\n<meta property=\"og:locale\" content=\"pt_BR\" \/>\n<meta property=\"og:type\" content=\"article\" \/>\n<meta property=\"og:title\" content=\"BYD faz primeira entrega de \u00f4nibus el\u00e9tricos em Ancona, na It\u00e1lia. - Canal Dana\" \/>\n<meta property=\"og:description\" content=\"Coisas de Agora &nbsp; A BYD, a maior fabricante de \u00f4nibus el\u00e9tricos do mundo, entregou dois \u00f4nibus 100% el\u00e9tricos em Ancona, capital da regi\u00e3o de Marche, na It\u00e1lia. Os dois ve\u00edculos foram destinados \u00e0 Conerobus, principal operadora de transporte p\u00fablico de Ancona. &nbsp; Al\u00e9m de ser o primeiro pedido de \u00f4nibus el\u00e9tricos BYD da Ancona,\u2026 Leia mais \u00bb\" \/>\n<meta property=\"og:url\" content=\"https:\/\/dana.com.br\/canaldana\/2021\/09\/29\/byd-faz-primeira-entrega-de-onibus-eletricos-em-ancona-na-italia\/\" \/>\n<meta property=\"og:site_name\" content=\"Canal Dana\" \/>\n<meta property=\"article:published_time\" content=\"2021-09-29T11:32:35+00:00\" \/>\n<meta name=\"author\" content=\"Canal Dana\" \/>\n<meta name=\"twitter:card\" content=\"summary_large_image\" \/>\n<meta name=\"twitter:label1\" content=\"Escrito por\" \/>\n\t<meta name=\"twitter:data1\" content=\"Canal Dana\" \/>\n\t<meta name=\"twitter:label2\" content=\"Est. tempo de leitura\" \/>\n\t<meta name=\"twitter:data2\" content=\"5 minutos\" \/>\n<script type=\"application\/ld+json\" class=\"yoast-schema-graph\">{\"@context\":\"https:\\\/\\\/schema.org\",\"@graph\":[{\"@type\":\"Article\",\"@id\":\"https:\\\/\\\/dana.com.br\\\/canaldana\\\/2021\\\/09\\\/29\\\/byd-faz-primeira-entrega-de-onibus-eletricos-em-ancona-na-italia\\\/#article\",\"isPartOf\":{\"@id\":\"https:\\\/\\\/dana.com.br\\\/canaldana\\\/2021\\\/09\\\/29\\\/byd-faz-primeira-entrega-de-onibus-eletricos-em-ancona-na-italia\\\/\"},\"author\":{\"name\":\"Canal Dana\",\"@id\":\"https:\\\/\\\/dana.com.br\\\/canaldana\\\/#\\\/schema\\\/person\\\/3c21f22f56fcf3bc46b94bc60ea4fef6\"},\"headline\":\"BYD faz primeira entrega de \u00f4nibus el\u00e9tricos em Ancona, na It\u00e1lia.\",\"datePublished\":\"2021-09-29T11:32:35+00:00\",\"mainEntityOfPage\":{\"@id\":\"https:\\\/\\\/dana.com.br\\\/canaldana\\\/2021\\\/09\\\/29\\\/byd-faz-primeira-entrega-de-onibus-eletricos-em-ancona-na-italia\\\/\"},\"wordCount\":933,\"articleSection\":[\"El\u00e9tricos\"],\"inLanguage\":\"pt-BR\"},{\"@type\":\"WebPage\",\"@id\":\"https:\\\/\\\/dana.com.br\\\/canaldana\\\/2021\\\/09\\\/29\\\/byd-faz-primeira-entrega-de-onibus-eletricos-em-ancona-na-italia\\\/\",\"url\":\"https:\\\/\\\/dana.com.br\\\/canaldana\\\/2021\\\/09\\\/29\\\/byd-faz-primeira-entrega-de-onibus-eletricos-em-ancona-na-italia\\\/\",\"name\":\"BYD faz primeira entrega de \u00f4nibus el\u00e9tricos em Ancona, na It\u00e1lia. - Canal Dana\",\"isPartOf\":{\"@id\":\"https:\\\/\\\/dana.com.br\\\/canaldana\\\/#website\"},\"datePublished\":\"2021-09-29T11:32:35+00:00\",\"author\":{\"@id\":\"https:\\\/\\\/dana.com.br\\\/canaldana\\\/#\\\/schema\\\/person\\\/3c21f22f56fcf3bc46b94bc60ea4fef6\"},\"breadcrumb\":{\"@id\":\"https:\\\/\\\/dana.com.br\\\/canaldana\\\/2021\\\/09\\\/29\\\/byd-faz-primeira-entrega-de-onibus-eletricos-em-ancona-na-italia\\\/#breadcrumb\"},\"inLanguage\":\"pt-BR\",\"potentialAction\":[{\"@type\":\"ReadAction\",\"target\":[\"https:\\\/\\\/dana.com.br\\\/canaldana\\\/2021\\\/09\\\/29\\\/byd-faz-primeira-entrega-de-onibus-eletricos-em-ancona-na-italia\\\/\"]}]},{\"@type\":\"BreadcrumbList\",\"@id\":\"https:\\\/\\\/dana.com.br\\\/canaldana\\\/2021\\\/09\\\/29\\\/byd-faz-primeira-entrega-de-onibus-eletricos-em-ancona-na-italia\\\/#breadcrumb\",\"itemListElement\":[{\"@type\":\"ListItem\",\"position\":1,\"name\":\"Home\",\"item\":\"https:\\\/\\\/dana.com.br\\\/canaldana\\\/\"},{\"@type\":\"ListItem\",\"position\":2,\"name\":\"El\u00e9tricos\",\"item\":\"https:\\\/\\\/dana.com.br\\\/canaldana\\\/eletricos\\\/\"},{\"@type\":\"ListItem\",\"position\":3,\"name\":\"BYD faz primeira entrega de \u00f4nibus el\u00e9tricos em Ancona, na It\u00e1lia.\"}]},{\"@type\":\"WebSite\",\"@id\":\"https:\\\/\\\/dana.com.br\\\/canaldana\\\/#website\",\"url\":\"https:\\\/\\\/dana.com.br\\\/canaldana\\\/\",\"name\":\"Canal Dana\",\"description\":\"Informativo com as principais not\u00edcias da ind\u00fastria automotiva\",\"potentialAction\":[{\"@type\":\"SearchAction\",\"target\":{\"@type\":\"EntryPoint\",\"urlTemplate\":\"https:\\\/\\\/dana.com.br\\\/canaldana\\\/?s={search_term_string}\"},\"query-input\":{\"@type\":\"PropertyValueSpecification\",\"valueRequired\":true,\"valueName\":\"search_term_string\"}}],\"inLanguage\":\"pt-BR\"},{\"@type\":\"Person\",\"@id\":\"https:\\\/\\\/dana.com.br\\\/canaldana\\\/#\\\/schema\\\/person\\\/3c21f22f56fcf3bc46b94bc60ea4fef6\",\"name\":\"Canal Dana\",\"image\":{\"@type\":\"ImageObject\",\"inLanguage\":\"pt-BR\",\"@id\":\"https:\\\/\\\/secure.gravatar.com\\\/avatar\\\/420aaf9278582877d9018637c6817617705899d2858d7572ef0fe59a6b6454b4?s=96&d=mm&r=g\",\"url\":\"https:\\\/\\\/secure.gravatar.com\\\/avatar\\\/420aaf9278582877d9018637c6817617705899d2858d7572ef0fe59a6b6454b4?s=96&d=mm&r=g\",\"contentUrl\":\"https:\\\/\\\/secure.gravatar.com\\\/avatar\\\/420aaf9278582877d9018637c6817617705899d2858d7572ef0fe59a6b6454b4?s=96&d=mm&r=g\",\"caption\":\"Canal Dana\"},\"url\":\"https:\\\/\\\/dana.com.br\\\/canaldana\\\/author\\\/cdeditor\\\/\"}]}<\/script>\n<!-- \/ Yoast SEO plugin. -->","yoast_head_json":{"title":"BYD faz primeira entrega de \u00f4nibus el\u00e9tricos em Ancona, na It\u00e1lia. - Canal Dana","robots":{"index":"index","follow":"follow","max-snippet":"max-snippet:-1","max-image-preview":"max-image-preview:large","max-video-preview":"max-video-preview:-1"},"canonical":"https:\/\/dana.com.br\/canaldana\/2021\/09\/29\/byd-faz-primeira-entrega-de-onibus-eletricos-em-ancona-na-italia\/","og_locale":"pt_BR","og_type":"article","og_title":"BYD faz primeira entrega de \u00f4nibus el\u00e9tricos em Ancona, na It\u00e1lia. - Canal Dana","og_description":"Coisas de Agora &nbsp; A BYD, a maior fabricante de \u00f4nibus el\u00e9tricos do mundo, entregou dois \u00f4nibus 100% el\u00e9tricos em Ancona, capital da regi\u00e3o de Marche, na It\u00e1lia. Os dois ve\u00edculos foram destinados \u00e0 Conerobus, principal operadora de transporte p\u00fablico de Ancona. &nbsp; Al\u00e9m de ser o primeiro pedido de \u00f4nibus el\u00e9tricos BYD da Ancona,\u2026 Leia mais \u00bb","og_url":"https:\/\/dana.com.br\/canaldana\/2021\/09\/29\/byd-faz-primeira-entrega-de-onibus-eletricos-em-ancona-na-italia\/","og_site_name":"Canal Dana","article_published_time":"2021-09-29T11:32:35+00:00","author":"Canal Dana","twitter_card":"summary_large_image","twitter_misc":{"Escrito por":"Canal Dana","Est. tempo de leitura":"5 minutos"},"schema":{"@context":"https:\/\/schema.org","@graph":[{"@type":"Article","@id":"https:\/\/dana.com.br\/canaldana\/2021\/09\/29\/byd-faz-primeira-entrega-de-onibus-eletricos-em-ancona-na-italia\/#article","isPartOf":{"@id":"https:\/\/dana.com.br\/canaldana\/2021\/09\/29\/byd-faz-primeira-entrega-de-onibus-eletricos-em-ancona-na-italia\/"},"author":{"name":"Canal Dana","@id":"https:\/\/dana.com.br\/canaldana\/#\/schema\/person\/3c21f22f56fcf3bc46b94bc60ea4fef6"},"headline":"BYD faz primeira entrega de \u00f4nibus el\u00e9tricos em Ancona, na It\u00e1lia.","datePublished":"2021-09-29T11:32:35+00:00","mainEntityOfPage":{"@id":"https:\/\/dana.com.br\/canaldana\/2021\/09\/29\/byd-faz-primeira-entrega-de-onibus-eletricos-em-ancona-na-italia\/"},"wordCount":933,"articleSection":["El\u00e9tricos"],"inLanguage":"pt-BR"},{"@type":"WebPage","@id":"https:\/\/dana.com.br\/canaldana\/2021\/09\/29\/byd-faz-primeira-entrega-de-onibus-eletricos-em-ancona-na-italia\/","url":"https:\/\/dana.com.br\/canaldana\/2021\/09\/29\/byd-faz-primeira-entrega-de-onibus-eletricos-em-ancona-na-italia\/","name":"BYD faz primeira entrega de \u00f4nibus el\u00e9tricos em Ancona, na It\u00e1lia. - Canal Dana","isPartOf":{"@id":"https:\/\/dana.com.br\/canaldana\/#website"},"datePublished":"2021-09-29T11:32:35+00:00","author":{"@id":"https:\/\/dana.com.br\/canaldana\/#\/schema\/person\/3c21f22f56fcf3bc46b94bc60ea4fef6"},"breadcrumb":{"@id":"https:\/\/dana.com.br\/canaldana\/2021\/09\/29\/byd-faz-primeira-entrega-de-onibus-eletricos-em-ancona-na-italia\/#breadcrumb"},"inLanguage":"pt-BR","potentialAction":[{"@type":"ReadAction","target":["https:\/\/dana.com.br\/canaldana\/2021\/09\/29\/byd-faz-primeira-entrega-de-onibus-eletricos-em-ancona-na-italia\/"]}]},{"@type":"BreadcrumbList","@id":"https:\/\/dana.com.br\/canaldana\/2021\/09\/29\/byd-faz-primeira-entrega-de-onibus-eletricos-em-ancona-na-italia\/#breadcrumb","itemListElement":[{"@type":"ListItem","position":1,"name":"Home","item":"https:\/\/dana.com.br\/canaldana\/"},{"@type":"ListItem","position":2,"name":"El\u00e9tricos","item":"https:\/\/dana.com.br\/canaldana\/eletricos\/"},{"@type":"ListItem","position":3,"name":"BYD faz primeira entrega de \u00f4nibus el\u00e9tricos em Ancona, na It\u00e1lia."}]},{"@type":"WebSite","@id":"https:\/\/dana.com.br\/canaldana\/#website","url":"https:\/\/dana.com.br\/canaldana\/","name":"Canal Dana","description":"Informativo com as principais not\u00edcias da ind\u00fastria automotiva","potentialAction":[{"@type":"SearchAction","target":{"@type":"EntryPoint","urlTemplate":"https:\/\/dana.com.br\/canaldana\/?s={search_term_string}"},"query-input":{"@type":"PropertyValueSpecification","valueRequired":true,"valueName":"search_term_string"}}],"inLanguage":"pt-BR"},{"@type":"Person","@id":"https:\/\/dana.com.br\/canaldana\/#\/schema\/person\/3c21f22f56fcf3bc46b94bc60ea4fef6","name":"Canal Dana","image":{"@type":"ImageObject","inLanguage":"pt-BR","@id":"https:\/\/secure.gravatar.com\/avatar\/420aaf9278582877d9018637c6817617705899d2858d7572ef0fe59a6b6454b4?s=96&d=mm&r=g","url":"https:\/\/secure.gravatar.com\/avatar\/420aaf9278582877d9018637c6817617705899d2858d7572ef0fe59a6b6454b4?s=96&d=mm&r=g","contentUrl":"https:\/\/secure.gravatar.com\/avatar\/420aaf9278582877d9018637c6817617705899d2858d7572ef0fe59a6b6454b4?s=96&d=mm&r=g","caption":"Canal Dana"},"url":"https:\/\/dana.com.br\/canaldana\/author\/cdeditor\/"}]}},"_links":{"self":[{"href":"https:\/\/dana.com.br\/canaldana\/wp-json\/wp\/v2\/posts\/53252","targetHints":{"allow":["GET"]}}],"collection":[{"href":"https:\/\/dana.com.br\/canaldana\/wp-json\/wp\/v2\/posts"}],"about":[{"href":"https:\/\/dana.com.br\/canaldana\/wp-json\/wp\/v2\/types\/post"}],"author":[{"embeddable":true,"href":"https:\/\/dana.com.br\/canaldana\/wp-json\/wp\/v2\/users\/3"}],"replies":[{"embeddable":true,"href":"https:\/\/dana.com.br\/canaldana\/wp-json\/wp\/v2\/comments?post=53252"}],"version-history":[{"count":0,"href":"https:\/\/dana.com.br\/canaldana\/wp-json\/wp\/v2\/posts\/53252\/revisions"}],"wp:attachment":[{"href":"https:\/\/dana.com.br\/canaldana\/wp-json\/wp\/v2\/media?parent=53252"}],"wp:term":[{"taxonomy":"category","embeddable":true,"href":"https:\/\/dana.com.br\/canaldana\/wp-json\/wp\/v2\/categories?post=53252"},{"taxonomy":"post_tag","embeddable":true,"href":"https:\/\/dana.com.br\/canaldana\/wp-json\/wp\/v2\/tags?post=53252"}],"curies":[{"name":"wp","href":"https:\/\/api.w.org\/{rel}","templated":true}]}}