{"id":53210,"date":"2021-09-28T08:27:40","date_gmt":"2021-09-28T11:27:40","guid":{"rendered":"https:\/\/dana.com.br\/canaldana\/?p=53210"},"modified":"2021-09-28T08:27:40","modified_gmt":"2021-09-28T11:27:40","slug":"vibra-quer-tornar-rede-de-postos-petrobras-referencia-em-mobilidade","status":"publish","type":"post","link":"https:\/\/dana.com.br\/canaldana\/2021\/09\/28\/vibra-quer-tornar-rede-de-postos-petrobras-referencia-em-mobilidade\/","title":{"rendered":"Vibra quer tornar rede de postos Petrobras refer\u00eancia em mobilidade"},"content":{"rendered":"<p><em>O Estado de S. Paulo<\/em><\/p>\n<p>&nbsp;<\/p>\n<p>No in\u00edcio dos anos 1990, um posto Petrobras foi o primeiro a oferecer G\u00e1s Natural Veicular (GNV), na Pra\u00e7a da Bandeira, no Rio de Janeiro. Em 2005, na primeira d\u00e9cada do novo mil\u00eanio, os Postos Petrobras foram os primeiros a vender biodiesel com abrang\u00eancia em todo o territ\u00f3rio, gra\u00e7as \u00e0 capilaridade da rede. H\u00e1 exatos dez anos, em 2011, a maior rede de postos do Brasil inovou novamente, inaugurando o Posto do Futuro, com tecnologias interativas, servi\u00e7os diferenciados e foco na efici\u00eancia energ\u00e9tica e na sustentabilidade ambiental.<\/p>\n<p>&nbsp;<\/p>\n<p>Em 2021, os Postos Petrobras colocam mais uma efem\u00e9ride na linha do tempo de uma hist\u00f3ria intimamente ligada \u00e0 mobilidade e ao desenvolvimento do Brasil. A maior rede de postos do Pa\u00eds agora \u00e9 Vibra Energia, uma empresa privada que nasce da BR Distribuidora. A meta \u00e9 crescer ainda mais, com expans\u00e3o do modelo de neg\u00f3cios, modernizando os servi\u00e7os e tornando mais \u00e1gil, positiva e interativa a rela\u00e7\u00e3o do cliente com os postos e sua rede de produtos e servi\u00e7os.<\/p>\n<p>&nbsp;<\/p>\n<p>Com mais de 8 mil postos espalhados pelos quatro cantos do territ\u00f3rio nacional, a Vibra trabalha na amplia\u00e7\u00e3o do horizonte de neg\u00f3cios e na transforma\u00e7\u00e3o das unidades de revenda e franquia \u2013 lojas BR Mania e centros automotivos Lubrax+ \u2013 para a era do carbono neutro.<\/p>\n<p>&nbsp;<\/p>\n<p>A expectativa \u00e9 de abrir mais 600 unidades nos pr\u00f3ximos cinco anos, aumentando ainda mais a capilaridade da bandeira. Atualmente, os Postos Petrobras est\u00e3o em 1,8 mil cidades, espalhadas em todos os 27 Estados. A marca Petrobras n\u00e3o vai mudar nos postos, j\u00e1 que a Vibra continuar\u00e1 sendo licenciada exclusiva da estatal.<\/p>\n<p>&nbsp;<\/p>\n<p><strong>Moderniza\u00e7\u00e3o<\/strong><\/p>\n<p>&nbsp;<\/p>\n<p>A Vibra tem buscado entender o consumo nas diferentes regi\u00f5es do Pa\u00eds, a fim de transformar e moldar os servi\u00e7os conforme a realidade local. Um dos pontos-chave do plano \u00e9 buscar solu\u00e7\u00f5es que sejam simples e \u00e1geis, investindo cada vez mais em ferramentas de tecnologia para atender as necessidades dos clientes e consumidores.<\/p>\n<p>&nbsp;<\/p>\n<p>\u201cEstamos intimamente ligados com a mobilidade das pessoas, dos neg\u00f3cios. S\u00e3o mais de 30 milh\u00f5es de clientes \u00fanicos que acessam os nossos postos mensalmente. Ser relevante, oferecer solu\u00e7\u00f5es, produtos e servi\u00e7os convenientes e de forma competitiva para as pessoas \u00e9 a nossa grande miss\u00e3o\u201d, explica o diretor de Opera\u00e7\u00f5es, Log\u00edstica e Sourcing da Vibra, Marcelo Bragan\u00e7a.<\/p>\n<p>&nbsp;<\/p>\n<p>Com a Vibra, os Postos Petrobras e a cadeia de neg\u00f3cios agregada seguem no trilho, rumo ao futuro da mobilidade no mundo. \u201cAs pessoas se valem mais da conveni\u00eancia, t\u00eam o delivery, a facilidade de ela resolver no mesmo site diversos servi\u00e7os, enfim, transformar efetivamente a experi\u00eancia de cada cliente.\u201d<\/p>\n<p>&nbsp;<\/p>\n<p>A Vibra aposta na ideia de vender algo valioso para as pessoas e para as ind\u00fastrias: que \u00e9 tempo. \u201cSe a gente conseguir oferecer para ele aquela energia, seja abastecendo o ve\u00edculo no posto, seja colocando combust\u00edveis dentro de uma locomotiva, ou dentro de uma m\u00e1quina de um cliente de uma ind\u00fastria, para que ele opere e produza aquele material, que ele oferece ao mercado, no final do dia \u00e9 conveni\u00eancia, \u00e9 tempo, \u00e9 mobilidade\u201d, explica Bragan\u00e7a.<\/p>\n<p>&nbsp;<\/p>\n<p><strong>Eletrifica\u00e7\u00e3o<\/strong><\/p>\n<p>&nbsp;<\/p>\n<p>Em uma sociedade cada vez mais descarbonizada, a Vibra Energia investe para ser refer\u00eancia no Brasil em gera\u00e7\u00e3o de energia limpa e renov\u00e1vel, sem deixar de ser a maior distribuidora de combust\u00edveis do Pa\u00eds. A meta da Vibra \u00e9 privilegiar a transi\u00e7\u00e3o rumo a esse futuro com nova matriz energ\u00e9tica e novos costumes, sem deixar de lado os neg\u00f3cios que consagraram os Postos Petrobras em refer\u00eancia no Brasil.<\/p>\n<p>&nbsp;<\/p>\n<p>No mercado de energia, a Vibra vem atuando por meio de sua comercializadora. A empresa oferece solu\u00e7\u00f5es de gera\u00e7\u00e3o distribu\u00edda para clientes conectados em baixa tens\u00e3o. \u201cA gente estima que a partir de 2030, quando a gente olhar a venda de ve\u00edculos, cerca de 30% seriam venda de el\u00e9tricos e de h\u00edbridos com algum componente do el\u00e9trico, e eles v\u00e3o come\u00e7ar a alcan\u00e7ar a partir disso 10% de nossa frota\u201d, diz Bragan\u00e7a. (O Estado de S. Paulo)<\/p>\n","protected":false},"excerpt":{"rendered":"<p>O Estado de S. Paulo &nbsp; No in\u00edcio dos anos 1990, um posto Petrobras foi o primeiro a oferecer G\u00e1s Natural Veicular (GNV), na Pra\u00e7a da Bandeira, no Rio de Janeiro. Em 2005, na primeira d\u00e9cada do novo mil\u00eanio, os Postos Petrobras foram os primeiros a vender biodiesel com abrang\u00eancia em todo o territ\u00f3rio, gra\u00e7as\u2026 <a class=\"readmore\" href=\"https:\/\/dana.com.br\/canaldana\/2021\/09\/28\/vibra-quer-tornar-rede-de-postos-petrobras-referencia-em-mobilidade\/\">Leia mais \u00bb<\/a><\/p>\n","protected":false},"author":3,"featured_media":0,"comment_status":"closed","ping_status":"closed","sticky":false,"template":"","format":"standard","meta":{"_acf_changed":false,"footnotes":""},"categories":[102],"tags":[],"class_list":["post-53210","post","type-post","status-publish","format-standard","hentry","category-mobilidade"],"acf":[],"yoast_head":"<!-- This site is optimized with the Yoast SEO plugin v27.3 - https:\/\/yoast.com\/product\/yoast-seo-wordpress\/ -->\n<title>Vibra quer tornar rede de postos Petrobras refer\u00eancia em mobilidade - Canal Dana<\/title>\n<meta name=\"robots\" content=\"index, follow, max-snippet:-1, max-image-preview:large, max-video-preview:-1\" \/>\n<link rel=\"canonical\" href=\"https:\/\/dana.com.br\/canaldana\/2021\/09\/28\/vibra-quer-tornar-rede-de-postos-petrobras-referencia-em-mobilidade\/\" \/>\n<meta property=\"og:locale\" content=\"pt_BR\" \/>\n<meta property=\"og:type\" content=\"article\" \/>\n<meta property=\"og:title\" content=\"Vibra quer tornar rede de postos Petrobras refer\u00eancia em mobilidade - Canal Dana\" \/>\n<meta property=\"og:description\" content=\"O Estado de S. Paulo &nbsp; No in\u00edcio dos anos 1990, um posto Petrobras foi o primeiro a oferecer G\u00e1s Natural Veicular (GNV), na Pra\u00e7a da Bandeira, no Rio de Janeiro. Em 2005, na primeira d\u00e9cada do novo mil\u00eanio, os Postos Petrobras foram os primeiros a vender biodiesel com abrang\u00eancia em todo o territ\u00f3rio, gra\u00e7as\u2026 Leia mais \u00bb\" \/>\n<meta property=\"og:url\" content=\"https:\/\/dana.com.br\/canaldana\/2021\/09\/28\/vibra-quer-tornar-rede-de-postos-petrobras-referencia-em-mobilidade\/\" \/>\n<meta property=\"og:site_name\" content=\"Canal Dana\" \/>\n<meta property=\"article:published_time\" content=\"2021-09-28T11:27:40+00:00\" \/>\n<meta name=\"author\" content=\"Canal Dana\" \/>\n<meta name=\"twitter:card\" content=\"summary_large_image\" \/>\n<meta name=\"twitter:label1\" content=\"Escrito por\" \/>\n\t<meta name=\"twitter:data1\" content=\"Canal Dana\" \/>\n\t<meta name=\"twitter:label2\" content=\"Est. tempo de leitura\" \/>\n\t<meta name=\"twitter:data2\" content=\"4 minutos\" \/>\n<script type=\"application\/ld+json\" class=\"yoast-schema-graph\">{\"@context\":\"https:\\\/\\\/schema.org\",\"@graph\":[{\"@type\":\"Article\",\"@id\":\"https:\\\/\\\/dana.com.br\\\/canaldana\\\/2021\\\/09\\\/28\\\/vibra-quer-tornar-rede-de-postos-petrobras-referencia-em-mobilidade\\\/#article\",\"isPartOf\":{\"@id\":\"https:\\\/\\\/dana.com.br\\\/canaldana\\\/2021\\\/09\\\/28\\\/vibra-quer-tornar-rede-de-postos-petrobras-referencia-em-mobilidade\\\/\"},\"author\":{\"name\":\"Canal Dana\",\"@id\":\"https:\\\/\\\/dana.com.br\\\/canaldana\\\/#\\\/schema\\\/person\\\/3c21f22f56fcf3bc46b94bc60ea4fef6\"},\"headline\":\"Vibra quer tornar rede de postos Petrobras refer\u00eancia em mobilidade\",\"datePublished\":\"2021-09-28T11:27:40+00:00\",\"mainEntityOfPage\":{\"@id\":\"https:\\\/\\\/dana.com.br\\\/canaldana\\\/2021\\\/09\\\/28\\\/vibra-quer-tornar-rede-de-postos-petrobras-referencia-em-mobilidade\\\/\"},\"wordCount\":724,\"articleSection\":[\"Mobilidade\"],\"inLanguage\":\"pt-BR\"},{\"@type\":\"WebPage\",\"@id\":\"https:\\\/\\\/dana.com.br\\\/canaldana\\\/2021\\\/09\\\/28\\\/vibra-quer-tornar-rede-de-postos-petrobras-referencia-em-mobilidade\\\/\",\"url\":\"https:\\\/\\\/dana.com.br\\\/canaldana\\\/2021\\\/09\\\/28\\\/vibra-quer-tornar-rede-de-postos-petrobras-referencia-em-mobilidade\\\/\",\"name\":\"Vibra quer tornar rede de postos Petrobras refer\u00eancia em mobilidade - Canal Dana\",\"isPartOf\":{\"@id\":\"https:\\\/\\\/dana.com.br\\\/canaldana\\\/#website\"},\"datePublished\":\"2021-09-28T11:27:40+00:00\",\"author\":{\"@id\":\"https:\\\/\\\/dana.com.br\\\/canaldana\\\/#\\\/schema\\\/person\\\/3c21f22f56fcf3bc46b94bc60ea4fef6\"},\"breadcrumb\":{\"@id\":\"https:\\\/\\\/dana.com.br\\\/canaldana\\\/2021\\\/09\\\/28\\\/vibra-quer-tornar-rede-de-postos-petrobras-referencia-em-mobilidade\\\/#breadcrumb\"},\"inLanguage\":\"pt-BR\",\"potentialAction\":[{\"@type\":\"ReadAction\",\"target\":[\"https:\\\/\\\/dana.com.br\\\/canaldana\\\/2021\\\/09\\\/28\\\/vibra-quer-tornar-rede-de-postos-petrobras-referencia-em-mobilidade\\\/\"]}]},{\"@type\":\"BreadcrumbList\",\"@id\":\"https:\\\/\\\/dana.com.br\\\/canaldana\\\/2021\\\/09\\\/28\\\/vibra-quer-tornar-rede-de-postos-petrobras-referencia-em-mobilidade\\\/#breadcrumb\",\"itemListElement\":[{\"@type\":\"ListItem\",\"position\":1,\"name\":\"Home\",\"item\":\"https:\\\/\\\/dana.com.br\\\/canaldana\\\/\"},{\"@type\":\"ListItem\",\"position\":2,\"name\":\"Mobilidade\",\"item\":\"https:\\\/\\\/dana.com.br\\\/canaldana\\\/mobilidade\\\/\"},{\"@type\":\"ListItem\",\"position\":3,\"name\":\"Vibra quer tornar rede de postos Petrobras refer\u00eancia em mobilidade\"}]},{\"@type\":\"WebSite\",\"@id\":\"https:\\\/\\\/dana.com.br\\\/canaldana\\\/#website\",\"url\":\"https:\\\/\\\/dana.com.br\\\/canaldana\\\/\",\"name\":\"Canal Dana\",\"description\":\"Informativo com as principais not\u00edcias da ind\u00fastria automotiva\",\"potentialAction\":[{\"@type\":\"SearchAction\",\"target\":{\"@type\":\"EntryPoint\",\"urlTemplate\":\"https:\\\/\\\/dana.com.br\\\/canaldana\\\/?s={search_term_string}\"},\"query-input\":{\"@type\":\"PropertyValueSpecification\",\"valueRequired\":true,\"valueName\":\"search_term_string\"}}],\"inLanguage\":\"pt-BR\"},{\"@type\":\"Person\",\"@id\":\"https:\\\/\\\/dana.com.br\\\/canaldana\\\/#\\\/schema\\\/person\\\/3c21f22f56fcf3bc46b94bc60ea4fef6\",\"name\":\"Canal Dana\",\"image\":{\"@type\":\"ImageObject\",\"inLanguage\":\"pt-BR\",\"@id\":\"https:\\\/\\\/secure.gravatar.com\\\/avatar\\\/420aaf9278582877d9018637c6817617705899d2858d7572ef0fe59a6b6454b4?s=96&d=mm&r=g\",\"url\":\"https:\\\/\\\/secure.gravatar.com\\\/avatar\\\/420aaf9278582877d9018637c6817617705899d2858d7572ef0fe59a6b6454b4?s=96&d=mm&r=g\",\"contentUrl\":\"https:\\\/\\\/secure.gravatar.com\\\/avatar\\\/420aaf9278582877d9018637c6817617705899d2858d7572ef0fe59a6b6454b4?s=96&d=mm&r=g\",\"caption\":\"Canal Dana\"},\"url\":\"https:\\\/\\\/dana.com.br\\\/canaldana\\\/author\\\/cdeditor\\\/\"}]}<\/script>\n<!-- \/ Yoast SEO plugin. -->","yoast_head_json":{"title":"Vibra quer tornar rede de postos Petrobras refer\u00eancia em mobilidade - Canal Dana","robots":{"index":"index","follow":"follow","max-snippet":"max-snippet:-1","max-image-preview":"max-image-preview:large","max-video-preview":"max-video-preview:-1"},"canonical":"https:\/\/dana.com.br\/canaldana\/2021\/09\/28\/vibra-quer-tornar-rede-de-postos-petrobras-referencia-em-mobilidade\/","og_locale":"pt_BR","og_type":"article","og_title":"Vibra quer tornar rede de postos Petrobras refer\u00eancia em mobilidade - Canal Dana","og_description":"O Estado de S. Paulo &nbsp; No in\u00edcio dos anos 1990, um posto Petrobras foi o primeiro a oferecer G\u00e1s Natural Veicular (GNV), na Pra\u00e7a da Bandeira, no Rio de Janeiro. Em 2005, na primeira d\u00e9cada do novo mil\u00eanio, os Postos Petrobras foram os primeiros a vender biodiesel com abrang\u00eancia em todo o territ\u00f3rio, gra\u00e7as\u2026 Leia mais \u00bb","og_url":"https:\/\/dana.com.br\/canaldana\/2021\/09\/28\/vibra-quer-tornar-rede-de-postos-petrobras-referencia-em-mobilidade\/","og_site_name":"Canal Dana","article_published_time":"2021-09-28T11:27:40+00:00","author":"Canal Dana","twitter_card":"summary_large_image","twitter_misc":{"Escrito por":"Canal Dana","Est. tempo de leitura":"4 minutos"},"schema":{"@context":"https:\/\/schema.org","@graph":[{"@type":"Article","@id":"https:\/\/dana.com.br\/canaldana\/2021\/09\/28\/vibra-quer-tornar-rede-de-postos-petrobras-referencia-em-mobilidade\/#article","isPartOf":{"@id":"https:\/\/dana.com.br\/canaldana\/2021\/09\/28\/vibra-quer-tornar-rede-de-postos-petrobras-referencia-em-mobilidade\/"},"author":{"name":"Canal Dana","@id":"https:\/\/dana.com.br\/canaldana\/#\/schema\/person\/3c21f22f56fcf3bc46b94bc60ea4fef6"},"headline":"Vibra quer tornar rede de postos Petrobras refer\u00eancia em mobilidade","datePublished":"2021-09-28T11:27:40+00:00","mainEntityOfPage":{"@id":"https:\/\/dana.com.br\/canaldana\/2021\/09\/28\/vibra-quer-tornar-rede-de-postos-petrobras-referencia-em-mobilidade\/"},"wordCount":724,"articleSection":["Mobilidade"],"inLanguage":"pt-BR"},{"@type":"WebPage","@id":"https:\/\/dana.com.br\/canaldana\/2021\/09\/28\/vibra-quer-tornar-rede-de-postos-petrobras-referencia-em-mobilidade\/","url":"https:\/\/dana.com.br\/canaldana\/2021\/09\/28\/vibra-quer-tornar-rede-de-postos-petrobras-referencia-em-mobilidade\/","name":"Vibra quer tornar rede de postos Petrobras refer\u00eancia em mobilidade - Canal Dana","isPartOf":{"@id":"https:\/\/dana.com.br\/canaldana\/#website"},"datePublished":"2021-09-28T11:27:40+00:00","author":{"@id":"https:\/\/dana.com.br\/canaldana\/#\/schema\/person\/3c21f22f56fcf3bc46b94bc60ea4fef6"},"breadcrumb":{"@id":"https:\/\/dana.com.br\/canaldana\/2021\/09\/28\/vibra-quer-tornar-rede-de-postos-petrobras-referencia-em-mobilidade\/#breadcrumb"},"inLanguage":"pt-BR","potentialAction":[{"@type":"ReadAction","target":["https:\/\/dana.com.br\/canaldana\/2021\/09\/28\/vibra-quer-tornar-rede-de-postos-petrobras-referencia-em-mobilidade\/"]}]},{"@type":"BreadcrumbList","@id":"https:\/\/dana.com.br\/canaldana\/2021\/09\/28\/vibra-quer-tornar-rede-de-postos-petrobras-referencia-em-mobilidade\/#breadcrumb","itemListElement":[{"@type":"ListItem","position":1,"name":"Home","item":"https:\/\/dana.com.br\/canaldana\/"},{"@type":"ListItem","position":2,"name":"Mobilidade","item":"https:\/\/dana.com.br\/canaldana\/mobilidade\/"},{"@type":"ListItem","position":3,"name":"Vibra quer tornar rede de postos Petrobras refer\u00eancia em mobilidade"}]},{"@type":"WebSite","@id":"https:\/\/dana.com.br\/canaldana\/#website","url":"https:\/\/dana.com.br\/canaldana\/","name":"Canal Dana","description":"Informativo com as principais not\u00edcias da ind\u00fastria automotiva","potentialAction":[{"@type":"SearchAction","target":{"@type":"EntryPoint","urlTemplate":"https:\/\/dana.com.br\/canaldana\/?s={search_term_string}"},"query-input":{"@type":"PropertyValueSpecification","valueRequired":true,"valueName":"search_term_string"}}],"inLanguage":"pt-BR"},{"@type":"Person","@id":"https:\/\/dana.com.br\/canaldana\/#\/schema\/person\/3c21f22f56fcf3bc46b94bc60ea4fef6","name":"Canal Dana","image":{"@type":"ImageObject","inLanguage":"pt-BR","@id":"https:\/\/secure.gravatar.com\/avatar\/420aaf9278582877d9018637c6817617705899d2858d7572ef0fe59a6b6454b4?s=96&d=mm&r=g","url":"https:\/\/secure.gravatar.com\/avatar\/420aaf9278582877d9018637c6817617705899d2858d7572ef0fe59a6b6454b4?s=96&d=mm&r=g","contentUrl":"https:\/\/secure.gravatar.com\/avatar\/420aaf9278582877d9018637c6817617705899d2858d7572ef0fe59a6b6454b4?s=96&d=mm&r=g","caption":"Canal Dana"},"url":"https:\/\/dana.com.br\/canaldana\/author\/cdeditor\/"}]}},"_links":{"self":[{"href":"https:\/\/dana.com.br\/canaldana\/wp-json\/wp\/v2\/posts\/53210","targetHints":{"allow":["GET"]}}],"collection":[{"href":"https:\/\/dana.com.br\/canaldana\/wp-json\/wp\/v2\/posts"}],"about":[{"href":"https:\/\/dana.com.br\/canaldana\/wp-json\/wp\/v2\/types\/post"}],"author":[{"embeddable":true,"href":"https:\/\/dana.com.br\/canaldana\/wp-json\/wp\/v2\/users\/3"}],"replies":[{"embeddable":true,"href":"https:\/\/dana.com.br\/canaldana\/wp-json\/wp\/v2\/comments?post=53210"}],"version-history":[{"count":0,"href":"https:\/\/dana.com.br\/canaldana\/wp-json\/wp\/v2\/posts\/53210\/revisions"}],"wp:attachment":[{"href":"https:\/\/dana.com.br\/canaldana\/wp-json\/wp\/v2\/media?parent=53210"}],"wp:term":[{"taxonomy":"category","embeddable":true,"href":"https:\/\/dana.com.br\/canaldana\/wp-json\/wp\/v2\/categories?post=53210"},{"taxonomy":"post_tag","embeddable":true,"href":"https:\/\/dana.com.br\/canaldana\/wp-json\/wp\/v2\/tags?post=53210"}],"curies":[{"name":"wp","href":"https:\/\/api.w.org\/{rel}","templated":true}]}}