{"id":53203,"date":"2021-09-27T08:41:36","date_gmt":"2021-09-27T11:41:36","guid":{"rendered":"https:\/\/dana.com.br\/canaldana\/?p=53203"},"modified":"2021-09-27T08:41:36","modified_gmt":"2021-09-27T11:41:36","slug":"sem-carro-novo-usado-se-valoriza-e-aquece-mercado","status":"publish","type":"post","link":"https:\/\/dana.com.br\/canaldana\/2021\/09\/27\/sem-carro-novo-usado-se-valoriza-e-aquece-mercado\/","title":{"rendered":"Sem carro novo, usado se valoriza e aquece mercado"},"content":{"rendered":"<p><em>O Estado de S. Paulo <\/em><\/p>\n<p>&nbsp;<\/p>\n<p>A falta de componentes atrasa a produ\u00e7\u00e3o de carros novos e os usados ganham f\u00f4lego. H\u00e1 modelos com valoriza\u00e7\u00e3o acima de 20% em um ano. Em situa\u00e7\u00e3o normal, haveria deprecia\u00e7\u00e3o de 20%.<\/p>\n<p>&nbsp;<\/p>\n<p>As negocia\u00e7\u00f5es de carros usados tiveram um boom neste ano, ocupando espa\u00e7o dos modelos novos que sumiram das lojas em raz\u00e3o da falta de chip para a produ\u00e7\u00e3o. Com demanda em alta, h\u00e1 uma escalada de pre\u00e7os que n\u00e3o se via desde o Plano Cruzado (nos anos 1980). H\u00e1 modelos com valoriza\u00e7\u00e3o de mais de 20% em um ano. Num mercado normal, o autom\u00f3vel perde entre 15% a 20% do seu valor ap\u00f3s um ano de uso.<\/p>\n<p>&nbsp;<\/p>\n<p>Embora o segmento tamb\u00e9m j\u00e1 registre falta de produtos, as vendas at\u00e9 agosto s\u00e3o recordes, com 7,59 milh\u00f5es de autom\u00f3veis e comerciais leves. O n\u00famero \u00e9 48,8% superior ao de 2020, um dos anos mais fracos para o setor por causa da pandemia, mas tamb\u00e9m 6,6% acima dos 7,12 milh\u00f5es de usados vendidos em igual per\u00edodo de 2019, at\u00e9 ent\u00e3o o melhor resultado da hist\u00f3ria, segundo a Fenabrave, que representa as concession\u00e1rias.<\/p>\n<p>&nbsp;<\/p>\n<p>A rela\u00e7\u00e3o entre a venda de carros usados e novos tamb\u00e9m est\u00e1 no ponto m\u00e1ximo da s\u00e9rie hist\u00f3rica realizada desde julho de 2004 pelo Bradesco, que trabalha com dados dessazonalizados. Para cada autom\u00f3vel zero vendido no ano, foram comercializados 6,5 usados. O maior n\u00edvel anterior tinha sido verificado na crise de 2015 e 2016, quando ficou em 5,5.<\/p>\n<p>&nbsp;<\/p>\n<p>\u201cEm per\u00edodos de crise \u00e9 normal essa m\u00e9trica subir, mas dessa vez a massa salarial foi preservada pelos est\u00edmulos (do governo) e as vendas cresceram em parte por causa da demanda, e em parte por causa da falta dos novos\u201d, diz Renan Bassoli Diniz, economista do Departamento de Pesquisa e Estudos Econ\u00f4micos do Bradesco.<\/p>\n<p>&nbsp;<\/p>\n<p>Os pre\u00e7os dos carros novos tamb\u00e9m aumentaram ao longo do ano, mas abaixo dos usados. Segundo o IPCA, \u00edndice que mede a infla\u00e7\u00e3o dos pre\u00e7os ao consumidor, ve\u00edculos zero acumulam alta de 9,8% nos 12 meses encerrados em agosto, enquanto os usados subiram 12,5%.<\/p>\n<p>&nbsp;<\/p>\n<p><strong>Corrida<\/strong><\/p>\n<p>&nbsp;<\/p>\n<p>O vice-presidente da Fenabrave, Jos\u00e9 Maur\u00edcio Andreta J\u00fanior, diz acreditar que o mercado de usados deve encerrar o ano com mais de 11 milh\u00f5es de ve\u00edculos vendidos, confirmando assim o melhor resultado da hist\u00f3ria do segmento.<\/p>\n<p>&nbsp;<\/p>\n<p>Para os novos, diz ele, \u00e9 dif\u00edcil fazer previs\u00f5es porque vai depender da capacidade das montadoras de entregar carros para as revendas. A previs\u00e3o do mercado \u00e9 de que a falta de semicondutores deve se manter pelo menos at\u00e9 meados de 2022.<\/p>\n<p>&nbsp;<\/p>\n<p>Mais focadas em modelos novos, concession\u00e1rias tamb\u00e9m correm atr\u00e1s de usados em portais e oferecem pre\u00e7os mais atraentes aos propriet\u00e1rios. Antes da pandemia, o mais comum era receber o usado na troca pelo novo e repass\u00e1-lo a lojistas do ramo. Agora, a maioria das revendas busca carros seminovos (com at\u00e9 tr\u00eas anos de uso) para alavancar os neg\u00f3cios. H\u00e1, inclusive, grupos abrindo lojas exclusivas para vender usados.<\/p>\n<p>&nbsp;<\/p>\n<p><strong>Carro usado chega a custar mais que um zero quil\u00f4metro<\/strong><\/p>\n<p>&nbsp;<\/p>\n<p>Vender um carro usado por um ano e com pre\u00e7o melhor do que aquele pago na compra \u00e9 algo in\u00e9dito num momento de estabilidade econ\u00f4mica. \u201cVi isso s\u00f3 na \u00e9poca da hiperinfla\u00e7\u00e3o\u201d, afirma Eduardo Jurcevic, presidente da Webmotors, maior plataforma de compra e venda de carros do Pa\u00eds.<\/p>\n<p>&nbsp;<\/p>\n<p>Modelos de grande procura, como Volkswagen T-Cross e Gol, tiveram em um ano valoriza\u00e7\u00e3o de 27% e 24%, respectivamente, conforme dados da KBB Brasil, empresa especializada em pesquisa de pre\u00e7os de ve\u00edculos (veja quadro ao lado).<\/p>\n<p>&nbsp;<\/p>\n<p>Para Ana Renata Navas, diretora-geral da Cox Automotive do Brasil, dona da KBB, a alta procura por carros usados \u2013 e a consequente valoriza\u00e7\u00e3o dos pre\u00e7os \u2013 se deve, em parte, \u00e0 pronta entrega que o segmento oferece ao consumidor. Muitos modelos novos t\u00eam filas de espera de quatro a seis meses.<\/p>\n<p>&nbsp;<\/p>\n<p>Outro ingrediente, diz ela, \u00e9 que a falta de carros novos reduz tamb\u00e9m a oferta de usados, pois normalmente eles comp\u00f5em o pagamento do zero. \u201cCom menos ve\u00edculos seminovos e usados dispon\u00edveis nos estoques das lojas, h\u00e1 mais press\u00e3o sobre os pre\u00e7os\u201d, explica.<\/p>\n<p>&nbsp;<\/p>\n<p>Segundo Ana Renata, caso a crise de semicondutores perdure para al\u00e9m do primeiro semestre de 2022, ou se agrave no curto e m\u00e9dio prazo, os fatores citados \u201cpodem pressionar ainda mais os pre\u00e7os, a ponto de arrefecer a demanda por usados\u201d.<\/p>\n<p>&nbsp;<\/p>\n<p><strong>No limite<\/strong><\/p>\n<p>&nbsp;<\/p>\n<p>Na opini\u00e3o de Jurcevic, a elasticidade de pre\u00e7os vai at\u00e9 um certo ponto. \u201cAcho que est\u00e1 muito pr\u00f3ximo de chegar em um patamar em que o consumidor vai decidir esperar mais um pouco porque os pre\u00e7os est\u00e3o muito altos\u201d, diz. Como no geral modelos novos e usados ficaram mais caros, o consumidor ter\u00e1 de avaliar se compensa trocar o carro valorizado por outro que tamb\u00e9m valorizou.<\/p>\n<p>&nbsp;<\/p>\n<p>Jurcevic afirma que este j\u00e1 \u00e9 o melhor momento da hist\u00f3ria de 25 anos da Webmotors no Brasil. O resultado financeiro da empresa cresceu mais de 30% at\u00e9 agosto ante igual per\u00edodo de 2020 e ele acredita que esse resultado ser\u00e1 mantido at\u00e9 dezembro. O n\u00famero de usu\u00e1rios \u00fanicos, de 12 milh\u00f5es ao m\u00eas, tamb\u00e9m ser\u00e1 superado.<\/p>\n<p>&nbsp;<\/p>\n<p>S\u00f3 n\u00e3o ser\u00e1 melhor, ressalta o executivo, porque o n\u00famero de ve\u00edculos anunciados diminuiu. \u201cAntes da pandemia chegamos a ter 410 mil carros anunciados, e hoje temos 330 mil.\u201d<\/p>\n<p>&nbsp;<\/p>\n<p>O AutoShow, tradicional feir\u00e3o de carros usados que h\u00e1 um ano foi transferido do Anhembi para o Expo Center Norte, na capital paulista, retomou neste ano a venda presencial nas manh\u00e3s de domingo, depois de passar praticamente todo o ano passado sem realizar o evento.<\/p>\n<p>&nbsp;<\/p>\n<p>Leandro Ferrari, diretor comercial do AutoShow, afirma que o n\u00famero de carros \u00e0 venda diminuiu, assim como o p\u00fablico, em raz\u00e3o da pandemia. Ressalta, contudo, que em 2018 e em 2019 foram vendidos 30% dos 15 mil e dos 18 mil carros ofertados no feir\u00e3o. Neste ano, at\u00e9 agosto, 52% dos 3,3 mil modelos expostos foram vendidos. Mesmo com o aumento de plataformas de vendas on line, ele diz que o feir\u00e3o continua atraindo muito p\u00fablico comprador, visitas que devem aumentar quando a situa\u00e7\u00e3o da pandemia estiver mais controlada.<\/p>\n<p>&nbsp;<\/p>\n<p>\u201cO local \u00e9 seguro, h\u00e1 muitas op\u00e7\u00f5es de carros, a negocia\u00e7\u00e3o \u00e9 feita na hora, sem intermedi\u00e1rios e temos todos os servi\u00e7os para dar suporte \u00e0 compra, como vistoria cautelar, parceiros da \u00e1rea de financiamento e despachante\u201d, diz Ferrari.<\/p>\n<p>&nbsp;<\/p>\n<p><strong>Desacelera\u00e7\u00e3o<\/strong><\/p>\n<p>&nbsp;<\/p>\n<p>Ferrari cita o Fiat Argo modelo 2019 como exemplo da supervaloriza\u00e7\u00e3o dos pre\u00e7os, em especial dos seminovos. O modelo era oferecido por R$ 40,8 mil em setembro do ano passado e hoje custa R$ 52,4 mil. \u201cCome\u00e7a a ocorrer uma desacelera\u00e7\u00e3o da velocidade de vendas porque hoje o valor foge do bolso da maioria dos consumidores.\u201d<\/p>\n<p>&nbsp;<\/p>\n<p>A Kavak, startup mexicana que atua na compra e venda online de carros com at\u00e9 10 anos de uso, iniciou opera\u00e7\u00f5es no Brasil em julho com 2,5 mil unidades em estoque. Hoje tem 3,5 mil. O investimento inicial de R$ 2,5 bilh\u00f5es na opera\u00e7\u00e3o brasileira deve ser ampliado no pr\u00f3ximo ano com a expans\u00e3o das opera\u00e7\u00f5es.<\/p>\n<p>&nbsp;<\/p>\n<p>Nos \u00faltimos quatro anos, v\u00e1rias startups se instalaram no Pa\u00eds para atuar no mercado de carros de segunda m\u00e3o. Al\u00e9m da Kavak chegaram a Creditas \u2013 comprou a Volanty \u2013, InstaCarro, Carupi e a argentina Karvi. (O Estado de S. Paulo\/Cleide Silva)<\/p>\n","protected":false},"excerpt":{"rendered":"<p>O Estado de S. Paulo &nbsp; A falta de componentes atrasa a produ\u00e7\u00e3o de carros novos e os usados ganham f\u00f4lego. H\u00e1 modelos com valoriza\u00e7\u00e3o acima de 20% em um ano. Em situa\u00e7\u00e3o normal, haveria deprecia\u00e7\u00e3o de 20%. &nbsp; As negocia\u00e7\u00f5es de carros usados tiveram um boom neste ano, ocupando espa\u00e7o dos modelos novos que\u2026 <a class=\"readmore\" href=\"https:\/\/dana.com.br\/canaldana\/2021\/09\/27\/sem-carro-novo-usado-se-valoriza-e-aquece-mercado\/\">Leia mais \u00bb<\/a><\/p>\n","protected":false},"author":3,"featured_media":0,"comment_status":"closed","ping_status":"closed","sticky":false,"template":"","format":"standard","meta":{"_acf_changed":false,"footnotes":""},"categories":[61],"tags":[],"class_list":["post-53203","post","type-post","status-publish","format-standard","hentry","category-destaques"],"acf":[],"yoast_head":"<!-- This site is optimized with the Yoast SEO plugin v27.3 - https:\/\/yoast.com\/product\/yoast-seo-wordpress\/ -->\n<title>Sem carro novo, usado se valoriza e aquece mercado - Canal Dana<\/title>\n<meta name=\"robots\" content=\"index, follow, max-snippet:-1, max-image-preview:large, max-video-preview:-1\" \/>\n<link rel=\"canonical\" href=\"https:\/\/dana.com.br\/canaldana\/2021\/09\/27\/sem-carro-novo-usado-se-valoriza-e-aquece-mercado\/\" \/>\n<meta property=\"og:locale\" content=\"pt_BR\" \/>\n<meta property=\"og:type\" content=\"article\" \/>\n<meta property=\"og:title\" content=\"Sem carro novo, usado se valoriza e aquece mercado - Canal Dana\" \/>\n<meta property=\"og:description\" content=\"O Estado de S. Paulo &nbsp; A falta de componentes atrasa a produ\u00e7\u00e3o de carros novos e os usados ganham f\u00f4lego. H\u00e1 modelos com valoriza\u00e7\u00e3o acima de 20% em um ano. Em situa\u00e7\u00e3o normal, haveria deprecia\u00e7\u00e3o de 20%. &nbsp; As negocia\u00e7\u00f5es de carros usados tiveram um boom neste ano, ocupando espa\u00e7o dos modelos novos que\u2026 Leia mais \u00bb\" \/>\n<meta property=\"og:url\" content=\"https:\/\/dana.com.br\/canaldana\/2021\/09\/27\/sem-carro-novo-usado-se-valoriza-e-aquece-mercado\/\" \/>\n<meta property=\"og:site_name\" content=\"Canal Dana\" \/>\n<meta property=\"article:published_time\" content=\"2021-09-27T11:41:36+00:00\" \/>\n<meta name=\"author\" content=\"Canal Dana\" \/>\n<meta name=\"twitter:card\" content=\"summary_large_image\" \/>\n<meta name=\"twitter:label1\" content=\"Escrito por\" \/>\n\t<meta name=\"twitter:data1\" content=\"Canal Dana\" \/>\n\t<meta name=\"twitter:label2\" content=\"Est. tempo de leitura\" \/>\n\t<meta name=\"twitter:data2\" content=\"6 minutos\" \/>\n<script type=\"application\/ld+json\" class=\"yoast-schema-graph\">{\"@context\":\"https:\\\/\\\/schema.org\",\"@graph\":[{\"@type\":\"Article\",\"@id\":\"https:\\\/\\\/dana.com.br\\\/canaldana\\\/2021\\\/09\\\/27\\\/sem-carro-novo-usado-se-valoriza-e-aquece-mercado\\\/#article\",\"isPartOf\":{\"@id\":\"https:\\\/\\\/dana.com.br\\\/canaldana\\\/2021\\\/09\\\/27\\\/sem-carro-novo-usado-se-valoriza-e-aquece-mercado\\\/\"},\"author\":{\"name\":\"Canal Dana\",\"@id\":\"https:\\\/\\\/dana.com.br\\\/canaldana\\\/#\\\/schema\\\/person\\\/3c21f22f56fcf3bc46b94bc60ea4fef6\"},\"headline\":\"Sem carro novo, usado se valoriza e aquece mercado\",\"datePublished\":\"2021-09-27T11:41:36+00:00\",\"mainEntityOfPage\":{\"@id\":\"https:\\\/\\\/dana.com.br\\\/canaldana\\\/2021\\\/09\\\/27\\\/sem-carro-novo-usado-se-valoriza-e-aquece-mercado\\\/\"},\"wordCount\":1298,\"articleSection\":[\"Destaques\"],\"inLanguage\":\"pt-BR\"},{\"@type\":\"WebPage\",\"@id\":\"https:\\\/\\\/dana.com.br\\\/canaldana\\\/2021\\\/09\\\/27\\\/sem-carro-novo-usado-se-valoriza-e-aquece-mercado\\\/\",\"url\":\"https:\\\/\\\/dana.com.br\\\/canaldana\\\/2021\\\/09\\\/27\\\/sem-carro-novo-usado-se-valoriza-e-aquece-mercado\\\/\",\"name\":\"Sem carro novo, usado se valoriza e aquece mercado - Canal Dana\",\"isPartOf\":{\"@id\":\"https:\\\/\\\/dana.com.br\\\/canaldana\\\/#website\"},\"datePublished\":\"2021-09-27T11:41:36+00:00\",\"author\":{\"@id\":\"https:\\\/\\\/dana.com.br\\\/canaldana\\\/#\\\/schema\\\/person\\\/3c21f22f56fcf3bc46b94bc60ea4fef6\"},\"breadcrumb\":{\"@id\":\"https:\\\/\\\/dana.com.br\\\/canaldana\\\/2021\\\/09\\\/27\\\/sem-carro-novo-usado-se-valoriza-e-aquece-mercado\\\/#breadcrumb\"},\"inLanguage\":\"pt-BR\",\"potentialAction\":[{\"@type\":\"ReadAction\",\"target\":[\"https:\\\/\\\/dana.com.br\\\/canaldana\\\/2021\\\/09\\\/27\\\/sem-carro-novo-usado-se-valoriza-e-aquece-mercado\\\/\"]}]},{\"@type\":\"BreadcrumbList\",\"@id\":\"https:\\\/\\\/dana.com.br\\\/canaldana\\\/2021\\\/09\\\/27\\\/sem-carro-novo-usado-se-valoriza-e-aquece-mercado\\\/#breadcrumb\",\"itemListElement\":[{\"@type\":\"ListItem\",\"position\":1,\"name\":\"Home\",\"item\":\"https:\\\/\\\/dana.com.br\\\/canaldana\\\/\"},{\"@type\":\"ListItem\",\"position\":2,\"name\":\"Destaques\",\"item\":\"https:\\\/\\\/dana.com.br\\\/canaldana\\\/destaques\\\/\"},{\"@type\":\"ListItem\",\"position\":3,\"name\":\"Sem carro novo, usado se valoriza e aquece mercado\"}]},{\"@type\":\"WebSite\",\"@id\":\"https:\\\/\\\/dana.com.br\\\/canaldana\\\/#website\",\"url\":\"https:\\\/\\\/dana.com.br\\\/canaldana\\\/\",\"name\":\"Canal Dana\",\"description\":\"Informativo com as principais not\u00edcias da ind\u00fastria automotiva\",\"potentialAction\":[{\"@type\":\"SearchAction\",\"target\":{\"@type\":\"EntryPoint\",\"urlTemplate\":\"https:\\\/\\\/dana.com.br\\\/canaldana\\\/?s={search_term_string}\"},\"query-input\":{\"@type\":\"PropertyValueSpecification\",\"valueRequired\":true,\"valueName\":\"search_term_string\"}}],\"inLanguage\":\"pt-BR\"},{\"@type\":\"Person\",\"@id\":\"https:\\\/\\\/dana.com.br\\\/canaldana\\\/#\\\/schema\\\/person\\\/3c21f22f56fcf3bc46b94bc60ea4fef6\",\"name\":\"Canal Dana\",\"image\":{\"@type\":\"ImageObject\",\"inLanguage\":\"pt-BR\",\"@id\":\"https:\\\/\\\/secure.gravatar.com\\\/avatar\\\/420aaf9278582877d9018637c6817617705899d2858d7572ef0fe59a6b6454b4?s=96&d=mm&r=g\",\"url\":\"https:\\\/\\\/secure.gravatar.com\\\/avatar\\\/420aaf9278582877d9018637c6817617705899d2858d7572ef0fe59a6b6454b4?s=96&d=mm&r=g\",\"contentUrl\":\"https:\\\/\\\/secure.gravatar.com\\\/avatar\\\/420aaf9278582877d9018637c6817617705899d2858d7572ef0fe59a6b6454b4?s=96&d=mm&r=g\",\"caption\":\"Canal Dana\"},\"url\":\"https:\\\/\\\/dana.com.br\\\/canaldana\\\/author\\\/cdeditor\\\/\"}]}<\/script>\n<!-- \/ Yoast SEO plugin. -->","yoast_head_json":{"title":"Sem carro novo, usado se valoriza e aquece mercado - Canal Dana","robots":{"index":"index","follow":"follow","max-snippet":"max-snippet:-1","max-image-preview":"max-image-preview:large","max-video-preview":"max-video-preview:-1"},"canonical":"https:\/\/dana.com.br\/canaldana\/2021\/09\/27\/sem-carro-novo-usado-se-valoriza-e-aquece-mercado\/","og_locale":"pt_BR","og_type":"article","og_title":"Sem carro novo, usado se valoriza e aquece mercado - Canal Dana","og_description":"O Estado de S. Paulo &nbsp; A falta de componentes atrasa a produ\u00e7\u00e3o de carros novos e os usados ganham f\u00f4lego. H\u00e1 modelos com valoriza\u00e7\u00e3o acima de 20% em um ano. Em situa\u00e7\u00e3o normal, haveria deprecia\u00e7\u00e3o de 20%. &nbsp; As negocia\u00e7\u00f5es de carros usados tiveram um boom neste ano, ocupando espa\u00e7o dos modelos novos que\u2026 Leia mais \u00bb","og_url":"https:\/\/dana.com.br\/canaldana\/2021\/09\/27\/sem-carro-novo-usado-se-valoriza-e-aquece-mercado\/","og_site_name":"Canal Dana","article_published_time":"2021-09-27T11:41:36+00:00","author":"Canal Dana","twitter_card":"summary_large_image","twitter_misc":{"Escrito por":"Canal Dana","Est. tempo de leitura":"6 minutos"},"schema":{"@context":"https:\/\/schema.org","@graph":[{"@type":"Article","@id":"https:\/\/dana.com.br\/canaldana\/2021\/09\/27\/sem-carro-novo-usado-se-valoriza-e-aquece-mercado\/#article","isPartOf":{"@id":"https:\/\/dana.com.br\/canaldana\/2021\/09\/27\/sem-carro-novo-usado-se-valoriza-e-aquece-mercado\/"},"author":{"name":"Canal Dana","@id":"https:\/\/dana.com.br\/canaldana\/#\/schema\/person\/3c21f22f56fcf3bc46b94bc60ea4fef6"},"headline":"Sem carro novo, usado se valoriza e aquece mercado","datePublished":"2021-09-27T11:41:36+00:00","mainEntityOfPage":{"@id":"https:\/\/dana.com.br\/canaldana\/2021\/09\/27\/sem-carro-novo-usado-se-valoriza-e-aquece-mercado\/"},"wordCount":1298,"articleSection":["Destaques"],"inLanguage":"pt-BR"},{"@type":"WebPage","@id":"https:\/\/dana.com.br\/canaldana\/2021\/09\/27\/sem-carro-novo-usado-se-valoriza-e-aquece-mercado\/","url":"https:\/\/dana.com.br\/canaldana\/2021\/09\/27\/sem-carro-novo-usado-se-valoriza-e-aquece-mercado\/","name":"Sem carro novo, usado se valoriza e aquece mercado - Canal Dana","isPartOf":{"@id":"https:\/\/dana.com.br\/canaldana\/#website"},"datePublished":"2021-09-27T11:41:36+00:00","author":{"@id":"https:\/\/dana.com.br\/canaldana\/#\/schema\/person\/3c21f22f56fcf3bc46b94bc60ea4fef6"},"breadcrumb":{"@id":"https:\/\/dana.com.br\/canaldana\/2021\/09\/27\/sem-carro-novo-usado-se-valoriza-e-aquece-mercado\/#breadcrumb"},"inLanguage":"pt-BR","potentialAction":[{"@type":"ReadAction","target":["https:\/\/dana.com.br\/canaldana\/2021\/09\/27\/sem-carro-novo-usado-se-valoriza-e-aquece-mercado\/"]}]},{"@type":"BreadcrumbList","@id":"https:\/\/dana.com.br\/canaldana\/2021\/09\/27\/sem-carro-novo-usado-se-valoriza-e-aquece-mercado\/#breadcrumb","itemListElement":[{"@type":"ListItem","position":1,"name":"Home","item":"https:\/\/dana.com.br\/canaldana\/"},{"@type":"ListItem","position":2,"name":"Destaques","item":"https:\/\/dana.com.br\/canaldana\/destaques\/"},{"@type":"ListItem","position":3,"name":"Sem carro novo, usado se valoriza e aquece mercado"}]},{"@type":"WebSite","@id":"https:\/\/dana.com.br\/canaldana\/#website","url":"https:\/\/dana.com.br\/canaldana\/","name":"Canal Dana","description":"Informativo com as principais not\u00edcias da ind\u00fastria automotiva","potentialAction":[{"@type":"SearchAction","target":{"@type":"EntryPoint","urlTemplate":"https:\/\/dana.com.br\/canaldana\/?s={search_term_string}"},"query-input":{"@type":"PropertyValueSpecification","valueRequired":true,"valueName":"search_term_string"}}],"inLanguage":"pt-BR"},{"@type":"Person","@id":"https:\/\/dana.com.br\/canaldana\/#\/schema\/person\/3c21f22f56fcf3bc46b94bc60ea4fef6","name":"Canal Dana","image":{"@type":"ImageObject","inLanguage":"pt-BR","@id":"https:\/\/secure.gravatar.com\/avatar\/420aaf9278582877d9018637c6817617705899d2858d7572ef0fe59a6b6454b4?s=96&d=mm&r=g","url":"https:\/\/secure.gravatar.com\/avatar\/420aaf9278582877d9018637c6817617705899d2858d7572ef0fe59a6b6454b4?s=96&d=mm&r=g","contentUrl":"https:\/\/secure.gravatar.com\/avatar\/420aaf9278582877d9018637c6817617705899d2858d7572ef0fe59a6b6454b4?s=96&d=mm&r=g","caption":"Canal Dana"},"url":"https:\/\/dana.com.br\/canaldana\/author\/cdeditor\/"}]}},"_links":{"self":[{"href":"https:\/\/dana.com.br\/canaldana\/wp-json\/wp\/v2\/posts\/53203","targetHints":{"allow":["GET"]}}],"collection":[{"href":"https:\/\/dana.com.br\/canaldana\/wp-json\/wp\/v2\/posts"}],"about":[{"href":"https:\/\/dana.com.br\/canaldana\/wp-json\/wp\/v2\/types\/post"}],"author":[{"embeddable":true,"href":"https:\/\/dana.com.br\/canaldana\/wp-json\/wp\/v2\/users\/3"}],"replies":[{"embeddable":true,"href":"https:\/\/dana.com.br\/canaldana\/wp-json\/wp\/v2\/comments?post=53203"}],"version-history":[{"count":0,"href":"https:\/\/dana.com.br\/canaldana\/wp-json\/wp\/v2\/posts\/53203\/revisions"}],"wp:attachment":[{"href":"https:\/\/dana.com.br\/canaldana\/wp-json\/wp\/v2\/media?parent=53203"}],"wp:term":[{"taxonomy":"category","embeddable":true,"href":"https:\/\/dana.com.br\/canaldana\/wp-json\/wp\/v2\/categories?post=53203"},{"taxonomy":"post_tag","embeddable":true,"href":"https:\/\/dana.com.br\/canaldana\/wp-json\/wp\/v2\/tags?post=53203"}],"curies":[{"name":"wp","href":"https:\/\/api.w.org\/{rel}","templated":true}]}}