{"id":53180,"date":"2021-09-27T08:32:33","date_gmt":"2021-09-27T11:32:33","guid":{"rendered":"https:\/\/dana.com.br\/canaldana\/?p=53180"},"modified":"2021-09-27T08:32:33","modified_gmt":"2021-09-27T11:32:33","slug":"mercedes-benz-se-junta-a-stellantis-para-producao-de-baterias","status":"publish","type":"post","link":"https:\/\/dana.com.br\/canaldana\/2021\/09\/27\/mercedes-benz-se-junta-a-stellantis-para-producao-de-baterias\/","title":{"rendered":"Mercedes-Benz se junta \u00e0 Stellantis para produ\u00e7\u00e3o de baterias"},"content":{"rendered":"<p><em>AutoInd\u00fastria<\/em><\/p>\n<p>&nbsp;<\/p>\n<p>Em busca de custos mais baixos e de uma cadeia produtiva mais bem estruturada, as montadoras t\u00eam intensificado parcerias para desenvolvimento e produ\u00e7\u00e3o de tecnologias de eletrifica\u00e7\u00e3o dos ve\u00edculos. A mais recente, revelada nesta sexta-feira, 24, envolve a ACC, Automotive Cells Company, pertencente \u00e0 Stellantis e Total Energies, que agora passa a contar com a participa\u00e7\u00e3o da Mercedes-Benz.<\/p>\n<p>&nbsp;<\/p>\n<p>A montadora alem\u00e3 adquiriu 33% das a\u00e7\u00f5es da joint venture criada em 2020 com apoio e subs\u00eddios de v\u00e1rios pa\u00edses europeus, que desejam que a Europa tenha uma empresa competitiva para o fornecimento de baterias. S\u00e3o esperados investimentos totais da ordem de \u20ac 7 bilh\u00f5es no projeto, que, por enquanto, conta com um Centro de P&amp;D e instala\u00e7\u00f5es de testes em Nouvelle-Aquitaine, na Fran\u00e7a.<\/p>\n<p>&nbsp;<\/p>\n<p>Com o aporte da Mercedes-Benz, que ter\u00e1 duas das seis cadeiras no Conselho da ACC, as parceiras se comprometeram a aumentar a capacidade industrial da joint venture para pelo menos 120 GWh at\u00e9 2030, o dobro da incialmente prevista.<\/p>\n<p>&nbsp;<\/p>\n<p>A Mercedes-Benz pretende ter sua linha de produtos totalmente el\u00e9trica at\u00e9 o final desta d\u00e9cada. Para isso, tem planos de construir, por meio de parcerias, oito f\u00e1bricas de baterias em todo o mundo, metade na Europa. Uma planta piloto deve come\u00e7ara operar em Sttugart, Alemanha, a partir de 2023.<\/p>\n<p>&nbsp;<\/p>\n<p>\u201cEsta nova parceria nos permite garantir o fornecimento e aproveitar as vantagens das economias de escala. Al\u00e9m disso, podemos ajudar que a Europa permane\u00e7a no centro da ind\u00fastria automotiva\u201d, disse Ola K\u00e4llenius, CEO da Daimler AG e Mercedes-Benz AG.<\/p>\n<p>&nbsp;<\/p>\n<p>\u201cDamos as boas-vindas \u00e0 Mercedes-Benz como um parceiro estrat\u00e9gico que compartilha nossa ambi\u00e7\u00e3o de acelerar a lideran\u00e7a da ACC\u201d, disse Carlos Tavares, o CEO da Stellanti. \u201cA estrat\u00e9gia de eletrifica\u00e7\u00e3o da Stellantis est\u00e1 avan\u00e7ando aceleradamente e o an\u00fancio de hoje \u00e9 o pr\u00f3ximo passo em nosso plano de ser o l\u00edder automotivo\u201d. (AutoInd\u00fastria)<\/p>\n","protected":false},"excerpt":{"rendered":"<p>AutoInd\u00fastria &nbsp; Em busca de custos mais baixos e de uma cadeia produtiva mais bem estruturada, as montadoras t\u00eam intensificado parcerias para desenvolvimento e produ\u00e7\u00e3o de tecnologias de eletrifica\u00e7\u00e3o dos ve\u00edculos. A mais recente, revelada nesta sexta-feira, 24, envolve a ACC, Automotive Cells Company, pertencente \u00e0 Stellantis e Total Energies, que agora passa a contar\u2026 <a class=\"readmore\" href=\"https:\/\/dana.com.br\/canaldana\/2021\/09\/27\/mercedes-benz-se-junta-a-stellantis-para-producao-de-baterias\/\">Leia mais \u00bb<\/a><\/p>\n","protected":false},"author":3,"featured_media":0,"comment_status":"closed","ping_status":"closed","sticky":false,"template":"","format":"standard","meta":{"_acf_changed":false,"footnotes":""},"categories":[110],"tags":[],"class_list":["post-53180","post","type-post","status-publish","format-standard","hentry","category-eletricos"],"acf":[],"yoast_head":"<!-- This site is optimized with the Yoast SEO plugin v27.3 - https:\/\/yoast.com\/product\/yoast-seo-wordpress\/ -->\n<title>Mercedes-Benz se junta \u00e0 Stellantis para produ\u00e7\u00e3o de baterias - Canal Dana<\/title>\n<meta name=\"robots\" content=\"index, follow, max-snippet:-1, max-image-preview:large, max-video-preview:-1\" \/>\n<link rel=\"canonical\" href=\"https:\/\/dana.com.br\/canaldana\/2021\/09\/27\/mercedes-benz-se-junta-a-stellantis-para-producao-de-baterias\/\" \/>\n<meta property=\"og:locale\" content=\"pt_BR\" \/>\n<meta property=\"og:type\" content=\"article\" \/>\n<meta property=\"og:title\" content=\"Mercedes-Benz se junta \u00e0 Stellantis para produ\u00e7\u00e3o de baterias - Canal Dana\" \/>\n<meta property=\"og:description\" content=\"AutoInd\u00fastria &nbsp; Em busca de custos mais baixos e de uma cadeia produtiva mais bem estruturada, as montadoras t\u00eam intensificado parcerias para desenvolvimento e produ\u00e7\u00e3o de tecnologias de eletrifica\u00e7\u00e3o dos ve\u00edculos. A mais recente, revelada nesta sexta-feira, 24, envolve a ACC, Automotive Cells Company, pertencente \u00e0 Stellantis e Total Energies, que agora passa a contar\u2026 Leia mais \u00bb\" \/>\n<meta property=\"og:url\" content=\"https:\/\/dana.com.br\/canaldana\/2021\/09\/27\/mercedes-benz-se-junta-a-stellantis-para-producao-de-baterias\/\" \/>\n<meta property=\"og:site_name\" content=\"Canal Dana\" \/>\n<meta property=\"article:published_time\" content=\"2021-09-27T11:32:33+00:00\" \/>\n<meta name=\"author\" content=\"Canal Dana\" \/>\n<meta name=\"twitter:card\" content=\"summary_large_image\" \/>\n<meta name=\"twitter:label1\" content=\"Escrito por\" \/>\n\t<meta name=\"twitter:data1\" content=\"Canal Dana\" \/>\n\t<meta name=\"twitter:label2\" content=\"Est. tempo de leitura\" \/>\n\t<meta name=\"twitter:data2\" content=\"2 minutos\" \/>\n<script type=\"application\/ld+json\" class=\"yoast-schema-graph\">{\"@context\":\"https:\\\/\\\/schema.org\",\"@graph\":[{\"@type\":\"Article\",\"@id\":\"https:\\\/\\\/dana.com.br\\\/canaldana\\\/2021\\\/09\\\/27\\\/mercedes-benz-se-junta-a-stellantis-para-producao-de-baterias\\\/#article\",\"isPartOf\":{\"@id\":\"https:\\\/\\\/dana.com.br\\\/canaldana\\\/2021\\\/09\\\/27\\\/mercedes-benz-se-junta-a-stellantis-para-producao-de-baterias\\\/\"},\"author\":{\"name\":\"Canal Dana\",\"@id\":\"https:\\\/\\\/dana.com.br\\\/canaldana\\\/#\\\/schema\\\/person\\\/3c21f22f56fcf3bc46b94bc60ea4fef6\"},\"headline\":\"Mercedes-Benz se junta \u00e0 Stellantis para produ\u00e7\u00e3o de baterias\",\"datePublished\":\"2021-09-27T11:32:33+00:00\",\"mainEntityOfPage\":{\"@id\":\"https:\\\/\\\/dana.com.br\\\/canaldana\\\/2021\\\/09\\\/27\\\/mercedes-benz-se-junta-a-stellantis-para-producao-de-baterias\\\/\"},\"wordCount\":341,\"articleSection\":[\"El\u00e9tricos\"],\"inLanguage\":\"pt-BR\"},{\"@type\":\"WebPage\",\"@id\":\"https:\\\/\\\/dana.com.br\\\/canaldana\\\/2021\\\/09\\\/27\\\/mercedes-benz-se-junta-a-stellantis-para-producao-de-baterias\\\/\",\"url\":\"https:\\\/\\\/dana.com.br\\\/canaldana\\\/2021\\\/09\\\/27\\\/mercedes-benz-se-junta-a-stellantis-para-producao-de-baterias\\\/\",\"name\":\"Mercedes-Benz se junta \u00e0 Stellantis para produ\u00e7\u00e3o de baterias - Canal Dana\",\"isPartOf\":{\"@id\":\"https:\\\/\\\/dana.com.br\\\/canaldana\\\/#website\"},\"datePublished\":\"2021-09-27T11:32:33+00:00\",\"author\":{\"@id\":\"https:\\\/\\\/dana.com.br\\\/canaldana\\\/#\\\/schema\\\/person\\\/3c21f22f56fcf3bc46b94bc60ea4fef6\"},\"breadcrumb\":{\"@id\":\"https:\\\/\\\/dana.com.br\\\/canaldana\\\/2021\\\/09\\\/27\\\/mercedes-benz-se-junta-a-stellantis-para-producao-de-baterias\\\/#breadcrumb\"},\"inLanguage\":\"pt-BR\",\"potentialAction\":[{\"@type\":\"ReadAction\",\"target\":[\"https:\\\/\\\/dana.com.br\\\/canaldana\\\/2021\\\/09\\\/27\\\/mercedes-benz-se-junta-a-stellantis-para-producao-de-baterias\\\/\"]}]},{\"@type\":\"BreadcrumbList\",\"@id\":\"https:\\\/\\\/dana.com.br\\\/canaldana\\\/2021\\\/09\\\/27\\\/mercedes-benz-se-junta-a-stellantis-para-producao-de-baterias\\\/#breadcrumb\",\"itemListElement\":[{\"@type\":\"ListItem\",\"position\":1,\"name\":\"Home\",\"item\":\"https:\\\/\\\/dana.com.br\\\/canaldana\\\/\"},{\"@type\":\"ListItem\",\"position\":2,\"name\":\"El\u00e9tricos\",\"item\":\"https:\\\/\\\/dana.com.br\\\/canaldana\\\/eletricos\\\/\"},{\"@type\":\"ListItem\",\"position\":3,\"name\":\"Mercedes-Benz se junta \u00e0 Stellantis para produ\u00e7\u00e3o de baterias\"}]},{\"@type\":\"WebSite\",\"@id\":\"https:\\\/\\\/dana.com.br\\\/canaldana\\\/#website\",\"url\":\"https:\\\/\\\/dana.com.br\\\/canaldana\\\/\",\"name\":\"Canal Dana\",\"description\":\"Informativo com as principais not\u00edcias da ind\u00fastria automotiva\",\"potentialAction\":[{\"@type\":\"SearchAction\",\"target\":{\"@type\":\"EntryPoint\",\"urlTemplate\":\"https:\\\/\\\/dana.com.br\\\/canaldana\\\/?s={search_term_string}\"},\"query-input\":{\"@type\":\"PropertyValueSpecification\",\"valueRequired\":true,\"valueName\":\"search_term_string\"}}],\"inLanguage\":\"pt-BR\"},{\"@type\":\"Person\",\"@id\":\"https:\\\/\\\/dana.com.br\\\/canaldana\\\/#\\\/schema\\\/person\\\/3c21f22f56fcf3bc46b94bc60ea4fef6\",\"name\":\"Canal Dana\",\"image\":{\"@type\":\"ImageObject\",\"inLanguage\":\"pt-BR\",\"@id\":\"https:\\\/\\\/secure.gravatar.com\\\/avatar\\\/420aaf9278582877d9018637c6817617705899d2858d7572ef0fe59a6b6454b4?s=96&d=mm&r=g\",\"url\":\"https:\\\/\\\/secure.gravatar.com\\\/avatar\\\/420aaf9278582877d9018637c6817617705899d2858d7572ef0fe59a6b6454b4?s=96&d=mm&r=g\",\"contentUrl\":\"https:\\\/\\\/secure.gravatar.com\\\/avatar\\\/420aaf9278582877d9018637c6817617705899d2858d7572ef0fe59a6b6454b4?s=96&d=mm&r=g\",\"caption\":\"Canal Dana\"},\"url\":\"https:\\\/\\\/dana.com.br\\\/canaldana\\\/author\\\/cdeditor\\\/\"}]}<\/script>\n<!-- \/ Yoast SEO plugin. -->","yoast_head_json":{"title":"Mercedes-Benz se junta \u00e0 Stellantis para produ\u00e7\u00e3o de baterias - Canal Dana","robots":{"index":"index","follow":"follow","max-snippet":"max-snippet:-1","max-image-preview":"max-image-preview:large","max-video-preview":"max-video-preview:-1"},"canonical":"https:\/\/dana.com.br\/canaldana\/2021\/09\/27\/mercedes-benz-se-junta-a-stellantis-para-producao-de-baterias\/","og_locale":"pt_BR","og_type":"article","og_title":"Mercedes-Benz se junta \u00e0 Stellantis para produ\u00e7\u00e3o de baterias - Canal Dana","og_description":"AutoInd\u00fastria &nbsp; Em busca de custos mais baixos e de uma cadeia produtiva mais bem estruturada, as montadoras t\u00eam intensificado parcerias para desenvolvimento e produ\u00e7\u00e3o de tecnologias de eletrifica\u00e7\u00e3o dos ve\u00edculos. A mais recente, revelada nesta sexta-feira, 24, envolve a ACC, Automotive Cells Company, pertencente \u00e0 Stellantis e Total Energies, que agora passa a contar\u2026 Leia mais \u00bb","og_url":"https:\/\/dana.com.br\/canaldana\/2021\/09\/27\/mercedes-benz-se-junta-a-stellantis-para-producao-de-baterias\/","og_site_name":"Canal Dana","article_published_time":"2021-09-27T11:32:33+00:00","author":"Canal Dana","twitter_card":"summary_large_image","twitter_misc":{"Escrito por":"Canal Dana","Est. tempo de leitura":"2 minutos"},"schema":{"@context":"https:\/\/schema.org","@graph":[{"@type":"Article","@id":"https:\/\/dana.com.br\/canaldana\/2021\/09\/27\/mercedes-benz-se-junta-a-stellantis-para-producao-de-baterias\/#article","isPartOf":{"@id":"https:\/\/dana.com.br\/canaldana\/2021\/09\/27\/mercedes-benz-se-junta-a-stellantis-para-producao-de-baterias\/"},"author":{"name":"Canal Dana","@id":"https:\/\/dana.com.br\/canaldana\/#\/schema\/person\/3c21f22f56fcf3bc46b94bc60ea4fef6"},"headline":"Mercedes-Benz se junta \u00e0 Stellantis para produ\u00e7\u00e3o de baterias","datePublished":"2021-09-27T11:32:33+00:00","mainEntityOfPage":{"@id":"https:\/\/dana.com.br\/canaldana\/2021\/09\/27\/mercedes-benz-se-junta-a-stellantis-para-producao-de-baterias\/"},"wordCount":341,"articleSection":["El\u00e9tricos"],"inLanguage":"pt-BR"},{"@type":"WebPage","@id":"https:\/\/dana.com.br\/canaldana\/2021\/09\/27\/mercedes-benz-se-junta-a-stellantis-para-producao-de-baterias\/","url":"https:\/\/dana.com.br\/canaldana\/2021\/09\/27\/mercedes-benz-se-junta-a-stellantis-para-producao-de-baterias\/","name":"Mercedes-Benz se junta \u00e0 Stellantis para produ\u00e7\u00e3o de baterias - Canal Dana","isPartOf":{"@id":"https:\/\/dana.com.br\/canaldana\/#website"},"datePublished":"2021-09-27T11:32:33+00:00","author":{"@id":"https:\/\/dana.com.br\/canaldana\/#\/schema\/person\/3c21f22f56fcf3bc46b94bc60ea4fef6"},"breadcrumb":{"@id":"https:\/\/dana.com.br\/canaldana\/2021\/09\/27\/mercedes-benz-se-junta-a-stellantis-para-producao-de-baterias\/#breadcrumb"},"inLanguage":"pt-BR","potentialAction":[{"@type":"ReadAction","target":["https:\/\/dana.com.br\/canaldana\/2021\/09\/27\/mercedes-benz-se-junta-a-stellantis-para-producao-de-baterias\/"]}]},{"@type":"BreadcrumbList","@id":"https:\/\/dana.com.br\/canaldana\/2021\/09\/27\/mercedes-benz-se-junta-a-stellantis-para-producao-de-baterias\/#breadcrumb","itemListElement":[{"@type":"ListItem","position":1,"name":"Home","item":"https:\/\/dana.com.br\/canaldana\/"},{"@type":"ListItem","position":2,"name":"El\u00e9tricos","item":"https:\/\/dana.com.br\/canaldana\/eletricos\/"},{"@type":"ListItem","position":3,"name":"Mercedes-Benz se junta \u00e0 Stellantis para produ\u00e7\u00e3o de baterias"}]},{"@type":"WebSite","@id":"https:\/\/dana.com.br\/canaldana\/#website","url":"https:\/\/dana.com.br\/canaldana\/","name":"Canal Dana","description":"Informativo com as principais not\u00edcias da ind\u00fastria automotiva","potentialAction":[{"@type":"SearchAction","target":{"@type":"EntryPoint","urlTemplate":"https:\/\/dana.com.br\/canaldana\/?s={search_term_string}"},"query-input":{"@type":"PropertyValueSpecification","valueRequired":true,"valueName":"search_term_string"}}],"inLanguage":"pt-BR"},{"@type":"Person","@id":"https:\/\/dana.com.br\/canaldana\/#\/schema\/person\/3c21f22f56fcf3bc46b94bc60ea4fef6","name":"Canal Dana","image":{"@type":"ImageObject","inLanguage":"pt-BR","@id":"https:\/\/secure.gravatar.com\/avatar\/420aaf9278582877d9018637c6817617705899d2858d7572ef0fe59a6b6454b4?s=96&d=mm&r=g","url":"https:\/\/secure.gravatar.com\/avatar\/420aaf9278582877d9018637c6817617705899d2858d7572ef0fe59a6b6454b4?s=96&d=mm&r=g","contentUrl":"https:\/\/secure.gravatar.com\/avatar\/420aaf9278582877d9018637c6817617705899d2858d7572ef0fe59a6b6454b4?s=96&d=mm&r=g","caption":"Canal Dana"},"url":"https:\/\/dana.com.br\/canaldana\/author\/cdeditor\/"}]}},"_links":{"self":[{"href":"https:\/\/dana.com.br\/canaldana\/wp-json\/wp\/v2\/posts\/53180","targetHints":{"allow":["GET"]}}],"collection":[{"href":"https:\/\/dana.com.br\/canaldana\/wp-json\/wp\/v2\/posts"}],"about":[{"href":"https:\/\/dana.com.br\/canaldana\/wp-json\/wp\/v2\/types\/post"}],"author":[{"embeddable":true,"href":"https:\/\/dana.com.br\/canaldana\/wp-json\/wp\/v2\/users\/3"}],"replies":[{"embeddable":true,"href":"https:\/\/dana.com.br\/canaldana\/wp-json\/wp\/v2\/comments?post=53180"}],"version-history":[{"count":0,"href":"https:\/\/dana.com.br\/canaldana\/wp-json\/wp\/v2\/posts\/53180\/revisions"}],"wp:attachment":[{"href":"https:\/\/dana.com.br\/canaldana\/wp-json\/wp\/v2\/media?parent=53180"}],"wp:term":[{"taxonomy":"category","embeddable":true,"href":"https:\/\/dana.com.br\/canaldana\/wp-json\/wp\/v2\/categories?post=53180"},{"taxonomy":"post_tag","embeddable":true,"href":"https:\/\/dana.com.br\/canaldana\/wp-json\/wp\/v2\/tags?post=53180"}],"curies":[{"name":"wp","href":"https:\/\/api.w.org\/{rel}","templated":true}]}}